{"id":2319,"date":"2020-07-15T13:44:55","date_gmt":"2020-07-15T11:44:55","guid":{"rendered":"https:\/\/mhf.ro\/mm\/?p=2319"},"modified":"2021-04-21T08:51:14","modified_gmt":"2021-04-21T06:51:14","slug":"daca-tarnava-mi-ar-cere","status":"publish","type":"post","link":"https:\/\/mhf.ro\/mm\/daca-tarnava-mi-ar-cere\/","title":{"rendered":"Dac\u0103 T\u00e2rnava mi-ar cere&#8230;"},"content":{"rendered":"<p>Dac\u0103 vreau s\u0103 fiu, ce sunt,<br \/>\nde e liber pe pam\u00e2nt,<br \/>\ndac\u0103 soarele \u00een loc&#8230;ar sta,<span class=\"text_exposed_show\"><br \/>\neu&#8230;din Blaj,n-a\u015f mai pleca!<\/p>\n<p>Dac\u0103 verdele e t\u00e2r\u00e2it pe drum,<br \/>\nsi T\u00e2rnava-n cea\u0163a-acum,<br \/>\neu voi fi \u00eenving\u0103tor,<br \/>\nsfid\u00e2nd dorul meu, cu dor&#8230;<\/p>\n<p>La porti\u0163a mea ce-a drag\u0103,<br \/>\nunde \u015fansa m-a oprit,<br \/>\nde la pod, la o viroag\u0103&#8230;<br \/>\nsufletu mi-e hodinit!<\/p>\n<p>Bat la poart\u0103, cu bl\u00e2nde\u0163e&#8230;<br \/>\nbat cu pofta, chiar z\u00e2mbind,<br \/>\nm\u0103 a\u015fteapt\u0103 cu tandre\u0163e,<br \/>\nmama mea, \u00eenca tr\u0103ind.<\/p>\n<p>Latr\u0103 Coco, \u015fi m\u0103 ceart\u0103,<br \/>\n\u015ftie-l Bunul Dumnezeu,<br \/>\ncum de m\u0103 mai \u0163ine minte,<br \/>\ncum de \u015ftie c\u0103 sunt eu!<\/p>\n<p>Am lipsit at\u00e2\u0163ia ani&#8230;<br \/>\ng\u0103uri penetrate-n minte,<br \/>\nc-am plecat s\u0103 fac doar bani,<br \/>\n\u00eentr-o \u0163ar\u0103 mai fierbinte!<\/p>\n<p>Dar m\u0103 rog la Dumnezeu,<br \/>\nversul meu, \u00een ceas de sear\u0103<br \/>\ns\u0103 m\u0103 ierte de-am gre\u015fit,<br \/>\nzi de zi, \u015fi-acuma&#8230; iar\u0103!<\/p>\n<p>Peste bolta-ntunecata,<br \/>\n\u00eemi apare-n fa\u0163\u0103, luna&#8230;<br \/>\nTarnava sclipe\u015fte-n matc\u0103,<br \/>\nast\u0103zi pentru totdeauna&#8230;<\/p>\n<p>Prin verdea\u0163a-ntunecat\u0103,<br \/>\n\u015fi prin iarba cu tumult&#8230;<br \/>\nmama&#8230;n-a mai stat pe-acasa,<br \/>\n&#8230;a plecat de mult, de mult!<\/p>\n<p>Azi m\u0103 plimb pe c\u0103i r\u0103zle\u0163e&#8230;<br \/>\n\u015fi prin parcuri , nop\u0163i \u00eentregi,<br \/>\nluna o g\u0103sesc pe bolt\u0103,<br \/>\n&#8230;mam\u0103 drag\u0103, m\u0103-n\u0163elegi?<\/span><\/p>\n","protected":false},"excerpt":{"rendered":"<p>Dac\u0103 vreau s\u0103 fiu, ce sunt, de e liber pe pam\u00e2nt, dac\u0103 soarele \u00een loc&#8230;ar sta, eu&#8230;din Blaj,n-a\u015f mai pleca!<\/p>\n","protected":false},"author":3,"featured_media":2320,"comment_status":"open","ping_status":"open","sticky":false,"template":"","format":"standard","meta":{"colormag_page_container_layout":"default_layout","colormag_page_sidebar_layout":"default_layout","footnotes":""},"categories":[21,8],"tags":[],"class_list":["post-2319","post","type-post","status-publish","format-standard","has-post-thumbnail","hentry","category-arta","category-div"],"yoast_head":"<!-- This site is optimized with the Yoast SEO plugin v27.0 - https:\/\/yoast.com\/product\/yoast-seo-wordpress\/ -->\n<title>Dac\u0103 T\u00e2rnava mi-ar cere... - MHF Photography<\/title>\n<meta name=\"robots\" content=\"index, follow, max-snippet:-1, max-image-preview:large, max-video-preview:-1\" \/>\n<link rel=\"canonical\" href=\"https:\/\/mhf.ro\/mm\/daca-tarnava-mi-ar-cere\/\" \/>\n<meta property=\"og:locale\" content=\"ro_RO\" \/>\n<meta property=\"og:type\" content=\"article\" \/>\n<meta property=\"og:title\" content=\"Dac\u0103 T\u00e2rnava mi-ar cere... - MHF Photography\" \/>\n<meta property=\"og:description\" content=\"Dac\u0103 vreau s\u0103 fiu, ce sunt, de e liber pe pam\u00e2nt, dac\u0103 soarele \u00een loc&#8230;ar sta, eu&#8230;din Blaj,n-a\u015f mai pleca!\" \/>\n<meta property=\"og:url\" content=\"https:\/\/mhf.ro\/mm\/daca-tarnava-mi-ar-cere\/\" \/>\n<meta property=\"og:site_name\" content=\"MHF Photography\" \/>\n<meta property=\"article:published_time\" content=\"2020-07-15T11:44:55+00:00\" \/>\n<meta property=\"article:modified_time\" content=\"2021-04-21T06:51:14+00:00\" \/>\n<meta property=\"og:image\" content=\"https:\/\/mhf.ro\/mm\/wp-content\/uploads\/2020\/07\/blaj-catedrala.jpg\" \/>\n\t<meta property=\"og:image:width\" content=\"480\" \/>\n\t<meta property=\"og:image:height\" content=\"361\" \/>\n\t<meta property=\"og:image:type\" content=\"image\/jpeg\" \/>\n<meta name=\"author\" content=\"Ciurtin Tavi\" \/>\n<meta name=\"twitter:card\" content=\"summary_large_image\" \/>\n<meta name=\"twitter:label1\" content=\"Scris de\" \/>\n\t<meta name=\"twitter:data1\" content=\"Ciurtin Tavi\" \/>\n\t<meta name=\"twitter:label2\" content=\"Timp estimat pentru citire\" \/>\n\t<meta name=\"twitter:data2\" content=\"1 minut\" \/>\n<script type=\"application\/ld+json\" class=\"yoast-schema-graph\">{\"@context\":\"https:\/\/schema.org\",\"@graph\":[{\"@type\":\"Article\",\"@id\":\"https:\/\/mhf.ro\/mm\/daca-tarnava-mi-ar-cere\/#article\",\"isPartOf\":{\"@id\":\"https:\/\/mhf.ro\/mm\/daca-tarnava-mi-ar-cere\/\"},\"author\":{\"name\":\"Ciurtin Tavi\",\"@id\":\"https:\/\/mhf.ro\/mm\/#\/schema\/person\/d2e8248dfe54de3d7284ff7254d2e29b\"},\"headline\":\"Dac\u0103 T\u00e2rnava mi-ar cere&#8230;\",\"datePublished\":\"2020-07-15T11:44:55+00:00\",\"dateModified\":\"2021-04-21T06:51:14+00:00\",\"mainEntityOfPage\":{\"@id\":\"https:\/\/mhf.ro\/mm\/daca-tarnava-mi-ar-cere\/\"},\"wordCount\":216,\"commentCount\":2,\"publisher\":{\"@id\":\"https:\/\/mhf.ro\/mm\/#\/schema\/person\/a3bebf7bdb4bf12f698aff73c7e46c21\"},\"image\":{\"@id\":\"https:\/\/mhf.ro\/mm\/daca-tarnava-mi-ar-cere\/#primaryimage\"},\"thumbnailUrl\":\"https:\/\/mhf.ro\/mm\/wp-content\/uploads\/2020\/07\/blaj-catedrala.jpg\",\"articleSection\":[\"Arta\",\"Diverse\"],\"inLanguage\":\"ro-RO\",\"potentialAction\":[{\"@type\":\"CommentAction\",\"name\":\"Comment\",\"target\":[\"https:\/\/mhf.ro\/mm\/daca-tarnava-mi-ar-cere\/#respond\"]}]},{\"@type\":\"WebPage\",\"@id\":\"https:\/\/mhf.ro\/mm\/daca-tarnava-mi-ar-cere\/\",\"url\":\"https:\/\/mhf.ro\/mm\/daca-tarnava-mi-ar-cere\/\",\"name\":\"Dac\u0103 T\u00e2rnava mi-ar cere... - MHF Photography\",\"isPartOf\":{\"@id\":\"https:\/\/mhf.ro\/mm\/#website\"},\"primaryImageOfPage\":{\"@id\":\"https:\/\/mhf.ro\/mm\/daca-tarnava-mi-ar-cere\/#primaryimage\"},\"image\":{\"@id\":\"https:\/\/mhf.ro\/mm\/daca-tarnava-mi-ar-cere\/#primaryimage\"},\"thumbnailUrl\":\"https:\/\/mhf.ro\/mm\/wp-content\/uploads\/2020\/07\/blaj-catedrala.jpg\",\"datePublished\":\"2020-07-15T11:44:55+00:00\",\"dateModified\":\"2021-04-21T06:51:14+00:00\",\"breadcrumb\":{\"@id\":\"https:\/\/mhf.ro\/mm\/daca-tarnava-mi-ar-cere\/#breadcrumb\"},\"inLanguage\":\"ro-RO\",\"potentialAction\":[{\"@type\":\"ReadAction\",\"target\":[\"https:\/\/mhf.ro\/mm\/daca-tarnava-mi-ar-cere\/\"]}]},{\"@type\":\"ImageObject\",\"inLanguage\":\"ro-RO\",\"@id\":\"https:\/\/mhf.ro\/mm\/daca-tarnava-mi-ar-cere\/#primaryimage\",\"url\":\"https:\/\/mhf.ro\/mm\/wp-content\/uploads\/2020\/07\/blaj-catedrala.jpg\",\"contentUrl\":\"https:\/\/mhf.ro\/mm\/wp-content\/uploads\/2020\/07\/blaj-catedrala.jpg\",\"width\":480,\"height\":361},{\"@type\":\"BreadcrumbList\",\"@id\":\"https:\/\/mhf.ro\/mm\/daca-tarnava-mi-ar-cere\/#breadcrumb\",\"itemListElement\":[{\"@type\":\"ListItem\",\"position\":1,\"name\":\"Prima pagin\u0103\",\"item\":\"https:\/\/mhf.ro\/mm\/\"},{\"@type\":\"ListItem\",\"position\":2,\"name\":\"Dac\u0103 T\u00e2rnava mi-ar cere&#8230;\"}]},{\"@type\":\"WebSite\",\"@id\":\"https:\/\/mhf.ro\/mm\/#website\",\"url\":\"https:\/\/mhf.ro\/mm\/\",\"name\":\"MHF Photography \u2013 Blog de fotografie, natur\u0103 \u0219i tehnic\u0103 divers\u0103\",\"description\":\"Aventur\u0103 \u00een fiecare cadru.\",\"publisher\":{\"@id\":\"https:\/\/mhf.ro\/mm\/#\/schema\/person\/a3bebf7bdb4bf12f698aff73c7e46c21\"},\"potentialAction\":[{\"@type\":\"SearchAction\",\"target\":{\"@type\":\"EntryPoint\",\"urlTemplate\":\"https:\/\/mhf.ro\/mm\/?s={search_term_string}\"},\"query-input\":{\"@type\":\"PropertyValueSpecification\",\"valueRequired\":true,\"valueName\":\"search_term_string\"}}],\"inLanguage\":\"ro-RO\"},{\"@type\":[\"Person\",\"Organization\"],\"@id\":\"https:\/\/mhf.ro\/mm\/#\/schema\/person\/a3bebf7bdb4bf12f698aff73c7e46c21\",\"name\":\"Marius Marcu\",\"image\":{\"@type\":\"ImageObject\",\"inLanguage\":\"ro-RO\",\"@id\":\"https:\/\/mhf.ro\/mm\/#\/schema\/person\/image\/\",\"url\":\"https:\/\/mhf.ro\/mm\/wp-content\/uploads\/2025\/12\/cropped-logo_mhf_2.png\",\"contentUrl\":\"https:\/\/mhf.ro\/mm\/wp-content\/uploads\/2025\/12\/cropped-logo_mhf_2.png\",\"width\":1096,\"height\":457,\"caption\":\"Marius Marcu\"},\"logo\":{\"@id\":\"https:\/\/mhf.ro\/mm\/#\/schema\/person\/image\/\"},\"sameAs\":[\"https:\/\/mhf.ro\/mm\"]},{\"@type\":\"Person\",\"@id\":\"https:\/\/mhf.ro\/mm\/#\/schema\/person\/d2e8248dfe54de3d7284ff7254d2e29b\",\"name\":\"Ciurtin Tavi\",\"image\":{\"@type\":\"ImageObject\",\"inLanguage\":\"ro-RO\",\"@id\":\"https:\/\/mhf.ro\/mm\/#\/schema\/person\/image\/\",\"url\":\"https:\/\/secure.gravatar.com\/avatar\/5afa01044b4e9328c510b64d3aa571c665404d2e22859f2e114ebd21774aab9c?s=96&d=monsterid&r=g\",\"contentUrl\":\"https:\/\/secure.gravatar.com\/avatar\/5afa01044b4e9328c510b64d3aa571c665404d2e22859f2e114ebd21774aab9c?s=96&d=monsterid&r=g\",\"caption\":\"Ciurtin Tavi\"},\"description\":\"N-am crezut niciodata ca ce am vizionat in vis, va fi permanent lege pentru mine... as fi isteric sa cred, ca, chiar eu pot sa-mi duc neputinta atat de mult sa cred ca eu... nu mai stiu sa glumesc, cu el, cu ea, cu tine, si in ultimul rand... cu mine... stii ce as vrea? ca eu nu stiu.... ma catar doar pe o dorinta, fumeganda-n mintea mea, asa, apucata de un ciucur ca un vis.... un vis legitim, nu unul....labartit din memoria somnului, ca... ultima discutie cu tine! hai, pa... ma duc sa-mi mustruluiesc, speranta de-a avea curajul sa revina la suprafata inaintea zorilor .\",\"sameAs\":[\"https:\/\/mhf.ro\/mm\"],\"url\":\"https:\/\/mhf.ro\/mm\/author\/tavi\/\"}]}<\/script>\n<!-- \/ Yoast SEO plugin. -->","yoast_head_json":{"title":"Dac\u0103 T\u00e2rnava mi-ar cere... - MHF Photography","robots":{"index":"index","follow":"follow","max-snippet":"max-snippet:-1","max-image-preview":"max-image-preview:large","max-video-preview":"max-video-preview:-1"},"canonical":"https:\/\/mhf.ro\/mm\/daca-tarnava-mi-ar-cere\/","og_locale":"ro_RO","og_type":"article","og_title":"Dac\u0103 T\u00e2rnava mi-ar cere... - MHF Photography","og_description":"Dac\u0103 vreau s\u0103 fiu, ce sunt, de e liber pe pam\u00e2nt, dac\u0103 soarele \u00een loc&#8230;ar sta, eu&#8230;din Blaj,n-a\u015f mai pleca!","og_url":"https:\/\/mhf.ro\/mm\/daca-tarnava-mi-ar-cere\/","og_site_name":"MHF Photography","article_published_time":"2020-07-15T11:44:55+00:00","article_modified_time":"2021-04-21T06:51:14+00:00","og_image":[{"width":480,"height":361,"url":"https:\/\/mhf.ro\/mm\/wp-content\/uploads\/2020\/07\/blaj-catedrala.jpg","type":"image\/jpeg"}],"author":"Ciurtin Tavi","twitter_card":"summary_large_image","twitter_misc":{"Scris de":"Ciurtin Tavi","Timp estimat pentru citire":"1 minut"},"schema":{"@context":"https:\/\/schema.org","@graph":[{"@type":"Article","@id":"https:\/\/mhf.ro\/mm\/daca-tarnava-mi-ar-cere\/#article","isPartOf":{"@id":"https:\/\/mhf.ro\/mm\/daca-tarnava-mi-ar-cere\/"},"author":{"name":"Ciurtin Tavi","@id":"https:\/\/mhf.ro\/mm\/#\/schema\/person\/d2e8248dfe54de3d7284ff7254d2e29b"},"headline":"Dac\u0103 T\u00e2rnava mi-ar cere&#8230;","datePublished":"2020-07-15T11:44:55+00:00","dateModified":"2021-04-21T06:51:14+00:00","mainEntityOfPage":{"@id":"https:\/\/mhf.ro\/mm\/daca-tarnava-mi-ar-cere\/"},"wordCount":216,"commentCount":2,"publisher":{"@id":"https:\/\/mhf.ro\/mm\/#\/schema\/person\/a3bebf7bdb4bf12f698aff73c7e46c21"},"image":{"@id":"https:\/\/mhf.ro\/mm\/daca-tarnava-mi-ar-cere\/#primaryimage"},"thumbnailUrl":"https:\/\/mhf.ro\/mm\/wp-content\/uploads\/2020\/07\/blaj-catedrala.jpg","articleSection":["Arta","Diverse"],"inLanguage":"ro-RO","potentialAction":[{"@type":"CommentAction","name":"Comment","target":["https:\/\/mhf.ro\/mm\/daca-tarnava-mi-ar-cere\/#respond"]}]},{"@type":"WebPage","@id":"https:\/\/mhf.ro\/mm\/daca-tarnava-mi-ar-cere\/","url":"https:\/\/mhf.ro\/mm\/daca-tarnava-mi-ar-cere\/","name":"Dac\u0103 T\u00e2rnava mi-ar cere... - MHF Photography","isPartOf":{"@id":"https:\/\/mhf.ro\/mm\/#website"},"primaryImageOfPage":{"@id":"https:\/\/mhf.ro\/mm\/daca-tarnava-mi-ar-cere\/#primaryimage"},"image":{"@id":"https:\/\/mhf.ro\/mm\/daca-tarnava-mi-ar-cere\/#primaryimage"},"thumbnailUrl":"https:\/\/mhf.ro\/mm\/wp-content\/uploads\/2020\/07\/blaj-catedrala.jpg","datePublished":"2020-07-15T11:44:55+00:00","dateModified":"2021-04-21T06:51:14+00:00","breadcrumb":{"@id":"https:\/\/mhf.ro\/mm\/daca-tarnava-mi-ar-cere\/#breadcrumb"},"inLanguage":"ro-RO","potentialAction":[{"@type":"ReadAction","target":["https:\/\/mhf.ro\/mm\/daca-tarnava-mi-ar-cere\/"]}]},{"@type":"ImageObject","inLanguage":"ro-RO","@id":"https:\/\/mhf.ro\/mm\/daca-tarnava-mi-ar-cere\/#primaryimage","url":"https:\/\/mhf.ro\/mm\/wp-content\/uploads\/2020\/07\/blaj-catedrala.jpg","contentUrl":"https:\/\/mhf.ro\/mm\/wp-content\/uploads\/2020\/07\/blaj-catedrala.jpg","width":480,"height":361},{"@type":"BreadcrumbList","@id":"https:\/\/mhf.ro\/mm\/daca-tarnava-mi-ar-cere\/#breadcrumb","itemListElement":[{"@type":"ListItem","position":1,"name":"Prima pagin\u0103","item":"https:\/\/mhf.ro\/mm\/"},{"@type":"ListItem","position":2,"name":"Dac\u0103 T\u00e2rnava mi-ar cere&#8230;"}]},{"@type":"WebSite","@id":"https:\/\/mhf.ro\/mm\/#website","url":"https:\/\/mhf.ro\/mm\/","name":"MHF Photography \u2013 Blog de fotografie, natur\u0103 \u0219i tehnic\u0103 divers\u0103","description":"Aventur\u0103 \u00een fiecare cadru.","publisher":{"@id":"https:\/\/mhf.ro\/mm\/#\/schema\/person\/a3bebf7bdb4bf12f698aff73c7e46c21"},"potentialAction":[{"@type":"SearchAction","target":{"@type":"EntryPoint","urlTemplate":"https:\/\/mhf.ro\/mm\/?s={search_term_string}"},"query-input":{"@type":"PropertyValueSpecification","valueRequired":true,"valueName":"search_term_string"}}],"inLanguage":"ro-RO"},{"@type":["Person","Organization"],"@id":"https:\/\/mhf.ro\/mm\/#\/schema\/person\/a3bebf7bdb4bf12f698aff73c7e46c21","name":"Marius Marcu","image":{"@type":"ImageObject","inLanguage":"ro-RO","@id":"https:\/\/mhf.ro\/mm\/#\/schema\/person\/image\/","url":"https:\/\/mhf.ro\/mm\/wp-content\/uploads\/2025\/12\/cropped-logo_mhf_2.png","contentUrl":"https:\/\/mhf.ro\/mm\/wp-content\/uploads\/2025\/12\/cropped-logo_mhf_2.png","width":1096,"height":457,"caption":"Marius Marcu"},"logo":{"@id":"https:\/\/mhf.ro\/mm\/#\/schema\/person\/image\/"},"sameAs":["https:\/\/mhf.ro\/mm"]},{"@type":"Person","@id":"https:\/\/mhf.ro\/mm\/#\/schema\/person\/d2e8248dfe54de3d7284ff7254d2e29b","name":"Ciurtin Tavi","image":{"@type":"ImageObject","inLanguage":"ro-RO","@id":"https:\/\/mhf.ro\/mm\/#\/schema\/person\/image\/","url":"https:\/\/secure.gravatar.com\/avatar\/5afa01044b4e9328c510b64d3aa571c665404d2e22859f2e114ebd21774aab9c?s=96&d=monsterid&r=g","contentUrl":"https:\/\/secure.gravatar.com\/avatar\/5afa01044b4e9328c510b64d3aa571c665404d2e22859f2e114ebd21774aab9c?s=96&d=monsterid&r=g","caption":"Ciurtin Tavi"},"description":"N-am crezut niciodata ca ce am vizionat in vis, va fi permanent lege pentru mine... as fi isteric sa cred, ca, chiar eu pot sa-mi duc neputinta atat de mult sa cred ca eu... nu mai stiu sa glumesc, cu el, cu ea, cu tine, si in ultimul rand... cu mine... stii ce as vrea? ca eu nu stiu.... ma catar doar pe o dorinta, fumeganda-n mintea mea, asa, apucata de un ciucur ca un vis.... un vis legitim, nu unul....labartit din memoria somnului, ca... ultima discutie cu tine! hai, pa... ma duc sa-mi mustruluiesc, speranta de-a avea curajul sa revina la suprafata inaintea zorilor .","sameAs":["https:\/\/mhf.ro\/mm"],"url":"https:\/\/mhf.ro\/mm\/author\/tavi\/"}]}},"_links":{"self":[{"href":"https:\/\/mhf.ro\/mm\/wp-json\/wp\/v2\/posts\/2319","targetHints":{"allow":["GET"]}}],"collection":[{"href":"https:\/\/mhf.ro\/mm\/wp-json\/wp\/v2\/posts"}],"about":[{"href":"https:\/\/mhf.ro\/mm\/wp-json\/wp\/v2\/types\/post"}],"author":[{"embeddable":true,"href":"https:\/\/mhf.ro\/mm\/wp-json\/wp\/v2\/users\/3"}],"replies":[{"embeddable":true,"href":"https:\/\/mhf.ro\/mm\/wp-json\/wp\/v2\/comments?post=2319"}],"version-history":[{"count":1,"href":"https:\/\/mhf.ro\/mm\/wp-json\/wp\/v2\/posts\/2319\/revisions"}],"predecessor-version":[{"id":2321,"href":"https:\/\/mhf.ro\/mm\/wp-json\/wp\/v2\/posts\/2319\/revisions\/2321"}],"wp:featuredmedia":[{"embeddable":true,"href":"https:\/\/mhf.ro\/mm\/wp-json\/wp\/v2\/media\/2320"}],"wp:attachment":[{"href":"https:\/\/mhf.ro\/mm\/wp-json\/wp\/v2\/media?parent=2319"}],"wp:term":[{"taxonomy":"category","embeddable":true,"href":"https:\/\/mhf.ro\/mm\/wp-json\/wp\/v2\/categories?post=2319"},{"taxonomy":"post_tag","embeddable":true,"href":"https:\/\/mhf.ro\/mm\/wp-json\/wp\/v2\/tags?post=2319"}],"curies":[{"name":"wp","href":"https:\/\/api.w.org\/{rel}","templated":true}]}}