{"id":2337,"date":"2020-07-19T21:46:44","date_gmt":"2020-07-19T19:46:44","guid":{"rendered":"https:\/\/mhf.ro\/mm\/?p=2337"},"modified":"2020-07-19T21:46:44","modified_gmt":"2020-07-19T19:46:44","slug":"spital-biserica-moschee","status":"publish","type":"post","link":"https:\/\/mhf.ro\/mm\/spital-biserica-moschee\/","title":{"rendered":"Spital, biseric\u0103, moschee"},"content":{"rendered":"<p>\u00cen societatea rom\u00e2neasc\u0103 contemporan\u0103 unii oameni r\u0103ut\u0103cio\u0219i sau ne\u0219tiutori au \u00eencercat s\u0103 provoace o contradic\u021bie \u00eentre spital \u0219i biseric\u0103. Adic\u0103 construirea unor biserici produce lipsa unor spitale. Evident c\u0103 o minte lucid\u0103 \u00een\u021belege c\u0103 existen\u021ba unei biserici nu \u00eempiedic\u0103 construirea sau func\u021bionarea unui spital.<\/p>\n<p>Pe vremea c\u00e2nd construirea unei biserici era un act de pietate, cu mult \u00eenaintea catedralelor gotice din apusul Europei, \u00een secolul VI a fost construit\u0103 \u00een Constantinopol, catedrala Sf\u00e2nta Sofia. Era o bijuterie arhitectural\u0103 \u0219i un miracol ingineresc, \u021bin\u00e2nd cont de materialele \u0219i tehnologia acelor vremuri. C\u00e2nd cre\u0219tinii au tot insistat s\u0103 se lupte \u00eentre ei \u0219i \u00een R\u0103s\u0103rit \u0219i \u00een Apus, otomanii au cucerit bucat\u0103 cu bucat\u0103 Imperiul Bizantin. Lovitura decisiv\u0103 a venit \u00een 1453 c\u00e2nd Constantinopolul a c\u0103zut \u00een m\u00e2na otomanilor, iar ca gest de umilin\u021b\u0103 la adresa cre\u0219tinilor, catedrala Sf\u00e2nta Sofia a fost transformat\u0103 \u00een moschee. Otomanii au vrut s\u0103 demonstreze c\u0103 \u0219i ei pot s\u0103 fac\u0103 ce au f\u0103cut bizantinii a\u0219a c\u0103 au construit peste drum de Sf\u00e2nta Sofia o alt\u0103 moschee, copie \u00eembun\u0103t\u0103\u021bit\u0103 a Sfintei Sofia, aceasta devenind practic inutil\u0103.<\/p>\n<p>Dup\u0103 sl\u0103birea Imperiului Otoman \u0219i transformarea lui \u00eentr-un stat laic numit Turcia, Sf\u00e2nta Sofia a fost declarat\u0103 muzeu, \u00een 1934. Astfel nici musulmanii nici cre\u0219tinii nu se mai puteau sim\u021bi ofensa\u021bi \u00een leg\u0103tur\u0103 cu Sf. Sofia. Au d\u0103inuit peste veacuri \u00eensemne cre\u0219tine originale dar \u0219i ad\u0103ugiri musulmane.<\/p>\n<p>Acum, \u00een 2020 se inten\u021bioneaz\u0103 \u00eentoarcerea \u00een Evul Mediu \u0219i transformarea Sfintei Sofia din nou \u00een moschee. Cre\u0219tin\u0103tatea mai riposteaz\u0103 r\u0103zle\u021b.<\/p>\n<p>Dar ce s-ar \u00eent\u00e2mpla dac\u0103 o moschee ar fi transformat\u0103 \u00een biseric\u0103? Nici nu vrem s\u0103 ne imagin\u0103m. Deci, aten\u021bie cre\u0219tini, la ce atitudine ave\u021bi fat\u0103 de propriile biserici!<\/p>\n","protected":false},"excerpt":{"rendered":"<p>\u00cen societatea rom\u00e2neasc\u0103 contemporan\u0103 unii oameni r\u0103ut\u0103cio\u0219i sau ne\u0219tiutori au \u00eencercat s\u0103 provoace o contradic\u021bie \u00eentre spital \u0219i biseric\u0103. Adic\u0103<\/p>\n","protected":false},"author":4,"featured_media":2338,"comment_status":"open","ping_status":"open","sticky":false,"template":"","format":"standard","meta":{"colormag_page_container_layout":"default_layout","colormag_page_sidebar_layout":"default_layout","footnotes":""},"categories":[8],"tags":[],"class_list":["post-2337","post","type-post","status-publish","format-standard","has-post-thumbnail","hentry","category-div"],"yoast_head":"<!-- This site is optimized with the Yoast SEO plugin v27.0 - https:\/\/yoast.com\/product\/yoast-seo-wordpress\/ -->\n<title>Spital, biseric\u0103, moschee - MHF Photography<\/title>\n<meta name=\"robots\" content=\"index, follow, max-snippet:-1, max-image-preview:large, max-video-preview:-1\" \/>\n<link rel=\"canonical\" href=\"https:\/\/mhf.ro\/mm\/spital-biserica-moschee\/\" \/>\n<meta property=\"og:locale\" content=\"ro_RO\" \/>\n<meta property=\"og:type\" content=\"article\" \/>\n<meta property=\"og:title\" content=\"Spital, biseric\u0103, moschee - MHF Photography\" \/>\n<meta property=\"og:description\" content=\"\u00cen societatea rom\u00e2neasc\u0103 contemporan\u0103 unii oameni r\u0103ut\u0103cio\u0219i sau ne\u0219tiutori au \u00eencercat s\u0103 provoace o contradic\u021bie \u00eentre spital \u0219i biseric\u0103. Adic\u0103\" \/>\n<meta property=\"og:url\" content=\"https:\/\/mhf.ro\/mm\/spital-biserica-moschee\/\" \/>\n<meta property=\"og:site_name\" content=\"MHF Photography\" \/>\n<meta property=\"article:published_time\" content=\"2020-07-19T19:46:44+00:00\" \/>\n<meta property=\"og:image\" content=\"https:\/\/mhf.ro\/mm\/wp-content\/uploads\/2020\/07\/sf-sofia-scaled.jpeg\" \/>\n\t<meta property=\"og:image:width\" content=\"2560\" \/>\n\t<meta property=\"og:image:height\" content=\"1826\" \/>\n\t<meta property=\"og:image:type\" content=\"image\/jpeg\" \/>\n<meta name=\"author\" content=\"Preot paroh Horvat Petru\" \/>\n<meta name=\"twitter:card\" content=\"summary_large_image\" \/>\n<meta name=\"twitter:label1\" content=\"Scris de\" \/>\n\t<meta name=\"twitter:data1\" content=\"Preot paroh Horvat Petru\" \/>\n\t<meta name=\"twitter:label2\" content=\"Timp estimat pentru citire\" \/>\n\t<meta name=\"twitter:data2\" content=\"2 minute\" \/>\n<script type=\"application\/ld+json\" class=\"yoast-schema-graph\">{\"@context\":\"https:\/\/schema.org\",\"@graph\":[{\"@type\":\"Article\",\"@id\":\"https:\/\/mhf.ro\/mm\/spital-biserica-moschee\/#article\",\"isPartOf\":{\"@id\":\"https:\/\/mhf.ro\/mm\/spital-biserica-moschee\/\"},\"author\":{\"name\":\"Preot paroh Horvat Petru\",\"@id\":\"https:\/\/mhf.ro\/mm\/#\/schema\/person\/4c8c06c801b7b666e81ed44550086900\"},\"headline\":\"Spital, biseric\u0103, moschee\",\"datePublished\":\"2020-07-19T19:46:44+00:00\",\"mainEntityOfPage\":{\"@id\":\"https:\/\/mhf.ro\/mm\/spital-biserica-moschee\/\"},\"wordCount\":320,\"commentCount\":0,\"publisher\":{\"@id\":\"https:\/\/mhf.ro\/mm\/#\/schema\/person\/a3bebf7bdb4bf12f698aff73c7e46c21\"},\"image\":{\"@id\":\"https:\/\/mhf.ro\/mm\/spital-biserica-moschee\/#primaryimage\"},\"thumbnailUrl\":\"https:\/\/mhf.ro\/mm\/wp-content\/uploads\/2020\/07\/sf-sofia-scaled.jpeg\",\"articleSection\":[\"Diverse\"],\"inLanguage\":\"ro-RO\",\"potentialAction\":[{\"@type\":\"CommentAction\",\"name\":\"Comment\",\"target\":[\"https:\/\/mhf.ro\/mm\/spital-biserica-moschee\/#respond\"]}]},{\"@type\":\"WebPage\",\"@id\":\"https:\/\/mhf.ro\/mm\/spital-biserica-moschee\/\",\"url\":\"https:\/\/mhf.ro\/mm\/spital-biserica-moschee\/\",\"name\":\"Spital, biseric\u0103, moschee - MHF Photography\",\"isPartOf\":{\"@id\":\"https:\/\/mhf.ro\/mm\/#website\"},\"primaryImageOfPage\":{\"@id\":\"https:\/\/mhf.ro\/mm\/spital-biserica-moschee\/#primaryimage\"},\"image\":{\"@id\":\"https:\/\/mhf.ro\/mm\/spital-biserica-moschee\/#primaryimage\"},\"thumbnailUrl\":\"https:\/\/mhf.ro\/mm\/wp-content\/uploads\/2020\/07\/sf-sofia-scaled.jpeg\",\"datePublished\":\"2020-07-19T19:46:44+00:00\",\"breadcrumb\":{\"@id\":\"https:\/\/mhf.ro\/mm\/spital-biserica-moschee\/#breadcrumb\"},\"inLanguage\":\"ro-RO\",\"potentialAction\":[{\"@type\":\"ReadAction\",\"target\":[\"https:\/\/mhf.ro\/mm\/spital-biserica-moschee\/\"]}]},{\"@type\":\"ImageObject\",\"inLanguage\":\"ro-RO\",\"@id\":\"https:\/\/mhf.ro\/mm\/spital-biserica-moschee\/#primaryimage\",\"url\":\"https:\/\/mhf.ro\/mm\/wp-content\/uploads\/2020\/07\/sf-sofia-scaled.jpeg\",\"contentUrl\":\"https:\/\/mhf.ro\/mm\/wp-content\/uploads\/2020\/07\/sf-sofia-scaled.jpeg\",\"width\":2560,\"height\":1826},{\"@type\":\"BreadcrumbList\",\"@id\":\"https:\/\/mhf.ro\/mm\/spital-biserica-moschee\/#breadcrumb\",\"itemListElement\":[{\"@type\":\"ListItem\",\"position\":1,\"name\":\"Prima pagin\u0103\",\"item\":\"https:\/\/mhf.ro\/mm\/\"},{\"@type\":\"ListItem\",\"position\":2,\"name\":\"Spital, biseric\u0103, moschee\"}]},{\"@type\":\"WebSite\",\"@id\":\"https:\/\/mhf.ro\/mm\/#website\",\"url\":\"https:\/\/mhf.ro\/mm\/\",\"name\":\"MHF Photography \u2013 Blog de fotografie, natur\u0103 \u0219i tehnic\u0103 divers\u0103\",\"description\":\"Aventur\u0103 \u00een fiecare cadru.\",\"publisher\":{\"@id\":\"https:\/\/mhf.ro\/mm\/#\/schema\/person\/a3bebf7bdb4bf12f698aff73c7e46c21\"},\"potentialAction\":[{\"@type\":\"SearchAction\",\"target\":{\"@type\":\"EntryPoint\",\"urlTemplate\":\"https:\/\/mhf.ro\/mm\/?s={search_term_string}\"},\"query-input\":{\"@type\":\"PropertyValueSpecification\",\"valueRequired\":true,\"valueName\":\"search_term_string\"}}],\"inLanguage\":\"ro-RO\"},{\"@type\":[\"Person\",\"Organization\"],\"@id\":\"https:\/\/mhf.ro\/mm\/#\/schema\/person\/a3bebf7bdb4bf12f698aff73c7e46c21\",\"name\":\"Marius Marcu\",\"image\":{\"@type\":\"ImageObject\",\"inLanguage\":\"ro-RO\",\"@id\":\"https:\/\/mhf.ro\/mm\/#\/schema\/person\/image\/\",\"url\":\"https:\/\/mhf.ro\/mm\/wp-content\/uploads\/2025\/12\/cropped-logo_mhf_2.png\",\"contentUrl\":\"https:\/\/mhf.ro\/mm\/wp-content\/uploads\/2025\/12\/cropped-logo_mhf_2.png\",\"width\":1096,\"height\":457,\"caption\":\"Marius Marcu\"},\"logo\":{\"@id\":\"https:\/\/mhf.ro\/mm\/#\/schema\/person\/image\/\"},\"sameAs\":[\"https:\/\/mhf.ro\/mm\"]},{\"@type\":\"Person\",\"@id\":\"https:\/\/mhf.ro\/mm\/#\/schema\/person\/4c8c06c801b7b666e81ed44550086900\",\"name\":\"Preot paroh Horvat Petru\",\"image\":{\"@type\":\"ImageObject\",\"inLanguage\":\"ro-RO\",\"@id\":\"https:\/\/mhf.ro\/mm\/#\/schema\/person\/image\/\",\"url\":\"https:\/\/secure.gravatar.com\/avatar\/c2d2dcdf21c6f41aad486d71768c144cd6e23cb7b63bae9bd6fab542b26ad321?s=96&d=monsterid&r=g\",\"contentUrl\":\"https:\/\/secure.gravatar.com\/avatar\/c2d2dcdf21c6f41aad486d71768c144cd6e23cb7b63bae9bd6fab542b26ad321?s=96&d=monsterid&r=g\",\"caption\":\"Preot paroh Horvat Petru\"},\"sameAs\":[\"https:\/\/mhf.ro\/mm\"],\"url\":\"https:\/\/mhf.ro\/mm\/author\/petrica\/\"}]}<\/script>\n<!-- \/ Yoast SEO plugin. -->","yoast_head_json":{"title":"Spital, biseric\u0103, moschee - MHF Photography","robots":{"index":"index","follow":"follow","max-snippet":"max-snippet:-1","max-image-preview":"max-image-preview:large","max-video-preview":"max-video-preview:-1"},"canonical":"https:\/\/mhf.ro\/mm\/spital-biserica-moschee\/","og_locale":"ro_RO","og_type":"article","og_title":"Spital, biseric\u0103, moschee - MHF Photography","og_description":"\u00cen societatea rom\u00e2neasc\u0103 contemporan\u0103 unii oameni r\u0103ut\u0103cio\u0219i sau ne\u0219tiutori au \u00eencercat s\u0103 provoace o contradic\u021bie \u00eentre spital \u0219i biseric\u0103. Adic\u0103","og_url":"https:\/\/mhf.ro\/mm\/spital-biserica-moschee\/","og_site_name":"MHF Photography","article_published_time":"2020-07-19T19:46:44+00:00","og_image":[{"width":2560,"height":1826,"url":"https:\/\/mhf.ro\/mm\/wp-content\/uploads\/2020\/07\/sf-sofia-scaled.jpeg","type":"image\/jpeg"}],"author":"Preot paroh Horvat Petru","twitter_card":"summary_large_image","twitter_misc":{"Scris de":"Preot paroh Horvat Petru","Timp estimat pentru citire":"2 minute"},"schema":{"@context":"https:\/\/schema.org","@graph":[{"@type":"Article","@id":"https:\/\/mhf.ro\/mm\/spital-biserica-moschee\/#article","isPartOf":{"@id":"https:\/\/mhf.ro\/mm\/spital-biserica-moschee\/"},"author":{"name":"Preot paroh Horvat Petru","@id":"https:\/\/mhf.ro\/mm\/#\/schema\/person\/4c8c06c801b7b666e81ed44550086900"},"headline":"Spital, biseric\u0103, moschee","datePublished":"2020-07-19T19:46:44+00:00","mainEntityOfPage":{"@id":"https:\/\/mhf.ro\/mm\/spital-biserica-moschee\/"},"wordCount":320,"commentCount":0,"publisher":{"@id":"https:\/\/mhf.ro\/mm\/#\/schema\/person\/a3bebf7bdb4bf12f698aff73c7e46c21"},"image":{"@id":"https:\/\/mhf.ro\/mm\/spital-biserica-moschee\/#primaryimage"},"thumbnailUrl":"https:\/\/mhf.ro\/mm\/wp-content\/uploads\/2020\/07\/sf-sofia-scaled.jpeg","articleSection":["Diverse"],"inLanguage":"ro-RO","potentialAction":[{"@type":"CommentAction","name":"Comment","target":["https:\/\/mhf.ro\/mm\/spital-biserica-moschee\/#respond"]}]},{"@type":"WebPage","@id":"https:\/\/mhf.ro\/mm\/spital-biserica-moschee\/","url":"https:\/\/mhf.ro\/mm\/spital-biserica-moschee\/","name":"Spital, biseric\u0103, moschee - MHF Photography","isPartOf":{"@id":"https:\/\/mhf.ro\/mm\/#website"},"primaryImageOfPage":{"@id":"https:\/\/mhf.ro\/mm\/spital-biserica-moschee\/#primaryimage"},"image":{"@id":"https:\/\/mhf.ro\/mm\/spital-biserica-moschee\/#primaryimage"},"thumbnailUrl":"https:\/\/mhf.ro\/mm\/wp-content\/uploads\/2020\/07\/sf-sofia-scaled.jpeg","datePublished":"2020-07-19T19:46:44+00:00","breadcrumb":{"@id":"https:\/\/mhf.ro\/mm\/spital-biserica-moschee\/#breadcrumb"},"inLanguage":"ro-RO","potentialAction":[{"@type":"ReadAction","target":["https:\/\/mhf.ro\/mm\/spital-biserica-moschee\/"]}]},{"@type":"ImageObject","inLanguage":"ro-RO","@id":"https:\/\/mhf.ro\/mm\/spital-biserica-moschee\/#primaryimage","url":"https:\/\/mhf.ro\/mm\/wp-content\/uploads\/2020\/07\/sf-sofia-scaled.jpeg","contentUrl":"https:\/\/mhf.ro\/mm\/wp-content\/uploads\/2020\/07\/sf-sofia-scaled.jpeg","width":2560,"height":1826},{"@type":"BreadcrumbList","@id":"https:\/\/mhf.ro\/mm\/spital-biserica-moschee\/#breadcrumb","itemListElement":[{"@type":"ListItem","position":1,"name":"Prima pagin\u0103","item":"https:\/\/mhf.ro\/mm\/"},{"@type":"ListItem","position":2,"name":"Spital, biseric\u0103, moschee"}]},{"@type":"WebSite","@id":"https:\/\/mhf.ro\/mm\/#website","url":"https:\/\/mhf.ro\/mm\/","name":"MHF Photography \u2013 Blog de fotografie, natur\u0103 \u0219i tehnic\u0103 divers\u0103","description":"Aventur\u0103 \u00een fiecare cadru.","publisher":{"@id":"https:\/\/mhf.ro\/mm\/#\/schema\/person\/a3bebf7bdb4bf12f698aff73c7e46c21"},"potentialAction":[{"@type":"SearchAction","target":{"@type":"EntryPoint","urlTemplate":"https:\/\/mhf.ro\/mm\/?s={search_term_string}"},"query-input":{"@type":"PropertyValueSpecification","valueRequired":true,"valueName":"search_term_string"}}],"inLanguage":"ro-RO"},{"@type":["Person","Organization"],"@id":"https:\/\/mhf.ro\/mm\/#\/schema\/person\/a3bebf7bdb4bf12f698aff73c7e46c21","name":"Marius Marcu","image":{"@type":"ImageObject","inLanguage":"ro-RO","@id":"https:\/\/mhf.ro\/mm\/#\/schema\/person\/image\/","url":"https:\/\/mhf.ro\/mm\/wp-content\/uploads\/2025\/12\/cropped-logo_mhf_2.png","contentUrl":"https:\/\/mhf.ro\/mm\/wp-content\/uploads\/2025\/12\/cropped-logo_mhf_2.png","width":1096,"height":457,"caption":"Marius Marcu"},"logo":{"@id":"https:\/\/mhf.ro\/mm\/#\/schema\/person\/image\/"},"sameAs":["https:\/\/mhf.ro\/mm"]},{"@type":"Person","@id":"https:\/\/mhf.ro\/mm\/#\/schema\/person\/4c8c06c801b7b666e81ed44550086900","name":"Preot paroh Horvat Petru","image":{"@type":"ImageObject","inLanguage":"ro-RO","@id":"https:\/\/mhf.ro\/mm\/#\/schema\/person\/image\/","url":"https:\/\/secure.gravatar.com\/avatar\/c2d2dcdf21c6f41aad486d71768c144cd6e23cb7b63bae9bd6fab542b26ad321?s=96&d=monsterid&r=g","contentUrl":"https:\/\/secure.gravatar.com\/avatar\/c2d2dcdf21c6f41aad486d71768c144cd6e23cb7b63bae9bd6fab542b26ad321?s=96&d=monsterid&r=g","caption":"Preot paroh Horvat Petru"},"sameAs":["https:\/\/mhf.ro\/mm"],"url":"https:\/\/mhf.ro\/mm\/author\/petrica\/"}]}},"_links":{"self":[{"href":"https:\/\/mhf.ro\/mm\/wp-json\/wp\/v2\/posts\/2337","targetHints":{"allow":["GET"]}}],"collection":[{"href":"https:\/\/mhf.ro\/mm\/wp-json\/wp\/v2\/posts"}],"about":[{"href":"https:\/\/mhf.ro\/mm\/wp-json\/wp\/v2\/types\/post"}],"author":[{"embeddable":true,"href":"https:\/\/mhf.ro\/mm\/wp-json\/wp\/v2\/users\/4"}],"replies":[{"embeddable":true,"href":"https:\/\/mhf.ro\/mm\/wp-json\/wp\/v2\/comments?post=2337"}],"version-history":[{"count":1,"href":"https:\/\/mhf.ro\/mm\/wp-json\/wp\/v2\/posts\/2337\/revisions"}],"predecessor-version":[{"id":2340,"href":"https:\/\/mhf.ro\/mm\/wp-json\/wp\/v2\/posts\/2337\/revisions\/2340"}],"wp:featuredmedia":[{"embeddable":true,"href":"https:\/\/mhf.ro\/mm\/wp-json\/wp\/v2\/media\/2338"}],"wp:attachment":[{"href":"https:\/\/mhf.ro\/mm\/wp-json\/wp\/v2\/media?parent=2337"}],"wp:term":[{"taxonomy":"category","embeddable":true,"href":"https:\/\/mhf.ro\/mm\/wp-json\/wp\/v2\/categories?post=2337"},{"taxonomy":"post_tag","embeddable":true,"href":"https:\/\/mhf.ro\/mm\/wp-json\/wp\/v2\/tags?post=2337"}],"curies":[{"name":"wp","href":"https:\/\/api.w.org\/{rel}","templated":true}]}}