{"id":2372,"date":"2020-07-27T17:59:03","date_gmt":"2020-07-27T15:59:03","guid":{"rendered":"https:\/\/mhf.ro\/mm\/?p=2372"},"modified":"2020-07-27T17:59:03","modified_gmt":"2020-07-27T15:59:03","slug":"vestea-i-sumbra","status":"publish","type":"post","link":"https:\/\/mhf.ro\/mm\/vestea-i-sumbra\/","title":{"rendered":"Vestea-i sumbra&#8230;"},"content":{"rendered":"<p>O ap\u0103 se durig\u0103 tot la vale<br \/>\npeste pietre \u00een cascade<br \/>\ncurg duioase lacrimi&#8230; care<br \/>\npe ome\u021bi mi se pr\u0103vale!<\/p>\n<p>N-am citit \u00een norul negru<br \/>\ncel ce n-a fost un mister<br \/>\nam citit \u00een ochii m\u00e2ndrei<br \/>\nc\u0103 sunt marele &#8222;pi\u0219cher&#8221;<\/p>\n<p>Nu m-a b\u0103nuit de har\u021b\u0103<br \/>\nnici de furtul \u00een urgie<br \/>\nam citit \u00een mentenan\u021b\u0103<br \/>\ndoar furtuna ce-o s\u0103 vie&#8230;<\/p>\n<p>M-a durut citind pe harta<br \/>\nfe\u021bei ei plin\u0103 de dor<br \/>\nam citit \u0219i-n ochii soartei<br \/>\n&#8230; n-am un azi nici viitor!<\/p>\n<p>Pl\u00e2nge sufletul \u00een mine<br \/>\npl\u00e2nge \u0219i se mistuie\u0219te<br \/>\nca-ntr-o cu\u0219c\u0103 care geme<br \/>\n\u0219i de dor se ofile\u0219te!<\/p>\n<p>Am s\u0103 pierd \u0219i runda asta<br \/>\njocul e profund pierdut<br \/>\nam s\u0103-ncerc \u00een alt\u0103 via\u021b\u0103<br \/>\nce era de \u00eenceput&#8230;<\/p>\n<p>Las lumina s\u0103-mi inunde<br \/>\nscopul \u0219i durerea mea<br \/>\npentru ce va fi s\u0103 fie<br \/>\n\u0219i ce pot a mai avea&#8230;<\/p>\n<p>Tu te-ai dus \u00een ve\u0219nicie<br \/>\nclipe n-o s\u0103 reg\u0103sesc<br \/>\nne-am iubit at\u00e2t de tare&#8230;<br \/>\noare, pot s\u0103 mai iubesc?<\/p>\n<p>Tot ce-a fost s-a-nmorm\u00e2ntat<br \/>\nam iubit, am \u0219i gre\u0219it<br \/>\npoate n-am s\u0103 fiu salvat&#8230;<br \/>\nast\u0103zi sunt doar istovit!<\/p>\n<p>Pot s\u0103-ncerc, s\u0103 tot \u00eencerc<br \/>\nvia\u021ba umbl\u0103 repejor<br \/>\ndoar privesc ce se \u00eent\u00e2mpl\u0103&#8230;<br \/>\nHappy-endu-i&#8230; viitor?<\/p>\n","protected":false},"excerpt":{"rendered":"<p>O ap\u0103 se durig\u0103 tot la vale peste pietre \u00een cascade curg duioase lacrimi&#8230; care pe ome\u021bi mi se pr\u0103vale!<\/p>\n","protected":false},"author":3,"featured_media":2373,"comment_status":"open","ping_status":"open","sticky":false,"template":"","format":"standard","meta":{"colormag_page_container_layout":"default_layout","colormag_page_sidebar_layout":"default_layout","footnotes":""},"categories":[8],"tags":[],"class_list":["post-2372","post","type-post","status-publish","format-standard","has-post-thumbnail","hentry","category-div"],"yoast_head":"<!-- This site is optimized with the Yoast SEO plugin v27.0 - https:\/\/yoast.com\/product\/yoast-seo-wordpress\/ -->\n<title>Vestea-i sumbra... - MHF Photography<\/title>\n<meta name=\"robots\" content=\"index, follow, max-snippet:-1, max-image-preview:large, max-video-preview:-1\" \/>\n<link rel=\"canonical\" href=\"https:\/\/mhf.ro\/mm\/vestea-i-sumbra\/\" \/>\n<meta property=\"og:locale\" content=\"ro_RO\" \/>\n<meta property=\"og:type\" content=\"article\" \/>\n<meta property=\"og:title\" content=\"Vestea-i sumbra... - MHF Photography\" \/>\n<meta property=\"og:description\" content=\"O ap\u0103 se durig\u0103 tot la vale peste pietre \u00een cascade curg duioase lacrimi&#8230; care pe ome\u021bi mi se pr\u0103vale!\" \/>\n<meta property=\"og:url\" content=\"https:\/\/mhf.ro\/mm\/vestea-i-sumbra\/\" \/>\n<meta property=\"og:site_name\" content=\"MHF Photography\" \/>\n<meta property=\"article:published_time\" content=\"2020-07-27T15:59:03+00:00\" \/>\n<meta property=\"og:image\" content=\"https:\/\/mhf.ro\/mm\/wp-content\/uploads\/2020\/07\/dacia-si-accident.jpg\" \/>\n\t<meta property=\"og:image:width\" content=\"738\" \/>\n\t<meta property=\"og:image:height\" content=\"526\" \/>\n\t<meta property=\"og:image:type\" content=\"image\/jpeg\" \/>\n<meta name=\"author\" content=\"Ciurtin Tavi\" \/>\n<meta name=\"twitter:card\" content=\"summary_large_image\" \/>\n<meta name=\"twitter:label1\" content=\"Scris de\" \/>\n\t<meta name=\"twitter:data1\" content=\"Ciurtin Tavi\" \/>\n\t<meta name=\"twitter:label2\" content=\"Timp estimat pentru citire\" \/>\n\t<meta name=\"twitter:data2\" content=\"1 minut\" \/>\n<script type=\"application\/ld+json\" class=\"yoast-schema-graph\">{\"@context\":\"https:\/\/schema.org\",\"@graph\":[{\"@type\":\"Article\",\"@id\":\"https:\/\/mhf.ro\/mm\/vestea-i-sumbra\/#article\",\"isPartOf\":{\"@id\":\"https:\/\/mhf.ro\/mm\/vestea-i-sumbra\/\"},\"author\":{\"name\":\"Ciurtin Tavi\",\"@id\":\"https:\/\/mhf.ro\/mm\/#\/schema\/person\/d2e8248dfe54de3d7284ff7254d2e29b\"},\"headline\":\"Vestea-i sumbra&#8230;\",\"datePublished\":\"2020-07-27T15:59:03+00:00\",\"mainEntityOfPage\":{\"@id\":\"https:\/\/mhf.ro\/mm\/vestea-i-sumbra\/\"},\"wordCount\":211,\"commentCount\":0,\"publisher\":{\"@id\":\"https:\/\/mhf.ro\/mm\/#\/schema\/person\/a3bebf7bdb4bf12f698aff73c7e46c21\"},\"image\":{\"@id\":\"https:\/\/mhf.ro\/mm\/vestea-i-sumbra\/#primaryimage\"},\"thumbnailUrl\":\"https:\/\/mhf.ro\/mm\/wp-content\/uploads\/2020\/07\/dacia-si-accident.jpg\",\"articleSection\":[\"Diverse\"],\"inLanguage\":\"ro-RO\",\"potentialAction\":[{\"@type\":\"CommentAction\",\"name\":\"Comment\",\"target\":[\"https:\/\/mhf.ro\/mm\/vestea-i-sumbra\/#respond\"]}]},{\"@type\":\"WebPage\",\"@id\":\"https:\/\/mhf.ro\/mm\/vestea-i-sumbra\/\",\"url\":\"https:\/\/mhf.ro\/mm\/vestea-i-sumbra\/\",\"name\":\"Vestea-i sumbra... - MHF Photography\",\"isPartOf\":{\"@id\":\"https:\/\/mhf.ro\/mm\/#website\"},\"primaryImageOfPage\":{\"@id\":\"https:\/\/mhf.ro\/mm\/vestea-i-sumbra\/#primaryimage\"},\"image\":{\"@id\":\"https:\/\/mhf.ro\/mm\/vestea-i-sumbra\/#primaryimage\"},\"thumbnailUrl\":\"https:\/\/mhf.ro\/mm\/wp-content\/uploads\/2020\/07\/dacia-si-accident.jpg\",\"datePublished\":\"2020-07-27T15:59:03+00:00\",\"breadcrumb\":{\"@id\":\"https:\/\/mhf.ro\/mm\/vestea-i-sumbra\/#breadcrumb\"},\"inLanguage\":\"ro-RO\",\"potentialAction\":[{\"@type\":\"ReadAction\",\"target\":[\"https:\/\/mhf.ro\/mm\/vestea-i-sumbra\/\"]}]},{\"@type\":\"ImageObject\",\"inLanguage\":\"ro-RO\",\"@id\":\"https:\/\/mhf.ro\/mm\/vestea-i-sumbra\/#primaryimage\",\"url\":\"https:\/\/mhf.ro\/mm\/wp-content\/uploads\/2020\/07\/dacia-si-accident.jpg\",\"contentUrl\":\"https:\/\/mhf.ro\/mm\/wp-content\/uploads\/2020\/07\/dacia-si-accident.jpg\",\"width\":738,\"height\":526},{\"@type\":\"BreadcrumbList\",\"@id\":\"https:\/\/mhf.ro\/mm\/vestea-i-sumbra\/#breadcrumb\",\"itemListElement\":[{\"@type\":\"ListItem\",\"position\":1,\"name\":\"Prima pagin\u0103\",\"item\":\"https:\/\/mhf.ro\/mm\/\"},{\"@type\":\"ListItem\",\"position\":2,\"name\":\"Vestea-i sumbra&#8230;\"}]},{\"@type\":\"WebSite\",\"@id\":\"https:\/\/mhf.ro\/mm\/#website\",\"url\":\"https:\/\/mhf.ro\/mm\/\",\"name\":\"MHF Photography \u2013 Blog de fotografie, natur\u0103 \u0219i tehnic\u0103 divers\u0103\",\"description\":\"Aventur\u0103 \u00een fiecare cadru.\",\"publisher\":{\"@id\":\"https:\/\/mhf.ro\/mm\/#\/schema\/person\/a3bebf7bdb4bf12f698aff73c7e46c21\"},\"potentialAction\":[{\"@type\":\"SearchAction\",\"target\":{\"@type\":\"EntryPoint\",\"urlTemplate\":\"https:\/\/mhf.ro\/mm\/?s={search_term_string}\"},\"query-input\":{\"@type\":\"PropertyValueSpecification\",\"valueRequired\":true,\"valueName\":\"search_term_string\"}}],\"inLanguage\":\"ro-RO\"},{\"@type\":[\"Person\",\"Organization\"],\"@id\":\"https:\/\/mhf.ro\/mm\/#\/schema\/person\/a3bebf7bdb4bf12f698aff73c7e46c21\",\"name\":\"Marius Marcu\",\"image\":{\"@type\":\"ImageObject\",\"inLanguage\":\"ro-RO\",\"@id\":\"https:\/\/mhf.ro\/mm\/#\/schema\/person\/image\/\",\"url\":\"https:\/\/mhf.ro\/mm\/wp-content\/uploads\/2025\/12\/cropped-logo_mhf_2.png\",\"contentUrl\":\"https:\/\/mhf.ro\/mm\/wp-content\/uploads\/2025\/12\/cropped-logo_mhf_2.png\",\"width\":1096,\"height\":457,\"caption\":\"Marius Marcu\"},\"logo\":{\"@id\":\"https:\/\/mhf.ro\/mm\/#\/schema\/person\/image\/\"},\"sameAs\":[\"https:\/\/mhf.ro\/mm\"]},{\"@type\":\"Person\",\"@id\":\"https:\/\/mhf.ro\/mm\/#\/schema\/person\/d2e8248dfe54de3d7284ff7254d2e29b\",\"name\":\"Ciurtin Tavi\",\"image\":{\"@type\":\"ImageObject\",\"inLanguage\":\"ro-RO\",\"@id\":\"https:\/\/mhf.ro\/mm\/#\/schema\/person\/image\/\",\"url\":\"https:\/\/secure.gravatar.com\/avatar\/5afa01044b4e9328c510b64d3aa571c665404d2e22859f2e114ebd21774aab9c?s=96&d=monsterid&r=g\",\"contentUrl\":\"https:\/\/secure.gravatar.com\/avatar\/5afa01044b4e9328c510b64d3aa571c665404d2e22859f2e114ebd21774aab9c?s=96&d=monsterid&r=g\",\"caption\":\"Ciurtin Tavi\"},\"description\":\"N-am crezut niciodata ca ce am vizionat in vis, va fi permanent lege pentru mine... as fi isteric sa cred, ca, chiar eu pot sa-mi duc neputinta atat de mult sa cred ca eu... nu mai stiu sa glumesc, cu el, cu ea, cu tine, si in ultimul rand... cu mine... stii ce as vrea? ca eu nu stiu.... ma catar doar pe o dorinta, fumeganda-n mintea mea, asa, apucata de un ciucur ca un vis.... un vis legitim, nu unul....labartit din memoria somnului, ca... ultima discutie cu tine! hai, pa... ma duc sa-mi mustruluiesc, speranta de-a avea curajul sa revina la suprafata inaintea zorilor .\",\"sameAs\":[\"https:\/\/mhf.ro\/mm\"],\"url\":\"https:\/\/mhf.ro\/mm\/author\/tavi\/\"}]}<\/script>\n<!-- \/ Yoast SEO plugin. -->","yoast_head_json":{"title":"Vestea-i sumbra... - MHF Photography","robots":{"index":"index","follow":"follow","max-snippet":"max-snippet:-1","max-image-preview":"max-image-preview:large","max-video-preview":"max-video-preview:-1"},"canonical":"https:\/\/mhf.ro\/mm\/vestea-i-sumbra\/","og_locale":"ro_RO","og_type":"article","og_title":"Vestea-i sumbra... - MHF Photography","og_description":"O ap\u0103 se durig\u0103 tot la vale peste pietre \u00een cascade curg duioase lacrimi&#8230; care pe ome\u021bi mi se pr\u0103vale!","og_url":"https:\/\/mhf.ro\/mm\/vestea-i-sumbra\/","og_site_name":"MHF Photography","article_published_time":"2020-07-27T15:59:03+00:00","og_image":[{"width":738,"height":526,"url":"https:\/\/mhf.ro\/mm\/wp-content\/uploads\/2020\/07\/dacia-si-accident.jpg","type":"image\/jpeg"}],"author":"Ciurtin Tavi","twitter_card":"summary_large_image","twitter_misc":{"Scris de":"Ciurtin Tavi","Timp estimat pentru citire":"1 minut"},"schema":{"@context":"https:\/\/schema.org","@graph":[{"@type":"Article","@id":"https:\/\/mhf.ro\/mm\/vestea-i-sumbra\/#article","isPartOf":{"@id":"https:\/\/mhf.ro\/mm\/vestea-i-sumbra\/"},"author":{"name":"Ciurtin Tavi","@id":"https:\/\/mhf.ro\/mm\/#\/schema\/person\/d2e8248dfe54de3d7284ff7254d2e29b"},"headline":"Vestea-i sumbra&#8230;","datePublished":"2020-07-27T15:59:03+00:00","mainEntityOfPage":{"@id":"https:\/\/mhf.ro\/mm\/vestea-i-sumbra\/"},"wordCount":211,"commentCount":0,"publisher":{"@id":"https:\/\/mhf.ro\/mm\/#\/schema\/person\/a3bebf7bdb4bf12f698aff73c7e46c21"},"image":{"@id":"https:\/\/mhf.ro\/mm\/vestea-i-sumbra\/#primaryimage"},"thumbnailUrl":"https:\/\/mhf.ro\/mm\/wp-content\/uploads\/2020\/07\/dacia-si-accident.jpg","articleSection":["Diverse"],"inLanguage":"ro-RO","potentialAction":[{"@type":"CommentAction","name":"Comment","target":["https:\/\/mhf.ro\/mm\/vestea-i-sumbra\/#respond"]}]},{"@type":"WebPage","@id":"https:\/\/mhf.ro\/mm\/vestea-i-sumbra\/","url":"https:\/\/mhf.ro\/mm\/vestea-i-sumbra\/","name":"Vestea-i sumbra... - MHF Photography","isPartOf":{"@id":"https:\/\/mhf.ro\/mm\/#website"},"primaryImageOfPage":{"@id":"https:\/\/mhf.ro\/mm\/vestea-i-sumbra\/#primaryimage"},"image":{"@id":"https:\/\/mhf.ro\/mm\/vestea-i-sumbra\/#primaryimage"},"thumbnailUrl":"https:\/\/mhf.ro\/mm\/wp-content\/uploads\/2020\/07\/dacia-si-accident.jpg","datePublished":"2020-07-27T15:59:03+00:00","breadcrumb":{"@id":"https:\/\/mhf.ro\/mm\/vestea-i-sumbra\/#breadcrumb"},"inLanguage":"ro-RO","potentialAction":[{"@type":"ReadAction","target":["https:\/\/mhf.ro\/mm\/vestea-i-sumbra\/"]}]},{"@type":"ImageObject","inLanguage":"ro-RO","@id":"https:\/\/mhf.ro\/mm\/vestea-i-sumbra\/#primaryimage","url":"https:\/\/mhf.ro\/mm\/wp-content\/uploads\/2020\/07\/dacia-si-accident.jpg","contentUrl":"https:\/\/mhf.ro\/mm\/wp-content\/uploads\/2020\/07\/dacia-si-accident.jpg","width":738,"height":526},{"@type":"BreadcrumbList","@id":"https:\/\/mhf.ro\/mm\/vestea-i-sumbra\/#breadcrumb","itemListElement":[{"@type":"ListItem","position":1,"name":"Prima pagin\u0103","item":"https:\/\/mhf.ro\/mm\/"},{"@type":"ListItem","position":2,"name":"Vestea-i sumbra&#8230;"}]},{"@type":"WebSite","@id":"https:\/\/mhf.ro\/mm\/#website","url":"https:\/\/mhf.ro\/mm\/","name":"MHF Photography \u2013 Blog de fotografie, natur\u0103 \u0219i tehnic\u0103 divers\u0103","description":"Aventur\u0103 \u00een fiecare cadru.","publisher":{"@id":"https:\/\/mhf.ro\/mm\/#\/schema\/person\/a3bebf7bdb4bf12f698aff73c7e46c21"},"potentialAction":[{"@type":"SearchAction","target":{"@type":"EntryPoint","urlTemplate":"https:\/\/mhf.ro\/mm\/?s={search_term_string}"},"query-input":{"@type":"PropertyValueSpecification","valueRequired":true,"valueName":"search_term_string"}}],"inLanguage":"ro-RO"},{"@type":["Person","Organization"],"@id":"https:\/\/mhf.ro\/mm\/#\/schema\/person\/a3bebf7bdb4bf12f698aff73c7e46c21","name":"Marius Marcu","image":{"@type":"ImageObject","inLanguage":"ro-RO","@id":"https:\/\/mhf.ro\/mm\/#\/schema\/person\/image\/","url":"https:\/\/mhf.ro\/mm\/wp-content\/uploads\/2025\/12\/cropped-logo_mhf_2.png","contentUrl":"https:\/\/mhf.ro\/mm\/wp-content\/uploads\/2025\/12\/cropped-logo_mhf_2.png","width":1096,"height":457,"caption":"Marius Marcu"},"logo":{"@id":"https:\/\/mhf.ro\/mm\/#\/schema\/person\/image\/"},"sameAs":["https:\/\/mhf.ro\/mm"]},{"@type":"Person","@id":"https:\/\/mhf.ro\/mm\/#\/schema\/person\/d2e8248dfe54de3d7284ff7254d2e29b","name":"Ciurtin Tavi","image":{"@type":"ImageObject","inLanguage":"ro-RO","@id":"https:\/\/mhf.ro\/mm\/#\/schema\/person\/image\/","url":"https:\/\/secure.gravatar.com\/avatar\/5afa01044b4e9328c510b64d3aa571c665404d2e22859f2e114ebd21774aab9c?s=96&d=monsterid&r=g","contentUrl":"https:\/\/secure.gravatar.com\/avatar\/5afa01044b4e9328c510b64d3aa571c665404d2e22859f2e114ebd21774aab9c?s=96&d=monsterid&r=g","caption":"Ciurtin Tavi"},"description":"N-am crezut niciodata ca ce am vizionat in vis, va fi permanent lege pentru mine... as fi isteric sa cred, ca, chiar eu pot sa-mi duc neputinta atat de mult sa cred ca eu... nu mai stiu sa glumesc, cu el, cu ea, cu tine, si in ultimul rand... cu mine... stii ce as vrea? ca eu nu stiu.... ma catar doar pe o dorinta, fumeganda-n mintea mea, asa, apucata de un ciucur ca un vis.... un vis legitim, nu unul....labartit din memoria somnului, ca... ultima discutie cu tine! hai, pa... ma duc sa-mi mustruluiesc, speranta de-a avea curajul sa revina la suprafata inaintea zorilor .","sameAs":["https:\/\/mhf.ro\/mm"],"url":"https:\/\/mhf.ro\/mm\/author\/tavi\/"}]}},"_links":{"self":[{"href":"https:\/\/mhf.ro\/mm\/wp-json\/wp\/v2\/posts\/2372","targetHints":{"allow":["GET"]}}],"collection":[{"href":"https:\/\/mhf.ro\/mm\/wp-json\/wp\/v2\/posts"}],"about":[{"href":"https:\/\/mhf.ro\/mm\/wp-json\/wp\/v2\/types\/post"}],"author":[{"embeddable":true,"href":"https:\/\/mhf.ro\/mm\/wp-json\/wp\/v2\/users\/3"}],"replies":[{"embeddable":true,"href":"https:\/\/mhf.ro\/mm\/wp-json\/wp\/v2\/comments?post=2372"}],"version-history":[{"count":1,"href":"https:\/\/mhf.ro\/mm\/wp-json\/wp\/v2\/posts\/2372\/revisions"}],"predecessor-version":[{"id":2374,"href":"https:\/\/mhf.ro\/mm\/wp-json\/wp\/v2\/posts\/2372\/revisions\/2374"}],"wp:featuredmedia":[{"embeddable":true,"href":"https:\/\/mhf.ro\/mm\/wp-json\/wp\/v2\/media\/2373"}],"wp:attachment":[{"href":"https:\/\/mhf.ro\/mm\/wp-json\/wp\/v2\/media?parent=2372"}],"wp:term":[{"taxonomy":"category","embeddable":true,"href":"https:\/\/mhf.ro\/mm\/wp-json\/wp\/v2\/categories?post=2372"},{"taxonomy":"post_tag","embeddable":true,"href":"https:\/\/mhf.ro\/mm\/wp-json\/wp\/v2\/tags?post=2372"}],"curies":[{"name":"wp","href":"https:\/\/api.w.org\/{rel}","templated":true}]}}