{"id":2384,"date":"2020-08-03T15:58:33","date_gmt":"2020-08-03T13:58:33","guid":{"rendered":"https:\/\/mhf.ro\/mm\/?p=2384"},"modified":"2020-08-13T22:01:52","modified_gmt":"2020-08-13T20:01:52","slug":"pierdut-in-timp","status":"publish","type":"post","link":"https:\/\/mhf.ro\/mm\/pierdut-in-timp\/","title":{"rendered":"Pierdut \u00een timp"},"content":{"rendered":"<p>Am uitat \u015fi nu \u015ftiu pe unde am umblat<br \/>\npe cine am botezat \u015fi-am cununat,<br \/>\n\u00eemi num\u0103r clipele \u015fi stau \u00eeng\u00e2ndurat<br \/>\nr\u0103mas cu mine, de atunci, c\u00e2nd ai plecat.<\/p>\n<p>Sunt tot mai trist \u015fi ros \u015fi parc\u0103 mult mai bleg,<br \/>\nsunt vis\u0103torul timpului ce nu-n\u0163eleg,<br \/>\nsunt doar o piatr\u0103 ce-a r\u0103mas pe-un loc de \u015fters<br \/>\n\u015fi sunt \u015ftergarul unei nop\u0163i cu-at\u00e2ta stres.<\/p>\n<p>M\u0103 macin \u015fi m-afund \u015fi zac \u00een orice g\u00e2nd<br \/>\ndin piept suspin \u015fi simt c\u0103 sunt un simplu v\u00e2nt,<br \/>\nce vremuri au trecut \u015fi au trecut pe r\u00e2nd,<br \/>\nacuma plou\u00e2 rece peste acest p\u0103m\u00e2nt.<\/p>\n<p>\u015etiu c\u0103 sunt o pies\u0103 uzat\u0103 de demult<br \/>\n\u015fi \u015ftiu c\u0103 nu mai am de spus \u015fi doar ascult,<br \/>\ncum trece soarele urc\u00e2nd \u00een sus<br \/>\ncu razele ciuntite merge spre apus.<\/p>\n<p>Aprind o lum\u00e2nare \u015fi-o aprind \u00een g\u00e2nd<br \/>\n\u015fi ce lumini \u015fi umbre las\u0103 \u015fi se-ascund,<br \/>\n\u00een negura acestei zile ce-a trecut<br \/>\n\u015fi eu r\u0103m\u00e2n acela\u015fi care e pierdut.<\/p>\n","protected":false},"excerpt":{"rendered":"<p>Am uitat \u015fi nu \u015ftiu pe unde am umblat pe cine am botezat \u015fi-am cununat, \u00eemi num\u0103r clipele \u015fi stau<\/p>\n","protected":false},"author":3,"featured_media":2385,"comment_status":"open","ping_status":"open","sticky":false,"template":"","format":"standard","meta":{"colormag_page_container_layout":"default_layout","colormag_page_sidebar_layout":"default_layout","footnotes":""},"categories":[8],"tags":[],"class_list":["post-2384","post","type-post","status-publish","format-standard","has-post-thumbnail","hentry","category-div"],"yoast_head":"<!-- This site is optimized with the Yoast SEO plugin v27.0 - https:\/\/yoast.com\/product\/yoast-seo-wordpress\/ -->\n<title>Pierdut \u00een timp - MHF Photography<\/title>\n<meta name=\"robots\" content=\"index, follow, max-snippet:-1, max-image-preview:large, max-video-preview:-1\" \/>\n<link rel=\"canonical\" href=\"https:\/\/mhf.ro\/mm\/pierdut-in-timp\/\" \/>\n<meta property=\"og:locale\" content=\"ro_RO\" \/>\n<meta property=\"og:type\" content=\"article\" \/>\n<meta property=\"og:title\" content=\"Pierdut \u00een timp - MHF Photography\" \/>\n<meta property=\"og:description\" content=\"Am uitat \u015fi nu \u015ftiu pe unde am umblat pe cine am botezat \u015fi-am cununat, \u00eemi num\u0103r clipele \u015fi stau\" \/>\n<meta property=\"og:url\" content=\"https:\/\/mhf.ro\/mm\/pierdut-in-timp\/\" \/>\n<meta property=\"og:site_name\" content=\"MHF Photography\" \/>\n<meta property=\"article:published_time\" content=\"2020-08-03T13:58:33+00:00\" \/>\n<meta property=\"article:modified_time\" content=\"2020-08-13T20:01:52+00:00\" \/>\n<meta property=\"og:image\" content=\"https:\/\/mhf.ro\/mm\/wp-content\/uploads\/2020\/08\/Biserica.jpg\" \/>\n\t<meta property=\"og:image:width\" content=\"408\" \/>\n\t<meta property=\"og:image:height\" content=\"264\" \/>\n\t<meta property=\"og:image:type\" content=\"image\/jpeg\" \/>\n<meta name=\"author\" content=\"Ciurtin Tavi\" \/>\n<meta name=\"twitter:card\" content=\"summary_large_image\" \/>\n<meta name=\"twitter:label1\" content=\"Scris de\" \/>\n\t<meta name=\"twitter:data1\" content=\"Ciurtin Tavi\" \/>\n\t<meta name=\"twitter:label2\" content=\"Timp estimat pentru citire\" \/>\n\t<meta name=\"twitter:data2\" content=\"1 minut\" \/>\n<script type=\"application\/ld+json\" class=\"yoast-schema-graph\">{\"@context\":\"https:\/\/schema.org\",\"@graph\":[{\"@type\":\"Article\",\"@id\":\"https:\/\/mhf.ro\/mm\/pierdut-in-timp\/#article\",\"isPartOf\":{\"@id\":\"https:\/\/mhf.ro\/mm\/pierdut-in-timp\/\"},\"author\":{\"name\":\"Ciurtin Tavi\",\"@id\":\"https:\/\/mhf.ro\/mm\/#\/schema\/person\/d2e8248dfe54de3d7284ff7254d2e29b\"},\"headline\":\"Pierdut \u00een timp\",\"datePublished\":\"2020-08-03T13:58:33+00:00\",\"dateModified\":\"2020-08-13T20:01:52+00:00\",\"mainEntityOfPage\":{\"@id\":\"https:\/\/mhf.ro\/mm\/pierdut-in-timp\/\"},\"wordCount\":178,\"commentCount\":0,\"publisher\":{\"@id\":\"https:\/\/mhf.ro\/mm\/#\/schema\/person\/a3bebf7bdb4bf12f698aff73c7e46c21\"},\"image\":{\"@id\":\"https:\/\/mhf.ro\/mm\/pierdut-in-timp\/#primaryimage\"},\"thumbnailUrl\":\"https:\/\/mhf.ro\/mm\/wp-content\/uploads\/2020\/08\/Biserica.jpg\",\"articleSection\":[\"Diverse\"],\"inLanguage\":\"ro-RO\",\"potentialAction\":[{\"@type\":\"CommentAction\",\"name\":\"Comment\",\"target\":[\"https:\/\/mhf.ro\/mm\/pierdut-in-timp\/#respond\"]}]},{\"@type\":\"WebPage\",\"@id\":\"https:\/\/mhf.ro\/mm\/pierdut-in-timp\/\",\"url\":\"https:\/\/mhf.ro\/mm\/pierdut-in-timp\/\",\"name\":\"Pierdut \u00een timp - MHF Photography\",\"isPartOf\":{\"@id\":\"https:\/\/mhf.ro\/mm\/#website\"},\"primaryImageOfPage\":{\"@id\":\"https:\/\/mhf.ro\/mm\/pierdut-in-timp\/#primaryimage\"},\"image\":{\"@id\":\"https:\/\/mhf.ro\/mm\/pierdut-in-timp\/#primaryimage\"},\"thumbnailUrl\":\"https:\/\/mhf.ro\/mm\/wp-content\/uploads\/2020\/08\/Biserica.jpg\",\"datePublished\":\"2020-08-03T13:58:33+00:00\",\"dateModified\":\"2020-08-13T20:01:52+00:00\",\"breadcrumb\":{\"@id\":\"https:\/\/mhf.ro\/mm\/pierdut-in-timp\/#breadcrumb\"},\"inLanguage\":\"ro-RO\",\"potentialAction\":[{\"@type\":\"ReadAction\",\"target\":[\"https:\/\/mhf.ro\/mm\/pierdut-in-timp\/\"]}]},{\"@type\":\"ImageObject\",\"inLanguage\":\"ro-RO\",\"@id\":\"https:\/\/mhf.ro\/mm\/pierdut-in-timp\/#primaryimage\",\"url\":\"https:\/\/mhf.ro\/mm\/wp-content\/uploads\/2020\/08\/Biserica.jpg\",\"contentUrl\":\"https:\/\/mhf.ro\/mm\/wp-content\/uploads\/2020\/08\/Biserica.jpg\",\"width\":408,\"height\":264},{\"@type\":\"BreadcrumbList\",\"@id\":\"https:\/\/mhf.ro\/mm\/pierdut-in-timp\/#breadcrumb\",\"itemListElement\":[{\"@type\":\"ListItem\",\"position\":1,\"name\":\"Prima pagin\u0103\",\"item\":\"https:\/\/mhf.ro\/mm\/\"},{\"@type\":\"ListItem\",\"position\":2,\"name\":\"Pierdut \u00een timp\"}]},{\"@type\":\"WebSite\",\"@id\":\"https:\/\/mhf.ro\/mm\/#website\",\"url\":\"https:\/\/mhf.ro\/mm\/\",\"name\":\"MHF Photography \u2013 Blog de fotografie, natur\u0103 \u0219i tehnic\u0103 divers\u0103\",\"description\":\"Aventur\u0103 \u00een fiecare cadru.\",\"publisher\":{\"@id\":\"https:\/\/mhf.ro\/mm\/#\/schema\/person\/a3bebf7bdb4bf12f698aff73c7e46c21\"},\"potentialAction\":[{\"@type\":\"SearchAction\",\"target\":{\"@type\":\"EntryPoint\",\"urlTemplate\":\"https:\/\/mhf.ro\/mm\/?s={search_term_string}\"},\"query-input\":{\"@type\":\"PropertyValueSpecification\",\"valueRequired\":true,\"valueName\":\"search_term_string\"}}],\"inLanguage\":\"ro-RO\"},{\"@type\":[\"Person\",\"Organization\"],\"@id\":\"https:\/\/mhf.ro\/mm\/#\/schema\/person\/a3bebf7bdb4bf12f698aff73c7e46c21\",\"name\":\"Marius Marcu\",\"image\":{\"@type\":\"ImageObject\",\"inLanguage\":\"ro-RO\",\"@id\":\"https:\/\/mhf.ro\/mm\/#\/schema\/person\/image\/\",\"url\":\"https:\/\/mhf.ro\/mm\/wp-content\/uploads\/2025\/12\/cropped-logo_mhf_2.png\",\"contentUrl\":\"https:\/\/mhf.ro\/mm\/wp-content\/uploads\/2025\/12\/cropped-logo_mhf_2.png\",\"width\":1096,\"height\":457,\"caption\":\"Marius Marcu\"},\"logo\":{\"@id\":\"https:\/\/mhf.ro\/mm\/#\/schema\/person\/image\/\"},\"sameAs\":[\"https:\/\/mhf.ro\/mm\"]},{\"@type\":\"Person\",\"@id\":\"https:\/\/mhf.ro\/mm\/#\/schema\/person\/d2e8248dfe54de3d7284ff7254d2e29b\",\"name\":\"Ciurtin Tavi\",\"image\":{\"@type\":\"ImageObject\",\"inLanguage\":\"ro-RO\",\"@id\":\"https:\/\/mhf.ro\/mm\/#\/schema\/person\/image\/\",\"url\":\"https:\/\/secure.gravatar.com\/avatar\/5afa01044b4e9328c510b64d3aa571c665404d2e22859f2e114ebd21774aab9c?s=96&d=monsterid&r=g\",\"contentUrl\":\"https:\/\/secure.gravatar.com\/avatar\/5afa01044b4e9328c510b64d3aa571c665404d2e22859f2e114ebd21774aab9c?s=96&d=monsterid&r=g\",\"caption\":\"Ciurtin Tavi\"},\"description\":\"N-am crezut niciodata ca ce am vizionat in vis, va fi permanent lege pentru mine... as fi isteric sa cred, ca, chiar eu pot sa-mi duc neputinta atat de mult sa cred ca eu... nu mai stiu sa glumesc, cu el, cu ea, cu tine, si in ultimul rand... cu mine... stii ce as vrea? ca eu nu stiu.... ma catar doar pe o dorinta, fumeganda-n mintea mea, asa, apucata de un ciucur ca un vis.... un vis legitim, nu unul....labartit din memoria somnului, ca... ultima discutie cu tine! hai, pa... ma duc sa-mi mustruluiesc, speranta de-a avea curajul sa revina la suprafata inaintea zorilor .\",\"sameAs\":[\"https:\/\/mhf.ro\/mm\"],\"url\":\"https:\/\/mhf.ro\/mm\/author\/tavi\/\"}]}<\/script>\n<!-- \/ Yoast SEO plugin. -->","yoast_head_json":{"title":"Pierdut \u00een timp - MHF Photography","robots":{"index":"index","follow":"follow","max-snippet":"max-snippet:-1","max-image-preview":"max-image-preview:large","max-video-preview":"max-video-preview:-1"},"canonical":"https:\/\/mhf.ro\/mm\/pierdut-in-timp\/","og_locale":"ro_RO","og_type":"article","og_title":"Pierdut \u00een timp - MHF Photography","og_description":"Am uitat \u015fi nu \u015ftiu pe unde am umblat pe cine am botezat \u015fi-am cununat, \u00eemi num\u0103r clipele \u015fi stau","og_url":"https:\/\/mhf.ro\/mm\/pierdut-in-timp\/","og_site_name":"MHF Photography","article_published_time":"2020-08-03T13:58:33+00:00","article_modified_time":"2020-08-13T20:01:52+00:00","og_image":[{"width":408,"height":264,"url":"https:\/\/mhf.ro\/mm\/wp-content\/uploads\/2020\/08\/Biserica.jpg","type":"image\/jpeg"}],"author":"Ciurtin Tavi","twitter_card":"summary_large_image","twitter_misc":{"Scris de":"Ciurtin Tavi","Timp estimat pentru citire":"1 minut"},"schema":{"@context":"https:\/\/schema.org","@graph":[{"@type":"Article","@id":"https:\/\/mhf.ro\/mm\/pierdut-in-timp\/#article","isPartOf":{"@id":"https:\/\/mhf.ro\/mm\/pierdut-in-timp\/"},"author":{"name":"Ciurtin Tavi","@id":"https:\/\/mhf.ro\/mm\/#\/schema\/person\/d2e8248dfe54de3d7284ff7254d2e29b"},"headline":"Pierdut \u00een timp","datePublished":"2020-08-03T13:58:33+00:00","dateModified":"2020-08-13T20:01:52+00:00","mainEntityOfPage":{"@id":"https:\/\/mhf.ro\/mm\/pierdut-in-timp\/"},"wordCount":178,"commentCount":0,"publisher":{"@id":"https:\/\/mhf.ro\/mm\/#\/schema\/person\/a3bebf7bdb4bf12f698aff73c7e46c21"},"image":{"@id":"https:\/\/mhf.ro\/mm\/pierdut-in-timp\/#primaryimage"},"thumbnailUrl":"https:\/\/mhf.ro\/mm\/wp-content\/uploads\/2020\/08\/Biserica.jpg","articleSection":["Diverse"],"inLanguage":"ro-RO","potentialAction":[{"@type":"CommentAction","name":"Comment","target":["https:\/\/mhf.ro\/mm\/pierdut-in-timp\/#respond"]}]},{"@type":"WebPage","@id":"https:\/\/mhf.ro\/mm\/pierdut-in-timp\/","url":"https:\/\/mhf.ro\/mm\/pierdut-in-timp\/","name":"Pierdut \u00een timp - MHF Photography","isPartOf":{"@id":"https:\/\/mhf.ro\/mm\/#website"},"primaryImageOfPage":{"@id":"https:\/\/mhf.ro\/mm\/pierdut-in-timp\/#primaryimage"},"image":{"@id":"https:\/\/mhf.ro\/mm\/pierdut-in-timp\/#primaryimage"},"thumbnailUrl":"https:\/\/mhf.ro\/mm\/wp-content\/uploads\/2020\/08\/Biserica.jpg","datePublished":"2020-08-03T13:58:33+00:00","dateModified":"2020-08-13T20:01:52+00:00","breadcrumb":{"@id":"https:\/\/mhf.ro\/mm\/pierdut-in-timp\/#breadcrumb"},"inLanguage":"ro-RO","potentialAction":[{"@type":"ReadAction","target":["https:\/\/mhf.ro\/mm\/pierdut-in-timp\/"]}]},{"@type":"ImageObject","inLanguage":"ro-RO","@id":"https:\/\/mhf.ro\/mm\/pierdut-in-timp\/#primaryimage","url":"https:\/\/mhf.ro\/mm\/wp-content\/uploads\/2020\/08\/Biserica.jpg","contentUrl":"https:\/\/mhf.ro\/mm\/wp-content\/uploads\/2020\/08\/Biserica.jpg","width":408,"height":264},{"@type":"BreadcrumbList","@id":"https:\/\/mhf.ro\/mm\/pierdut-in-timp\/#breadcrumb","itemListElement":[{"@type":"ListItem","position":1,"name":"Prima pagin\u0103","item":"https:\/\/mhf.ro\/mm\/"},{"@type":"ListItem","position":2,"name":"Pierdut \u00een timp"}]},{"@type":"WebSite","@id":"https:\/\/mhf.ro\/mm\/#website","url":"https:\/\/mhf.ro\/mm\/","name":"MHF Photography \u2013 Blog de fotografie, natur\u0103 \u0219i tehnic\u0103 divers\u0103","description":"Aventur\u0103 \u00een fiecare cadru.","publisher":{"@id":"https:\/\/mhf.ro\/mm\/#\/schema\/person\/a3bebf7bdb4bf12f698aff73c7e46c21"},"potentialAction":[{"@type":"SearchAction","target":{"@type":"EntryPoint","urlTemplate":"https:\/\/mhf.ro\/mm\/?s={search_term_string}"},"query-input":{"@type":"PropertyValueSpecification","valueRequired":true,"valueName":"search_term_string"}}],"inLanguage":"ro-RO"},{"@type":["Person","Organization"],"@id":"https:\/\/mhf.ro\/mm\/#\/schema\/person\/a3bebf7bdb4bf12f698aff73c7e46c21","name":"Marius Marcu","image":{"@type":"ImageObject","inLanguage":"ro-RO","@id":"https:\/\/mhf.ro\/mm\/#\/schema\/person\/image\/","url":"https:\/\/mhf.ro\/mm\/wp-content\/uploads\/2025\/12\/cropped-logo_mhf_2.png","contentUrl":"https:\/\/mhf.ro\/mm\/wp-content\/uploads\/2025\/12\/cropped-logo_mhf_2.png","width":1096,"height":457,"caption":"Marius Marcu"},"logo":{"@id":"https:\/\/mhf.ro\/mm\/#\/schema\/person\/image\/"},"sameAs":["https:\/\/mhf.ro\/mm"]},{"@type":"Person","@id":"https:\/\/mhf.ro\/mm\/#\/schema\/person\/d2e8248dfe54de3d7284ff7254d2e29b","name":"Ciurtin Tavi","image":{"@type":"ImageObject","inLanguage":"ro-RO","@id":"https:\/\/mhf.ro\/mm\/#\/schema\/person\/image\/","url":"https:\/\/secure.gravatar.com\/avatar\/5afa01044b4e9328c510b64d3aa571c665404d2e22859f2e114ebd21774aab9c?s=96&d=monsterid&r=g","contentUrl":"https:\/\/secure.gravatar.com\/avatar\/5afa01044b4e9328c510b64d3aa571c665404d2e22859f2e114ebd21774aab9c?s=96&d=monsterid&r=g","caption":"Ciurtin Tavi"},"description":"N-am crezut niciodata ca ce am vizionat in vis, va fi permanent lege pentru mine... as fi isteric sa cred, ca, chiar eu pot sa-mi duc neputinta atat de mult sa cred ca eu... nu mai stiu sa glumesc, cu el, cu ea, cu tine, si in ultimul rand... cu mine... stii ce as vrea? ca eu nu stiu.... ma catar doar pe o dorinta, fumeganda-n mintea mea, asa, apucata de un ciucur ca un vis.... un vis legitim, nu unul....labartit din memoria somnului, ca... ultima discutie cu tine! hai, pa... ma duc sa-mi mustruluiesc, speranta de-a avea curajul sa revina la suprafata inaintea zorilor .","sameAs":["https:\/\/mhf.ro\/mm"],"url":"https:\/\/mhf.ro\/mm\/author\/tavi\/"}]}},"_links":{"self":[{"href":"https:\/\/mhf.ro\/mm\/wp-json\/wp\/v2\/posts\/2384","targetHints":{"allow":["GET"]}}],"collection":[{"href":"https:\/\/mhf.ro\/mm\/wp-json\/wp\/v2\/posts"}],"about":[{"href":"https:\/\/mhf.ro\/mm\/wp-json\/wp\/v2\/types\/post"}],"author":[{"embeddable":true,"href":"https:\/\/mhf.ro\/mm\/wp-json\/wp\/v2\/users\/3"}],"replies":[{"embeddable":true,"href":"https:\/\/mhf.ro\/mm\/wp-json\/wp\/v2\/comments?post=2384"}],"version-history":[{"count":1,"href":"https:\/\/mhf.ro\/mm\/wp-json\/wp\/v2\/posts\/2384\/revisions"}],"predecessor-version":[{"id":2386,"href":"https:\/\/mhf.ro\/mm\/wp-json\/wp\/v2\/posts\/2384\/revisions\/2386"}],"wp:featuredmedia":[{"embeddable":true,"href":"https:\/\/mhf.ro\/mm\/wp-json\/wp\/v2\/media\/2385"}],"wp:attachment":[{"href":"https:\/\/mhf.ro\/mm\/wp-json\/wp\/v2\/media?parent=2384"}],"wp:term":[{"taxonomy":"category","embeddable":true,"href":"https:\/\/mhf.ro\/mm\/wp-json\/wp\/v2\/categories?post=2384"},{"taxonomy":"post_tag","embeddable":true,"href":"https:\/\/mhf.ro\/mm\/wp-json\/wp\/v2\/tags?post=2384"}],"curies":[{"name":"wp","href":"https:\/\/api.w.org\/{rel}","templated":true}]}}