{"id":2388,"date":"2020-08-08T20:49:44","date_gmt":"2020-08-08T18:49:44","guid":{"rendered":"https:\/\/mhf.ro\/mm\/?p=2388"},"modified":"2020-08-08T20:49:44","modified_gmt":"2020-08-08T18:49:44","slug":"bisericuta-grecilor-si-parintele-nicolae-oprean","status":"publish","type":"post","link":"https:\/\/mhf.ro\/mm\/bisericuta-grecilor-si-parintele-nicolae-oprean\/","title":{"rendered":"Bisericu\u021ba grecilor \u0219i p\u0103rintele Nicolae Oprean"},"content":{"rendered":"<p>\u00cen lunga via\u021b\u0103 de pastora\u021bie, de peste 42 de ani, eu, preotul Nicolae Oprean, \u00eemi amintesc cu pl\u0103cere faptul c\u0103, de\u0219i sibian fiind, pe data de 01.01.1974 am fost hirotonit preot la Catedrala de atunci a Blajului de c\u0103tre \u00cePS Mitropolit NICOLAE MLADIN. Apoi am slujit ca preot 3 ani la Parohia Sibiel-F\u00e2nt\u00e2nele dup\u0103 care vreme de 7 ani am activat la Mitropolia Sibiului ca \u0219ef Serviciu Bunuri &#8211; administrator al celor 244 de apartamente \u0219i case ale Mitropoliei, parcul auto \u0219i alte activit\u0103\u021bi gospod\u0103re\u0219ti &#8211; pe l\u00e2ng\u0103 care aveam \u0219i grija Schitului P\u0103ltini\u0219 unde duminicile \u0219i s\u0103rb\u0103torile slujeam ca preot.<\/p>\n<p>\u00cen anul 1983 am f\u0103cut schimb cu preotul Oltean Petru din Tiur, unde am slujit p\u00e2n\u0103 \u00een 1985, c\u00e2nd PS Emilian m-a transferat la Catedrala Blajului l\u00e2ng\u0103 pr. Teodorescu Adrian. P\u00e2n\u0103 la 01.01.1990, fiind paroh, am f\u0103cut lucr\u0103ri mari de repara\u021bii la Capela Arhiereilor din curtea Liceului, la Bisericu\u021ba Grecilor, care era \u00eenchis\u0103 din 1948 p\u00e2n\u0103 la 1990 \u0219i mari repara\u021bii ale casei parohiale.<\/p>\n<p>Din anul 1990, m-am mutat la Bisericu\u021ba Grecilor pe care atunci am redeschis-o \u0219i am format parohia Blaj I, c\u00e2nd o mare parte de\u00a0 credincio\u0219i ai catedralei m-au urmat. am f\u0103cut apoi lucr\u0103ri de \u00eentre\u021binere la biseric\u0103- adaos pridvorul, subzidire la toat\u0103 biserica, pictur\u0103 interioar\u0103. Ambele cimitire pe care le administram au fost \u00eemprejmuite cu garduri (garduri metalice montate pe borduri de beton, \u00een lungime de aproximativ 850m \u0219i por\u021bi metalice).<\/p>\n<p>De men\u021bionat faptul c\u0103 \u00een perioada 1985-1990, parohia cuprindea \u0219i actuala parohie a Bisericii Sf. Maria de la gar\u0103 \u0219i actuala parohie a Bisericii Sf. Petru \u0219i Pavel din Berc.<\/p>\n<p>Bisericu\u021ba Grecilor putem spune c\u0103 este cea mai b\u0103tr\u00e2n\u0103 din Blaj. Prima biseric\u0103 a fost construit\u0103 din lemn de o comunitate de greci gr\u0103dinari care s-au stabilit aici \u0219i care putem spune c\u0103 au format comunitatea cre\u0219tin\u0103 pe care noi o numim Blaj. Actuala biseric\u0103 de zid, dateaz\u0103 de prin anul 1749-1750 \u0219i s-a zidit cu materiale r\u0103mase de la Catedrala din Blaj (1744-1748), ca \u0219i biserica din Tiur.<\/p>\n<p>M\u0103rturisesc faptul c\u0103 \u00een \u00eentreaga mea via\u021b\u0103 preo\u021beasc\u0103 am fost c\u0103l\u0103uzit de urm\u0103toarele principii:<\/p>\n<p>-bucuria de a-L sluji pe Domnul<\/p>\n<p>-slujba ta f\u0103-o deplin<\/p>\n<p>-\u0219i g\u00e2ndul de a fi slujitorul oamenilor c\u0103tre Dumnezeu \u0219i nu oamenii s\u0103-mi slujeasc\u0103 mie.<\/p>\n<p>Am fost pensionat \u00een data de 31.12.2015 \u0219i am r\u0103mas \u00eembisericit la aceea\u0219i biseric\u0103.<\/p>\n<p>n.r. Actualul preot la Biserica Grecilor este G\u00een\u021ba Florin.<\/p>\n","protected":false},"excerpt":{"rendered":"<p>\u00cen lunga via\u021b\u0103 de pastora\u021bie, de peste 42 de ani, eu, preotul Nicolae Oprean, \u00eemi amintesc cu pl\u0103cere faptul c\u0103,<\/p>\n","protected":false},"author":4,"featured_media":2403,"comment_status":"open","ping_status":"open","sticky":false,"template":"","format":"standard","meta":{"colormag_page_container_layout":"default_layout","colormag_page_sidebar_layout":"default_layout","footnotes":""},"categories":[5],"tags":[],"class_list":["post-2388","post","type-post","status-publish","format-standard","has-post-thumbnail","hentry","category-locale"],"yoast_head":"<!-- This site is optimized with the Yoast SEO plugin v27.0 - https:\/\/yoast.com\/product\/yoast-seo-wordpress\/ -->\n<title>Bisericu\u021ba grecilor \u0219i p\u0103rintele Nicolae Oprean - MHF Photography<\/title>\n<meta name=\"robots\" content=\"index, follow, max-snippet:-1, max-image-preview:large, max-video-preview:-1\" \/>\n<link rel=\"canonical\" href=\"https:\/\/mhf.ro\/mm\/bisericuta-grecilor-si-parintele-nicolae-oprean\/\" \/>\n<meta property=\"og:locale\" content=\"ro_RO\" \/>\n<meta property=\"og:type\" content=\"article\" \/>\n<meta property=\"og:title\" content=\"Bisericu\u021ba grecilor \u0219i p\u0103rintele Nicolae Oprean - MHF Photography\" \/>\n<meta property=\"og:description\" content=\"\u00cen lunga via\u021b\u0103 de pastora\u021bie, de peste 42 de ani, eu, preotul Nicolae Oprean, \u00eemi amintesc cu pl\u0103cere faptul c\u0103,\" \/>\n<meta property=\"og:url\" content=\"https:\/\/mhf.ro\/mm\/bisericuta-grecilor-si-parintele-nicolae-oprean\/\" \/>\n<meta property=\"og:site_name\" content=\"MHF Photography\" \/>\n<meta property=\"article:published_time\" content=\"2020-08-08T18:49:44+00:00\" \/>\n<meta property=\"og:image\" content=\"https:\/\/mhf.ro\/mm\/wp-content\/uploads\/2020\/08\/20200808_174816-scaled.jpg\" \/>\n\t<meta property=\"og:image:width\" content=\"1440\" \/>\n\t<meta property=\"og:image:height\" content=\"2560\" \/>\n\t<meta property=\"og:image:type\" content=\"image\/jpeg\" \/>\n<meta name=\"author\" content=\"Preot paroh Horvat Petru\" \/>\n<meta name=\"twitter:card\" content=\"summary_large_image\" \/>\n<meta name=\"twitter:label1\" content=\"Scris de\" \/>\n\t<meta name=\"twitter:data1\" content=\"Preot paroh Horvat Petru\" \/>\n\t<meta name=\"twitter:label2\" content=\"Timp estimat pentru citire\" \/>\n\t<meta name=\"twitter:data2\" content=\"2 minute\" \/>\n<script type=\"application\/ld+json\" class=\"yoast-schema-graph\">{\"@context\":\"https:\/\/schema.org\",\"@graph\":[{\"@type\":\"Article\",\"@id\":\"https:\/\/mhf.ro\/mm\/bisericuta-grecilor-si-parintele-nicolae-oprean\/#article\",\"isPartOf\":{\"@id\":\"https:\/\/mhf.ro\/mm\/bisericuta-grecilor-si-parintele-nicolae-oprean\/\"},\"author\":{\"name\":\"Preot paroh Horvat Petru\",\"@id\":\"https:\/\/mhf.ro\/mm\/#\/schema\/person\/4c8c06c801b7b666e81ed44550086900\"},\"headline\":\"Bisericu\u021ba grecilor \u0219i p\u0103rintele Nicolae Oprean\",\"datePublished\":\"2020-08-08T18:49:44+00:00\",\"mainEntityOfPage\":{\"@id\":\"https:\/\/mhf.ro\/mm\/bisericuta-grecilor-si-parintele-nicolae-oprean\/\"},\"wordCount\":447,\"commentCount\":0,\"publisher\":{\"@id\":\"https:\/\/mhf.ro\/mm\/#\/schema\/person\/a3bebf7bdb4bf12f698aff73c7e46c21\"},\"image\":{\"@id\":\"https:\/\/mhf.ro\/mm\/bisericuta-grecilor-si-parintele-nicolae-oprean\/#primaryimage\"},\"thumbnailUrl\":\"https:\/\/mhf.ro\/mm\/wp-content\/uploads\/2020\/08\/20200808_174816-scaled.jpg\",\"articleSection\":[\"Locale\"],\"inLanguage\":\"ro-RO\",\"potentialAction\":[{\"@type\":\"CommentAction\",\"name\":\"Comment\",\"target\":[\"https:\/\/mhf.ro\/mm\/bisericuta-grecilor-si-parintele-nicolae-oprean\/#respond\"]}]},{\"@type\":\"WebPage\",\"@id\":\"https:\/\/mhf.ro\/mm\/bisericuta-grecilor-si-parintele-nicolae-oprean\/\",\"url\":\"https:\/\/mhf.ro\/mm\/bisericuta-grecilor-si-parintele-nicolae-oprean\/\",\"name\":\"Bisericu\u021ba grecilor \u0219i p\u0103rintele Nicolae Oprean - MHF Photography\",\"isPartOf\":{\"@id\":\"https:\/\/mhf.ro\/mm\/#website\"},\"primaryImageOfPage\":{\"@id\":\"https:\/\/mhf.ro\/mm\/bisericuta-grecilor-si-parintele-nicolae-oprean\/#primaryimage\"},\"image\":{\"@id\":\"https:\/\/mhf.ro\/mm\/bisericuta-grecilor-si-parintele-nicolae-oprean\/#primaryimage\"},\"thumbnailUrl\":\"https:\/\/mhf.ro\/mm\/wp-content\/uploads\/2020\/08\/20200808_174816-scaled.jpg\",\"datePublished\":\"2020-08-08T18:49:44+00:00\",\"breadcrumb\":{\"@id\":\"https:\/\/mhf.ro\/mm\/bisericuta-grecilor-si-parintele-nicolae-oprean\/#breadcrumb\"},\"inLanguage\":\"ro-RO\",\"potentialAction\":[{\"@type\":\"ReadAction\",\"target\":[\"https:\/\/mhf.ro\/mm\/bisericuta-grecilor-si-parintele-nicolae-oprean\/\"]}]},{\"@type\":\"ImageObject\",\"inLanguage\":\"ro-RO\",\"@id\":\"https:\/\/mhf.ro\/mm\/bisericuta-grecilor-si-parintele-nicolae-oprean\/#primaryimage\",\"url\":\"https:\/\/mhf.ro\/mm\/wp-content\/uploads\/2020\/08\/20200808_174816-scaled.jpg\",\"contentUrl\":\"https:\/\/mhf.ro\/mm\/wp-content\/uploads\/2020\/08\/20200808_174816-scaled.jpg\",\"width\":1440,\"height\":2560},{\"@type\":\"BreadcrumbList\",\"@id\":\"https:\/\/mhf.ro\/mm\/bisericuta-grecilor-si-parintele-nicolae-oprean\/#breadcrumb\",\"itemListElement\":[{\"@type\":\"ListItem\",\"position\":1,\"name\":\"Prima pagin\u0103\",\"item\":\"https:\/\/mhf.ro\/mm\/\"},{\"@type\":\"ListItem\",\"position\":2,\"name\":\"Bisericu\u021ba grecilor \u0219i p\u0103rintele Nicolae Oprean\"}]},{\"@type\":\"WebSite\",\"@id\":\"https:\/\/mhf.ro\/mm\/#website\",\"url\":\"https:\/\/mhf.ro\/mm\/\",\"name\":\"MHF Photography \u2013 Blog de fotografie, natur\u0103 \u0219i tehnic\u0103 divers\u0103\",\"description\":\"Aventur\u0103 \u00een fiecare cadru.\",\"publisher\":{\"@id\":\"https:\/\/mhf.ro\/mm\/#\/schema\/person\/a3bebf7bdb4bf12f698aff73c7e46c21\"},\"potentialAction\":[{\"@type\":\"SearchAction\",\"target\":{\"@type\":\"EntryPoint\",\"urlTemplate\":\"https:\/\/mhf.ro\/mm\/?s={search_term_string}\"},\"query-input\":{\"@type\":\"PropertyValueSpecification\",\"valueRequired\":true,\"valueName\":\"search_term_string\"}}],\"inLanguage\":\"ro-RO\"},{\"@type\":[\"Person\",\"Organization\"],\"@id\":\"https:\/\/mhf.ro\/mm\/#\/schema\/person\/a3bebf7bdb4bf12f698aff73c7e46c21\",\"name\":\"Marius Marcu\",\"image\":{\"@type\":\"ImageObject\",\"inLanguage\":\"ro-RO\",\"@id\":\"https:\/\/mhf.ro\/mm\/#\/schema\/person\/image\/\",\"url\":\"https:\/\/mhf.ro\/mm\/wp-content\/uploads\/2025\/12\/cropped-logo_mhf_2.png\",\"contentUrl\":\"https:\/\/mhf.ro\/mm\/wp-content\/uploads\/2025\/12\/cropped-logo_mhf_2.png\",\"width\":1096,\"height\":457,\"caption\":\"Marius Marcu\"},\"logo\":{\"@id\":\"https:\/\/mhf.ro\/mm\/#\/schema\/person\/image\/\"},\"sameAs\":[\"https:\/\/mhf.ro\/mm\"]},{\"@type\":\"Person\",\"@id\":\"https:\/\/mhf.ro\/mm\/#\/schema\/person\/4c8c06c801b7b666e81ed44550086900\",\"name\":\"Preot paroh Horvat Petru\",\"image\":{\"@type\":\"ImageObject\",\"inLanguage\":\"ro-RO\",\"@id\":\"https:\/\/mhf.ro\/mm\/#\/schema\/person\/image\/\",\"url\":\"https:\/\/secure.gravatar.com\/avatar\/c2d2dcdf21c6f41aad486d71768c144cd6e23cb7b63bae9bd6fab542b26ad321?s=96&d=monsterid&r=g\",\"contentUrl\":\"https:\/\/secure.gravatar.com\/avatar\/c2d2dcdf21c6f41aad486d71768c144cd6e23cb7b63bae9bd6fab542b26ad321?s=96&d=monsterid&r=g\",\"caption\":\"Preot paroh Horvat Petru\"},\"sameAs\":[\"https:\/\/mhf.ro\/mm\"],\"url\":\"https:\/\/mhf.ro\/mm\/author\/petrica\/\"}]}<\/script>\n<!-- \/ Yoast SEO plugin. -->","yoast_head_json":{"title":"Bisericu\u021ba grecilor \u0219i p\u0103rintele Nicolae Oprean - MHF Photography","robots":{"index":"index","follow":"follow","max-snippet":"max-snippet:-1","max-image-preview":"max-image-preview:large","max-video-preview":"max-video-preview:-1"},"canonical":"https:\/\/mhf.ro\/mm\/bisericuta-grecilor-si-parintele-nicolae-oprean\/","og_locale":"ro_RO","og_type":"article","og_title":"Bisericu\u021ba grecilor \u0219i p\u0103rintele Nicolae Oprean - MHF Photography","og_description":"\u00cen lunga via\u021b\u0103 de pastora\u021bie, de peste 42 de ani, eu, preotul Nicolae Oprean, \u00eemi amintesc cu pl\u0103cere faptul c\u0103,","og_url":"https:\/\/mhf.ro\/mm\/bisericuta-grecilor-si-parintele-nicolae-oprean\/","og_site_name":"MHF Photography","article_published_time":"2020-08-08T18:49:44+00:00","og_image":[{"width":1440,"height":2560,"url":"https:\/\/mhf.ro\/mm\/wp-content\/uploads\/2020\/08\/20200808_174816-scaled.jpg","type":"image\/jpeg"}],"author":"Preot paroh Horvat Petru","twitter_card":"summary_large_image","twitter_misc":{"Scris de":"Preot paroh Horvat Petru","Timp estimat pentru citire":"2 minute"},"schema":{"@context":"https:\/\/schema.org","@graph":[{"@type":"Article","@id":"https:\/\/mhf.ro\/mm\/bisericuta-grecilor-si-parintele-nicolae-oprean\/#article","isPartOf":{"@id":"https:\/\/mhf.ro\/mm\/bisericuta-grecilor-si-parintele-nicolae-oprean\/"},"author":{"name":"Preot paroh Horvat Petru","@id":"https:\/\/mhf.ro\/mm\/#\/schema\/person\/4c8c06c801b7b666e81ed44550086900"},"headline":"Bisericu\u021ba grecilor \u0219i p\u0103rintele Nicolae Oprean","datePublished":"2020-08-08T18:49:44+00:00","mainEntityOfPage":{"@id":"https:\/\/mhf.ro\/mm\/bisericuta-grecilor-si-parintele-nicolae-oprean\/"},"wordCount":447,"commentCount":0,"publisher":{"@id":"https:\/\/mhf.ro\/mm\/#\/schema\/person\/a3bebf7bdb4bf12f698aff73c7e46c21"},"image":{"@id":"https:\/\/mhf.ro\/mm\/bisericuta-grecilor-si-parintele-nicolae-oprean\/#primaryimage"},"thumbnailUrl":"https:\/\/mhf.ro\/mm\/wp-content\/uploads\/2020\/08\/20200808_174816-scaled.jpg","articleSection":["Locale"],"inLanguage":"ro-RO","potentialAction":[{"@type":"CommentAction","name":"Comment","target":["https:\/\/mhf.ro\/mm\/bisericuta-grecilor-si-parintele-nicolae-oprean\/#respond"]}]},{"@type":"WebPage","@id":"https:\/\/mhf.ro\/mm\/bisericuta-grecilor-si-parintele-nicolae-oprean\/","url":"https:\/\/mhf.ro\/mm\/bisericuta-grecilor-si-parintele-nicolae-oprean\/","name":"Bisericu\u021ba grecilor \u0219i p\u0103rintele Nicolae Oprean - MHF Photography","isPartOf":{"@id":"https:\/\/mhf.ro\/mm\/#website"},"primaryImageOfPage":{"@id":"https:\/\/mhf.ro\/mm\/bisericuta-grecilor-si-parintele-nicolae-oprean\/#primaryimage"},"image":{"@id":"https:\/\/mhf.ro\/mm\/bisericuta-grecilor-si-parintele-nicolae-oprean\/#primaryimage"},"thumbnailUrl":"https:\/\/mhf.ro\/mm\/wp-content\/uploads\/2020\/08\/20200808_174816-scaled.jpg","datePublished":"2020-08-08T18:49:44+00:00","breadcrumb":{"@id":"https:\/\/mhf.ro\/mm\/bisericuta-grecilor-si-parintele-nicolae-oprean\/#breadcrumb"},"inLanguage":"ro-RO","potentialAction":[{"@type":"ReadAction","target":["https:\/\/mhf.ro\/mm\/bisericuta-grecilor-si-parintele-nicolae-oprean\/"]}]},{"@type":"ImageObject","inLanguage":"ro-RO","@id":"https:\/\/mhf.ro\/mm\/bisericuta-grecilor-si-parintele-nicolae-oprean\/#primaryimage","url":"https:\/\/mhf.ro\/mm\/wp-content\/uploads\/2020\/08\/20200808_174816-scaled.jpg","contentUrl":"https:\/\/mhf.ro\/mm\/wp-content\/uploads\/2020\/08\/20200808_174816-scaled.jpg","width":1440,"height":2560},{"@type":"BreadcrumbList","@id":"https:\/\/mhf.ro\/mm\/bisericuta-grecilor-si-parintele-nicolae-oprean\/#breadcrumb","itemListElement":[{"@type":"ListItem","position":1,"name":"Prima pagin\u0103","item":"https:\/\/mhf.ro\/mm\/"},{"@type":"ListItem","position":2,"name":"Bisericu\u021ba grecilor \u0219i p\u0103rintele Nicolae Oprean"}]},{"@type":"WebSite","@id":"https:\/\/mhf.ro\/mm\/#website","url":"https:\/\/mhf.ro\/mm\/","name":"MHF Photography \u2013 Blog de fotografie, natur\u0103 \u0219i tehnic\u0103 divers\u0103","description":"Aventur\u0103 \u00een fiecare cadru.","publisher":{"@id":"https:\/\/mhf.ro\/mm\/#\/schema\/person\/a3bebf7bdb4bf12f698aff73c7e46c21"},"potentialAction":[{"@type":"SearchAction","target":{"@type":"EntryPoint","urlTemplate":"https:\/\/mhf.ro\/mm\/?s={search_term_string}"},"query-input":{"@type":"PropertyValueSpecification","valueRequired":true,"valueName":"search_term_string"}}],"inLanguage":"ro-RO"},{"@type":["Person","Organization"],"@id":"https:\/\/mhf.ro\/mm\/#\/schema\/person\/a3bebf7bdb4bf12f698aff73c7e46c21","name":"Marius Marcu","image":{"@type":"ImageObject","inLanguage":"ro-RO","@id":"https:\/\/mhf.ro\/mm\/#\/schema\/person\/image\/","url":"https:\/\/mhf.ro\/mm\/wp-content\/uploads\/2025\/12\/cropped-logo_mhf_2.png","contentUrl":"https:\/\/mhf.ro\/mm\/wp-content\/uploads\/2025\/12\/cropped-logo_mhf_2.png","width":1096,"height":457,"caption":"Marius Marcu"},"logo":{"@id":"https:\/\/mhf.ro\/mm\/#\/schema\/person\/image\/"},"sameAs":["https:\/\/mhf.ro\/mm"]},{"@type":"Person","@id":"https:\/\/mhf.ro\/mm\/#\/schema\/person\/4c8c06c801b7b666e81ed44550086900","name":"Preot paroh Horvat Petru","image":{"@type":"ImageObject","inLanguage":"ro-RO","@id":"https:\/\/mhf.ro\/mm\/#\/schema\/person\/image\/","url":"https:\/\/secure.gravatar.com\/avatar\/c2d2dcdf21c6f41aad486d71768c144cd6e23cb7b63bae9bd6fab542b26ad321?s=96&d=monsterid&r=g","contentUrl":"https:\/\/secure.gravatar.com\/avatar\/c2d2dcdf21c6f41aad486d71768c144cd6e23cb7b63bae9bd6fab542b26ad321?s=96&d=monsterid&r=g","caption":"Preot paroh Horvat Petru"},"sameAs":["https:\/\/mhf.ro\/mm"],"url":"https:\/\/mhf.ro\/mm\/author\/petrica\/"}]}},"_links":{"self":[{"href":"https:\/\/mhf.ro\/mm\/wp-json\/wp\/v2\/posts\/2388","targetHints":{"allow":["GET"]}}],"collection":[{"href":"https:\/\/mhf.ro\/mm\/wp-json\/wp\/v2\/posts"}],"about":[{"href":"https:\/\/mhf.ro\/mm\/wp-json\/wp\/v2\/types\/post"}],"author":[{"embeddable":true,"href":"https:\/\/mhf.ro\/mm\/wp-json\/wp\/v2\/users\/4"}],"replies":[{"embeddable":true,"href":"https:\/\/mhf.ro\/mm\/wp-json\/wp\/v2\/comments?post=2388"}],"version-history":[{"count":5,"href":"https:\/\/mhf.ro\/mm\/wp-json\/wp\/v2\/posts\/2388\/revisions"}],"predecessor-version":[{"id":2397,"href":"https:\/\/mhf.ro\/mm\/wp-json\/wp\/v2\/posts\/2388\/revisions\/2397"}],"wp:featuredmedia":[{"embeddable":true,"href":"https:\/\/mhf.ro\/mm\/wp-json\/wp\/v2\/media\/2403"}],"wp:attachment":[{"href":"https:\/\/mhf.ro\/mm\/wp-json\/wp\/v2\/media?parent=2388"}],"wp:term":[{"taxonomy":"category","embeddable":true,"href":"https:\/\/mhf.ro\/mm\/wp-json\/wp\/v2\/categories?post=2388"},{"taxonomy":"post_tag","embeddable":true,"href":"https:\/\/mhf.ro\/mm\/wp-json\/wp\/v2\/tags?post=2388"}],"curies":[{"name":"wp","href":"https:\/\/api.w.org\/{rel}","templated":true}]}}