{"id":2399,"date":"2020-08-08T11:44:52","date_gmt":"2020-08-08T09:44:52","guid":{"rendered":"https:\/\/mhf.ro\/mm\/?p=2399"},"modified":"2020-08-08T11:44:52","modified_gmt":"2020-08-08T09:44:52","slug":"duminica-a-9-a-dupa-rusalii","status":"publish","type":"post","link":"https:\/\/mhf.ro\/mm\/duminica-a-9-a-dupa-rusalii\/","title":{"rendered":"Duminica a 9-a dup\u0103 Rusalii"},"content":{"rendered":"<p><strong>Evanghelie.<\/strong> Matei 14, 22-34<\/p>\n<p>\u00cen vremea aceea Iisus a silit pe ucenici s\u0103 intre \u00een corabie \u015fi s\u0103 treac\u0103 \u00eenaintea Lui pe \u0163\u0103rmul cel\u0103lalt, p\u00e2n\u0103 ce va da drumul mul\u0163imilor. Iar El, d\u00e2nd drumul mul\u0163imilor, S-a suit \u00een munte, ca s\u0103 Se roage deosebi. \u0218i f\u0103c\u00e2ndu-se sear\u0103, era singur acolo. Iar corabia era deja \u00een mijlocul m\u0103rii, fiind \u00eenv\u0103luit\u0103 de valuri, c\u0103ci v\u00e2ntul era \u00eempotriv\u0103. Iar la a patra straj\u0103 din noapte, a venit la ei Iisus, umbl\u00e2nd pe mare. V\u0103z\u00e2ndu-L umbl\u00e2nd pe mare, ucenicii s-au \u00eensp\u0103im\u00e2ntat, zic\u00e2nd c\u0103 e n\u0103luc\u0103, \u015fi de fric\u0103 au strigat. Dar El le-a vorbit \u00eendat\u0103, zic\u00e2ndu-le: \u00cendr\u0103zni\u0163i, Eu sunt; nu v\u0103 teme\u0163i. Atunci Petru, r\u0103spunz\u00e2nd, a zis: Doamne, dac\u0103 e\u015fti Tu, porunce\u015fte s\u0103 vin la Tine pe ap\u0103. El i-a zis: Vino! Iar Petru, cobor\u00e2ndu-se din corabie, a mers pe ap\u0103 \u0219i a venit c\u0103tre Iisus. Dar v\u0103z\u00e2nd v\u00e2ntul, s-a temut \u015fi, \u00eencep\u00e2nd s\u0103 se scufunde, a strigat, zic\u00e2nd: Doamne, scap\u0103-m\u0103! Iar Iisus, \u00eentinz\u00e2nd \u00eendat\u0103 m\u00e2na, l-a apucat \u015fi i-a zis: Pu\u0163in credinciosule, pentru ce te-ai \u00eendoit? \u015ei suindu-se ei \u00een corabie, s-a potolit v\u00e2ntul. Iar cei din corabie I s-au \u00eenchinat, zic\u00e2nd: Cu adev\u0103rat Tu e\u015fti Fiul lui Dumnezeu. \u015ei, trec\u00e2nd marea, au venit \u00een p\u0103m\u00e2ntul Ghenizaretului.<\/p>\n<p><strong>Medita\u021bie:<\/strong><\/p>\n<p>Dup\u0103 \u00eenmul\u021birea p\u00e2inilor \u0219i s\u0103turarea gratuit a mii de oameni, M\u00e2ntuitorul \u0219i Apostolii au plecat \u00een grab\u0103. De ce? Vroiau s\u0103-l pun\u0103 rege pe cel ce le d\u0103duse m\u00e2ncare.<\/p>\n<p>\u00cen noapte, printre valuri Iisus venea la apostoli umbl\u00e2nd pe ap\u0103 \u0219i ace\u0219tia au \u00eenceput s\u0103 strige de fric\u0103. Domnul le-a zis:<em> \u00cendr\u0103zni\u0163i, Eu sunt; nu v\u0103 teme\u0163i!<\/em>. Deci de El nu trebuie s\u0103 te temi ci chiar s\u0103 ai \u00eendr\u0103zneal\u0103 c\u0103tre El. Cu El \u00een corabie s-a potolit furtuna. Cu El al\u0103turi, nu trebuie s\u0103 te sperie pericolele. Ce faci ca s\u0103-L ai al\u0103turi de tine?<\/p>\n<p><strong>Apostol. <\/strong>I Corinteni 3, 9-17<\/p>\n<p>Fra\u0163ilor, noi suntem \u00eempreun\u0103-lucr\u0103tori cu Dumnezeu; iar voi sunte\u0163i ogorul lui Dumnezeu, zidirea lui Dumnezeu. Dup\u0103 harul lui Dumnezeu, cel dat mie, eu, ca un \u00een\u0163elept me\u015fter, am pus temelia; iar altul zide\u015fte. Dar fiecare s\u0103 ia seama cum zide\u015fte. C\u0103ci nimeni nu poate pune alt\u0103 temelie, dec\u00e2t cea pus\u0103, care este Iisus Hristos. Iar, de zide\u015fte cineva pe aceast\u0103 temelie: aur, argint sau pietre scumpe, lemne, f\u00e2n, trestie, lucrul fiec\u0103ruia se va face cunoscut; \u00eel va v\u0103di ziua (Domnului). Pentru c\u0103 \u00een foc se descoper\u0103, \u015fi focul \u00eensu\u015fi va l\u0103muri ce fel este lucrul fiec\u0103ruia. Dac\u0103 lucrul cuiva, pe care l-a zidit, va r\u0103m\u00e2ne, va lua plat\u0103. Dac\u0103 lucrul cuiva se va arde, el va fi p\u0103gubit; el \u00eens\u0103 se va m\u00e2ntui, dar a\u015fa, ca prin foc. Nu \u015fti\u0163i, oare, c\u0103 voi sunte\u0163i templu al lui Dumnezeu \u015fi c\u0103 Duhul lui Dumnezeu locuie\u015fte \u00een voi? De va strica cineva templul lui Dumnezeu, \u00eel va strica Dumnezeu pe el, pentru c\u0103 sf\u00e2nt este templul lui Dumnezeu, care sunte\u0163i voi.<\/p>\n<p><strong>Medita\u021bie:<\/strong><\/p>\n<p>Compara\u021bia lucr\u0103tori-ogor arat\u0103 destinc\u021bia \u0219i leg\u0103tura dintre apostol (apoi preot) \u0219i credincio\u0219i. Ateismul \u0219i neoprotestantismul au stricat acest \u00een\u021beles.<\/p>\n<p>Temelia este &#8230;.Sf Petru? Apostolul zice c\u0103 temelia este Iisus Hristos.<\/p>\n<p>Apostolul pune temelie fiind \u00eemputernicit de Dumnezeu. Urm\u0103torii propov\u0103duitori (zidari) au r\u0103spunderea a ce propov\u0103duiesc (zidesc). Evaluarea va fi abia la sf\u00e2r\u0219itul lumii.<\/p>\n<p>Fiecare cre\u0219tin \u00een parte este un purt\u0103tor de Duh dumnezeiesc. A strica (mutila, schimonosi, r\u0103ni, transforma) trupul unui cre\u0219tin \u00eenseamn\u0103 a strica templul lui Dumnezeu.<\/p>\n<p><strong>DE RE\u021aINUT\u00a0<\/strong> Noi suntem templu sf\u00e2nt al lui Dumnezeu \u0219i trebuie s\u0103 ne ridic\u0103m la demnitatea acestui statut.<\/p>\n<p>&nbsp;<\/p>\n","protected":false},"excerpt":{"rendered":"<p>Evanghelie. Matei 14, 22-34 \u00cen vremea aceea Iisus a silit pe ucenici s\u0103 intre \u00een corabie \u015fi s\u0103 treac\u0103 \u00eenaintea<\/p>\n","protected":false},"author":4,"featured_media":2400,"comment_status":"open","ping_status":"open","sticky":false,"template":"","format":"standard","meta":{"colormag_page_container_layout":"default_layout","colormag_page_sidebar_layout":"default_layout","footnotes":""},"categories":[5],"tags":[],"class_list":["post-2399","post","type-post","status-publish","format-standard","has-post-thumbnail","hentry","category-locale"],"yoast_head":"<!-- This site is optimized with the Yoast SEO plugin v27.0 - https:\/\/yoast.com\/product\/yoast-seo-wordpress\/ -->\n<title>Duminica a 9-a dup\u0103 Rusalii - MHF Photography<\/title>\n<meta name=\"robots\" content=\"index, follow, max-snippet:-1, max-image-preview:large, max-video-preview:-1\" \/>\n<link rel=\"canonical\" href=\"https:\/\/mhf.ro\/mm\/duminica-a-9-a-dupa-rusalii\/\" \/>\n<meta property=\"og:locale\" content=\"ro_RO\" \/>\n<meta property=\"og:type\" content=\"article\" \/>\n<meta property=\"og:title\" content=\"Duminica a 9-a dup\u0103 Rusalii - MHF Photography\" \/>\n<meta property=\"og:description\" content=\"Evanghelie. Matei 14, 22-34 \u00cen vremea aceea Iisus a silit pe ucenici s\u0103 intre \u00een corabie \u015fi s\u0103 treac\u0103 \u00eenaintea\" \/>\n<meta property=\"og:url\" content=\"https:\/\/mhf.ro\/mm\/duminica-a-9-a-dupa-rusalii\/\" \/>\n<meta property=\"og:site_name\" content=\"MHF Photography\" \/>\n<meta property=\"article:published_time\" content=\"2020-08-08T09:44:52+00:00\" \/>\n<meta property=\"og:image\" content=\"https:\/\/mhf.ro\/mm\/wp-content\/uploads\/2020\/08\/iisus_cu_petru_pe_mare.jpg\" \/>\n\t<meta property=\"og:image:width\" content=\"480\" \/>\n\t<meta property=\"og:image:height\" content=\"668\" \/>\n\t<meta property=\"og:image:type\" content=\"image\/jpeg\" \/>\n<meta name=\"author\" content=\"Preot paroh Horvat Petru\" \/>\n<meta name=\"twitter:card\" content=\"summary_large_image\" \/>\n<meta name=\"twitter:label1\" content=\"Scris de\" \/>\n\t<meta name=\"twitter:data1\" content=\"Preot paroh Horvat Petru\" \/>\n\t<meta name=\"twitter:label2\" content=\"Timp estimat pentru citire\" \/>\n\t<meta name=\"twitter:data2\" content=\"3 minute\" \/>\n<script type=\"application\/ld+json\" class=\"yoast-schema-graph\">{\"@context\":\"https:\/\/schema.org\",\"@graph\":[{\"@type\":\"Article\",\"@id\":\"https:\/\/mhf.ro\/mm\/duminica-a-9-a-dupa-rusalii\/#article\",\"isPartOf\":{\"@id\":\"https:\/\/mhf.ro\/mm\/duminica-a-9-a-dupa-rusalii\/\"},\"author\":{\"name\":\"Preot paroh Horvat Petru\",\"@id\":\"https:\/\/mhf.ro\/mm\/#\/schema\/person\/4c8c06c801b7b666e81ed44550086900\"},\"headline\":\"Duminica a 9-a dup\u0103 Rusalii\",\"datePublished\":\"2020-08-08T09:44:52+00:00\",\"mainEntityOfPage\":{\"@id\":\"https:\/\/mhf.ro\/mm\/duminica-a-9-a-dupa-rusalii\/\"},\"wordCount\":686,\"commentCount\":0,\"publisher\":{\"@id\":\"https:\/\/mhf.ro\/mm\/#\/schema\/person\/a3bebf7bdb4bf12f698aff73c7e46c21\"},\"image\":{\"@id\":\"https:\/\/mhf.ro\/mm\/duminica-a-9-a-dupa-rusalii\/#primaryimage\"},\"thumbnailUrl\":\"https:\/\/mhf.ro\/mm\/wp-content\/uploads\/2020\/08\/iisus_cu_petru_pe_mare.jpg\",\"articleSection\":[\"Locale\"],\"inLanguage\":\"ro-RO\",\"potentialAction\":[{\"@type\":\"CommentAction\",\"name\":\"Comment\",\"target\":[\"https:\/\/mhf.ro\/mm\/duminica-a-9-a-dupa-rusalii\/#respond\"]}]},{\"@type\":\"WebPage\",\"@id\":\"https:\/\/mhf.ro\/mm\/duminica-a-9-a-dupa-rusalii\/\",\"url\":\"https:\/\/mhf.ro\/mm\/duminica-a-9-a-dupa-rusalii\/\",\"name\":\"Duminica a 9-a dup\u0103 Rusalii - MHF Photography\",\"isPartOf\":{\"@id\":\"https:\/\/mhf.ro\/mm\/#website\"},\"primaryImageOfPage\":{\"@id\":\"https:\/\/mhf.ro\/mm\/duminica-a-9-a-dupa-rusalii\/#primaryimage\"},\"image\":{\"@id\":\"https:\/\/mhf.ro\/mm\/duminica-a-9-a-dupa-rusalii\/#primaryimage\"},\"thumbnailUrl\":\"https:\/\/mhf.ro\/mm\/wp-content\/uploads\/2020\/08\/iisus_cu_petru_pe_mare.jpg\",\"datePublished\":\"2020-08-08T09:44:52+00:00\",\"breadcrumb\":{\"@id\":\"https:\/\/mhf.ro\/mm\/duminica-a-9-a-dupa-rusalii\/#breadcrumb\"},\"inLanguage\":\"ro-RO\",\"potentialAction\":[{\"@type\":\"ReadAction\",\"target\":[\"https:\/\/mhf.ro\/mm\/duminica-a-9-a-dupa-rusalii\/\"]}]},{\"@type\":\"ImageObject\",\"inLanguage\":\"ro-RO\",\"@id\":\"https:\/\/mhf.ro\/mm\/duminica-a-9-a-dupa-rusalii\/#primaryimage\",\"url\":\"https:\/\/mhf.ro\/mm\/wp-content\/uploads\/2020\/08\/iisus_cu_petru_pe_mare.jpg\",\"contentUrl\":\"https:\/\/mhf.ro\/mm\/wp-content\/uploads\/2020\/08\/iisus_cu_petru_pe_mare.jpg\",\"width\":480,\"height\":668},{\"@type\":\"BreadcrumbList\",\"@id\":\"https:\/\/mhf.ro\/mm\/duminica-a-9-a-dupa-rusalii\/#breadcrumb\",\"itemListElement\":[{\"@type\":\"ListItem\",\"position\":1,\"name\":\"Prima pagin\u0103\",\"item\":\"https:\/\/mhf.ro\/mm\/\"},{\"@type\":\"ListItem\",\"position\":2,\"name\":\"Duminica a 9-a dup\u0103 Rusalii\"}]},{\"@type\":\"WebSite\",\"@id\":\"https:\/\/mhf.ro\/mm\/#website\",\"url\":\"https:\/\/mhf.ro\/mm\/\",\"name\":\"MHF Photography \u2013 Blog de fotografie, natur\u0103 \u0219i tehnic\u0103 divers\u0103\",\"description\":\"Aventur\u0103 \u00een fiecare cadru.\",\"publisher\":{\"@id\":\"https:\/\/mhf.ro\/mm\/#\/schema\/person\/a3bebf7bdb4bf12f698aff73c7e46c21\"},\"potentialAction\":[{\"@type\":\"SearchAction\",\"target\":{\"@type\":\"EntryPoint\",\"urlTemplate\":\"https:\/\/mhf.ro\/mm\/?s={search_term_string}\"},\"query-input\":{\"@type\":\"PropertyValueSpecification\",\"valueRequired\":true,\"valueName\":\"search_term_string\"}}],\"inLanguage\":\"ro-RO\"},{\"@type\":[\"Person\",\"Organization\"],\"@id\":\"https:\/\/mhf.ro\/mm\/#\/schema\/person\/a3bebf7bdb4bf12f698aff73c7e46c21\",\"name\":\"Marius Marcu\",\"image\":{\"@type\":\"ImageObject\",\"inLanguage\":\"ro-RO\",\"@id\":\"https:\/\/mhf.ro\/mm\/#\/schema\/person\/image\/\",\"url\":\"https:\/\/mhf.ro\/mm\/wp-content\/uploads\/2025\/12\/cropped-logo_mhf_2.png\",\"contentUrl\":\"https:\/\/mhf.ro\/mm\/wp-content\/uploads\/2025\/12\/cropped-logo_mhf_2.png\",\"width\":1096,\"height\":457,\"caption\":\"Marius Marcu\"},\"logo\":{\"@id\":\"https:\/\/mhf.ro\/mm\/#\/schema\/person\/image\/\"},\"sameAs\":[\"https:\/\/mhf.ro\/mm\"]},{\"@type\":\"Person\",\"@id\":\"https:\/\/mhf.ro\/mm\/#\/schema\/person\/4c8c06c801b7b666e81ed44550086900\",\"name\":\"Preot paroh Horvat Petru\",\"image\":{\"@type\":\"ImageObject\",\"inLanguage\":\"ro-RO\",\"@id\":\"https:\/\/mhf.ro\/mm\/#\/schema\/person\/image\/\",\"url\":\"https:\/\/secure.gravatar.com\/avatar\/c2d2dcdf21c6f41aad486d71768c144cd6e23cb7b63bae9bd6fab542b26ad321?s=96&d=monsterid&r=g\",\"contentUrl\":\"https:\/\/secure.gravatar.com\/avatar\/c2d2dcdf21c6f41aad486d71768c144cd6e23cb7b63bae9bd6fab542b26ad321?s=96&d=monsterid&r=g\",\"caption\":\"Preot paroh Horvat Petru\"},\"sameAs\":[\"https:\/\/mhf.ro\/mm\"],\"url\":\"https:\/\/mhf.ro\/mm\/author\/petrica\/\"}]}<\/script>\n<!-- \/ Yoast SEO plugin. -->","yoast_head_json":{"title":"Duminica a 9-a dup\u0103 Rusalii - MHF Photography","robots":{"index":"index","follow":"follow","max-snippet":"max-snippet:-1","max-image-preview":"max-image-preview:large","max-video-preview":"max-video-preview:-1"},"canonical":"https:\/\/mhf.ro\/mm\/duminica-a-9-a-dupa-rusalii\/","og_locale":"ro_RO","og_type":"article","og_title":"Duminica a 9-a dup\u0103 Rusalii - MHF Photography","og_description":"Evanghelie. Matei 14, 22-34 \u00cen vremea aceea Iisus a silit pe ucenici s\u0103 intre \u00een corabie \u015fi s\u0103 treac\u0103 \u00eenaintea","og_url":"https:\/\/mhf.ro\/mm\/duminica-a-9-a-dupa-rusalii\/","og_site_name":"MHF Photography","article_published_time":"2020-08-08T09:44:52+00:00","og_image":[{"width":480,"height":668,"url":"https:\/\/mhf.ro\/mm\/wp-content\/uploads\/2020\/08\/iisus_cu_petru_pe_mare.jpg","type":"image\/jpeg"}],"author":"Preot paroh Horvat Petru","twitter_card":"summary_large_image","twitter_misc":{"Scris de":"Preot paroh Horvat Petru","Timp estimat pentru citire":"3 minute"},"schema":{"@context":"https:\/\/schema.org","@graph":[{"@type":"Article","@id":"https:\/\/mhf.ro\/mm\/duminica-a-9-a-dupa-rusalii\/#article","isPartOf":{"@id":"https:\/\/mhf.ro\/mm\/duminica-a-9-a-dupa-rusalii\/"},"author":{"name":"Preot paroh Horvat Petru","@id":"https:\/\/mhf.ro\/mm\/#\/schema\/person\/4c8c06c801b7b666e81ed44550086900"},"headline":"Duminica a 9-a dup\u0103 Rusalii","datePublished":"2020-08-08T09:44:52+00:00","mainEntityOfPage":{"@id":"https:\/\/mhf.ro\/mm\/duminica-a-9-a-dupa-rusalii\/"},"wordCount":686,"commentCount":0,"publisher":{"@id":"https:\/\/mhf.ro\/mm\/#\/schema\/person\/a3bebf7bdb4bf12f698aff73c7e46c21"},"image":{"@id":"https:\/\/mhf.ro\/mm\/duminica-a-9-a-dupa-rusalii\/#primaryimage"},"thumbnailUrl":"https:\/\/mhf.ro\/mm\/wp-content\/uploads\/2020\/08\/iisus_cu_petru_pe_mare.jpg","articleSection":["Locale"],"inLanguage":"ro-RO","potentialAction":[{"@type":"CommentAction","name":"Comment","target":["https:\/\/mhf.ro\/mm\/duminica-a-9-a-dupa-rusalii\/#respond"]}]},{"@type":"WebPage","@id":"https:\/\/mhf.ro\/mm\/duminica-a-9-a-dupa-rusalii\/","url":"https:\/\/mhf.ro\/mm\/duminica-a-9-a-dupa-rusalii\/","name":"Duminica a 9-a dup\u0103 Rusalii - MHF Photography","isPartOf":{"@id":"https:\/\/mhf.ro\/mm\/#website"},"primaryImageOfPage":{"@id":"https:\/\/mhf.ro\/mm\/duminica-a-9-a-dupa-rusalii\/#primaryimage"},"image":{"@id":"https:\/\/mhf.ro\/mm\/duminica-a-9-a-dupa-rusalii\/#primaryimage"},"thumbnailUrl":"https:\/\/mhf.ro\/mm\/wp-content\/uploads\/2020\/08\/iisus_cu_petru_pe_mare.jpg","datePublished":"2020-08-08T09:44:52+00:00","breadcrumb":{"@id":"https:\/\/mhf.ro\/mm\/duminica-a-9-a-dupa-rusalii\/#breadcrumb"},"inLanguage":"ro-RO","potentialAction":[{"@type":"ReadAction","target":["https:\/\/mhf.ro\/mm\/duminica-a-9-a-dupa-rusalii\/"]}]},{"@type":"ImageObject","inLanguage":"ro-RO","@id":"https:\/\/mhf.ro\/mm\/duminica-a-9-a-dupa-rusalii\/#primaryimage","url":"https:\/\/mhf.ro\/mm\/wp-content\/uploads\/2020\/08\/iisus_cu_petru_pe_mare.jpg","contentUrl":"https:\/\/mhf.ro\/mm\/wp-content\/uploads\/2020\/08\/iisus_cu_petru_pe_mare.jpg","width":480,"height":668},{"@type":"BreadcrumbList","@id":"https:\/\/mhf.ro\/mm\/duminica-a-9-a-dupa-rusalii\/#breadcrumb","itemListElement":[{"@type":"ListItem","position":1,"name":"Prima pagin\u0103","item":"https:\/\/mhf.ro\/mm\/"},{"@type":"ListItem","position":2,"name":"Duminica a 9-a dup\u0103 Rusalii"}]},{"@type":"WebSite","@id":"https:\/\/mhf.ro\/mm\/#website","url":"https:\/\/mhf.ro\/mm\/","name":"MHF Photography \u2013 Blog de fotografie, natur\u0103 \u0219i tehnic\u0103 divers\u0103","description":"Aventur\u0103 \u00een fiecare cadru.","publisher":{"@id":"https:\/\/mhf.ro\/mm\/#\/schema\/person\/a3bebf7bdb4bf12f698aff73c7e46c21"},"potentialAction":[{"@type":"SearchAction","target":{"@type":"EntryPoint","urlTemplate":"https:\/\/mhf.ro\/mm\/?s={search_term_string}"},"query-input":{"@type":"PropertyValueSpecification","valueRequired":true,"valueName":"search_term_string"}}],"inLanguage":"ro-RO"},{"@type":["Person","Organization"],"@id":"https:\/\/mhf.ro\/mm\/#\/schema\/person\/a3bebf7bdb4bf12f698aff73c7e46c21","name":"Marius Marcu","image":{"@type":"ImageObject","inLanguage":"ro-RO","@id":"https:\/\/mhf.ro\/mm\/#\/schema\/person\/image\/","url":"https:\/\/mhf.ro\/mm\/wp-content\/uploads\/2025\/12\/cropped-logo_mhf_2.png","contentUrl":"https:\/\/mhf.ro\/mm\/wp-content\/uploads\/2025\/12\/cropped-logo_mhf_2.png","width":1096,"height":457,"caption":"Marius Marcu"},"logo":{"@id":"https:\/\/mhf.ro\/mm\/#\/schema\/person\/image\/"},"sameAs":["https:\/\/mhf.ro\/mm"]},{"@type":"Person","@id":"https:\/\/mhf.ro\/mm\/#\/schema\/person\/4c8c06c801b7b666e81ed44550086900","name":"Preot paroh Horvat Petru","image":{"@type":"ImageObject","inLanguage":"ro-RO","@id":"https:\/\/mhf.ro\/mm\/#\/schema\/person\/image\/","url":"https:\/\/secure.gravatar.com\/avatar\/c2d2dcdf21c6f41aad486d71768c144cd6e23cb7b63bae9bd6fab542b26ad321?s=96&d=monsterid&r=g","contentUrl":"https:\/\/secure.gravatar.com\/avatar\/c2d2dcdf21c6f41aad486d71768c144cd6e23cb7b63bae9bd6fab542b26ad321?s=96&d=monsterid&r=g","caption":"Preot paroh Horvat Petru"},"sameAs":["https:\/\/mhf.ro\/mm"],"url":"https:\/\/mhf.ro\/mm\/author\/petrica\/"}]}},"_links":{"self":[{"href":"https:\/\/mhf.ro\/mm\/wp-json\/wp\/v2\/posts\/2399","targetHints":{"allow":["GET"]}}],"collection":[{"href":"https:\/\/mhf.ro\/mm\/wp-json\/wp\/v2\/posts"}],"about":[{"href":"https:\/\/mhf.ro\/mm\/wp-json\/wp\/v2\/types\/post"}],"author":[{"embeddable":true,"href":"https:\/\/mhf.ro\/mm\/wp-json\/wp\/v2\/users\/4"}],"replies":[{"embeddable":true,"href":"https:\/\/mhf.ro\/mm\/wp-json\/wp\/v2\/comments?post=2399"}],"version-history":[{"count":1,"href":"https:\/\/mhf.ro\/mm\/wp-json\/wp\/v2\/posts\/2399\/revisions"}],"predecessor-version":[{"id":2401,"href":"https:\/\/mhf.ro\/mm\/wp-json\/wp\/v2\/posts\/2399\/revisions\/2401"}],"wp:featuredmedia":[{"embeddable":true,"href":"https:\/\/mhf.ro\/mm\/wp-json\/wp\/v2\/media\/2400"}],"wp:attachment":[{"href":"https:\/\/mhf.ro\/mm\/wp-json\/wp\/v2\/media?parent=2399"}],"wp:term":[{"taxonomy":"category","embeddable":true,"href":"https:\/\/mhf.ro\/mm\/wp-json\/wp\/v2\/categories?post=2399"},{"taxonomy":"post_tag","embeddable":true,"href":"https:\/\/mhf.ro\/mm\/wp-json\/wp\/v2\/tags?post=2399"}],"curies":[{"name":"wp","href":"https:\/\/api.w.org\/{rel}","templated":true}]}}