{"id":2430,"date":"2020-08-12T09:54:39","date_gmt":"2020-08-12T07:54:39","guid":{"rendered":"https:\/\/mhf.ro\/mm\/?p=2430"},"modified":"2020-12-18T22:48:51","modified_gmt":"2020-12-18T20:48:51","slug":"eminescu-prin-cismigiu","status":"publish","type":"post","link":"https:\/\/mhf.ro\/mm\/eminescu-prin-cismigiu\/","title":{"rendered":"EMINESCU PRIN CI\u015eMIGIU"},"content":{"rendered":"<p>Eminescu se plimba vis\u0103tor prin parcul Ci\u015fmigiu, dup\u0103 orele de trud\u0103 la ziarul Timpul, unde f\u0103cea cam de toate. \u015ei cum mergea el a\u015fa, cu capul \u00een nori, urzind probabil alte \u015fi alte teme poetice, se \u00eent\u00e2mpl\u0103 s\u0103 se ciocneasc\u0103 cu proasp\u0103tul avansat la gradul de c\u0103pitan, Macovei. Care Macovei, nu era chiar singur, ci \u00eenso\u021bit de o frumoas\u0103 \u015fi-at\u00e2t duduie.<br \/>\nEminescu era deja cunoscut, iar Macovei nu putea rata ocazia de a-i ar\u0103ta duduiei c\u00e2t de grozav este el.<br \/>\n&#8211; Auzi, \u00eel \u00eentreab\u0103 el pe poet, tu e\u015fti poetul \u0103la de care vorbe\u015fte lumea, Eminescu?<br \/>\n&#8211; Da, eu sunt, r\u0103spunde poetul cu un aer absent.<br \/>\n&#8211; Bine, atunci ia colea 5 lei \u015fi f\u0103-ne \u015fi nou\u0103 o poezie, zice Macovei.<br \/>\nEminescu abia atunci realizeaz\u0103 c\u0103 s-a ciocnit cu cineva, c\u0103 acel cineva \u00eencearc\u0103 s\u0103-l umileasc\u0103, se uit\u0103 la bancnota de 5 lei, apoi la c\u0103pitan, o vede \u015fi pe duduia de la bra\u021bul lui \u015fi spune cam a\u015fa: &#8222;Poezie de cinci lei\/C\u0103pitane Macovei\/pup-o \u00een cur pe dumneaei\/\u015fi pe mine dac\u0103 vrei!&#8221;.<br \/>\nDup\u0103 care, \u00eei zv\u00e2rle bancnota \u00een fa\u021b\u0103 \u015fi \u00ee\u015fi continu\u0103 drumul \u015fi visarea.<\/p>\n","protected":false},"excerpt":{"rendered":"<p>Eminescu se plimba vis\u0103tor prin parcul Ci\u015fmigiu, dup\u0103 orele de trud\u0103 la ziarul Timpul, unde f\u0103cea cam de toate. \u015ei<\/p>\n","protected":false},"author":10,"featured_media":3290,"comment_status":"open","ping_status":"open","sticky":false,"template":"","format":"standard","meta":{"colormag_page_container_layout":"default_layout","colormag_page_sidebar_layout":"default_layout","footnotes":""},"categories":[8],"tags":[],"class_list":["post-2430","post","type-post","status-publish","format-standard","has-post-thumbnail","hentry","category-div"],"yoast_head":"<!-- This site is optimized with the Yoast SEO plugin v27.0 - https:\/\/yoast.com\/product\/yoast-seo-wordpress\/ -->\n<title>EMINESCU PRIN CI\u015eMIGIU - MHF Photography<\/title>\n<meta name=\"robots\" content=\"index, follow, max-snippet:-1, max-image-preview:large, max-video-preview:-1\" \/>\n<link rel=\"canonical\" href=\"https:\/\/mhf.ro\/mm\/eminescu-prin-cismigiu\/\" \/>\n<meta property=\"og:locale\" content=\"ro_RO\" \/>\n<meta property=\"og:type\" content=\"article\" \/>\n<meta property=\"og:title\" content=\"EMINESCU PRIN CI\u015eMIGIU - MHF Photography\" \/>\n<meta property=\"og:description\" content=\"Eminescu se plimba vis\u0103tor prin parcul Ci\u015fmigiu, dup\u0103 orele de trud\u0103 la ziarul Timpul, unde f\u0103cea cam de toate. \u015ei\" \/>\n<meta property=\"og:url\" content=\"https:\/\/mhf.ro\/mm\/eminescu-prin-cismigiu\/\" \/>\n<meta property=\"og:site_name\" content=\"MHF Photography\" \/>\n<meta property=\"article:published_time\" content=\"2020-08-12T07:54:39+00:00\" \/>\n<meta property=\"article:modified_time\" content=\"2020-12-18T20:48:51+00:00\" \/>\n<meta property=\"og:image\" content=\"https:\/\/mhf.ro\/mm\/wp-content\/uploads\/2020\/08\/Eminescu_3.jpg\" \/>\n\t<meta property=\"og:image:width\" content=\"800\" \/>\n\t<meta property=\"og:image:height\" content=\"564\" \/>\n\t<meta property=\"og:image:type\" content=\"image\/jpeg\" \/>\n<meta name=\"author\" content=\"Mitu Ion\" \/>\n<meta name=\"twitter:card\" content=\"summary_large_image\" \/>\n<meta name=\"twitter:label1\" content=\"Scris de\" \/>\n\t<meta name=\"twitter:data1\" content=\"Mitu Ion\" \/>\n\t<meta name=\"twitter:label2\" content=\"Timp estimat pentru citire\" \/>\n\t<meta name=\"twitter:data2\" content=\"1 minut\" \/>\n<script type=\"application\/ld+json\" class=\"yoast-schema-graph\">{\"@context\":\"https:\/\/schema.org\",\"@graph\":[{\"@type\":\"Article\",\"@id\":\"https:\/\/mhf.ro\/mm\/eminescu-prin-cismigiu\/#article\",\"isPartOf\":{\"@id\":\"https:\/\/mhf.ro\/mm\/eminescu-prin-cismigiu\/\"},\"author\":{\"name\":\"Mitu Ion\",\"@id\":\"https:\/\/mhf.ro\/mm\/#\/schema\/person\/ecde2c4d3c2298573c280821ab6d9965\"},\"headline\":\"EMINESCU PRIN CI\u015eMIGIU\",\"datePublished\":\"2020-08-12T07:54:39+00:00\",\"dateModified\":\"2020-12-18T20:48:51+00:00\",\"mainEntityOfPage\":{\"@id\":\"https:\/\/mhf.ro\/mm\/eminescu-prin-cismigiu\/\"},\"wordCount\":211,\"commentCount\":2,\"publisher\":{\"@id\":\"https:\/\/mhf.ro\/mm\/#\/schema\/person\/a3bebf7bdb4bf12f698aff73c7e46c21\"},\"image\":{\"@id\":\"https:\/\/mhf.ro\/mm\/eminescu-prin-cismigiu\/#primaryimage\"},\"thumbnailUrl\":\"https:\/\/mhf.ro\/mm\/wp-content\/uploads\/2020\/08\/Eminescu_3.jpg\",\"articleSection\":[\"Diverse\"],\"inLanguage\":\"ro-RO\",\"potentialAction\":[{\"@type\":\"CommentAction\",\"name\":\"Comment\",\"target\":[\"https:\/\/mhf.ro\/mm\/eminescu-prin-cismigiu\/#respond\"]}]},{\"@type\":\"WebPage\",\"@id\":\"https:\/\/mhf.ro\/mm\/eminescu-prin-cismigiu\/\",\"url\":\"https:\/\/mhf.ro\/mm\/eminescu-prin-cismigiu\/\",\"name\":\"EMINESCU PRIN CI\u015eMIGIU - MHF Photography\",\"isPartOf\":{\"@id\":\"https:\/\/mhf.ro\/mm\/#website\"},\"primaryImageOfPage\":{\"@id\":\"https:\/\/mhf.ro\/mm\/eminescu-prin-cismigiu\/#primaryimage\"},\"image\":{\"@id\":\"https:\/\/mhf.ro\/mm\/eminescu-prin-cismigiu\/#primaryimage\"},\"thumbnailUrl\":\"https:\/\/mhf.ro\/mm\/wp-content\/uploads\/2020\/08\/Eminescu_3.jpg\",\"datePublished\":\"2020-08-12T07:54:39+00:00\",\"dateModified\":\"2020-12-18T20:48:51+00:00\",\"breadcrumb\":{\"@id\":\"https:\/\/mhf.ro\/mm\/eminescu-prin-cismigiu\/#breadcrumb\"},\"inLanguage\":\"ro-RO\",\"potentialAction\":[{\"@type\":\"ReadAction\",\"target\":[\"https:\/\/mhf.ro\/mm\/eminescu-prin-cismigiu\/\"]}]},{\"@type\":\"ImageObject\",\"inLanguage\":\"ro-RO\",\"@id\":\"https:\/\/mhf.ro\/mm\/eminescu-prin-cismigiu\/#primaryimage\",\"url\":\"https:\/\/mhf.ro\/mm\/wp-content\/uploads\/2020\/08\/Eminescu_3.jpg\",\"contentUrl\":\"https:\/\/mhf.ro\/mm\/wp-content\/uploads\/2020\/08\/Eminescu_3.jpg\",\"width\":800,\"height\":564},{\"@type\":\"BreadcrumbList\",\"@id\":\"https:\/\/mhf.ro\/mm\/eminescu-prin-cismigiu\/#breadcrumb\",\"itemListElement\":[{\"@type\":\"ListItem\",\"position\":1,\"name\":\"Prima pagin\u0103\",\"item\":\"https:\/\/mhf.ro\/mm\/\"},{\"@type\":\"ListItem\",\"position\":2,\"name\":\"EMINESCU PRIN CI\u015eMIGIU\"}]},{\"@type\":\"WebSite\",\"@id\":\"https:\/\/mhf.ro\/mm\/#website\",\"url\":\"https:\/\/mhf.ro\/mm\/\",\"name\":\"MHF Photography \u2013 Blog de fotografie, natur\u0103 \u0219i tehnic\u0103 divers\u0103\",\"description\":\"Aventur\u0103 \u00een fiecare cadru.\",\"publisher\":{\"@id\":\"https:\/\/mhf.ro\/mm\/#\/schema\/person\/a3bebf7bdb4bf12f698aff73c7e46c21\"},\"potentialAction\":[{\"@type\":\"SearchAction\",\"target\":{\"@type\":\"EntryPoint\",\"urlTemplate\":\"https:\/\/mhf.ro\/mm\/?s={search_term_string}\"},\"query-input\":{\"@type\":\"PropertyValueSpecification\",\"valueRequired\":true,\"valueName\":\"search_term_string\"}}],\"inLanguage\":\"ro-RO\"},{\"@type\":[\"Person\",\"Organization\"],\"@id\":\"https:\/\/mhf.ro\/mm\/#\/schema\/person\/a3bebf7bdb4bf12f698aff73c7e46c21\",\"name\":\"Marius Marcu\",\"image\":{\"@type\":\"ImageObject\",\"inLanguage\":\"ro-RO\",\"@id\":\"https:\/\/mhf.ro\/mm\/#\/schema\/person\/image\/\",\"url\":\"https:\/\/mhf.ro\/mm\/wp-content\/uploads\/2025\/12\/cropped-logo_mhf_2.png\",\"contentUrl\":\"https:\/\/mhf.ro\/mm\/wp-content\/uploads\/2025\/12\/cropped-logo_mhf_2.png\",\"width\":1096,\"height\":457,\"caption\":\"Marius Marcu\"},\"logo\":{\"@id\":\"https:\/\/mhf.ro\/mm\/#\/schema\/person\/image\/\"},\"sameAs\":[\"https:\/\/mhf.ro\/mm\"]},{\"@type\":\"Person\",\"@id\":\"https:\/\/mhf.ro\/mm\/#\/schema\/person\/ecde2c4d3c2298573c280821ab6d9965\",\"name\":\"Mitu Ion\",\"image\":{\"@type\":\"ImageObject\",\"inLanguage\":\"ro-RO\",\"@id\":\"https:\/\/mhf.ro\/mm\/#\/schema\/person\/image\/\",\"url\":\"https:\/\/secure.gravatar.com\/avatar\/fb0a4d707f287178aadfb359603e2d946f49db0cd52072b1b6748bc111739ee5?s=96&d=monsterid&r=g\",\"contentUrl\":\"https:\/\/secure.gravatar.com\/avatar\/fb0a4d707f287178aadfb359603e2d946f49db0cd52072b1b6748bc111739ee5?s=96&d=monsterid&r=g\",\"caption\":\"Mitu Ion\"},\"sameAs\":[\"https:\/\/mhf.ro\/mm\"],\"url\":\"https:\/\/mhf.ro\/mm\/author\/mitu\/\"}]}<\/script>\n<!-- \/ Yoast SEO plugin. -->","yoast_head_json":{"title":"EMINESCU PRIN CI\u015eMIGIU - MHF Photography","robots":{"index":"index","follow":"follow","max-snippet":"max-snippet:-1","max-image-preview":"max-image-preview:large","max-video-preview":"max-video-preview:-1"},"canonical":"https:\/\/mhf.ro\/mm\/eminescu-prin-cismigiu\/","og_locale":"ro_RO","og_type":"article","og_title":"EMINESCU PRIN CI\u015eMIGIU - MHF Photography","og_description":"Eminescu se plimba vis\u0103tor prin parcul Ci\u015fmigiu, dup\u0103 orele de trud\u0103 la ziarul Timpul, unde f\u0103cea cam de toate. \u015ei","og_url":"https:\/\/mhf.ro\/mm\/eminescu-prin-cismigiu\/","og_site_name":"MHF Photography","article_published_time":"2020-08-12T07:54:39+00:00","article_modified_time":"2020-12-18T20:48:51+00:00","og_image":[{"width":800,"height":564,"url":"https:\/\/mhf.ro\/mm\/wp-content\/uploads\/2020\/08\/Eminescu_3.jpg","type":"image\/jpeg"}],"author":"Mitu Ion","twitter_card":"summary_large_image","twitter_misc":{"Scris de":"Mitu Ion","Timp estimat pentru citire":"1 minut"},"schema":{"@context":"https:\/\/schema.org","@graph":[{"@type":"Article","@id":"https:\/\/mhf.ro\/mm\/eminescu-prin-cismigiu\/#article","isPartOf":{"@id":"https:\/\/mhf.ro\/mm\/eminescu-prin-cismigiu\/"},"author":{"name":"Mitu Ion","@id":"https:\/\/mhf.ro\/mm\/#\/schema\/person\/ecde2c4d3c2298573c280821ab6d9965"},"headline":"EMINESCU PRIN CI\u015eMIGIU","datePublished":"2020-08-12T07:54:39+00:00","dateModified":"2020-12-18T20:48:51+00:00","mainEntityOfPage":{"@id":"https:\/\/mhf.ro\/mm\/eminescu-prin-cismigiu\/"},"wordCount":211,"commentCount":2,"publisher":{"@id":"https:\/\/mhf.ro\/mm\/#\/schema\/person\/a3bebf7bdb4bf12f698aff73c7e46c21"},"image":{"@id":"https:\/\/mhf.ro\/mm\/eminescu-prin-cismigiu\/#primaryimage"},"thumbnailUrl":"https:\/\/mhf.ro\/mm\/wp-content\/uploads\/2020\/08\/Eminescu_3.jpg","articleSection":["Diverse"],"inLanguage":"ro-RO","potentialAction":[{"@type":"CommentAction","name":"Comment","target":["https:\/\/mhf.ro\/mm\/eminescu-prin-cismigiu\/#respond"]}]},{"@type":"WebPage","@id":"https:\/\/mhf.ro\/mm\/eminescu-prin-cismigiu\/","url":"https:\/\/mhf.ro\/mm\/eminescu-prin-cismigiu\/","name":"EMINESCU PRIN CI\u015eMIGIU - MHF Photography","isPartOf":{"@id":"https:\/\/mhf.ro\/mm\/#website"},"primaryImageOfPage":{"@id":"https:\/\/mhf.ro\/mm\/eminescu-prin-cismigiu\/#primaryimage"},"image":{"@id":"https:\/\/mhf.ro\/mm\/eminescu-prin-cismigiu\/#primaryimage"},"thumbnailUrl":"https:\/\/mhf.ro\/mm\/wp-content\/uploads\/2020\/08\/Eminescu_3.jpg","datePublished":"2020-08-12T07:54:39+00:00","dateModified":"2020-12-18T20:48:51+00:00","breadcrumb":{"@id":"https:\/\/mhf.ro\/mm\/eminescu-prin-cismigiu\/#breadcrumb"},"inLanguage":"ro-RO","potentialAction":[{"@type":"ReadAction","target":["https:\/\/mhf.ro\/mm\/eminescu-prin-cismigiu\/"]}]},{"@type":"ImageObject","inLanguage":"ro-RO","@id":"https:\/\/mhf.ro\/mm\/eminescu-prin-cismigiu\/#primaryimage","url":"https:\/\/mhf.ro\/mm\/wp-content\/uploads\/2020\/08\/Eminescu_3.jpg","contentUrl":"https:\/\/mhf.ro\/mm\/wp-content\/uploads\/2020\/08\/Eminescu_3.jpg","width":800,"height":564},{"@type":"BreadcrumbList","@id":"https:\/\/mhf.ro\/mm\/eminescu-prin-cismigiu\/#breadcrumb","itemListElement":[{"@type":"ListItem","position":1,"name":"Prima pagin\u0103","item":"https:\/\/mhf.ro\/mm\/"},{"@type":"ListItem","position":2,"name":"EMINESCU PRIN CI\u015eMIGIU"}]},{"@type":"WebSite","@id":"https:\/\/mhf.ro\/mm\/#website","url":"https:\/\/mhf.ro\/mm\/","name":"MHF Photography \u2013 Blog de fotografie, natur\u0103 \u0219i tehnic\u0103 divers\u0103","description":"Aventur\u0103 \u00een fiecare cadru.","publisher":{"@id":"https:\/\/mhf.ro\/mm\/#\/schema\/person\/a3bebf7bdb4bf12f698aff73c7e46c21"},"potentialAction":[{"@type":"SearchAction","target":{"@type":"EntryPoint","urlTemplate":"https:\/\/mhf.ro\/mm\/?s={search_term_string}"},"query-input":{"@type":"PropertyValueSpecification","valueRequired":true,"valueName":"search_term_string"}}],"inLanguage":"ro-RO"},{"@type":["Person","Organization"],"@id":"https:\/\/mhf.ro\/mm\/#\/schema\/person\/a3bebf7bdb4bf12f698aff73c7e46c21","name":"Marius Marcu","image":{"@type":"ImageObject","inLanguage":"ro-RO","@id":"https:\/\/mhf.ro\/mm\/#\/schema\/person\/image\/","url":"https:\/\/mhf.ro\/mm\/wp-content\/uploads\/2025\/12\/cropped-logo_mhf_2.png","contentUrl":"https:\/\/mhf.ro\/mm\/wp-content\/uploads\/2025\/12\/cropped-logo_mhf_2.png","width":1096,"height":457,"caption":"Marius Marcu"},"logo":{"@id":"https:\/\/mhf.ro\/mm\/#\/schema\/person\/image\/"},"sameAs":["https:\/\/mhf.ro\/mm"]},{"@type":"Person","@id":"https:\/\/mhf.ro\/mm\/#\/schema\/person\/ecde2c4d3c2298573c280821ab6d9965","name":"Mitu Ion","image":{"@type":"ImageObject","inLanguage":"ro-RO","@id":"https:\/\/mhf.ro\/mm\/#\/schema\/person\/image\/","url":"https:\/\/secure.gravatar.com\/avatar\/fb0a4d707f287178aadfb359603e2d946f49db0cd52072b1b6748bc111739ee5?s=96&d=monsterid&r=g","contentUrl":"https:\/\/secure.gravatar.com\/avatar\/fb0a4d707f287178aadfb359603e2d946f49db0cd52072b1b6748bc111739ee5?s=96&d=monsterid&r=g","caption":"Mitu Ion"},"sameAs":["https:\/\/mhf.ro\/mm"],"url":"https:\/\/mhf.ro\/mm\/author\/mitu\/"}]}},"_links":{"self":[{"href":"https:\/\/mhf.ro\/mm\/wp-json\/wp\/v2\/posts\/2430","targetHints":{"allow":["GET"]}}],"collection":[{"href":"https:\/\/mhf.ro\/mm\/wp-json\/wp\/v2\/posts"}],"about":[{"href":"https:\/\/mhf.ro\/mm\/wp-json\/wp\/v2\/types\/post"}],"author":[{"embeddable":true,"href":"https:\/\/mhf.ro\/mm\/wp-json\/wp\/v2\/users\/10"}],"replies":[{"embeddable":true,"href":"https:\/\/mhf.ro\/mm\/wp-json\/wp\/v2\/comments?post=2430"}],"version-history":[{"count":1,"href":"https:\/\/mhf.ro\/mm\/wp-json\/wp\/v2\/posts\/2430\/revisions"}],"predecessor-version":[{"id":2431,"href":"https:\/\/mhf.ro\/mm\/wp-json\/wp\/v2\/posts\/2430\/revisions\/2431"}],"wp:featuredmedia":[{"embeddable":true,"href":"https:\/\/mhf.ro\/mm\/wp-json\/wp\/v2\/media\/3290"}],"wp:attachment":[{"href":"https:\/\/mhf.ro\/mm\/wp-json\/wp\/v2\/media?parent=2430"}],"wp:term":[{"taxonomy":"category","embeddable":true,"href":"https:\/\/mhf.ro\/mm\/wp-json\/wp\/v2\/categories?post=2430"},{"taxonomy":"post_tag","embeddable":true,"href":"https:\/\/mhf.ro\/mm\/wp-json\/wp\/v2\/tags?post=2430"}],"curies":[{"name":"wp","href":"https:\/\/api.w.org\/{rel}","templated":true}]}}