{"id":2441,"date":"2020-09-30T20:20:27","date_gmt":"2020-09-30T18:20:27","guid":{"rendered":"https:\/\/mhf.ro\/mm\/?p=2441"},"modified":"2020-10-09T07:46:19","modified_gmt":"2020-10-09T05:46:19","slug":"subventiile-pentru-studenti-au-fost-majorate","status":"publish","type":"post","link":"https:\/\/mhf.ro\/mm\/subventiile-pentru-studenti-au-fost-majorate\/","title":{"rendered":"Subven\u021biile pentru studen\u021bi au fost majorate"},"content":{"rendered":"<div class=\"field field-name-body field-type-text-with-summary field-label-hidden\">\n<div class=\"field-items\">\n<div class=\"field-item even\">\n<p class=\"rtejustify\"><strong>Ministrul educa\u021biei \u0219i cercet\u0103rii, Monica Anisie, a decis cre\u0219terea subven\u021biei pentru c\u0103mine-cantine cu 10%.<\/strong><\/p>\n<p class=\"rtejustify\">Aceast\u0103 m\u0103sur\u0103 vine \u00een sprijinul studen\u021bilor, \u00een contextul actual al situa\u021biei epidemiologice, pentru a se putea implementa \u0219i asigura m\u0103surile de distan\u021bare fizic\u0103 \u00een spa\u021biile de cazare existente \u0219i \u00een spa\u021biile de servire a mesei.<\/p>\n<p class=\"rtejustify\">Sumele atribuite fiec\u0103rei universit\u0103\u021bi \u00een anul universitar 2020-2021 pentru subven\u021bionarea cheltuielilor pentru c\u0103mine-cantine se aloc\u0103 propor\u021bional cu num\u0103rul de unit\u0103\u021bi de subven\u021bie (<em>studen\u021bi echivalen\u021bi unitari<\/em>), \u00een baza unei metodologii propuse de c\u0103tre Consiliul Na\u021bional pentru Finan\u021barea \u00cenv\u0103\u021b\u0103m\u00e2ntului Superior (CNFIS). Reamintim faptul c\u0103 de aceast\u0103 subven\u021bie beneficiaz\u0103 \u0219i studen\u021bii care \u00eencheie, conform legisla\u021biei \u00een vigoare, contracte de \u00eenchiriere.<\/p>\n<p class=\"rtejustify\">Men\u021bion\u0103m c\u0103 Guvernul Rom\u00e2niei a decis alocarea din fonduri europene a sumei de 10 milioane de euro pentru universit\u0103\u021bi, \u00een vederea achizi\u021biei de dezinfectan\u021bi, echipamente sanitare de protec\u021bie, inclusiv pentru zona de c\u0103mine-cantine. (edu.ro)<\/p>\n<\/div>\n<\/div>\n<\/div>\n","protected":false},"excerpt":{"rendered":"<p>Ministrul educa\u021biei \u0219i cercet\u0103rii, Monica Anisie, a decis cre\u0219terea subven\u021biei pentru c\u0103mine-cantine cu 10%. Aceast\u0103 m\u0103sur\u0103 vine \u00een sprijinul studen\u021bilor,<\/p>\n","protected":false},"author":1,"featured_media":2494,"comment_status":"open","ping_status":"open","sticky":false,"template":"","format":"standard","meta":{"colormag_page_container_layout":"default_layout","colormag_page_sidebar_layout":"default_layout","footnotes":""},"categories":[32,8],"tags":[],"class_list":["post-2441","post","type-post","status-publish","format-standard","has-post-thumbnail","hentry","category-comunicate","category-div"],"yoast_head":"<!-- This site is optimized with the Yoast SEO plugin v27.0 - https:\/\/yoast.com\/product\/yoast-seo-wordpress\/ -->\n<title>Subven\u021biile pentru studen\u021bi au fost majorate - MHF Photography<\/title>\n<meta name=\"robots\" content=\"index, follow, max-snippet:-1, max-image-preview:large, max-video-preview:-1\" \/>\n<link rel=\"canonical\" href=\"https:\/\/mhf.ro\/mm\/subventiile-pentru-studenti-au-fost-majorate\/\" \/>\n<meta property=\"og:locale\" content=\"ro_RO\" \/>\n<meta property=\"og:type\" content=\"article\" \/>\n<meta property=\"og:title\" content=\"Subven\u021biile pentru studen\u021bi au fost majorate - MHF Photography\" \/>\n<meta property=\"og:description\" content=\"Ministrul educa\u021biei \u0219i cercet\u0103rii, Monica Anisie, a decis cre\u0219terea subven\u021biei pentru c\u0103mine-cantine cu 10%. Aceast\u0103 m\u0103sur\u0103 vine \u00een sprijinul studen\u021bilor,\" \/>\n<meta property=\"og:url\" content=\"https:\/\/mhf.ro\/mm\/subventiile-pentru-studenti-au-fost-majorate\/\" \/>\n<meta property=\"og:site_name\" content=\"MHF Photography\" \/>\n<meta property=\"article:published_time\" content=\"2020-09-30T18:20:27+00:00\" \/>\n<meta property=\"article:modified_time\" content=\"2020-10-09T05:46:19+00:00\" \/>\n<meta property=\"og:image\" content=\"https:\/\/mhf.ro\/mm\/wp-content\/uploads\/2020\/09\/to-read-the-book-2784895_1280-1.jpg\" \/>\n\t<meta property=\"og:image:width\" content=\"1280\" \/>\n\t<meta property=\"og:image:height\" content=\"853\" \/>\n\t<meta property=\"og:image:type\" content=\"image\/jpeg\" \/>\n<meta name=\"author\" content=\"Marius Marcu\" \/>\n<meta name=\"twitter:card\" content=\"summary_large_image\" \/>\n<meta name=\"twitter:label1\" content=\"Scris de\" \/>\n\t<meta name=\"twitter:data1\" content=\"Marius Marcu\" \/>\n\t<meta name=\"twitter:label2\" content=\"Timp estimat pentru citire\" \/>\n\t<meta name=\"twitter:data2\" content=\"1 minut\" \/>\n<script type=\"application\/ld+json\" class=\"yoast-schema-graph\">{\"@context\":\"https:\/\/schema.org\",\"@graph\":[{\"@type\":\"Article\",\"@id\":\"https:\/\/mhf.ro\/mm\/subventiile-pentru-studenti-au-fost-majorate\/#article\",\"isPartOf\":{\"@id\":\"https:\/\/mhf.ro\/mm\/subventiile-pentru-studenti-au-fost-majorate\/\"},\"author\":{\"name\":\"Marius Marcu\",\"@id\":\"https:\/\/mhf.ro\/mm\/#\/schema\/person\/a3bebf7bdb4bf12f698aff73c7e46c21\"},\"headline\":\"Subven\u021biile pentru studen\u021bi au fost majorate\",\"datePublished\":\"2020-09-30T18:20:27+00:00\",\"dateModified\":\"2020-10-09T05:46:19+00:00\",\"mainEntityOfPage\":{\"@id\":\"https:\/\/mhf.ro\/mm\/subventiile-pentru-studenti-au-fost-majorate\/\"},\"wordCount\":185,\"commentCount\":0,\"publisher\":{\"@id\":\"https:\/\/mhf.ro\/mm\/#\/schema\/person\/a3bebf7bdb4bf12f698aff73c7e46c21\"},\"image\":{\"@id\":\"https:\/\/mhf.ro\/mm\/subventiile-pentru-studenti-au-fost-majorate\/#primaryimage\"},\"thumbnailUrl\":\"https:\/\/mhf.ro\/mm\/wp-content\/uploads\/2020\/09\/to-read-the-book-2784895_1280-1.jpg\",\"articleSection\":[\"Comunicate\",\"Diverse\"],\"inLanguage\":\"ro-RO\",\"potentialAction\":[{\"@type\":\"CommentAction\",\"name\":\"Comment\",\"target\":[\"https:\/\/mhf.ro\/mm\/subventiile-pentru-studenti-au-fost-majorate\/#respond\"]}]},{\"@type\":\"WebPage\",\"@id\":\"https:\/\/mhf.ro\/mm\/subventiile-pentru-studenti-au-fost-majorate\/\",\"url\":\"https:\/\/mhf.ro\/mm\/subventiile-pentru-studenti-au-fost-majorate\/\",\"name\":\"Subven\u021biile pentru studen\u021bi au fost majorate - MHF Photography\",\"isPartOf\":{\"@id\":\"https:\/\/mhf.ro\/mm\/#website\"},\"primaryImageOfPage\":{\"@id\":\"https:\/\/mhf.ro\/mm\/subventiile-pentru-studenti-au-fost-majorate\/#primaryimage\"},\"image\":{\"@id\":\"https:\/\/mhf.ro\/mm\/subventiile-pentru-studenti-au-fost-majorate\/#primaryimage\"},\"thumbnailUrl\":\"https:\/\/mhf.ro\/mm\/wp-content\/uploads\/2020\/09\/to-read-the-book-2784895_1280-1.jpg\",\"datePublished\":\"2020-09-30T18:20:27+00:00\",\"dateModified\":\"2020-10-09T05:46:19+00:00\",\"breadcrumb\":{\"@id\":\"https:\/\/mhf.ro\/mm\/subventiile-pentru-studenti-au-fost-majorate\/#breadcrumb\"},\"inLanguage\":\"ro-RO\",\"potentialAction\":[{\"@type\":\"ReadAction\",\"target\":[\"https:\/\/mhf.ro\/mm\/subventiile-pentru-studenti-au-fost-majorate\/\"]}]},{\"@type\":\"ImageObject\",\"inLanguage\":\"ro-RO\",\"@id\":\"https:\/\/mhf.ro\/mm\/subventiile-pentru-studenti-au-fost-majorate\/#primaryimage\",\"url\":\"https:\/\/mhf.ro\/mm\/wp-content\/uploads\/2020\/09\/to-read-the-book-2784895_1280-1.jpg\",\"contentUrl\":\"https:\/\/mhf.ro\/mm\/wp-content\/uploads\/2020\/09\/to-read-the-book-2784895_1280-1.jpg\",\"width\":1280,\"height\":853},{\"@type\":\"BreadcrumbList\",\"@id\":\"https:\/\/mhf.ro\/mm\/subventiile-pentru-studenti-au-fost-majorate\/#breadcrumb\",\"itemListElement\":[{\"@type\":\"ListItem\",\"position\":1,\"name\":\"Prima pagin\u0103\",\"item\":\"https:\/\/mhf.ro\/mm\/\"},{\"@type\":\"ListItem\",\"position\":2,\"name\":\"Subven\u021biile pentru studen\u021bi au fost majorate\"}]},{\"@type\":\"WebSite\",\"@id\":\"https:\/\/mhf.ro\/mm\/#website\",\"url\":\"https:\/\/mhf.ro\/mm\/\",\"name\":\"MHF Photography \u2013 Blog de fotografie, natur\u0103 \u0219i tehnic\u0103 divers\u0103\",\"description\":\"Aventur\u0103 \u00een fiecare cadru.\",\"publisher\":{\"@id\":\"https:\/\/mhf.ro\/mm\/#\/schema\/person\/a3bebf7bdb4bf12f698aff73c7e46c21\"},\"potentialAction\":[{\"@type\":\"SearchAction\",\"target\":{\"@type\":\"EntryPoint\",\"urlTemplate\":\"https:\/\/mhf.ro\/mm\/?s={search_term_string}\"},\"query-input\":{\"@type\":\"PropertyValueSpecification\",\"valueRequired\":true,\"valueName\":\"search_term_string\"}}],\"inLanguage\":\"ro-RO\"},{\"@type\":[\"Person\",\"Organization\"],\"@id\":\"https:\/\/mhf.ro\/mm\/#\/schema\/person\/a3bebf7bdb4bf12f698aff73c7e46c21\",\"name\":\"Marius Marcu\",\"image\":{\"@type\":\"ImageObject\",\"inLanguage\":\"ro-RO\",\"@id\":\"https:\/\/mhf.ro\/mm\/#\/schema\/person\/image\/\",\"url\":\"https:\/\/mhf.ro\/mm\/wp-content\/uploads\/2025\/12\/cropped-logo_mhf_2.png\",\"contentUrl\":\"https:\/\/mhf.ro\/mm\/wp-content\/uploads\/2025\/12\/cropped-logo_mhf_2.png\",\"width\":1096,\"height\":457,\"caption\":\"Marius Marcu\"},\"logo\":{\"@id\":\"https:\/\/mhf.ro\/mm\/#\/schema\/person\/image\/\"},\"sameAs\":[\"https:\/\/mhf.ro\/mm\"],\"url\":\"https:\/\/mhf.ro\/mm\/author\/mihai\/\"}]}<\/script>\n<!-- \/ Yoast SEO plugin. -->","yoast_head_json":{"title":"Subven\u021biile pentru studen\u021bi au fost majorate - MHF Photography","robots":{"index":"index","follow":"follow","max-snippet":"max-snippet:-1","max-image-preview":"max-image-preview:large","max-video-preview":"max-video-preview:-1"},"canonical":"https:\/\/mhf.ro\/mm\/subventiile-pentru-studenti-au-fost-majorate\/","og_locale":"ro_RO","og_type":"article","og_title":"Subven\u021biile pentru studen\u021bi au fost majorate - MHF Photography","og_description":"Ministrul educa\u021biei \u0219i cercet\u0103rii, Monica Anisie, a decis cre\u0219terea subven\u021biei pentru c\u0103mine-cantine cu 10%. Aceast\u0103 m\u0103sur\u0103 vine \u00een sprijinul studen\u021bilor,","og_url":"https:\/\/mhf.ro\/mm\/subventiile-pentru-studenti-au-fost-majorate\/","og_site_name":"MHF Photography","article_published_time":"2020-09-30T18:20:27+00:00","article_modified_time":"2020-10-09T05:46:19+00:00","og_image":[{"width":1280,"height":853,"url":"https:\/\/mhf.ro\/mm\/wp-content\/uploads\/2020\/09\/to-read-the-book-2784895_1280-1.jpg","type":"image\/jpeg"}],"author":"Marius Marcu","twitter_card":"summary_large_image","twitter_misc":{"Scris de":"Marius Marcu","Timp estimat pentru citire":"1 minut"},"schema":{"@context":"https:\/\/schema.org","@graph":[{"@type":"Article","@id":"https:\/\/mhf.ro\/mm\/subventiile-pentru-studenti-au-fost-majorate\/#article","isPartOf":{"@id":"https:\/\/mhf.ro\/mm\/subventiile-pentru-studenti-au-fost-majorate\/"},"author":{"name":"Marius Marcu","@id":"https:\/\/mhf.ro\/mm\/#\/schema\/person\/a3bebf7bdb4bf12f698aff73c7e46c21"},"headline":"Subven\u021biile pentru studen\u021bi au fost majorate","datePublished":"2020-09-30T18:20:27+00:00","dateModified":"2020-10-09T05:46:19+00:00","mainEntityOfPage":{"@id":"https:\/\/mhf.ro\/mm\/subventiile-pentru-studenti-au-fost-majorate\/"},"wordCount":185,"commentCount":0,"publisher":{"@id":"https:\/\/mhf.ro\/mm\/#\/schema\/person\/a3bebf7bdb4bf12f698aff73c7e46c21"},"image":{"@id":"https:\/\/mhf.ro\/mm\/subventiile-pentru-studenti-au-fost-majorate\/#primaryimage"},"thumbnailUrl":"https:\/\/mhf.ro\/mm\/wp-content\/uploads\/2020\/09\/to-read-the-book-2784895_1280-1.jpg","articleSection":["Comunicate","Diverse"],"inLanguage":"ro-RO","potentialAction":[{"@type":"CommentAction","name":"Comment","target":["https:\/\/mhf.ro\/mm\/subventiile-pentru-studenti-au-fost-majorate\/#respond"]}]},{"@type":"WebPage","@id":"https:\/\/mhf.ro\/mm\/subventiile-pentru-studenti-au-fost-majorate\/","url":"https:\/\/mhf.ro\/mm\/subventiile-pentru-studenti-au-fost-majorate\/","name":"Subven\u021biile pentru studen\u021bi au fost majorate - MHF Photography","isPartOf":{"@id":"https:\/\/mhf.ro\/mm\/#website"},"primaryImageOfPage":{"@id":"https:\/\/mhf.ro\/mm\/subventiile-pentru-studenti-au-fost-majorate\/#primaryimage"},"image":{"@id":"https:\/\/mhf.ro\/mm\/subventiile-pentru-studenti-au-fost-majorate\/#primaryimage"},"thumbnailUrl":"https:\/\/mhf.ro\/mm\/wp-content\/uploads\/2020\/09\/to-read-the-book-2784895_1280-1.jpg","datePublished":"2020-09-30T18:20:27+00:00","dateModified":"2020-10-09T05:46:19+00:00","breadcrumb":{"@id":"https:\/\/mhf.ro\/mm\/subventiile-pentru-studenti-au-fost-majorate\/#breadcrumb"},"inLanguage":"ro-RO","potentialAction":[{"@type":"ReadAction","target":["https:\/\/mhf.ro\/mm\/subventiile-pentru-studenti-au-fost-majorate\/"]}]},{"@type":"ImageObject","inLanguage":"ro-RO","@id":"https:\/\/mhf.ro\/mm\/subventiile-pentru-studenti-au-fost-majorate\/#primaryimage","url":"https:\/\/mhf.ro\/mm\/wp-content\/uploads\/2020\/09\/to-read-the-book-2784895_1280-1.jpg","contentUrl":"https:\/\/mhf.ro\/mm\/wp-content\/uploads\/2020\/09\/to-read-the-book-2784895_1280-1.jpg","width":1280,"height":853},{"@type":"BreadcrumbList","@id":"https:\/\/mhf.ro\/mm\/subventiile-pentru-studenti-au-fost-majorate\/#breadcrumb","itemListElement":[{"@type":"ListItem","position":1,"name":"Prima pagin\u0103","item":"https:\/\/mhf.ro\/mm\/"},{"@type":"ListItem","position":2,"name":"Subven\u021biile pentru studen\u021bi au fost majorate"}]},{"@type":"WebSite","@id":"https:\/\/mhf.ro\/mm\/#website","url":"https:\/\/mhf.ro\/mm\/","name":"MHF Photography \u2013 Blog de fotografie, natur\u0103 \u0219i tehnic\u0103 divers\u0103","description":"Aventur\u0103 \u00een fiecare cadru.","publisher":{"@id":"https:\/\/mhf.ro\/mm\/#\/schema\/person\/a3bebf7bdb4bf12f698aff73c7e46c21"},"potentialAction":[{"@type":"SearchAction","target":{"@type":"EntryPoint","urlTemplate":"https:\/\/mhf.ro\/mm\/?s={search_term_string}"},"query-input":{"@type":"PropertyValueSpecification","valueRequired":true,"valueName":"search_term_string"}}],"inLanguage":"ro-RO"},{"@type":["Person","Organization"],"@id":"https:\/\/mhf.ro\/mm\/#\/schema\/person\/a3bebf7bdb4bf12f698aff73c7e46c21","name":"Marius Marcu","image":{"@type":"ImageObject","inLanguage":"ro-RO","@id":"https:\/\/mhf.ro\/mm\/#\/schema\/person\/image\/","url":"https:\/\/mhf.ro\/mm\/wp-content\/uploads\/2025\/12\/cropped-logo_mhf_2.png","contentUrl":"https:\/\/mhf.ro\/mm\/wp-content\/uploads\/2025\/12\/cropped-logo_mhf_2.png","width":1096,"height":457,"caption":"Marius Marcu"},"logo":{"@id":"https:\/\/mhf.ro\/mm\/#\/schema\/person\/image\/"},"sameAs":["https:\/\/mhf.ro\/mm"],"url":"https:\/\/mhf.ro\/mm\/author\/mihai\/"}]}},"_links":{"self":[{"href":"https:\/\/mhf.ro\/mm\/wp-json\/wp\/v2\/posts\/2441","targetHints":{"allow":["GET"]}}],"collection":[{"href":"https:\/\/mhf.ro\/mm\/wp-json\/wp\/v2\/posts"}],"about":[{"href":"https:\/\/mhf.ro\/mm\/wp-json\/wp\/v2\/types\/post"}],"author":[{"embeddable":true,"href":"https:\/\/mhf.ro\/mm\/wp-json\/wp\/v2\/users\/1"}],"replies":[{"embeddable":true,"href":"https:\/\/mhf.ro\/mm\/wp-json\/wp\/v2\/comments?post=2441"}],"version-history":[{"count":1,"href":"https:\/\/mhf.ro\/mm\/wp-json\/wp\/v2\/posts\/2441\/revisions"}],"predecessor-version":[{"id":2443,"href":"https:\/\/mhf.ro\/mm\/wp-json\/wp\/v2\/posts\/2441\/revisions\/2443"}],"wp:featuredmedia":[{"embeddable":true,"href":"https:\/\/mhf.ro\/mm\/wp-json\/wp\/v2\/media\/2494"}],"wp:attachment":[{"href":"https:\/\/mhf.ro\/mm\/wp-json\/wp\/v2\/media?parent=2441"}],"wp:term":[{"taxonomy":"category","embeddable":true,"href":"https:\/\/mhf.ro\/mm\/wp-json\/wp\/v2\/categories?post=2441"},{"taxonomy":"post_tag","embeddable":true,"href":"https:\/\/mhf.ro\/mm\/wp-json\/wp\/v2\/tags?post=2441"}],"curies":[{"name":"wp","href":"https:\/\/api.w.org\/{rel}","templated":true}]}}