{"id":2448,"date":"2020-10-02T09:15:52","date_gmt":"2020-10-02T07:15:52","guid":{"rendered":"https:\/\/mhf.ro\/mm\/?p=2448"},"modified":"2020-10-09T07:49:17","modified_gmt":"2020-10-09T05:49:17","slug":"transport-agabaritic-pe-ruta-constanta-poarta-7-jud-constanta-portile-de-fier-jud-mehedinti","status":"publish","type":"post","link":"https:\/\/mhf.ro\/mm\/transport-agabaritic-pe-ruta-constanta-poarta-7-jud-constanta-portile-de-fier-jud-mehedinti\/","title":{"rendered":"Transport agabaritic pe ruta Constan\u0163a Poarta 7 (jud. Constan\u0163a) \u2013 Por\u0163ile de Fier (jud. Mehedin\u0163i)"},"content":{"rendered":"<p>\u00cen perioada 01.10.2020 \u2013 07.10.2020, se vor desf\u0103\u0219ura dou\u0103 transporturi cu dep\u0103\u0219iri pe traseul:<\/p>\n<p><strong>Constan\u0163a Poarta 7 (jud.Constan\u0163a) \u2013 A4 \u2013 Ovidiu \u2013 DN2A \u2013 Giurgeni \u2013 Urziceni \u2013 DN2 \u2013 Afuma\u0163i \u2013 DN Centura\u00a0 Bucure\u015fti \u2013 A1 \u2013 Pite\u015fti \u2013 DN65B \u2013 DN65 \u2013 Slatina \u2013 Craiova \u2013 DN56 \u2013 Maglavit \u2013 DN56A \u2013 DN6 \u2013 Centura Drobeta Turnu Severin \u2013 DN6 &#8211; DN6A \u2013 Por\u0163ile de Fier 1 PTF (jud. Mehedin\u0163i).<\/strong><\/p>\n<p>Vehiculele transport\u0103 confec\u0163ii metalice.<\/p>\n<p>L\u0103\u021bimea maxim\u0103 a unui vehicul este 5,50 m, viteza de deplasare urm\u00e2nd a fi adaptat\u0103 condi\u021biilor de trafic. Men\u021bion\u0103m ca \u00een conformitate OUG 195\/2002 privind circula\u021bia pe drumurile publice viteza maxim\u0103 de deplasare a vehiculelor cu dep\u0103\u0219iri este de 70 km\/or\u0103.<\/p>\n<p>Etapele de desf\u0103\u0219urare ale transporturilor sunt stabilite de poli\u021bia rutier\u0103, care asigur\u0103 \u00eenso\u021birea vehiculele cu dep\u0103\u0219iri.<\/p>\n<p>Transporturile nu se vor desf\u0103\u0219ura \u00een perioadele \u0219i pe sectoarele de drum pe care sunt semnalate fenomene meteorologice periculoase, prin codurile galben, portocaliu sau ro\u0219u. Informa\u0163ii suplimentare privind starea re\u0163elei de drumuri na\u0163ionale \u0219i autostr\u0103zi pot fi ob\u0163inute de la Dispeceratul Companiei Na\u0163ionale de Administrare a Infrastructurii Rutiere S.A., la numerele de telefon 021\/264.33.33; 021\/9360 \u0219i pe prima pagina \u00een caseta din st\u00e2nga:\u00a0<a href=\"http:\/\/www.cnadnr.ro\/\">www.cnadnr.ro<\/a>\u00a0&#8211; DISPECERAT &#8211; \u0218ituatia Drumurilor Na\u0163ionale, dar \u0219i pagina de FB\u00a0<a href=\"https:\/\/www.facebook.com\/cnadnr\/\">https:\/\/www.facebook.com\/cnadnr\/<\/a> \u0219i de TWITTER, @CNADNR.\u00a0\u00a0 (conf. www.cnadnr.ro)<\/p>\n","protected":false},"excerpt":{"rendered":"<p>\u00cen perioada 01.10.2020 \u2013 07.10.2020, se vor desf\u0103\u0219ura dou\u0103 transporturi cu dep\u0103\u0219iri pe traseul: Constan\u0163a Poarta 7 (jud.Constan\u0163a) \u2013 A4<\/p>\n","protected":false},"author":1,"featured_media":2498,"comment_status":"open","ping_status":"open","sticky":false,"template":"","format":"standard","meta":{"colormag_page_container_layout":"default_layout","colormag_page_sidebar_layout":"default_layout","footnotes":""},"categories":[32,8],"tags":[],"class_list":["post-2448","post","type-post","status-publish","format-standard","has-post-thumbnail","hentry","category-comunicate","category-div"],"yoast_head":"<!-- This site is optimized with the Yoast SEO plugin v27.0 - https:\/\/yoast.com\/product\/yoast-seo-wordpress\/ -->\n<title>Transport agabaritic pe ruta Constan\u0163a Poarta 7 (jud. Constan\u0163a) \u2013 Por\u0163ile de Fier (jud. Mehedin\u0163i) - MHF Photography<\/title>\n<meta name=\"robots\" content=\"index, follow, max-snippet:-1, max-image-preview:large, max-video-preview:-1\" \/>\n<link rel=\"canonical\" href=\"https:\/\/mhf.ro\/mm\/transport-agabaritic-pe-ruta-constanta-poarta-7-jud-constanta-portile-de-fier-jud-mehedinti\/\" \/>\n<meta property=\"og:locale\" content=\"ro_RO\" \/>\n<meta property=\"og:type\" content=\"article\" \/>\n<meta property=\"og:title\" content=\"Transport agabaritic pe ruta Constan\u0163a Poarta 7 (jud. Constan\u0163a) \u2013 Por\u0163ile de Fier (jud. Mehedin\u0163i) - MHF Photography\" \/>\n<meta property=\"og:description\" content=\"\u00cen perioada 01.10.2020 \u2013 07.10.2020, se vor desf\u0103\u0219ura dou\u0103 transporturi cu dep\u0103\u0219iri pe traseul: Constan\u0163a Poarta 7 (jud.Constan\u0163a) \u2013 A4\" \/>\n<meta property=\"og:url\" content=\"https:\/\/mhf.ro\/mm\/transport-agabaritic-pe-ruta-constanta-poarta-7-jud-constanta-portile-de-fier-jud-mehedinti\/\" \/>\n<meta property=\"og:site_name\" content=\"MHF Photography\" \/>\n<meta property=\"article:published_time\" content=\"2020-10-02T07:15:52+00:00\" \/>\n<meta property=\"article:modified_time\" content=\"2020-10-09T05:49:17+00:00\" \/>\n<meta property=\"og:image\" content=\"https:\/\/mhf.ro\/mm\/wp-content\/uploads\/2020\/10\/lugoj-deva-3-1.jpeg\" \/>\n\t<meta property=\"og:image:width\" content=\"827\" \/>\n\t<meta property=\"og:image:height\" content=\"391\" \/>\n\t<meta property=\"og:image:type\" content=\"image\/jpeg\" \/>\n<meta name=\"author\" content=\"Marius Marcu\" \/>\n<meta name=\"twitter:card\" content=\"summary_large_image\" \/>\n<meta name=\"twitter:label1\" content=\"Scris de\" \/>\n\t<meta name=\"twitter:data1\" content=\"Marius Marcu\" \/>\n\t<meta name=\"twitter:label2\" content=\"Timp estimat pentru citire\" \/>\n\t<meta name=\"twitter:data2\" content=\"1 minut\" \/>\n<script type=\"application\/ld+json\" class=\"yoast-schema-graph\">{\"@context\":\"https:\/\/schema.org\",\"@graph\":[{\"@type\":\"Article\",\"@id\":\"https:\/\/mhf.ro\/mm\/transport-agabaritic-pe-ruta-constanta-poarta-7-jud-constanta-portile-de-fier-jud-mehedinti\/#article\",\"isPartOf\":{\"@id\":\"https:\/\/mhf.ro\/mm\/transport-agabaritic-pe-ruta-constanta-poarta-7-jud-constanta-portile-de-fier-jud-mehedinti\/\"},\"author\":{\"name\":\"Marius Marcu\",\"@id\":\"https:\/\/mhf.ro\/mm\/#\/schema\/person\/a3bebf7bdb4bf12f698aff73c7e46c21\"},\"headline\":\"Transport agabaritic pe ruta Constan\u0163a Poarta 7 (jud. Constan\u0163a) \u2013 Por\u0163ile de Fier (jud. Mehedin\u0163i)\",\"datePublished\":\"2020-10-02T07:15:52+00:00\",\"dateModified\":\"2020-10-09T05:49:17+00:00\",\"mainEntityOfPage\":{\"@id\":\"https:\/\/mhf.ro\/mm\/transport-agabaritic-pe-ruta-constanta-poarta-7-jud-constanta-portile-de-fier-jud-mehedinti\/\"},\"wordCount\":248,\"commentCount\":0,\"publisher\":{\"@id\":\"https:\/\/mhf.ro\/mm\/#\/schema\/person\/a3bebf7bdb4bf12f698aff73c7e46c21\"},\"image\":{\"@id\":\"https:\/\/mhf.ro\/mm\/transport-agabaritic-pe-ruta-constanta-poarta-7-jud-constanta-portile-de-fier-jud-mehedinti\/#primaryimage\"},\"thumbnailUrl\":\"https:\/\/mhf.ro\/mm\/wp-content\/uploads\/2020\/10\/lugoj-deva-3-1.jpeg\",\"articleSection\":[\"Comunicate\",\"Diverse\"],\"inLanguage\":\"ro-RO\",\"potentialAction\":[{\"@type\":\"CommentAction\",\"name\":\"Comment\",\"target\":[\"https:\/\/mhf.ro\/mm\/transport-agabaritic-pe-ruta-constanta-poarta-7-jud-constanta-portile-de-fier-jud-mehedinti\/#respond\"]}]},{\"@type\":\"WebPage\",\"@id\":\"https:\/\/mhf.ro\/mm\/transport-agabaritic-pe-ruta-constanta-poarta-7-jud-constanta-portile-de-fier-jud-mehedinti\/\",\"url\":\"https:\/\/mhf.ro\/mm\/transport-agabaritic-pe-ruta-constanta-poarta-7-jud-constanta-portile-de-fier-jud-mehedinti\/\",\"name\":\"Transport agabaritic pe ruta Constan\u0163a Poarta 7 (jud. Constan\u0163a) \u2013 Por\u0163ile de Fier (jud. Mehedin\u0163i) - MHF Photography\",\"isPartOf\":{\"@id\":\"https:\/\/mhf.ro\/mm\/#website\"},\"primaryImageOfPage\":{\"@id\":\"https:\/\/mhf.ro\/mm\/transport-agabaritic-pe-ruta-constanta-poarta-7-jud-constanta-portile-de-fier-jud-mehedinti\/#primaryimage\"},\"image\":{\"@id\":\"https:\/\/mhf.ro\/mm\/transport-agabaritic-pe-ruta-constanta-poarta-7-jud-constanta-portile-de-fier-jud-mehedinti\/#primaryimage\"},\"thumbnailUrl\":\"https:\/\/mhf.ro\/mm\/wp-content\/uploads\/2020\/10\/lugoj-deva-3-1.jpeg\",\"datePublished\":\"2020-10-02T07:15:52+00:00\",\"dateModified\":\"2020-10-09T05:49:17+00:00\",\"breadcrumb\":{\"@id\":\"https:\/\/mhf.ro\/mm\/transport-agabaritic-pe-ruta-constanta-poarta-7-jud-constanta-portile-de-fier-jud-mehedinti\/#breadcrumb\"},\"inLanguage\":\"ro-RO\",\"potentialAction\":[{\"@type\":\"ReadAction\",\"target\":[\"https:\/\/mhf.ro\/mm\/transport-agabaritic-pe-ruta-constanta-poarta-7-jud-constanta-portile-de-fier-jud-mehedinti\/\"]}]},{\"@type\":\"ImageObject\",\"inLanguage\":\"ro-RO\",\"@id\":\"https:\/\/mhf.ro\/mm\/transport-agabaritic-pe-ruta-constanta-poarta-7-jud-constanta-portile-de-fier-jud-mehedinti\/#primaryimage\",\"url\":\"https:\/\/mhf.ro\/mm\/wp-content\/uploads\/2020\/10\/lugoj-deva-3-1.jpeg\",\"contentUrl\":\"https:\/\/mhf.ro\/mm\/wp-content\/uploads\/2020\/10\/lugoj-deva-3-1.jpeg\",\"width\":827,\"height\":391},{\"@type\":\"BreadcrumbList\",\"@id\":\"https:\/\/mhf.ro\/mm\/transport-agabaritic-pe-ruta-constanta-poarta-7-jud-constanta-portile-de-fier-jud-mehedinti\/#breadcrumb\",\"itemListElement\":[{\"@type\":\"ListItem\",\"position\":1,\"name\":\"Prima pagin\u0103\",\"item\":\"https:\/\/mhf.ro\/mm\/\"},{\"@type\":\"ListItem\",\"position\":2,\"name\":\"Transport agabaritic pe ruta Constan\u0163a Poarta 7 (jud. Constan\u0163a) \u2013 Por\u0163ile de Fier (jud. Mehedin\u0163i)\"}]},{\"@type\":\"WebSite\",\"@id\":\"https:\/\/mhf.ro\/mm\/#website\",\"url\":\"https:\/\/mhf.ro\/mm\/\",\"name\":\"MHF Photography \u2013 Blog de fotografie, natur\u0103 \u0219i tehnic\u0103 divers\u0103\",\"description\":\"Aventur\u0103 \u00een fiecare cadru.\",\"publisher\":{\"@id\":\"https:\/\/mhf.ro\/mm\/#\/schema\/person\/a3bebf7bdb4bf12f698aff73c7e46c21\"},\"potentialAction\":[{\"@type\":\"SearchAction\",\"target\":{\"@type\":\"EntryPoint\",\"urlTemplate\":\"https:\/\/mhf.ro\/mm\/?s={search_term_string}\"},\"query-input\":{\"@type\":\"PropertyValueSpecification\",\"valueRequired\":true,\"valueName\":\"search_term_string\"}}],\"inLanguage\":\"ro-RO\"},{\"@type\":[\"Person\",\"Organization\"],\"@id\":\"https:\/\/mhf.ro\/mm\/#\/schema\/person\/a3bebf7bdb4bf12f698aff73c7e46c21\",\"name\":\"Marius Marcu\",\"image\":{\"@type\":\"ImageObject\",\"inLanguage\":\"ro-RO\",\"@id\":\"https:\/\/mhf.ro\/mm\/#\/schema\/person\/image\/\",\"url\":\"https:\/\/mhf.ro\/mm\/wp-content\/uploads\/2025\/12\/cropped-logo_mhf_2.png\",\"contentUrl\":\"https:\/\/mhf.ro\/mm\/wp-content\/uploads\/2025\/12\/cropped-logo_mhf_2.png\",\"width\":1096,\"height\":457,\"caption\":\"Marius Marcu\"},\"logo\":{\"@id\":\"https:\/\/mhf.ro\/mm\/#\/schema\/person\/image\/\"},\"sameAs\":[\"https:\/\/mhf.ro\/mm\"],\"url\":\"https:\/\/mhf.ro\/mm\/author\/mihai\/\"}]}<\/script>\n<!-- \/ Yoast SEO plugin. -->","yoast_head_json":{"title":"Transport agabaritic pe ruta Constan\u0163a Poarta 7 (jud. Constan\u0163a) \u2013 Por\u0163ile de Fier (jud. Mehedin\u0163i) - MHF Photography","robots":{"index":"index","follow":"follow","max-snippet":"max-snippet:-1","max-image-preview":"max-image-preview:large","max-video-preview":"max-video-preview:-1"},"canonical":"https:\/\/mhf.ro\/mm\/transport-agabaritic-pe-ruta-constanta-poarta-7-jud-constanta-portile-de-fier-jud-mehedinti\/","og_locale":"ro_RO","og_type":"article","og_title":"Transport agabaritic pe ruta Constan\u0163a Poarta 7 (jud. Constan\u0163a) \u2013 Por\u0163ile de Fier (jud. Mehedin\u0163i) - MHF Photography","og_description":"\u00cen perioada 01.10.2020 \u2013 07.10.2020, se vor desf\u0103\u0219ura dou\u0103 transporturi cu dep\u0103\u0219iri pe traseul: Constan\u0163a Poarta 7 (jud.Constan\u0163a) \u2013 A4","og_url":"https:\/\/mhf.ro\/mm\/transport-agabaritic-pe-ruta-constanta-poarta-7-jud-constanta-portile-de-fier-jud-mehedinti\/","og_site_name":"MHF Photography","article_published_time":"2020-10-02T07:15:52+00:00","article_modified_time":"2020-10-09T05:49:17+00:00","og_image":[{"width":827,"height":391,"url":"https:\/\/mhf.ro\/mm\/wp-content\/uploads\/2020\/10\/lugoj-deva-3-1.jpeg","type":"image\/jpeg"}],"author":"Marius Marcu","twitter_card":"summary_large_image","twitter_misc":{"Scris de":"Marius Marcu","Timp estimat pentru citire":"1 minut"},"schema":{"@context":"https:\/\/schema.org","@graph":[{"@type":"Article","@id":"https:\/\/mhf.ro\/mm\/transport-agabaritic-pe-ruta-constanta-poarta-7-jud-constanta-portile-de-fier-jud-mehedinti\/#article","isPartOf":{"@id":"https:\/\/mhf.ro\/mm\/transport-agabaritic-pe-ruta-constanta-poarta-7-jud-constanta-portile-de-fier-jud-mehedinti\/"},"author":{"name":"Marius Marcu","@id":"https:\/\/mhf.ro\/mm\/#\/schema\/person\/a3bebf7bdb4bf12f698aff73c7e46c21"},"headline":"Transport agabaritic pe ruta Constan\u0163a Poarta 7 (jud. Constan\u0163a) \u2013 Por\u0163ile de Fier (jud. Mehedin\u0163i)","datePublished":"2020-10-02T07:15:52+00:00","dateModified":"2020-10-09T05:49:17+00:00","mainEntityOfPage":{"@id":"https:\/\/mhf.ro\/mm\/transport-agabaritic-pe-ruta-constanta-poarta-7-jud-constanta-portile-de-fier-jud-mehedinti\/"},"wordCount":248,"commentCount":0,"publisher":{"@id":"https:\/\/mhf.ro\/mm\/#\/schema\/person\/a3bebf7bdb4bf12f698aff73c7e46c21"},"image":{"@id":"https:\/\/mhf.ro\/mm\/transport-agabaritic-pe-ruta-constanta-poarta-7-jud-constanta-portile-de-fier-jud-mehedinti\/#primaryimage"},"thumbnailUrl":"https:\/\/mhf.ro\/mm\/wp-content\/uploads\/2020\/10\/lugoj-deva-3-1.jpeg","articleSection":["Comunicate","Diverse"],"inLanguage":"ro-RO","potentialAction":[{"@type":"CommentAction","name":"Comment","target":["https:\/\/mhf.ro\/mm\/transport-agabaritic-pe-ruta-constanta-poarta-7-jud-constanta-portile-de-fier-jud-mehedinti\/#respond"]}]},{"@type":"WebPage","@id":"https:\/\/mhf.ro\/mm\/transport-agabaritic-pe-ruta-constanta-poarta-7-jud-constanta-portile-de-fier-jud-mehedinti\/","url":"https:\/\/mhf.ro\/mm\/transport-agabaritic-pe-ruta-constanta-poarta-7-jud-constanta-portile-de-fier-jud-mehedinti\/","name":"Transport agabaritic pe ruta Constan\u0163a Poarta 7 (jud. Constan\u0163a) \u2013 Por\u0163ile de Fier (jud. Mehedin\u0163i) - MHF Photography","isPartOf":{"@id":"https:\/\/mhf.ro\/mm\/#website"},"primaryImageOfPage":{"@id":"https:\/\/mhf.ro\/mm\/transport-agabaritic-pe-ruta-constanta-poarta-7-jud-constanta-portile-de-fier-jud-mehedinti\/#primaryimage"},"image":{"@id":"https:\/\/mhf.ro\/mm\/transport-agabaritic-pe-ruta-constanta-poarta-7-jud-constanta-portile-de-fier-jud-mehedinti\/#primaryimage"},"thumbnailUrl":"https:\/\/mhf.ro\/mm\/wp-content\/uploads\/2020\/10\/lugoj-deva-3-1.jpeg","datePublished":"2020-10-02T07:15:52+00:00","dateModified":"2020-10-09T05:49:17+00:00","breadcrumb":{"@id":"https:\/\/mhf.ro\/mm\/transport-agabaritic-pe-ruta-constanta-poarta-7-jud-constanta-portile-de-fier-jud-mehedinti\/#breadcrumb"},"inLanguage":"ro-RO","potentialAction":[{"@type":"ReadAction","target":["https:\/\/mhf.ro\/mm\/transport-agabaritic-pe-ruta-constanta-poarta-7-jud-constanta-portile-de-fier-jud-mehedinti\/"]}]},{"@type":"ImageObject","inLanguage":"ro-RO","@id":"https:\/\/mhf.ro\/mm\/transport-agabaritic-pe-ruta-constanta-poarta-7-jud-constanta-portile-de-fier-jud-mehedinti\/#primaryimage","url":"https:\/\/mhf.ro\/mm\/wp-content\/uploads\/2020\/10\/lugoj-deva-3-1.jpeg","contentUrl":"https:\/\/mhf.ro\/mm\/wp-content\/uploads\/2020\/10\/lugoj-deva-3-1.jpeg","width":827,"height":391},{"@type":"BreadcrumbList","@id":"https:\/\/mhf.ro\/mm\/transport-agabaritic-pe-ruta-constanta-poarta-7-jud-constanta-portile-de-fier-jud-mehedinti\/#breadcrumb","itemListElement":[{"@type":"ListItem","position":1,"name":"Prima pagin\u0103","item":"https:\/\/mhf.ro\/mm\/"},{"@type":"ListItem","position":2,"name":"Transport agabaritic pe ruta Constan\u0163a Poarta 7 (jud. Constan\u0163a) \u2013 Por\u0163ile de Fier (jud. Mehedin\u0163i)"}]},{"@type":"WebSite","@id":"https:\/\/mhf.ro\/mm\/#website","url":"https:\/\/mhf.ro\/mm\/","name":"MHF Photography \u2013 Blog de fotografie, natur\u0103 \u0219i tehnic\u0103 divers\u0103","description":"Aventur\u0103 \u00een fiecare cadru.","publisher":{"@id":"https:\/\/mhf.ro\/mm\/#\/schema\/person\/a3bebf7bdb4bf12f698aff73c7e46c21"},"potentialAction":[{"@type":"SearchAction","target":{"@type":"EntryPoint","urlTemplate":"https:\/\/mhf.ro\/mm\/?s={search_term_string}"},"query-input":{"@type":"PropertyValueSpecification","valueRequired":true,"valueName":"search_term_string"}}],"inLanguage":"ro-RO"},{"@type":["Person","Organization"],"@id":"https:\/\/mhf.ro\/mm\/#\/schema\/person\/a3bebf7bdb4bf12f698aff73c7e46c21","name":"Marius Marcu","image":{"@type":"ImageObject","inLanguage":"ro-RO","@id":"https:\/\/mhf.ro\/mm\/#\/schema\/person\/image\/","url":"https:\/\/mhf.ro\/mm\/wp-content\/uploads\/2025\/12\/cropped-logo_mhf_2.png","contentUrl":"https:\/\/mhf.ro\/mm\/wp-content\/uploads\/2025\/12\/cropped-logo_mhf_2.png","width":1096,"height":457,"caption":"Marius Marcu"},"logo":{"@id":"https:\/\/mhf.ro\/mm\/#\/schema\/person\/image\/"},"sameAs":["https:\/\/mhf.ro\/mm"],"url":"https:\/\/mhf.ro\/mm\/author\/mihai\/"}]}},"_links":{"self":[{"href":"https:\/\/mhf.ro\/mm\/wp-json\/wp\/v2\/posts\/2448","targetHints":{"allow":["GET"]}}],"collection":[{"href":"https:\/\/mhf.ro\/mm\/wp-json\/wp\/v2\/posts"}],"about":[{"href":"https:\/\/mhf.ro\/mm\/wp-json\/wp\/v2\/types\/post"}],"author":[{"embeddable":true,"href":"https:\/\/mhf.ro\/mm\/wp-json\/wp\/v2\/users\/1"}],"replies":[{"embeddable":true,"href":"https:\/\/mhf.ro\/mm\/wp-json\/wp\/v2\/comments?post=2448"}],"version-history":[{"count":1,"href":"https:\/\/mhf.ro\/mm\/wp-json\/wp\/v2\/posts\/2448\/revisions"}],"predecessor-version":[{"id":2450,"href":"https:\/\/mhf.ro\/mm\/wp-json\/wp\/v2\/posts\/2448\/revisions\/2450"}],"wp:featuredmedia":[{"embeddable":true,"href":"https:\/\/mhf.ro\/mm\/wp-json\/wp\/v2\/media\/2498"}],"wp:attachment":[{"href":"https:\/\/mhf.ro\/mm\/wp-json\/wp\/v2\/media?parent=2448"}],"wp:term":[{"taxonomy":"category","embeddable":true,"href":"https:\/\/mhf.ro\/mm\/wp-json\/wp\/v2\/categories?post=2448"},{"taxonomy":"post_tag","embeddable":true,"href":"https:\/\/mhf.ro\/mm\/wp-json\/wp\/v2\/tags?post=2448"}],"curies":[{"name":"wp","href":"https:\/\/api.w.org\/{rel}","templated":true}]}}