{"id":2459,"date":"2020-10-04T07:00:52","date_gmt":"2020-10-04T05:00:52","guid":{"rendered":"https:\/\/mhf.ro\/mm\/?p=2459"},"modified":"2020-10-09T07:52:21","modified_gmt":"2020-10-09T05:52:21","slug":"paradoxul-emotiei-temnicer-sau-prizonier-purgatoriul-lui-andrei-preambul","status":"publish","type":"post","link":"https:\/\/mhf.ro\/mm\/paradoxul-emotiei-temnicer-sau-prizonier-purgatoriul-lui-andrei-preambul\/","title":{"rendered":"Paradoxul emotiei \/ temnicer sau prizonier ? &#8211; Purgatoriul lui Andrei, Preambul"},"content":{"rendered":"<p><span class=\"tojvnm2t a6sixzi8 abs2jz4q a8s20v7p t1p8iaqh k5wvi7nf q3lfd5jv pk4s997a bipmatt0 cebpdrjk qowsmv63 owwhemhu dp1hu0rb dhp61c6y iyyx5f41\">\u00a0O definitie simpla a emotiei ar fi ca este trairea subiectiva a unui eveniment din propria realitate ; aceasta afirmatie te face unicul detinator al adevarului privind modul in care traiesti si simti o experienta de viata la un moment dat. Dobandirea anumitor vulnerabilitati pe parcursul vietii vor determina interpretarea unor evenimente , din zona de fragilitate emotionala, intr-o maniera catastrofala si astfel unele situatii de viata vor deveni de nesuportat. &#8211; Mi-a fost frica ca o sa-mi pierd libertatea . Ca mi se va dilua incet incet identitatea si ma voi evapora. Ca nu o sa mai pot face nimic din ceea ce oricum nu faceam. Ca-mi pierd sinele si dreptul la viata. Si cu frica de a nu-mi pierde libertatea m-am trezit prizonier in inchisoarea propriei mele minti. Am zidit din aceste frici pereti inalti si m-am incuiat alaturi de toate nalucile si fantomele mele. Acum imi vine sa tip, sa urlu. Ma simt fara speranta si blestemat sa indepartez toate femeile din viata mea. Am fugit si m-am ascuns, pentru a-mi salva libertatea, intr-o inchisoare din care nu mai pot iesi. Am ales sa traiesc plangandu-mi de mila si ma dispretuiesc pentru asta. Vreau sa fiu bine, sa fiu normal, dar frica asta nenorocita vine peste mine cu atata forta incat ma paralizeaza. Iar atunci fug, ma ascund. Asta stiu sa fac cel mai bine. Sa fug. Spune-mi de ce imi mai doresc pe cineva alaturi de mine daca nu sunt in stare sa pastrez ? Simt ca innebunesc! Am ajuns sa cred ca nu merit pe nimeni si m-am izolat de lume. &#8211; Ai incercat sa ascunzi aceasta frica adanc in tine, s-o izolezi in cea mai intunecata temnita pentru a-ti ascunde vulnerabilitatea si ai sfarsit prin a deveni prizonierul ei. Ai negat aceasta emotie dar ai ramas blocat in ea si incet incet te consuma. In acelasi timp simti o foame emotionala mistuitoare. Si asta pentru ca noi oamenii nu suntem facuti sa traim in singuratate. Avem nevoie de un partener pereche alaturi de care sa devenim. Avem nevoie sa ne privim prin ochii lui. Sa ne tinem in brate intr-un dans al vietii : uneori o melodie vesela alteori una trista. Impulsul de a ne atasa este adanc inradacinat in genele noastre. Avem nevoie de iubire pentru a rezista pentru ca iubirea este cea mai puternica aparare. Andrei, casatoria nu inseamna sa ne punem unul altuia sub sechestru vietile pentru ca apoi sa negociem in contrapartida farame de libertate. Casatoria nu inseamna sfarsitul petrecerii. Casatoria inseamna disponibilitatea de adaptare la un stil de viata mult mai asumat pentru ca vei invata ca lucrurile ar trebui discutate si facute in doi. Viata nu inseamna numai petrecere si distractii. Nu spun ca nu-si au un loc al lor la un moment dat. Dar viata inseamna si devenirea ca persoana prin asumarea unor responsabilitati care iti vor aduce si bucurii . Casatoria nu este usoara si nu este intotdeauna distractiva. Marea arta in casatorie este sa inveti sa traiesti in cuplu si in acelasi timp sa-ti pastrezi identitatea . Pentru tine cu cat atasamentul devine din ce in ce mai puternic cu atat iti creste spaima ca viata ta se apropie de sfarsit. Deja te vezi un soi de rob inlantuit in fiare si in eternitate, disperat sa zareasca printre gratii reci un petec de cer. &#8211; Si atunci ce sanse am sa evadez din nenorocita asta de frica? Nu intelegi ca ma lasa fara aer, ca ma paralizeaza? Cu un oftat de neputinta Andrei isi arunca privirea pe geam catre un cer senin de sfarsit de vara.<br \/>\n<\/span><\/p>\n<div class=\"jn8vp64t l9j0dhe7 hpfvmrgz lzcic4wl\" tabindex=\"0\" role=\"gridcell\" data-scope=\"messages_table\">\n<div class=\"ni8dbmo4 stjgntxs g5ia77u1 ii04i59q\" data-testid=\"messenger_incoming_text_row\">\n<div class=\"l60d2q6s d1544ag0 sj5x9vvc tw6a2znq l9j0dhe7 ni8dbmo4 stjgntxs qlfml3jp inkptoze e72ty7fz qmr60zad jm1wdb64 qv66sw1b ljqsnud1 g6srhlxm\">\n<div class=\"oo9gr5id\" dir=\"auto\">\n<div class=\"kvgmc6g5 cxmmr5t8 oygrvhab hcukyx3x c1et5uql\">&#8230;.scopul vietii este sa fim bine facand bine&#8230;iubind ne simtim iubiti &#8230;&#8230;. trairea subiectiva a unui eveniment din propria realitate ; aceasta afirmatie te face unicul detinator al adevarului privind modul in care traiesti si simti o experienta de viata la un moment dat&#8230;&#8230;&#8230;. fiecare din noi privim lumea cu ochii sufletului \u00eembr\u0103cat in experien\u021bele vie\u021bii&#8230;&#8230;<\/div>\n<div style=\"text-align: right;\"><span class=\"tojvnm2t a6sixzi8 abs2jz4q a8s20v7p t1p8iaqh k5wvi7nf q3lfd5jv pk4s997a bipmatt0 cebpdrjk qowsmv63 owwhemhu dp1hu0rb dhp61c6y iyyx5f41\"><span class=\"_5yl5\">(Jeny Anca Popa)<\/span><\/span><\/div>\n<\/div>\n<\/div>\n<\/div>\n<\/div>\n","protected":false},"excerpt":{"rendered":"<p>\u00a0O definitie simpla a emotiei ar fi ca este trairea subiectiva a unui eveniment din propria realitate ; aceasta afirmatie<\/p>\n","protected":false},"author":1,"featured_media":2500,"comment_status":"open","ping_status":"open","sticky":false,"template":"","format":"standard","meta":{"colormag_page_container_layout":"default_layout","colormag_page_sidebar_layout":"default_layout","footnotes":""},"categories":[8],"tags":[],"class_list":["post-2459","post","type-post","status-publish","format-standard","has-post-thumbnail","hentry","category-div"],"yoast_head":"<!-- This site is optimized with the Yoast SEO plugin v27.0 - https:\/\/yoast.com\/product\/yoast-seo-wordpress\/ -->\n<title>Paradoxul emotiei \/ temnicer sau prizonier ? - Purgatoriul lui Andrei, Preambul - MHF Photography<\/title>\n<meta name=\"robots\" content=\"index, follow, max-snippet:-1, max-image-preview:large, max-video-preview:-1\" \/>\n<link rel=\"canonical\" href=\"https:\/\/mhf.ro\/mm\/paradoxul-emotiei-temnicer-sau-prizonier-purgatoriul-lui-andrei-preambul\/\" \/>\n<meta property=\"og:locale\" content=\"ro_RO\" \/>\n<meta property=\"og:type\" content=\"article\" \/>\n<meta property=\"og:title\" content=\"Paradoxul emotiei \/ temnicer sau prizonier ? - Purgatoriul lui Andrei, Preambul - MHF Photography\" \/>\n<meta property=\"og:description\" content=\"\u00a0O definitie simpla a emotiei ar fi ca este trairea subiectiva a unui eveniment din propria realitate ; aceasta afirmatie\" \/>\n<meta property=\"og:url\" content=\"https:\/\/mhf.ro\/mm\/paradoxul-emotiei-temnicer-sau-prizonier-purgatoriul-lui-andrei-preambul\/\" \/>\n<meta property=\"og:site_name\" content=\"MHF Photography\" \/>\n<meta property=\"article:published_time\" content=\"2020-10-04T05:00:52+00:00\" \/>\n<meta property=\"article:modified_time\" content=\"2020-10-09T05:52:21+00:00\" \/>\n<meta property=\"og:image\" content=\"https:\/\/mhf.ro\/mm\/wp-content\/uploads\/2020\/10\/preambul.jpg\" \/>\n\t<meta property=\"og:image:width\" content=\"350\" \/>\n\t<meta property=\"og:image:height\" content=\"280\" \/>\n\t<meta property=\"og:image:type\" content=\"image\/jpeg\" \/>\n<meta name=\"author\" content=\"Marius Marcu\" \/>\n<meta name=\"twitter:card\" content=\"summary_large_image\" \/>\n<meta name=\"twitter:label1\" content=\"Scris de\" \/>\n\t<meta name=\"twitter:data1\" content=\"Marius Marcu\" \/>\n\t<meta name=\"twitter:label2\" content=\"Timp estimat pentru citire\" \/>\n\t<meta name=\"twitter:data2\" content=\"3 minute\" \/>\n<script type=\"application\/ld+json\" class=\"yoast-schema-graph\">{\"@context\":\"https:\/\/schema.org\",\"@graph\":[{\"@type\":\"Article\",\"@id\":\"https:\/\/mhf.ro\/mm\/paradoxul-emotiei-temnicer-sau-prizonier-purgatoriul-lui-andrei-preambul\/#article\",\"isPartOf\":{\"@id\":\"https:\/\/mhf.ro\/mm\/paradoxul-emotiei-temnicer-sau-prizonier-purgatoriul-lui-andrei-preambul\/\"},\"author\":{\"name\":\"Marius Marcu\",\"@id\":\"https:\/\/mhf.ro\/mm\/#\/schema\/person\/a3bebf7bdb4bf12f698aff73c7e46c21\"},\"headline\":\"Paradoxul emotiei \/ temnicer sau prizonier ? &#8211; Purgatoriul lui Andrei, Preambul\",\"datePublished\":\"2020-10-04T05:00:52+00:00\",\"dateModified\":\"2020-10-09T05:52:21+00:00\",\"mainEntityOfPage\":{\"@id\":\"https:\/\/mhf.ro\/mm\/paradoxul-emotiei-temnicer-sau-prizonier-purgatoriul-lui-andrei-preambul\/\"},\"wordCount\":665,\"commentCount\":0,\"publisher\":{\"@id\":\"https:\/\/mhf.ro\/mm\/#\/schema\/person\/a3bebf7bdb4bf12f698aff73c7e46c21\"},\"image\":{\"@id\":\"https:\/\/mhf.ro\/mm\/paradoxul-emotiei-temnicer-sau-prizonier-purgatoriul-lui-andrei-preambul\/#primaryimage\"},\"thumbnailUrl\":\"https:\/\/mhf.ro\/mm\/wp-content\/uploads\/2020\/10\/preambul.jpg\",\"articleSection\":[\"Diverse\"],\"inLanguage\":\"ro-RO\",\"potentialAction\":[{\"@type\":\"CommentAction\",\"name\":\"Comment\",\"target\":[\"https:\/\/mhf.ro\/mm\/paradoxul-emotiei-temnicer-sau-prizonier-purgatoriul-lui-andrei-preambul\/#respond\"]}]},{\"@type\":\"WebPage\",\"@id\":\"https:\/\/mhf.ro\/mm\/paradoxul-emotiei-temnicer-sau-prizonier-purgatoriul-lui-andrei-preambul\/\",\"url\":\"https:\/\/mhf.ro\/mm\/paradoxul-emotiei-temnicer-sau-prizonier-purgatoriul-lui-andrei-preambul\/\",\"name\":\"Paradoxul emotiei \/ temnicer sau prizonier ? - Purgatoriul lui Andrei, Preambul - MHF Photography\",\"isPartOf\":{\"@id\":\"https:\/\/mhf.ro\/mm\/#website\"},\"primaryImageOfPage\":{\"@id\":\"https:\/\/mhf.ro\/mm\/paradoxul-emotiei-temnicer-sau-prizonier-purgatoriul-lui-andrei-preambul\/#primaryimage\"},\"image\":{\"@id\":\"https:\/\/mhf.ro\/mm\/paradoxul-emotiei-temnicer-sau-prizonier-purgatoriul-lui-andrei-preambul\/#primaryimage\"},\"thumbnailUrl\":\"https:\/\/mhf.ro\/mm\/wp-content\/uploads\/2020\/10\/preambul.jpg\",\"datePublished\":\"2020-10-04T05:00:52+00:00\",\"dateModified\":\"2020-10-09T05:52:21+00:00\",\"breadcrumb\":{\"@id\":\"https:\/\/mhf.ro\/mm\/paradoxul-emotiei-temnicer-sau-prizonier-purgatoriul-lui-andrei-preambul\/#breadcrumb\"},\"inLanguage\":\"ro-RO\",\"potentialAction\":[{\"@type\":\"ReadAction\",\"target\":[\"https:\/\/mhf.ro\/mm\/paradoxul-emotiei-temnicer-sau-prizonier-purgatoriul-lui-andrei-preambul\/\"]}]},{\"@type\":\"ImageObject\",\"inLanguage\":\"ro-RO\",\"@id\":\"https:\/\/mhf.ro\/mm\/paradoxul-emotiei-temnicer-sau-prizonier-purgatoriul-lui-andrei-preambul\/#primaryimage\",\"url\":\"https:\/\/mhf.ro\/mm\/wp-content\/uploads\/2020\/10\/preambul.jpg\",\"contentUrl\":\"https:\/\/mhf.ro\/mm\/wp-content\/uploads\/2020\/10\/preambul.jpg\",\"width\":350,\"height\":280},{\"@type\":\"BreadcrumbList\",\"@id\":\"https:\/\/mhf.ro\/mm\/paradoxul-emotiei-temnicer-sau-prizonier-purgatoriul-lui-andrei-preambul\/#breadcrumb\",\"itemListElement\":[{\"@type\":\"ListItem\",\"position\":1,\"name\":\"Prima pagin\u0103\",\"item\":\"https:\/\/mhf.ro\/mm\/\"},{\"@type\":\"ListItem\",\"position\":2,\"name\":\"Paradoxul emotiei \/ temnicer sau prizonier ? &#8211; Purgatoriul lui Andrei, Preambul\"}]},{\"@type\":\"WebSite\",\"@id\":\"https:\/\/mhf.ro\/mm\/#website\",\"url\":\"https:\/\/mhf.ro\/mm\/\",\"name\":\"MHF Photography \u2013 Blog de fotografie, natur\u0103 \u0219i tehnic\u0103 divers\u0103\",\"description\":\"Aventur\u0103 \u00een fiecare cadru.\",\"publisher\":{\"@id\":\"https:\/\/mhf.ro\/mm\/#\/schema\/person\/a3bebf7bdb4bf12f698aff73c7e46c21\"},\"potentialAction\":[{\"@type\":\"SearchAction\",\"target\":{\"@type\":\"EntryPoint\",\"urlTemplate\":\"https:\/\/mhf.ro\/mm\/?s={search_term_string}\"},\"query-input\":{\"@type\":\"PropertyValueSpecification\",\"valueRequired\":true,\"valueName\":\"search_term_string\"}}],\"inLanguage\":\"ro-RO\"},{\"@type\":[\"Person\",\"Organization\"],\"@id\":\"https:\/\/mhf.ro\/mm\/#\/schema\/person\/a3bebf7bdb4bf12f698aff73c7e46c21\",\"name\":\"Marius Marcu\",\"image\":{\"@type\":\"ImageObject\",\"inLanguage\":\"ro-RO\",\"@id\":\"https:\/\/mhf.ro\/mm\/#\/schema\/person\/image\/\",\"url\":\"https:\/\/mhf.ro\/mm\/wp-content\/uploads\/2025\/12\/cropped-logo_mhf_2.png\",\"contentUrl\":\"https:\/\/mhf.ro\/mm\/wp-content\/uploads\/2025\/12\/cropped-logo_mhf_2.png\",\"width\":1096,\"height\":457,\"caption\":\"Marius Marcu\"},\"logo\":{\"@id\":\"https:\/\/mhf.ro\/mm\/#\/schema\/person\/image\/\"},\"sameAs\":[\"https:\/\/mhf.ro\/mm\"],\"url\":\"https:\/\/mhf.ro\/mm\/author\/mihai\/\"}]}<\/script>\n<!-- \/ Yoast SEO plugin. -->","yoast_head_json":{"title":"Paradoxul emotiei \/ temnicer sau prizonier ? - Purgatoriul lui Andrei, Preambul - MHF Photography","robots":{"index":"index","follow":"follow","max-snippet":"max-snippet:-1","max-image-preview":"max-image-preview:large","max-video-preview":"max-video-preview:-1"},"canonical":"https:\/\/mhf.ro\/mm\/paradoxul-emotiei-temnicer-sau-prizonier-purgatoriul-lui-andrei-preambul\/","og_locale":"ro_RO","og_type":"article","og_title":"Paradoxul emotiei \/ temnicer sau prizonier ? - Purgatoriul lui Andrei, Preambul - MHF Photography","og_description":"\u00a0O definitie simpla a emotiei ar fi ca este trairea subiectiva a unui eveniment din propria realitate ; aceasta afirmatie","og_url":"https:\/\/mhf.ro\/mm\/paradoxul-emotiei-temnicer-sau-prizonier-purgatoriul-lui-andrei-preambul\/","og_site_name":"MHF Photography","article_published_time":"2020-10-04T05:00:52+00:00","article_modified_time":"2020-10-09T05:52:21+00:00","og_image":[{"width":350,"height":280,"url":"https:\/\/mhf.ro\/mm\/wp-content\/uploads\/2020\/10\/preambul.jpg","type":"image\/jpeg"}],"author":"Marius Marcu","twitter_card":"summary_large_image","twitter_misc":{"Scris de":"Marius Marcu","Timp estimat pentru citire":"3 minute"},"schema":{"@context":"https:\/\/schema.org","@graph":[{"@type":"Article","@id":"https:\/\/mhf.ro\/mm\/paradoxul-emotiei-temnicer-sau-prizonier-purgatoriul-lui-andrei-preambul\/#article","isPartOf":{"@id":"https:\/\/mhf.ro\/mm\/paradoxul-emotiei-temnicer-sau-prizonier-purgatoriul-lui-andrei-preambul\/"},"author":{"name":"Marius Marcu","@id":"https:\/\/mhf.ro\/mm\/#\/schema\/person\/a3bebf7bdb4bf12f698aff73c7e46c21"},"headline":"Paradoxul emotiei \/ temnicer sau prizonier ? &#8211; Purgatoriul lui Andrei, Preambul","datePublished":"2020-10-04T05:00:52+00:00","dateModified":"2020-10-09T05:52:21+00:00","mainEntityOfPage":{"@id":"https:\/\/mhf.ro\/mm\/paradoxul-emotiei-temnicer-sau-prizonier-purgatoriul-lui-andrei-preambul\/"},"wordCount":665,"commentCount":0,"publisher":{"@id":"https:\/\/mhf.ro\/mm\/#\/schema\/person\/a3bebf7bdb4bf12f698aff73c7e46c21"},"image":{"@id":"https:\/\/mhf.ro\/mm\/paradoxul-emotiei-temnicer-sau-prizonier-purgatoriul-lui-andrei-preambul\/#primaryimage"},"thumbnailUrl":"https:\/\/mhf.ro\/mm\/wp-content\/uploads\/2020\/10\/preambul.jpg","articleSection":["Diverse"],"inLanguage":"ro-RO","potentialAction":[{"@type":"CommentAction","name":"Comment","target":["https:\/\/mhf.ro\/mm\/paradoxul-emotiei-temnicer-sau-prizonier-purgatoriul-lui-andrei-preambul\/#respond"]}]},{"@type":"WebPage","@id":"https:\/\/mhf.ro\/mm\/paradoxul-emotiei-temnicer-sau-prizonier-purgatoriul-lui-andrei-preambul\/","url":"https:\/\/mhf.ro\/mm\/paradoxul-emotiei-temnicer-sau-prizonier-purgatoriul-lui-andrei-preambul\/","name":"Paradoxul emotiei \/ temnicer sau prizonier ? - Purgatoriul lui Andrei, Preambul - MHF Photography","isPartOf":{"@id":"https:\/\/mhf.ro\/mm\/#website"},"primaryImageOfPage":{"@id":"https:\/\/mhf.ro\/mm\/paradoxul-emotiei-temnicer-sau-prizonier-purgatoriul-lui-andrei-preambul\/#primaryimage"},"image":{"@id":"https:\/\/mhf.ro\/mm\/paradoxul-emotiei-temnicer-sau-prizonier-purgatoriul-lui-andrei-preambul\/#primaryimage"},"thumbnailUrl":"https:\/\/mhf.ro\/mm\/wp-content\/uploads\/2020\/10\/preambul.jpg","datePublished":"2020-10-04T05:00:52+00:00","dateModified":"2020-10-09T05:52:21+00:00","breadcrumb":{"@id":"https:\/\/mhf.ro\/mm\/paradoxul-emotiei-temnicer-sau-prizonier-purgatoriul-lui-andrei-preambul\/#breadcrumb"},"inLanguage":"ro-RO","potentialAction":[{"@type":"ReadAction","target":["https:\/\/mhf.ro\/mm\/paradoxul-emotiei-temnicer-sau-prizonier-purgatoriul-lui-andrei-preambul\/"]}]},{"@type":"ImageObject","inLanguage":"ro-RO","@id":"https:\/\/mhf.ro\/mm\/paradoxul-emotiei-temnicer-sau-prizonier-purgatoriul-lui-andrei-preambul\/#primaryimage","url":"https:\/\/mhf.ro\/mm\/wp-content\/uploads\/2020\/10\/preambul.jpg","contentUrl":"https:\/\/mhf.ro\/mm\/wp-content\/uploads\/2020\/10\/preambul.jpg","width":350,"height":280},{"@type":"BreadcrumbList","@id":"https:\/\/mhf.ro\/mm\/paradoxul-emotiei-temnicer-sau-prizonier-purgatoriul-lui-andrei-preambul\/#breadcrumb","itemListElement":[{"@type":"ListItem","position":1,"name":"Prima pagin\u0103","item":"https:\/\/mhf.ro\/mm\/"},{"@type":"ListItem","position":2,"name":"Paradoxul emotiei \/ temnicer sau prizonier ? &#8211; Purgatoriul lui Andrei, Preambul"}]},{"@type":"WebSite","@id":"https:\/\/mhf.ro\/mm\/#website","url":"https:\/\/mhf.ro\/mm\/","name":"MHF Photography \u2013 Blog de fotografie, natur\u0103 \u0219i tehnic\u0103 divers\u0103","description":"Aventur\u0103 \u00een fiecare cadru.","publisher":{"@id":"https:\/\/mhf.ro\/mm\/#\/schema\/person\/a3bebf7bdb4bf12f698aff73c7e46c21"},"potentialAction":[{"@type":"SearchAction","target":{"@type":"EntryPoint","urlTemplate":"https:\/\/mhf.ro\/mm\/?s={search_term_string}"},"query-input":{"@type":"PropertyValueSpecification","valueRequired":true,"valueName":"search_term_string"}}],"inLanguage":"ro-RO"},{"@type":["Person","Organization"],"@id":"https:\/\/mhf.ro\/mm\/#\/schema\/person\/a3bebf7bdb4bf12f698aff73c7e46c21","name":"Marius Marcu","image":{"@type":"ImageObject","inLanguage":"ro-RO","@id":"https:\/\/mhf.ro\/mm\/#\/schema\/person\/image\/","url":"https:\/\/mhf.ro\/mm\/wp-content\/uploads\/2025\/12\/cropped-logo_mhf_2.png","contentUrl":"https:\/\/mhf.ro\/mm\/wp-content\/uploads\/2025\/12\/cropped-logo_mhf_2.png","width":1096,"height":457,"caption":"Marius Marcu"},"logo":{"@id":"https:\/\/mhf.ro\/mm\/#\/schema\/person\/image\/"},"sameAs":["https:\/\/mhf.ro\/mm"],"url":"https:\/\/mhf.ro\/mm\/author\/mihai\/"}]}},"_links":{"self":[{"href":"https:\/\/mhf.ro\/mm\/wp-json\/wp\/v2\/posts\/2459","targetHints":{"allow":["GET"]}}],"collection":[{"href":"https:\/\/mhf.ro\/mm\/wp-json\/wp\/v2\/posts"}],"about":[{"href":"https:\/\/mhf.ro\/mm\/wp-json\/wp\/v2\/types\/post"}],"author":[{"embeddable":true,"href":"https:\/\/mhf.ro\/mm\/wp-json\/wp\/v2\/users\/1"}],"replies":[{"embeddable":true,"href":"https:\/\/mhf.ro\/mm\/wp-json\/wp\/v2\/comments?post=2459"}],"version-history":[{"count":5,"href":"https:\/\/mhf.ro\/mm\/wp-json\/wp\/v2\/posts\/2459\/revisions"}],"predecessor-version":[{"id":2465,"href":"https:\/\/mhf.ro\/mm\/wp-json\/wp\/v2\/posts\/2459\/revisions\/2465"}],"wp:featuredmedia":[{"embeddable":true,"href":"https:\/\/mhf.ro\/mm\/wp-json\/wp\/v2\/media\/2500"}],"wp:attachment":[{"href":"https:\/\/mhf.ro\/mm\/wp-json\/wp\/v2\/media?parent=2459"}],"wp:term":[{"taxonomy":"category","embeddable":true,"href":"https:\/\/mhf.ro\/mm\/wp-json\/wp\/v2\/categories?post=2459"},{"taxonomy":"post_tag","embeddable":true,"href":"https:\/\/mhf.ro\/mm\/wp-json\/wp\/v2\/tags?post=2459"}],"curies":[{"name":"wp","href":"https:\/\/api.w.org\/{rel}","templated":true}]}}