{"id":2486,"date":"2020-10-06T09:45:49","date_gmt":"2020-10-06T07:45:49","guid":{"rendered":"https:\/\/mhf.ro\/mm\/?p=2486"},"modified":"2020-10-09T07:54:33","modified_gmt":"2020-10-09T05:54:33","slug":"monica-anisie-ministrul-educatiei-si-cercetarii-este-foarte-important-pentru-noi-toti-sa-ne-adaptam-sa-fim-alaturi-de-copii-si-sa-continuam-invatarea-in-orice-conditii","status":"publish","type":"post","link":"https:\/\/mhf.ro\/mm\/monica-anisie-ministrul-educatiei-si-cercetarii-este-foarte-important-pentru-noi-toti-sa-ne-adaptam-sa-fim-alaturi-de-copii-si-sa-continuam-invatarea-in-orice-conditii\/","title":{"rendered":"Monica Anisie, ministrul Educa\u021biei \u0219i Cercet\u0103rii: \u201eEste foarte important pentru noi to\u021bi s\u0103 ne adapt\u0103m, s\u0103 fim al\u0103turi de copii \u0219i s\u0103 continu\u0103m \u00eenv\u0103\u021barea \u00een orice condi\u021bii\u201d"},"content":{"rendered":"<div class=\"field field-name-body field-type-text-with-summary field-label-hidden\">\n<div class=\"field-items\">\n<div class=\"field-item even\">\n<p class=\"rtejustify\">Ministerul Educa\u021biei \u0219i Cercet\u0103rii a organizat ast\u0103zi, 5 octombrie 2020, \u00een Aula Bibliotecii Centrale Universitare \u201eCarol I\u201d din Capital\u0103, un eveniment dedicat Zilei Interna\u021bionale a Educa\u021biei.<\/p>\n<p class=\"rtejustify\"><img fetchpriority=\"high\" decoding=\"async\" src=\"https:\/\/www.edu.ro\/sites\/default\/files\/_imagini\/comunicate\/2020\/agenda%20evenimente\/ANA04558.jpg\" alt=\"\" width=\"441\" height=\"347\" \/><img decoding=\"async\" src=\"https:\/\/www.edu.ro\/sites\/default\/files\/_imagini\/comunicate\/2020\/agenda%20evenimente\/ANA04574.jpg\" alt=\"\" width=\"316\" height=\"348\" \/><\/p>\n<p class=\"rtejustify\">Cu acest prilej, ministrul Monica Anisie a mul\u021bumit cadrelor didactice care, cu voca\u021bie \u0219i d\u0103ruire, \u00ee\u0219i desf\u0103\u0219oar\u0103 activitatea indiferent de dificult\u0103\u021bi, exprim\u00e2ndu-\u0219i, \u00een acela\u0219i timp, recuno\u0219tin\u021ba pentru modul \u00een care acestea au \u00een\u021beles s\u0103-\u0219i duc\u0103 misiunea mai departe \u00een condi\u021bii de criz\u0103.<\/p>\n<blockquote>\n<p class=\"rtejustify\">\u00a0\u201e<em><strong>\u00cei felicit pe to\u021bi profesorii care au avut abilitatea de a gestiona criza, de a face fa\u021b\u0103 provoc\u0103rilor \u0219i de a se adapta, astfel \u00eenc\u00e2t educa\u021bia s\u0103 continue! Este demn\u0103 de apreciere \u0219i merit\u0103 admira\u021bia noastr\u0103 disponibilitatea at\u00e2tor cadre didactice care \u0219i-au demonstrat asumarea exemplar\u0103 a menirii pe care o au \u00een educa\u021bie \u0219i implicarea necondi\u021bionat\u0103.\u00a0<\/strong><strong>Adaptabilitatea este cuv\u00e2ntul-cheie \u0219i cred c\u0103 este foarte important pentru noi to\u021bi s\u0103 ne adapt\u0103m, s\u0103 fim al\u0103turi de copii \u0219i s\u0103 continu\u0103m \u00eenv\u0103\u021barea \u00een orice condi\u021bii<\/strong>. <\/em><strong><em>Ne \u00eendrept\u0103m ast\u0103zi g\u00e2ndul de recuno\u0219tin\u021b\u0103 c\u0103tre to\u021bi ace\u0219ti profesori, subliniind c\u0103 ei merit\u0103 aprecierea noastr\u0103 nu doar o dat\u0103 pe an, cu prilejul acestei s\u0103rb\u0103tori, ci au nevoie de sprijinul nostru constant. Tuturor cadrelor didactice care fac cinste profesiei, le transmit aprecierea \u0219i sus\u021binerea mea!\u201d, <\/em><\/strong>a declarat ministrul Monica Anisie.<\/p>\n<\/blockquote>\n<p class=\"rtejustify\"><img decoding=\"async\" src=\"https:\/\/www.edu.ro\/sites\/default\/files\/_imagini\/comunicate\/2020\/agenda%20evenimente\/ANA04586.jpg\" alt=\"\" width=\"390\" height=\"218\" \/><img loading=\"lazy\" decoding=\"async\" src=\"https:\/\/www.edu.ro\/sites\/default\/files\/_imagini\/comunicate\/2020\/agenda%20evenimente\/ANA04613.jpg\" alt=\"\" width=\"460\" height=\"215\" \/><\/p>\n<p class=\"rtejustify\">La r\u00e2ndul s\u0103u, consilierul de stat la Cancelaria Primului-Ministru, Sorin Costreie, a subliniat importan\u021ba continu\u0103rii procesului de \u00eenv\u0103\u021bare prin adaptare la noile realit\u0103\u021bi:<\/p>\n<blockquote>\n<p class=\"rtejustify\"><em>\u201e<strong>\u00cenv\u0103\u021barea este adaptare, iar virtualul este noua realitate. Trebuie, a\u0219adar, s\u0103 ne adapt\u0103m, s\u0103 ne \u00eenv\u0103\u021b\u0103m elevii \u0219i studen\u021bii no\u0219tri at\u00e2t online, c\u00e2t \u0219i offline, dup\u0103 caz. Educa\u021bia este pentru oameni \u0219i despre oameni. Mirarea \u0219i entuziasmul copiilor no\u0219tri trebuie hr\u0103nite. Nu r\u0103m\u00e2ne\u021bi cantona\u021bi \u00een con\u021binuturile materiilor pe care le preda\u021bi!\u201d<\/strong><\/em><\/p>\n<\/blockquote>\n<p class=\"rtejustify\">La eveniment au mai fost prezen\u021bi subsecretarul de stat \u00een Ministerul Educa\u021biei, <strong>Jean Badea<\/strong>, lector universitar la Facultatea de Psihologie \u0219i \u0218tiin\u021bele Educa\u021biei din cadrul Universit\u0103\u021bii Bucure\u0219ti, <strong>Oana Mo\u0219oiu<\/strong>, secretarul \u0219tiin\u021bific al Unit\u0103\u021bii de Cercetare \u00een Educa\u021bie &#8211; Centrul Na\u021bional pentru Politici \u0219i Evaluare \u00een Educa\u021bie, <strong>Gabriela Noveanu<\/strong>, psihologul <strong>Nicoleta Albert<\/strong>, pre\u0219edinte al Asocia\u021biei Proacta Edu, partener al Ministerului Educa\u021biei \u0219i Cercet\u0103rii.<\/p>\n<p class=\"rtejustify\">De asemenea, au intervenit prin Skype <strong>Lumini\u021ba Pl\u0103tic\u0103,<\/strong> directorul \u0218colii Gimnaziale Pardina (Tulcea), <strong>Alexandru M\u00e2\u021b\u0103,<\/strong> profesor de limba francez\u0103 \u0219i inspector de specialitate \u00een cadrul ISJ Vaslui, <strong>Codru\u021ba \u021aerbea<\/strong>, profesor de tehnologie \u00een\u00a0Italia, <strong>Dana Ionescu<\/strong>, profesor de istorie \u0219i director adjunct al unui colegiu din Montreal \u0219i <strong>Oana Dobrescu, <\/strong>jurnalist, corespondent TVR \u00een Spania<strong>.\u00a0 <\/strong>(edu.ro)<\/p>\n<\/div>\n<\/div>\n<\/div>\n","protected":false},"excerpt":{"rendered":"<p>Ministerul Educa\u021biei \u0219i Cercet\u0103rii a organizat ast\u0103zi, 5 octombrie 2020, \u00een Aula Bibliotecii Centrale Universitare \u201eCarol I\u201d din Capital\u0103, un<\/p>\n","protected":false},"author":1,"featured_media":2502,"comment_status":"open","ping_status":"open","sticky":false,"template":"","format":"standard","meta":{"colormag_page_container_layout":"default_layout","colormag_page_sidebar_layout":"default_layout","footnotes":""},"categories":[32,8],"tags":[],"class_list":["post-2486","post","type-post","status-publish","format-standard","has-post-thumbnail","hentry","category-comunicate","category-div"],"yoast_head":"<!-- This site is optimized with the Yoast SEO plugin v27.0 - https:\/\/yoast.com\/product\/yoast-seo-wordpress\/ -->\n<title>Monica Anisie, ministrul Educa\u021biei \u0219i Cercet\u0103rii: \u201eEste foarte important pentru noi to\u021bi s\u0103 ne adapt\u0103m, s\u0103 fim al\u0103turi de copii \u0219i s\u0103 continu\u0103m \u00eenv\u0103\u021barea \u00een orice condi\u021bii\u201d - MHF Photography<\/title>\n<meta name=\"robots\" content=\"index, follow, max-snippet:-1, max-image-preview:large, max-video-preview:-1\" \/>\n<link rel=\"canonical\" href=\"https:\/\/mhf.ro\/mm\/monica-anisie-ministrul-educatiei-si-cercetarii-este-foarte-important-pentru-noi-toti-sa-ne-adaptam-sa-fim-alaturi-de-copii-si-sa-continuam-invatarea-in-orice-conditii\/\" \/>\n<meta property=\"og:locale\" content=\"ro_RO\" \/>\n<meta property=\"og:type\" content=\"article\" \/>\n<meta property=\"og:title\" content=\"Monica Anisie, ministrul Educa\u021biei \u0219i Cercet\u0103rii: \u201eEste foarte important pentru noi to\u021bi s\u0103 ne adapt\u0103m, s\u0103 fim al\u0103turi de copii \u0219i s\u0103 continu\u0103m \u00eenv\u0103\u021barea \u00een orice condi\u021bii\u201d - MHF Photography\" \/>\n<meta property=\"og:description\" content=\"Ministerul Educa\u021biei \u0219i Cercet\u0103rii a organizat ast\u0103zi, 5 octombrie 2020, \u00een Aula Bibliotecii Centrale Universitare \u201eCarol I\u201d din Capital\u0103, un\" \/>\n<meta property=\"og:url\" content=\"https:\/\/mhf.ro\/mm\/monica-anisie-ministrul-educatiei-si-cercetarii-este-foarte-important-pentru-noi-toti-sa-ne-adaptam-sa-fim-alaturi-de-copii-si-sa-continuam-invatarea-in-orice-conditii\/\" \/>\n<meta property=\"og:site_name\" content=\"MHF Photography\" \/>\n<meta property=\"article:published_time\" content=\"2020-10-06T07:45:49+00:00\" \/>\n<meta property=\"article:modified_time\" content=\"2020-10-09T05:54:33+00:00\" \/>\n<meta property=\"og:image\" content=\"https:\/\/mhf.ro\/mm\/wp-content\/uploads\/2020\/10\/ANA04586.jpg\" \/>\n\t<meta property=\"og:image:width\" content=\"1438\" \/>\n\t<meta property=\"og:image:height\" content=\"802\" \/>\n\t<meta property=\"og:image:type\" content=\"image\/jpeg\" \/>\n<meta name=\"author\" content=\"Marius Marcu\" \/>\n<meta name=\"twitter:card\" content=\"summary_large_image\" \/>\n<meta name=\"twitter:label1\" content=\"Scris de\" \/>\n\t<meta name=\"twitter:data1\" content=\"Marius Marcu\" \/>\n\t<meta name=\"twitter:label2\" content=\"Timp estimat pentru citire\" \/>\n\t<meta name=\"twitter:data2\" content=\"2 minute\" \/>\n<script type=\"application\/ld+json\" class=\"yoast-schema-graph\">{\"@context\":\"https:\/\/schema.org\",\"@graph\":[{\"@type\":\"Article\",\"@id\":\"https:\/\/mhf.ro\/mm\/monica-anisie-ministrul-educatiei-si-cercetarii-este-foarte-important-pentru-noi-toti-sa-ne-adaptam-sa-fim-alaturi-de-copii-si-sa-continuam-invatarea-in-orice-conditii\/#article\",\"isPartOf\":{\"@id\":\"https:\/\/mhf.ro\/mm\/monica-anisie-ministrul-educatiei-si-cercetarii-este-foarte-important-pentru-noi-toti-sa-ne-adaptam-sa-fim-alaturi-de-copii-si-sa-continuam-invatarea-in-orice-conditii\/\"},\"author\":{\"name\":\"Marius Marcu\",\"@id\":\"https:\/\/mhf.ro\/mm\/#\/schema\/person\/a3bebf7bdb4bf12f698aff73c7e46c21\"},\"headline\":\"Monica Anisie, ministrul Educa\u021biei \u0219i Cercet\u0103rii: \u201eEste foarte important pentru noi to\u021bi s\u0103 ne adapt\u0103m, s\u0103 fim al\u0103turi de copii \u0219i s\u0103 continu\u0103m \u00eenv\u0103\u021barea \u00een orice condi\u021bii\u201d\",\"datePublished\":\"2020-10-06T07:45:49+00:00\",\"dateModified\":\"2020-10-09T05:54:33+00:00\",\"mainEntityOfPage\":{\"@id\":\"https:\/\/mhf.ro\/mm\/monica-anisie-ministrul-educatiei-si-cercetarii-este-foarte-important-pentru-noi-toti-sa-ne-adaptam-sa-fim-alaturi-de-copii-si-sa-continuam-invatarea-in-orice-conditii\/\"},\"wordCount\":514,\"commentCount\":0,\"publisher\":{\"@id\":\"https:\/\/mhf.ro\/mm\/#\/schema\/person\/a3bebf7bdb4bf12f698aff73c7e46c21\"},\"image\":{\"@id\":\"https:\/\/mhf.ro\/mm\/monica-anisie-ministrul-educatiei-si-cercetarii-este-foarte-important-pentru-noi-toti-sa-ne-adaptam-sa-fim-alaturi-de-copii-si-sa-continuam-invatarea-in-orice-conditii\/#primaryimage\"},\"thumbnailUrl\":\"https:\/\/mhf.ro\/mm\/wp-content\/uploads\/2020\/10\/ANA04586.jpg\",\"articleSection\":[\"Comunicate\",\"Diverse\"],\"inLanguage\":\"ro-RO\",\"potentialAction\":[{\"@type\":\"CommentAction\",\"name\":\"Comment\",\"target\":[\"https:\/\/mhf.ro\/mm\/monica-anisie-ministrul-educatiei-si-cercetarii-este-foarte-important-pentru-noi-toti-sa-ne-adaptam-sa-fim-alaturi-de-copii-si-sa-continuam-invatarea-in-orice-conditii\/#respond\"]}]},{\"@type\":\"WebPage\",\"@id\":\"https:\/\/mhf.ro\/mm\/monica-anisie-ministrul-educatiei-si-cercetarii-este-foarte-important-pentru-noi-toti-sa-ne-adaptam-sa-fim-alaturi-de-copii-si-sa-continuam-invatarea-in-orice-conditii\/\",\"url\":\"https:\/\/mhf.ro\/mm\/monica-anisie-ministrul-educatiei-si-cercetarii-este-foarte-important-pentru-noi-toti-sa-ne-adaptam-sa-fim-alaturi-de-copii-si-sa-continuam-invatarea-in-orice-conditii\/\",\"name\":\"Monica Anisie, ministrul Educa\u021biei \u0219i Cercet\u0103rii: \u201eEste foarte important pentru noi to\u021bi s\u0103 ne adapt\u0103m, s\u0103 fim al\u0103turi de copii \u0219i s\u0103 continu\u0103m \u00eenv\u0103\u021barea \u00een orice condi\u021bii\u201d - MHF Photography\",\"isPartOf\":{\"@id\":\"https:\/\/mhf.ro\/mm\/#website\"},\"primaryImageOfPage\":{\"@id\":\"https:\/\/mhf.ro\/mm\/monica-anisie-ministrul-educatiei-si-cercetarii-este-foarte-important-pentru-noi-toti-sa-ne-adaptam-sa-fim-alaturi-de-copii-si-sa-continuam-invatarea-in-orice-conditii\/#primaryimage\"},\"image\":{\"@id\":\"https:\/\/mhf.ro\/mm\/monica-anisie-ministrul-educatiei-si-cercetarii-este-foarte-important-pentru-noi-toti-sa-ne-adaptam-sa-fim-alaturi-de-copii-si-sa-continuam-invatarea-in-orice-conditii\/#primaryimage\"},\"thumbnailUrl\":\"https:\/\/mhf.ro\/mm\/wp-content\/uploads\/2020\/10\/ANA04586.jpg\",\"datePublished\":\"2020-10-06T07:45:49+00:00\",\"dateModified\":\"2020-10-09T05:54:33+00:00\",\"breadcrumb\":{\"@id\":\"https:\/\/mhf.ro\/mm\/monica-anisie-ministrul-educatiei-si-cercetarii-este-foarte-important-pentru-noi-toti-sa-ne-adaptam-sa-fim-alaturi-de-copii-si-sa-continuam-invatarea-in-orice-conditii\/#breadcrumb\"},\"inLanguage\":\"ro-RO\",\"potentialAction\":[{\"@type\":\"ReadAction\",\"target\":[\"https:\/\/mhf.ro\/mm\/monica-anisie-ministrul-educatiei-si-cercetarii-este-foarte-important-pentru-noi-toti-sa-ne-adaptam-sa-fim-alaturi-de-copii-si-sa-continuam-invatarea-in-orice-conditii\/\"]}]},{\"@type\":\"ImageObject\",\"inLanguage\":\"ro-RO\",\"@id\":\"https:\/\/mhf.ro\/mm\/monica-anisie-ministrul-educatiei-si-cercetarii-este-foarte-important-pentru-noi-toti-sa-ne-adaptam-sa-fim-alaturi-de-copii-si-sa-continuam-invatarea-in-orice-conditii\/#primaryimage\",\"url\":\"https:\/\/mhf.ro\/mm\/wp-content\/uploads\/2020\/10\/ANA04586.jpg\",\"contentUrl\":\"https:\/\/mhf.ro\/mm\/wp-content\/uploads\/2020\/10\/ANA04586.jpg\",\"width\":1438,\"height\":802},{\"@type\":\"BreadcrumbList\",\"@id\":\"https:\/\/mhf.ro\/mm\/monica-anisie-ministrul-educatiei-si-cercetarii-este-foarte-important-pentru-noi-toti-sa-ne-adaptam-sa-fim-alaturi-de-copii-si-sa-continuam-invatarea-in-orice-conditii\/#breadcrumb\",\"itemListElement\":[{\"@type\":\"ListItem\",\"position\":1,\"name\":\"Prima pagin\u0103\",\"item\":\"https:\/\/mhf.ro\/mm\/\"},{\"@type\":\"ListItem\",\"position\":2,\"name\":\"Monica Anisie, ministrul Educa\u021biei \u0219i Cercet\u0103rii: \u201eEste foarte important pentru noi to\u021bi s\u0103 ne adapt\u0103m, s\u0103 fim al\u0103turi de copii \u0219i s\u0103 continu\u0103m \u00eenv\u0103\u021barea \u00een orice condi\u021bii\u201d\"}]},{\"@type\":\"WebSite\",\"@id\":\"https:\/\/mhf.ro\/mm\/#website\",\"url\":\"https:\/\/mhf.ro\/mm\/\",\"name\":\"MHF Photography \u2013 Blog de fotografie, natur\u0103 \u0219i tehnic\u0103 divers\u0103\",\"description\":\"Aventur\u0103 \u00een fiecare cadru.\",\"publisher\":{\"@id\":\"https:\/\/mhf.ro\/mm\/#\/schema\/person\/a3bebf7bdb4bf12f698aff73c7e46c21\"},\"potentialAction\":[{\"@type\":\"SearchAction\",\"target\":{\"@type\":\"EntryPoint\",\"urlTemplate\":\"https:\/\/mhf.ro\/mm\/?s={search_term_string}\"},\"query-input\":{\"@type\":\"PropertyValueSpecification\",\"valueRequired\":true,\"valueName\":\"search_term_string\"}}],\"inLanguage\":\"ro-RO\"},{\"@type\":[\"Person\",\"Organization\"],\"@id\":\"https:\/\/mhf.ro\/mm\/#\/schema\/person\/a3bebf7bdb4bf12f698aff73c7e46c21\",\"name\":\"Marius Marcu\",\"image\":{\"@type\":\"ImageObject\",\"inLanguage\":\"ro-RO\",\"@id\":\"https:\/\/mhf.ro\/mm\/#\/schema\/person\/image\/\",\"url\":\"https:\/\/mhf.ro\/mm\/wp-content\/uploads\/2025\/12\/cropped-logo_mhf_2.png\",\"contentUrl\":\"https:\/\/mhf.ro\/mm\/wp-content\/uploads\/2025\/12\/cropped-logo_mhf_2.png\",\"width\":1096,\"height\":457,\"caption\":\"Marius Marcu\"},\"logo\":{\"@id\":\"https:\/\/mhf.ro\/mm\/#\/schema\/person\/image\/\"},\"sameAs\":[\"https:\/\/mhf.ro\/mm\"],\"url\":\"https:\/\/mhf.ro\/mm\/author\/mihai\/\"}]}<\/script>\n<!-- \/ Yoast SEO plugin. -->","yoast_head_json":{"title":"Monica Anisie, ministrul Educa\u021biei \u0219i Cercet\u0103rii: \u201eEste foarte important pentru noi to\u021bi s\u0103 ne adapt\u0103m, s\u0103 fim al\u0103turi de copii \u0219i s\u0103 continu\u0103m \u00eenv\u0103\u021barea \u00een orice condi\u021bii\u201d - MHF Photography","robots":{"index":"index","follow":"follow","max-snippet":"max-snippet:-1","max-image-preview":"max-image-preview:large","max-video-preview":"max-video-preview:-1"},"canonical":"https:\/\/mhf.ro\/mm\/monica-anisie-ministrul-educatiei-si-cercetarii-este-foarte-important-pentru-noi-toti-sa-ne-adaptam-sa-fim-alaturi-de-copii-si-sa-continuam-invatarea-in-orice-conditii\/","og_locale":"ro_RO","og_type":"article","og_title":"Monica Anisie, ministrul Educa\u021biei \u0219i Cercet\u0103rii: \u201eEste foarte important pentru noi to\u021bi s\u0103 ne adapt\u0103m, s\u0103 fim al\u0103turi de copii \u0219i s\u0103 continu\u0103m \u00eenv\u0103\u021barea \u00een orice condi\u021bii\u201d - MHF Photography","og_description":"Ministerul Educa\u021biei \u0219i Cercet\u0103rii a organizat ast\u0103zi, 5 octombrie 2020, \u00een Aula Bibliotecii Centrale Universitare \u201eCarol I\u201d din Capital\u0103, un","og_url":"https:\/\/mhf.ro\/mm\/monica-anisie-ministrul-educatiei-si-cercetarii-este-foarte-important-pentru-noi-toti-sa-ne-adaptam-sa-fim-alaturi-de-copii-si-sa-continuam-invatarea-in-orice-conditii\/","og_site_name":"MHF Photography","article_published_time":"2020-10-06T07:45:49+00:00","article_modified_time":"2020-10-09T05:54:33+00:00","og_image":[{"width":1438,"height":802,"url":"https:\/\/mhf.ro\/mm\/wp-content\/uploads\/2020\/10\/ANA04586.jpg","type":"image\/jpeg"}],"author":"Marius Marcu","twitter_card":"summary_large_image","twitter_misc":{"Scris de":"Marius Marcu","Timp estimat pentru citire":"2 minute"},"schema":{"@context":"https:\/\/schema.org","@graph":[{"@type":"Article","@id":"https:\/\/mhf.ro\/mm\/monica-anisie-ministrul-educatiei-si-cercetarii-este-foarte-important-pentru-noi-toti-sa-ne-adaptam-sa-fim-alaturi-de-copii-si-sa-continuam-invatarea-in-orice-conditii\/#article","isPartOf":{"@id":"https:\/\/mhf.ro\/mm\/monica-anisie-ministrul-educatiei-si-cercetarii-este-foarte-important-pentru-noi-toti-sa-ne-adaptam-sa-fim-alaturi-de-copii-si-sa-continuam-invatarea-in-orice-conditii\/"},"author":{"name":"Marius Marcu","@id":"https:\/\/mhf.ro\/mm\/#\/schema\/person\/a3bebf7bdb4bf12f698aff73c7e46c21"},"headline":"Monica Anisie, ministrul Educa\u021biei \u0219i Cercet\u0103rii: \u201eEste foarte important pentru noi to\u021bi s\u0103 ne adapt\u0103m, s\u0103 fim al\u0103turi de copii \u0219i s\u0103 continu\u0103m \u00eenv\u0103\u021barea \u00een orice condi\u021bii\u201d","datePublished":"2020-10-06T07:45:49+00:00","dateModified":"2020-10-09T05:54:33+00:00","mainEntityOfPage":{"@id":"https:\/\/mhf.ro\/mm\/monica-anisie-ministrul-educatiei-si-cercetarii-este-foarte-important-pentru-noi-toti-sa-ne-adaptam-sa-fim-alaturi-de-copii-si-sa-continuam-invatarea-in-orice-conditii\/"},"wordCount":514,"commentCount":0,"publisher":{"@id":"https:\/\/mhf.ro\/mm\/#\/schema\/person\/a3bebf7bdb4bf12f698aff73c7e46c21"},"image":{"@id":"https:\/\/mhf.ro\/mm\/monica-anisie-ministrul-educatiei-si-cercetarii-este-foarte-important-pentru-noi-toti-sa-ne-adaptam-sa-fim-alaturi-de-copii-si-sa-continuam-invatarea-in-orice-conditii\/#primaryimage"},"thumbnailUrl":"https:\/\/mhf.ro\/mm\/wp-content\/uploads\/2020\/10\/ANA04586.jpg","articleSection":["Comunicate","Diverse"],"inLanguage":"ro-RO","potentialAction":[{"@type":"CommentAction","name":"Comment","target":["https:\/\/mhf.ro\/mm\/monica-anisie-ministrul-educatiei-si-cercetarii-este-foarte-important-pentru-noi-toti-sa-ne-adaptam-sa-fim-alaturi-de-copii-si-sa-continuam-invatarea-in-orice-conditii\/#respond"]}]},{"@type":"WebPage","@id":"https:\/\/mhf.ro\/mm\/monica-anisie-ministrul-educatiei-si-cercetarii-este-foarte-important-pentru-noi-toti-sa-ne-adaptam-sa-fim-alaturi-de-copii-si-sa-continuam-invatarea-in-orice-conditii\/","url":"https:\/\/mhf.ro\/mm\/monica-anisie-ministrul-educatiei-si-cercetarii-este-foarte-important-pentru-noi-toti-sa-ne-adaptam-sa-fim-alaturi-de-copii-si-sa-continuam-invatarea-in-orice-conditii\/","name":"Monica Anisie, ministrul Educa\u021biei \u0219i Cercet\u0103rii: \u201eEste foarte important pentru noi to\u021bi s\u0103 ne adapt\u0103m, s\u0103 fim al\u0103turi de copii \u0219i s\u0103 continu\u0103m \u00eenv\u0103\u021barea \u00een orice condi\u021bii\u201d - MHF Photography","isPartOf":{"@id":"https:\/\/mhf.ro\/mm\/#website"},"primaryImageOfPage":{"@id":"https:\/\/mhf.ro\/mm\/monica-anisie-ministrul-educatiei-si-cercetarii-este-foarte-important-pentru-noi-toti-sa-ne-adaptam-sa-fim-alaturi-de-copii-si-sa-continuam-invatarea-in-orice-conditii\/#primaryimage"},"image":{"@id":"https:\/\/mhf.ro\/mm\/monica-anisie-ministrul-educatiei-si-cercetarii-este-foarte-important-pentru-noi-toti-sa-ne-adaptam-sa-fim-alaturi-de-copii-si-sa-continuam-invatarea-in-orice-conditii\/#primaryimage"},"thumbnailUrl":"https:\/\/mhf.ro\/mm\/wp-content\/uploads\/2020\/10\/ANA04586.jpg","datePublished":"2020-10-06T07:45:49+00:00","dateModified":"2020-10-09T05:54:33+00:00","breadcrumb":{"@id":"https:\/\/mhf.ro\/mm\/monica-anisie-ministrul-educatiei-si-cercetarii-este-foarte-important-pentru-noi-toti-sa-ne-adaptam-sa-fim-alaturi-de-copii-si-sa-continuam-invatarea-in-orice-conditii\/#breadcrumb"},"inLanguage":"ro-RO","potentialAction":[{"@type":"ReadAction","target":["https:\/\/mhf.ro\/mm\/monica-anisie-ministrul-educatiei-si-cercetarii-este-foarte-important-pentru-noi-toti-sa-ne-adaptam-sa-fim-alaturi-de-copii-si-sa-continuam-invatarea-in-orice-conditii\/"]}]},{"@type":"ImageObject","inLanguage":"ro-RO","@id":"https:\/\/mhf.ro\/mm\/monica-anisie-ministrul-educatiei-si-cercetarii-este-foarte-important-pentru-noi-toti-sa-ne-adaptam-sa-fim-alaturi-de-copii-si-sa-continuam-invatarea-in-orice-conditii\/#primaryimage","url":"https:\/\/mhf.ro\/mm\/wp-content\/uploads\/2020\/10\/ANA04586.jpg","contentUrl":"https:\/\/mhf.ro\/mm\/wp-content\/uploads\/2020\/10\/ANA04586.jpg","width":1438,"height":802},{"@type":"BreadcrumbList","@id":"https:\/\/mhf.ro\/mm\/monica-anisie-ministrul-educatiei-si-cercetarii-este-foarte-important-pentru-noi-toti-sa-ne-adaptam-sa-fim-alaturi-de-copii-si-sa-continuam-invatarea-in-orice-conditii\/#breadcrumb","itemListElement":[{"@type":"ListItem","position":1,"name":"Prima pagin\u0103","item":"https:\/\/mhf.ro\/mm\/"},{"@type":"ListItem","position":2,"name":"Monica Anisie, ministrul Educa\u021biei \u0219i Cercet\u0103rii: \u201eEste foarte important pentru noi to\u021bi s\u0103 ne adapt\u0103m, s\u0103 fim al\u0103turi de copii \u0219i s\u0103 continu\u0103m \u00eenv\u0103\u021barea \u00een orice condi\u021bii\u201d"}]},{"@type":"WebSite","@id":"https:\/\/mhf.ro\/mm\/#website","url":"https:\/\/mhf.ro\/mm\/","name":"MHF Photography \u2013 Blog de fotografie, natur\u0103 \u0219i tehnic\u0103 divers\u0103","description":"Aventur\u0103 \u00een fiecare cadru.","publisher":{"@id":"https:\/\/mhf.ro\/mm\/#\/schema\/person\/a3bebf7bdb4bf12f698aff73c7e46c21"},"potentialAction":[{"@type":"SearchAction","target":{"@type":"EntryPoint","urlTemplate":"https:\/\/mhf.ro\/mm\/?s={search_term_string}"},"query-input":{"@type":"PropertyValueSpecification","valueRequired":true,"valueName":"search_term_string"}}],"inLanguage":"ro-RO"},{"@type":["Person","Organization"],"@id":"https:\/\/mhf.ro\/mm\/#\/schema\/person\/a3bebf7bdb4bf12f698aff73c7e46c21","name":"Marius Marcu","image":{"@type":"ImageObject","inLanguage":"ro-RO","@id":"https:\/\/mhf.ro\/mm\/#\/schema\/person\/image\/","url":"https:\/\/mhf.ro\/mm\/wp-content\/uploads\/2025\/12\/cropped-logo_mhf_2.png","contentUrl":"https:\/\/mhf.ro\/mm\/wp-content\/uploads\/2025\/12\/cropped-logo_mhf_2.png","width":1096,"height":457,"caption":"Marius Marcu"},"logo":{"@id":"https:\/\/mhf.ro\/mm\/#\/schema\/person\/image\/"},"sameAs":["https:\/\/mhf.ro\/mm"],"url":"https:\/\/mhf.ro\/mm\/author\/mihai\/"}]}},"_links":{"self":[{"href":"https:\/\/mhf.ro\/mm\/wp-json\/wp\/v2\/posts\/2486","targetHints":{"allow":["GET"]}}],"collection":[{"href":"https:\/\/mhf.ro\/mm\/wp-json\/wp\/v2\/posts"}],"about":[{"href":"https:\/\/mhf.ro\/mm\/wp-json\/wp\/v2\/types\/post"}],"author":[{"embeddable":true,"href":"https:\/\/mhf.ro\/mm\/wp-json\/wp\/v2\/users\/1"}],"replies":[{"embeddable":true,"href":"https:\/\/mhf.ro\/mm\/wp-json\/wp\/v2\/comments?post=2486"}],"version-history":[{"count":1,"href":"https:\/\/mhf.ro\/mm\/wp-json\/wp\/v2\/posts\/2486\/revisions"}],"predecessor-version":[{"id":2488,"href":"https:\/\/mhf.ro\/mm\/wp-json\/wp\/v2\/posts\/2486\/revisions\/2488"}],"wp:featuredmedia":[{"embeddable":true,"href":"https:\/\/mhf.ro\/mm\/wp-json\/wp\/v2\/media\/2502"}],"wp:attachment":[{"href":"https:\/\/mhf.ro\/mm\/wp-json\/wp\/v2\/media?parent=2486"}],"wp:term":[{"taxonomy":"category","embeddable":true,"href":"https:\/\/mhf.ro\/mm\/wp-json\/wp\/v2\/categories?post=2486"},{"taxonomy":"post_tag","embeddable":true,"href":"https:\/\/mhf.ro\/mm\/wp-json\/wp\/v2\/tags?post=2486"}],"curies":[{"name":"wp","href":"https:\/\/api.w.org\/{rel}","templated":true}]}}