{"id":2531,"date":"2020-10-10T07:55:30","date_gmt":"2020-10-10T05:55:30","guid":{"rendered":"https:\/\/mhf.ro\/mm\/?p=2531"},"modified":"2020-10-10T07:55:30","modified_gmt":"2020-10-10T05:55:30","slug":"suplimentare-cu-750-de-posturi-pentru-buna-desfasurare-a-activitatii-in-invatamantul-preuniversitar-in-anul-scolar-2020-2021","status":"publish","type":"post","link":"https:\/\/mhf.ro\/mm\/suplimentare-cu-750-de-posturi-pentru-buna-desfasurare-a-activitatii-in-invatamantul-preuniversitar-in-anul-scolar-2020-2021\/","title":{"rendered":"Suplimentare cu 750 de posturi pentru buna desf\u0103\u0219urare a activit\u0103\u021bii \u00een \u00eenv\u0103\u021b\u0103m\u00e2ntul preuniversitar, \u00een anul \u0219colar 2020-2021"},"content":{"rendered":"<div class=\"field field-name-body field-type-text-with-summary field-label-hidden\">\n<div class=\"field-items\">\n<div class=\"field-item even\">\n<p class=\"rtejustify\">Guvernul Rom\u00e2niei a aprobat \u00een \u0219edin\u021ba de ast\u0103zi, 8 octombrie, suplimentarea cu 750 de posturi a necesarului pentru personalul din unit\u0103\u021bile de \u00eenv\u0103\u021b\u0103m\u00e2nt preuniversitar de stat. Decizia este complementar\u0103 celei adoptate la \u00eenceputul anului \u0219colar 2020-2021, potrivit c\u0103reia num\u0103rul de posturi necesare pentru desf\u0103\u0219urarea \u00een condi\u021bii optime a activit\u0103\u021bii \u00een unit\u0103\u021bile de \u00eenv\u0103\u021b\u0103m\u00e2nt preuniversitar de stat a fost, ini\u021bial, suplimentat cu 500. \u00cen total, schema de personal \u00een sistemul de \u00eenv\u0103\u021b\u0103m\u00e2nt preuniversitar \u00een acest an \u0219colar a fost suplimentat\u0103 cu 1.250 de posturi.<\/p>\n<p class=\"rtejustify\">Urmare a hot\u0103r\u00e2rii aprobate ast\u0103zi, num\u0103rul total de posturi din \u00eenv\u0103\u021b\u0103m\u00e2ntul preuniversitar de stat, inclusiv \u00een\u00a0\u00eenv\u0103\u021b\u0103m\u00e2ntul special, \u00een centrele jude\u021bene de resurse \u0219i asisten\u021b\u0103 educa\u021bional\u0103\/Centrul Municipiului Bucure\u0219ti de Resurse \u0219i Asisten\u021b\u0103 Educa\u021bional\u0103, este de 286.710 posturi.<\/p>\n<p class=\"rtejustify\">Reglementarea stabilit\u0103 de Executiv are ca scop asigurarea dreptului la educa\u021bie al elevilor, \u00een contextul \u00een care, noul an \u0219colar a \u00eenceput \u00een condi\u021biile prev\u0103zute de starea de alert\u0103. Mai exact, organizarea activit\u0103\u021bilor didactice pe durata st\u0103rii de alert\u0103 presupune dispunerea unor m\u0103suri stricte de igien\u0103 \u0219i distan\u021bare social\u0103, fapt care determin\u0103 mic\u0219orarea efectivului de elevi la clas\u0103 \u0219i cre\u0219terea num\u0103rului de clase, implicit a num\u0103rului de posturi.<\/p>\n<p class=\"rtejustify\">\u00cen anul 2020, cheltuielile bugetare se vor face cu \u00eencadrarea \u00een bugetul aprobat Ministerului Educa\u021biei \u0219i Cercet\u0103rii. \u00cen viitorii ani financiari, cheltuielile bugetare se vor realiza cu \u00eencadrarea \u00een fondurile aprobate prin legile bugetare anuale.<\/p>\n<p class=\"rtejustify\">Ministerul Educa\u021biei \u0219i Cercet\u0103rii, \u00een calitate de autoritate de stat, \u00een conformitate cu prevederile art. 32 din Constitu\u021bia Rom\u00e2niei, republicat\u0103, \u0219i-a \u00eendeplinit obliga\u021biile ce-i revin, prin punerea \u00een aplicare a cadrului legal \u0219i prin\u00a0asigurarea exercit\u0103rii dreptului fundamental la educa\u021bie, \u00een condi\u021biile st\u0103rii de urgen\u021b\u0103 \u0219i ale st\u0103rii de alert\u0103.<\/p>\n<p class=\"rtejustify\">\u00cen acest sens, a fost emis\u0103 OUG nr. 141\/2020 privind instituirea unor m\u0103suri pentru buna func\u021bionare a sistemului de \u00eenv\u0103\u021b\u0103m\u00e2nt \u0219i pentru modificarea \u0219i completarea Legii educa\u021biei na\u021bionale nr. 1\/2011, precum \u0219i ordinul comun MEC\/MS nr. 5487\/1494\/2020 pentru aprobarea m\u0103surilor de organizare a activit\u0103\u021bii \u00een cadrul unit\u0103\u021bilor\/institu\u021biilor de \u00eenv\u0103\u021b\u0103m\u00e2nt \u00een condi\u021bii de siguran\u021b\u0103 epidemiologic\u0103 pentru prevenirea \u00eemboln\u0103virilor cu virusul SARS-CoV-2, prin care au fost instituite m\u0103suri specifice de protec\u021bie a elevilor \u0219i a personalului din \u00eenv\u0103\u021b\u0103m\u00e2nt, pentru ca activitatea didactic\u0103 s\u0103 se poat\u0103 desf\u0103\u0219ura \u00een condi\u021bii de siguran\u021b\u0103 sanitar\u0103. (conf edu.ro)<\/p>\n<\/div>\n<\/div>\n<\/div>\n","protected":false},"excerpt":{"rendered":"<p>Guvernul Rom\u00e2niei a aprobat \u00een \u0219edin\u021ba de ast\u0103zi, 8 octombrie, suplimentarea cu 750 de posturi a necesarului pentru personalul din<\/p>\n","protected":false},"author":1,"featured_media":2532,"comment_status":"open","ping_status":"open","sticky":false,"template":"","format":"standard","meta":{"colormag_page_container_layout":"default_layout","colormag_page_sidebar_layout":"default_layout","footnotes":""},"categories":[32,5],"tags":[],"class_list":["post-2531","post","type-post","status-publish","format-standard","has-post-thumbnail","hentry","category-comunicate","category-locale"],"yoast_head":"<!-- This site is optimized with the Yoast SEO plugin v27.0 - https:\/\/yoast.com\/product\/yoast-seo-wordpress\/ -->\n<title>Suplimentare cu 750 de posturi pentru buna desf\u0103\u0219urare a activit\u0103\u021bii \u00een \u00eenv\u0103\u021b\u0103m\u00e2ntul preuniversitar, \u00een anul \u0219colar 2020-2021 - MHF Photography<\/title>\n<meta name=\"robots\" content=\"index, follow, max-snippet:-1, max-image-preview:large, max-video-preview:-1\" \/>\n<link rel=\"canonical\" href=\"https:\/\/mhf.ro\/mm\/suplimentare-cu-750-de-posturi-pentru-buna-desfasurare-a-activitatii-in-invatamantul-preuniversitar-in-anul-scolar-2020-2021\/\" \/>\n<meta property=\"og:locale\" content=\"ro_RO\" \/>\n<meta property=\"og:type\" content=\"article\" \/>\n<meta property=\"og:title\" content=\"Suplimentare cu 750 de posturi pentru buna desf\u0103\u0219urare a activit\u0103\u021bii \u00een \u00eenv\u0103\u021b\u0103m\u00e2ntul preuniversitar, \u00een anul \u0219colar 2020-2021 - MHF Photography\" \/>\n<meta property=\"og:description\" content=\"Guvernul Rom\u00e2niei a aprobat \u00een \u0219edin\u021ba de ast\u0103zi, 8 octombrie, suplimentarea cu 750 de posturi a necesarului pentru personalul din\" \/>\n<meta property=\"og:url\" content=\"https:\/\/mhf.ro\/mm\/suplimentare-cu-750-de-posturi-pentru-buna-desfasurare-a-activitatii-in-invatamantul-preuniversitar-in-anul-scolar-2020-2021\/\" \/>\n<meta property=\"og:site_name\" content=\"MHF Photography\" \/>\n<meta property=\"article:published_time\" content=\"2020-10-10T05:55:30+00:00\" \/>\n<meta property=\"og:image\" content=\"https:\/\/mhf.ro\/mm\/wp-content\/uploads\/2020\/10\/elevi_121.jpg\" \/>\n\t<meta property=\"og:image:width\" content=\"1280\" \/>\n\t<meta property=\"og:image:height\" content=\"849\" \/>\n\t<meta property=\"og:image:type\" content=\"image\/jpeg\" \/>\n<meta name=\"author\" content=\"Marius Marcu\" \/>\n<meta name=\"twitter:card\" content=\"summary_large_image\" \/>\n<meta name=\"twitter:label1\" content=\"Scris de\" \/>\n\t<meta name=\"twitter:data1\" content=\"Marius Marcu\" \/>\n\t<meta name=\"twitter:label2\" content=\"Timp estimat pentru citire\" \/>\n\t<meta name=\"twitter:data2\" content=\"2 minute\" \/>\n<script type=\"application\/ld+json\" class=\"yoast-schema-graph\">{\"@context\":\"https:\/\/schema.org\",\"@graph\":[{\"@type\":\"Article\",\"@id\":\"https:\/\/mhf.ro\/mm\/suplimentare-cu-750-de-posturi-pentru-buna-desfasurare-a-activitatii-in-invatamantul-preuniversitar-in-anul-scolar-2020-2021\/#article\",\"isPartOf\":{\"@id\":\"https:\/\/mhf.ro\/mm\/suplimentare-cu-750-de-posturi-pentru-buna-desfasurare-a-activitatii-in-invatamantul-preuniversitar-in-anul-scolar-2020-2021\/\"},\"author\":{\"name\":\"Marius Marcu\",\"@id\":\"https:\/\/mhf.ro\/mm\/#\/schema\/person\/a3bebf7bdb4bf12f698aff73c7e46c21\"},\"headline\":\"Suplimentare cu 750 de posturi pentru buna desf\u0103\u0219urare a activit\u0103\u021bii \u00een \u00eenv\u0103\u021b\u0103m\u00e2ntul preuniversitar, \u00een anul \u0219colar 2020-2021\",\"datePublished\":\"2020-10-10T05:55:30+00:00\",\"mainEntityOfPage\":{\"@id\":\"https:\/\/mhf.ro\/mm\/suplimentare-cu-750-de-posturi-pentru-buna-desfasurare-a-activitatii-in-invatamantul-preuniversitar-in-anul-scolar-2020-2021\/\"},\"wordCount\":450,\"commentCount\":0,\"publisher\":{\"@id\":\"https:\/\/mhf.ro\/mm\/#\/schema\/person\/a3bebf7bdb4bf12f698aff73c7e46c21\"},\"image\":{\"@id\":\"https:\/\/mhf.ro\/mm\/suplimentare-cu-750-de-posturi-pentru-buna-desfasurare-a-activitatii-in-invatamantul-preuniversitar-in-anul-scolar-2020-2021\/#primaryimage\"},\"thumbnailUrl\":\"https:\/\/mhf.ro\/mm\/wp-content\/uploads\/2020\/10\/elevi_121.jpg\",\"articleSection\":[\"Comunicate\",\"Locale\"],\"inLanguage\":\"ro-RO\",\"potentialAction\":[{\"@type\":\"CommentAction\",\"name\":\"Comment\",\"target\":[\"https:\/\/mhf.ro\/mm\/suplimentare-cu-750-de-posturi-pentru-buna-desfasurare-a-activitatii-in-invatamantul-preuniversitar-in-anul-scolar-2020-2021\/#respond\"]}]},{\"@type\":\"WebPage\",\"@id\":\"https:\/\/mhf.ro\/mm\/suplimentare-cu-750-de-posturi-pentru-buna-desfasurare-a-activitatii-in-invatamantul-preuniversitar-in-anul-scolar-2020-2021\/\",\"url\":\"https:\/\/mhf.ro\/mm\/suplimentare-cu-750-de-posturi-pentru-buna-desfasurare-a-activitatii-in-invatamantul-preuniversitar-in-anul-scolar-2020-2021\/\",\"name\":\"Suplimentare cu 750 de posturi pentru buna desf\u0103\u0219urare a activit\u0103\u021bii \u00een \u00eenv\u0103\u021b\u0103m\u00e2ntul preuniversitar, \u00een anul \u0219colar 2020-2021 - MHF Photography\",\"isPartOf\":{\"@id\":\"https:\/\/mhf.ro\/mm\/#website\"},\"primaryImageOfPage\":{\"@id\":\"https:\/\/mhf.ro\/mm\/suplimentare-cu-750-de-posturi-pentru-buna-desfasurare-a-activitatii-in-invatamantul-preuniversitar-in-anul-scolar-2020-2021\/#primaryimage\"},\"image\":{\"@id\":\"https:\/\/mhf.ro\/mm\/suplimentare-cu-750-de-posturi-pentru-buna-desfasurare-a-activitatii-in-invatamantul-preuniversitar-in-anul-scolar-2020-2021\/#primaryimage\"},\"thumbnailUrl\":\"https:\/\/mhf.ro\/mm\/wp-content\/uploads\/2020\/10\/elevi_121.jpg\",\"datePublished\":\"2020-10-10T05:55:30+00:00\",\"breadcrumb\":{\"@id\":\"https:\/\/mhf.ro\/mm\/suplimentare-cu-750-de-posturi-pentru-buna-desfasurare-a-activitatii-in-invatamantul-preuniversitar-in-anul-scolar-2020-2021\/#breadcrumb\"},\"inLanguage\":\"ro-RO\",\"potentialAction\":[{\"@type\":\"ReadAction\",\"target\":[\"https:\/\/mhf.ro\/mm\/suplimentare-cu-750-de-posturi-pentru-buna-desfasurare-a-activitatii-in-invatamantul-preuniversitar-in-anul-scolar-2020-2021\/\"]}]},{\"@type\":\"ImageObject\",\"inLanguage\":\"ro-RO\",\"@id\":\"https:\/\/mhf.ro\/mm\/suplimentare-cu-750-de-posturi-pentru-buna-desfasurare-a-activitatii-in-invatamantul-preuniversitar-in-anul-scolar-2020-2021\/#primaryimage\",\"url\":\"https:\/\/mhf.ro\/mm\/wp-content\/uploads\/2020\/10\/elevi_121.jpg\",\"contentUrl\":\"https:\/\/mhf.ro\/mm\/wp-content\/uploads\/2020\/10\/elevi_121.jpg\",\"width\":1280,\"height\":849},{\"@type\":\"BreadcrumbList\",\"@id\":\"https:\/\/mhf.ro\/mm\/suplimentare-cu-750-de-posturi-pentru-buna-desfasurare-a-activitatii-in-invatamantul-preuniversitar-in-anul-scolar-2020-2021\/#breadcrumb\",\"itemListElement\":[{\"@type\":\"ListItem\",\"position\":1,\"name\":\"Prima pagin\u0103\",\"item\":\"https:\/\/mhf.ro\/mm\/\"},{\"@type\":\"ListItem\",\"position\":2,\"name\":\"Suplimentare cu 750 de posturi pentru buna desf\u0103\u0219urare a activit\u0103\u021bii \u00een \u00eenv\u0103\u021b\u0103m\u00e2ntul preuniversitar, \u00een anul \u0219colar 2020-2021\"}]},{\"@type\":\"WebSite\",\"@id\":\"https:\/\/mhf.ro\/mm\/#website\",\"url\":\"https:\/\/mhf.ro\/mm\/\",\"name\":\"MHF Photography \u2013 Blog de fotografie, natur\u0103 \u0219i tehnic\u0103 divers\u0103\",\"description\":\"Aventur\u0103 \u00een fiecare cadru.\",\"publisher\":{\"@id\":\"https:\/\/mhf.ro\/mm\/#\/schema\/person\/a3bebf7bdb4bf12f698aff73c7e46c21\"},\"potentialAction\":[{\"@type\":\"SearchAction\",\"target\":{\"@type\":\"EntryPoint\",\"urlTemplate\":\"https:\/\/mhf.ro\/mm\/?s={search_term_string}\"},\"query-input\":{\"@type\":\"PropertyValueSpecification\",\"valueRequired\":true,\"valueName\":\"search_term_string\"}}],\"inLanguage\":\"ro-RO\"},{\"@type\":[\"Person\",\"Organization\"],\"@id\":\"https:\/\/mhf.ro\/mm\/#\/schema\/person\/a3bebf7bdb4bf12f698aff73c7e46c21\",\"name\":\"Marius Marcu\",\"image\":{\"@type\":\"ImageObject\",\"inLanguage\":\"ro-RO\",\"@id\":\"https:\/\/mhf.ro\/mm\/#\/schema\/person\/image\/\",\"url\":\"https:\/\/mhf.ro\/mm\/wp-content\/uploads\/2025\/12\/cropped-logo_mhf_2.png\",\"contentUrl\":\"https:\/\/mhf.ro\/mm\/wp-content\/uploads\/2025\/12\/cropped-logo_mhf_2.png\",\"width\":1096,\"height\":457,\"caption\":\"Marius Marcu\"},\"logo\":{\"@id\":\"https:\/\/mhf.ro\/mm\/#\/schema\/person\/image\/\"},\"sameAs\":[\"https:\/\/mhf.ro\/mm\"],\"url\":\"https:\/\/mhf.ro\/mm\/author\/mihai\/\"}]}<\/script>\n<!-- \/ Yoast SEO plugin. -->","yoast_head_json":{"title":"Suplimentare cu 750 de posturi pentru buna desf\u0103\u0219urare a activit\u0103\u021bii \u00een \u00eenv\u0103\u021b\u0103m\u00e2ntul preuniversitar, \u00een anul \u0219colar 2020-2021 - MHF Photography","robots":{"index":"index","follow":"follow","max-snippet":"max-snippet:-1","max-image-preview":"max-image-preview:large","max-video-preview":"max-video-preview:-1"},"canonical":"https:\/\/mhf.ro\/mm\/suplimentare-cu-750-de-posturi-pentru-buna-desfasurare-a-activitatii-in-invatamantul-preuniversitar-in-anul-scolar-2020-2021\/","og_locale":"ro_RO","og_type":"article","og_title":"Suplimentare cu 750 de posturi pentru buna desf\u0103\u0219urare a activit\u0103\u021bii \u00een \u00eenv\u0103\u021b\u0103m\u00e2ntul preuniversitar, \u00een anul \u0219colar 2020-2021 - MHF Photography","og_description":"Guvernul Rom\u00e2niei a aprobat \u00een \u0219edin\u021ba de ast\u0103zi, 8 octombrie, suplimentarea cu 750 de posturi a necesarului pentru personalul din","og_url":"https:\/\/mhf.ro\/mm\/suplimentare-cu-750-de-posturi-pentru-buna-desfasurare-a-activitatii-in-invatamantul-preuniversitar-in-anul-scolar-2020-2021\/","og_site_name":"MHF Photography","article_published_time":"2020-10-10T05:55:30+00:00","og_image":[{"width":1280,"height":849,"url":"https:\/\/mhf.ro\/mm\/wp-content\/uploads\/2020\/10\/elevi_121.jpg","type":"image\/jpeg"}],"author":"Marius Marcu","twitter_card":"summary_large_image","twitter_misc":{"Scris de":"Marius Marcu","Timp estimat pentru citire":"2 minute"},"schema":{"@context":"https:\/\/schema.org","@graph":[{"@type":"Article","@id":"https:\/\/mhf.ro\/mm\/suplimentare-cu-750-de-posturi-pentru-buna-desfasurare-a-activitatii-in-invatamantul-preuniversitar-in-anul-scolar-2020-2021\/#article","isPartOf":{"@id":"https:\/\/mhf.ro\/mm\/suplimentare-cu-750-de-posturi-pentru-buna-desfasurare-a-activitatii-in-invatamantul-preuniversitar-in-anul-scolar-2020-2021\/"},"author":{"name":"Marius Marcu","@id":"https:\/\/mhf.ro\/mm\/#\/schema\/person\/a3bebf7bdb4bf12f698aff73c7e46c21"},"headline":"Suplimentare cu 750 de posturi pentru buna desf\u0103\u0219urare a activit\u0103\u021bii \u00een \u00eenv\u0103\u021b\u0103m\u00e2ntul preuniversitar, \u00een anul \u0219colar 2020-2021","datePublished":"2020-10-10T05:55:30+00:00","mainEntityOfPage":{"@id":"https:\/\/mhf.ro\/mm\/suplimentare-cu-750-de-posturi-pentru-buna-desfasurare-a-activitatii-in-invatamantul-preuniversitar-in-anul-scolar-2020-2021\/"},"wordCount":450,"commentCount":0,"publisher":{"@id":"https:\/\/mhf.ro\/mm\/#\/schema\/person\/a3bebf7bdb4bf12f698aff73c7e46c21"},"image":{"@id":"https:\/\/mhf.ro\/mm\/suplimentare-cu-750-de-posturi-pentru-buna-desfasurare-a-activitatii-in-invatamantul-preuniversitar-in-anul-scolar-2020-2021\/#primaryimage"},"thumbnailUrl":"https:\/\/mhf.ro\/mm\/wp-content\/uploads\/2020\/10\/elevi_121.jpg","articleSection":["Comunicate","Locale"],"inLanguage":"ro-RO","potentialAction":[{"@type":"CommentAction","name":"Comment","target":["https:\/\/mhf.ro\/mm\/suplimentare-cu-750-de-posturi-pentru-buna-desfasurare-a-activitatii-in-invatamantul-preuniversitar-in-anul-scolar-2020-2021\/#respond"]}]},{"@type":"WebPage","@id":"https:\/\/mhf.ro\/mm\/suplimentare-cu-750-de-posturi-pentru-buna-desfasurare-a-activitatii-in-invatamantul-preuniversitar-in-anul-scolar-2020-2021\/","url":"https:\/\/mhf.ro\/mm\/suplimentare-cu-750-de-posturi-pentru-buna-desfasurare-a-activitatii-in-invatamantul-preuniversitar-in-anul-scolar-2020-2021\/","name":"Suplimentare cu 750 de posturi pentru buna desf\u0103\u0219urare a activit\u0103\u021bii \u00een \u00eenv\u0103\u021b\u0103m\u00e2ntul preuniversitar, \u00een anul \u0219colar 2020-2021 - MHF Photography","isPartOf":{"@id":"https:\/\/mhf.ro\/mm\/#website"},"primaryImageOfPage":{"@id":"https:\/\/mhf.ro\/mm\/suplimentare-cu-750-de-posturi-pentru-buna-desfasurare-a-activitatii-in-invatamantul-preuniversitar-in-anul-scolar-2020-2021\/#primaryimage"},"image":{"@id":"https:\/\/mhf.ro\/mm\/suplimentare-cu-750-de-posturi-pentru-buna-desfasurare-a-activitatii-in-invatamantul-preuniversitar-in-anul-scolar-2020-2021\/#primaryimage"},"thumbnailUrl":"https:\/\/mhf.ro\/mm\/wp-content\/uploads\/2020\/10\/elevi_121.jpg","datePublished":"2020-10-10T05:55:30+00:00","breadcrumb":{"@id":"https:\/\/mhf.ro\/mm\/suplimentare-cu-750-de-posturi-pentru-buna-desfasurare-a-activitatii-in-invatamantul-preuniversitar-in-anul-scolar-2020-2021\/#breadcrumb"},"inLanguage":"ro-RO","potentialAction":[{"@type":"ReadAction","target":["https:\/\/mhf.ro\/mm\/suplimentare-cu-750-de-posturi-pentru-buna-desfasurare-a-activitatii-in-invatamantul-preuniversitar-in-anul-scolar-2020-2021\/"]}]},{"@type":"ImageObject","inLanguage":"ro-RO","@id":"https:\/\/mhf.ro\/mm\/suplimentare-cu-750-de-posturi-pentru-buna-desfasurare-a-activitatii-in-invatamantul-preuniversitar-in-anul-scolar-2020-2021\/#primaryimage","url":"https:\/\/mhf.ro\/mm\/wp-content\/uploads\/2020\/10\/elevi_121.jpg","contentUrl":"https:\/\/mhf.ro\/mm\/wp-content\/uploads\/2020\/10\/elevi_121.jpg","width":1280,"height":849},{"@type":"BreadcrumbList","@id":"https:\/\/mhf.ro\/mm\/suplimentare-cu-750-de-posturi-pentru-buna-desfasurare-a-activitatii-in-invatamantul-preuniversitar-in-anul-scolar-2020-2021\/#breadcrumb","itemListElement":[{"@type":"ListItem","position":1,"name":"Prima pagin\u0103","item":"https:\/\/mhf.ro\/mm\/"},{"@type":"ListItem","position":2,"name":"Suplimentare cu 750 de posturi pentru buna desf\u0103\u0219urare a activit\u0103\u021bii \u00een \u00eenv\u0103\u021b\u0103m\u00e2ntul preuniversitar, \u00een anul \u0219colar 2020-2021"}]},{"@type":"WebSite","@id":"https:\/\/mhf.ro\/mm\/#website","url":"https:\/\/mhf.ro\/mm\/","name":"MHF Photography \u2013 Blog de fotografie, natur\u0103 \u0219i tehnic\u0103 divers\u0103","description":"Aventur\u0103 \u00een fiecare cadru.","publisher":{"@id":"https:\/\/mhf.ro\/mm\/#\/schema\/person\/a3bebf7bdb4bf12f698aff73c7e46c21"},"potentialAction":[{"@type":"SearchAction","target":{"@type":"EntryPoint","urlTemplate":"https:\/\/mhf.ro\/mm\/?s={search_term_string}"},"query-input":{"@type":"PropertyValueSpecification","valueRequired":true,"valueName":"search_term_string"}}],"inLanguage":"ro-RO"},{"@type":["Person","Organization"],"@id":"https:\/\/mhf.ro\/mm\/#\/schema\/person\/a3bebf7bdb4bf12f698aff73c7e46c21","name":"Marius Marcu","image":{"@type":"ImageObject","inLanguage":"ro-RO","@id":"https:\/\/mhf.ro\/mm\/#\/schema\/person\/image\/","url":"https:\/\/mhf.ro\/mm\/wp-content\/uploads\/2025\/12\/cropped-logo_mhf_2.png","contentUrl":"https:\/\/mhf.ro\/mm\/wp-content\/uploads\/2025\/12\/cropped-logo_mhf_2.png","width":1096,"height":457,"caption":"Marius Marcu"},"logo":{"@id":"https:\/\/mhf.ro\/mm\/#\/schema\/person\/image\/"},"sameAs":["https:\/\/mhf.ro\/mm"],"url":"https:\/\/mhf.ro\/mm\/author\/mihai\/"}]}},"_links":{"self":[{"href":"https:\/\/mhf.ro\/mm\/wp-json\/wp\/v2\/posts\/2531","targetHints":{"allow":["GET"]}}],"collection":[{"href":"https:\/\/mhf.ro\/mm\/wp-json\/wp\/v2\/posts"}],"about":[{"href":"https:\/\/mhf.ro\/mm\/wp-json\/wp\/v2\/types\/post"}],"author":[{"embeddable":true,"href":"https:\/\/mhf.ro\/mm\/wp-json\/wp\/v2\/users\/1"}],"replies":[{"embeddable":true,"href":"https:\/\/mhf.ro\/mm\/wp-json\/wp\/v2\/comments?post=2531"}],"version-history":[{"count":1,"href":"https:\/\/mhf.ro\/mm\/wp-json\/wp\/v2\/posts\/2531\/revisions"}],"predecessor-version":[{"id":2533,"href":"https:\/\/mhf.ro\/mm\/wp-json\/wp\/v2\/posts\/2531\/revisions\/2533"}],"wp:featuredmedia":[{"embeddable":true,"href":"https:\/\/mhf.ro\/mm\/wp-json\/wp\/v2\/media\/2532"}],"wp:attachment":[{"href":"https:\/\/mhf.ro\/mm\/wp-json\/wp\/v2\/media?parent=2531"}],"wp:term":[{"taxonomy":"category","embeddable":true,"href":"https:\/\/mhf.ro\/mm\/wp-json\/wp\/v2\/categories?post=2531"},{"taxonomy":"post_tag","embeddable":true,"href":"https:\/\/mhf.ro\/mm\/wp-json\/wp\/v2\/tags?post=2531"}],"curies":[{"name":"wp","href":"https:\/\/api.w.org\/{rel}","templated":true}]}}