{"id":2540,"date":"2020-10-14T20:21:46","date_gmt":"2020-10-14T18:21:46","guid":{"rendered":"https:\/\/mhf.ro\/mm\/?p=2540"},"modified":"2020-10-14T20:21:46","modified_gmt":"2020-10-14T18:21:46","slug":"dezamagirile-si-deprimarea","status":"publish","type":"post","link":"https:\/\/mhf.ro\/mm\/dezamagirile-si-deprimarea\/","title":{"rendered":"Dezam\u0103girile \u0219i deprimarea"},"content":{"rendered":"<p>Cine se am\u0103ge\u0219te, se dezam\u0103ge\u0219te. Adic\u0103 atunci c\u00e2nd omul \u00ee\u0219i impune ni\u0219te obiective sau are ni\u0219te a\u0219tept\u0103ri de la al\u021bii dar ele nu se realizeaz\u0103, este dezam\u0103git. \u00cent\u00e2i s-a am\u0103git pentru c\u0103 a dorit s\u0103 se \u00eemplineasc\u0103 voia lui. Apoi simte dezam\u0103girea. Cine nu vrea s\u0103 se am\u0103geasc\u0103 \u0219i s\u0103 fie dezam\u0103git, voia sa o coreleaz\u0103 cu voia lui Dumnezeu, las\u0103 posibilitatea ca Dumnezeu s\u0103 \u00eel \u00eendrume \u00een alt\u0103 direc\u021bie.<\/p>\n<p>Deci \u00eencrederea \u00een Dumnezeu face deosebirea \u00eentre dezam\u0103gire \u0219i succes. Dezam\u0103girile \u0219i e\u0219ecurile duc la o triste\u021be mai profund\u0103. Triste\u021bea \u0219i deprimarea este o boal\u0103 ascuns\u0103 care poate produce \u0219i simtome somatice \u00eenc\u00e2t omul caut\u0103 la medici rezolvarea unor efecte ale st\u0103rii sale suflete\u0219ti.<\/p>\n<p>Dar preocuparea cre\u0219tinului pentru a dob\u00e2ndi harul divin duce la roadele enumerate de un om care a trecut \u0219i prin situa\u021bii foarte nepl\u0103cute (b\u0103tut, umilit, nedrept\u0103\u021bit, \u00eenfometat, naufragiat) dar care nu a renun\u021bat la \u00eencrederea \u00een Salvatorul s\u0103u: Sf. Ap. Pavel. ,,Peste m\u0103sur\u0103 am fost fost \u00eengreuia\u021bi, \u00eenc\u00e2t nu mai n\u0103d\u0103jduiam s\u0103 mai sc\u0103p\u0103m cu via\u021b\u0103. Ci noi, \u00een noi \u00een\u0219ine, ne-am socotit ca os\u00e2ndi\u021bi la moarte, ca s\u0103 nu ne punem \u00eencrederea \u00een noi, ci \u00een Dumnezeu, Cel ce \u00eenviaz\u0103 pe cei mor\u021bi, Care ne-a izb\u0103vit pe noi dintr-o moarte ca aceasta \u0219i ne izb\u0103ve\u0219te \u0219i \u00een care n\u0103d\u0103jduim c\u0103 \u00eenc\u0103 ne va mai izb\u0103vi, ajut\u00e2ndu-ne \u0219i voi cu rug\u0103ciunea pentru noi&#8230;\u201d(II Cor. 1, 9-10)<\/p>\n<p>Deci zice acel sf\u00e2nt apostol: ,,roada Duhului este <strong>dragostea<\/strong>,\u00a0<strong>bucuria, pacea, \u00eendelung\u0103-r\u0103bdarea, bun\u0103tatea, facerea de bine, credin\u021ba, bl\u00e2nde\u021bea, \u00eenfr\u00e2narea, cur\u0103\u021bia; <\/strong>\u00eempotrivova unora ca acestea nu este lege.\u201d (Gal. 5, 22-23)<\/p>\n<p>&nbsp;<\/p>\n","protected":false},"excerpt":{"rendered":"<p>Cine se am\u0103ge\u0219te, se dezam\u0103ge\u0219te. Adic\u0103 atunci c\u00e2nd omul \u00ee\u0219i impune ni\u0219te obiective sau are ni\u0219te a\u0219tept\u0103ri de la al\u021bii<\/p>\n","protected":false},"author":4,"featured_media":2123,"comment_status":"open","ping_status":"open","sticky":false,"template":"","format":"standard","meta":{"colormag_page_container_layout":"default_layout","colormag_page_sidebar_layout":"default_layout","footnotes":""},"categories":[8],"tags":[],"class_list":["post-2540","post","type-post","status-publish","format-standard","has-post-thumbnail","hentry","category-div"],"yoast_head":"<!-- This site is optimized with the Yoast SEO plugin v27.0 - https:\/\/yoast.com\/product\/yoast-seo-wordpress\/ -->\n<title>Dezam\u0103girile \u0219i deprimarea - MHF Photography<\/title>\n<meta name=\"robots\" content=\"index, follow, max-snippet:-1, max-image-preview:large, max-video-preview:-1\" \/>\n<link rel=\"canonical\" href=\"https:\/\/mhf.ro\/mm\/dezamagirile-si-deprimarea\/\" \/>\n<meta property=\"og:locale\" content=\"ro_RO\" \/>\n<meta property=\"og:type\" content=\"article\" \/>\n<meta property=\"og:title\" content=\"Dezam\u0103girile \u0219i deprimarea - MHF Photography\" \/>\n<meta property=\"og:description\" content=\"Cine se am\u0103ge\u0219te, se dezam\u0103ge\u0219te. Adic\u0103 atunci c\u00e2nd omul \u00ee\u0219i impune ni\u0219te obiective sau are ni\u0219te a\u0219tept\u0103ri de la al\u021bii\" \/>\n<meta property=\"og:url\" content=\"https:\/\/mhf.ro\/mm\/dezamagirile-si-deprimarea\/\" \/>\n<meta property=\"og:site_name\" content=\"MHF Photography\" \/>\n<meta property=\"article:published_time\" content=\"2020-10-14T18:21:46+00:00\" \/>\n<meta property=\"og:image\" content=\"https:\/\/mhf.ro\/mm\/wp-content\/uploads\/2020\/06\/poezie.jpg\" \/>\n\t<meta property=\"og:image:width\" content=\"1280\" \/>\n\t<meta property=\"og:image:height\" content=\"853\" \/>\n\t<meta property=\"og:image:type\" content=\"image\/jpeg\" \/>\n<meta name=\"author\" content=\"Preot paroh Horvat Petru\" \/>\n<meta name=\"twitter:card\" content=\"summary_large_image\" \/>\n<meta name=\"twitter:label1\" content=\"Scris de\" \/>\n\t<meta name=\"twitter:data1\" content=\"Preot paroh Horvat Petru\" \/>\n\t<meta name=\"twitter:label2\" content=\"Timp estimat pentru citire\" \/>\n\t<meta name=\"twitter:data2\" content=\"2 minute\" \/>\n<script type=\"application\/ld+json\" class=\"yoast-schema-graph\">{\"@context\":\"https:\/\/schema.org\",\"@graph\":[{\"@type\":\"Article\",\"@id\":\"https:\/\/mhf.ro\/mm\/dezamagirile-si-deprimarea\/#article\",\"isPartOf\":{\"@id\":\"https:\/\/mhf.ro\/mm\/dezamagirile-si-deprimarea\/\"},\"author\":{\"name\":\"Preot paroh Horvat Petru\",\"@id\":\"https:\/\/mhf.ro\/mm\/#\/schema\/person\/4c8c06c801b7b666e81ed44550086900\"},\"headline\":\"Dezam\u0103girile \u0219i deprimarea\",\"datePublished\":\"2020-10-14T18:21:46+00:00\",\"mainEntityOfPage\":{\"@id\":\"https:\/\/mhf.ro\/mm\/dezamagirile-si-deprimarea\/\"},\"wordCount\":325,\"commentCount\":0,\"publisher\":{\"@id\":\"https:\/\/mhf.ro\/mm\/#\/schema\/person\/a3bebf7bdb4bf12f698aff73c7e46c21\"},\"image\":{\"@id\":\"https:\/\/mhf.ro\/mm\/dezamagirile-si-deprimarea\/#primaryimage\"},\"thumbnailUrl\":\"https:\/\/mhf.ro\/mm\/wp-content\/uploads\/2020\/06\/poezie.jpg\",\"articleSection\":[\"Diverse\"],\"inLanguage\":\"ro-RO\",\"potentialAction\":[{\"@type\":\"CommentAction\",\"name\":\"Comment\",\"target\":[\"https:\/\/mhf.ro\/mm\/dezamagirile-si-deprimarea\/#respond\"]}]},{\"@type\":\"WebPage\",\"@id\":\"https:\/\/mhf.ro\/mm\/dezamagirile-si-deprimarea\/\",\"url\":\"https:\/\/mhf.ro\/mm\/dezamagirile-si-deprimarea\/\",\"name\":\"Dezam\u0103girile \u0219i deprimarea - MHF Photography\",\"isPartOf\":{\"@id\":\"https:\/\/mhf.ro\/mm\/#website\"},\"primaryImageOfPage\":{\"@id\":\"https:\/\/mhf.ro\/mm\/dezamagirile-si-deprimarea\/#primaryimage\"},\"image\":{\"@id\":\"https:\/\/mhf.ro\/mm\/dezamagirile-si-deprimarea\/#primaryimage\"},\"thumbnailUrl\":\"https:\/\/mhf.ro\/mm\/wp-content\/uploads\/2020\/06\/poezie.jpg\",\"datePublished\":\"2020-10-14T18:21:46+00:00\",\"breadcrumb\":{\"@id\":\"https:\/\/mhf.ro\/mm\/dezamagirile-si-deprimarea\/#breadcrumb\"},\"inLanguage\":\"ro-RO\",\"potentialAction\":[{\"@type\":\"ReadAction\",\"target\":[\"https:\/\/mhf.ro\/mm\/dezamagirile-si-deprimarea\/\"]}]},{\"@type\":\"ImageObject\",\"inLanguage\":\"ro-RO\",\"@id\":\"https:\/\/mhf.ro\/mm\/dezamagirile-si-deprimarea\/#primaryimage\",\"url\":\"https:\/\/mhf.ro\/mm\/wp-content\/uploads\/2020\/06\/poezie.jpg\",\"contentUrl\":\"https:\/\/mhf.ro\/mm\/wp-content\/uploads\/2020\/06\/poezie.jpg\",\"width\":1280,\"height\":853},{\"@type\":\"BreadcrumbList\",\"@id\":\"https:\/\/mhf.ro\/mm\/dezamagirile-si-deprimarea\/#breadcrumb\",\"itemListElement\":[{\"@type\":\"ListItem\",\"position\":1,\"name\":\"Prima pagin\u0103\",\"item\":\"https:\/\/mhf.ro\/mm\/\"},{\"@type\":\"ListItem\",\"position\":2,\"name\":\"Dezam\u0103girile \u0219i deprimarea\"}]},{\"@type\":\"WebSite\",\"@id\":\"https:\/\/mhf.ro\/mm\/#website\",\"url\":\"https:\/\/mhf.ro\/mm\/\",\"name\":\"MHF Photography \u2013 Blog de fotografie, natur\u0103 \u0219i tehnic\u0103 divers\u0103\",\"description\":\"Aventur\u0103 \u00een fiecare cadru.\",\"publisher\":{\"@id\":\"https:\/\/mhf.ro\/mm\/#\/schema\/person\/a3bebf7bdb4bf12f698aff73c7e46c21\"},\"potentialAction\":[{\"@type\":\"SearchAction\",\"target\":{\"@type\":\"EntryPoint\",\"urlTemplate\":\"https:\/\/mhf.ro\/mm\/?s={search_term_string}\"},\"query-input\":{\"@type\":\"PropertyValueSpecification\",\"valueRequired\":true,\"valueName\":\"search_term_string\"}}],\"inLanguage\":\"ro-RO\"},{\"@type\":[\"Person\",\"Organization\"],\"@id\":\"https:\/\/mhf.ro\/mm\/#\/schema\/person\/a3bebf7bdb4bf12f698aff73c7e46c21\",\"name\":\"Marius Marcu\",\"image\":{\"@type\":\"ImageObject\",\"inLanguage\":\"ro-RO\",\"@id\":\"https:\/\/mhf.ro\/mm\/#\/schema\/person\/image\/\",\"url\":\"https:\/\/mhf.ro\/mm\/wp-content\/uploads\/2025\/12\/cropped-logo_mhf_2.png\",\"contentUrl\":\"https:\/\/mhf.ro\/mm\/wp-content\/uploads\/2025\/12\/cropped-logo_mhf_2.png\",\"width\":1096,\"height\":457,\"caption\":\"Marius Marcu\"},\"logo\":{\"@id\":\"https:\/\/mhf.ro\/mm\/#\/schema\/person\/image\/\"},\"sameAs\":[\"https:\/\/mhf.ro\/mm\"]},{\"@type\":\"Person\",\"@id\":\"https:\/\/mhf.ro\/mm\/#\/schema\/person\/4c8c06c801b7b666e81ed44550086900\",\"name\":\"Preot paroh Horvat Petru\",\"image\":{\"@type\":\"ImageObject\",\"inLanguage\":\"ro-RO\",\"@id\":\"https:\/\/mhf.ro\/mm\/#\/schema\/person\/image\/\",\"url\":\"https:\/\/secure.gravatar.com\/avatar\/c2d2dcdf21c6f41aad486d71768c144cd6e23cb7b63bae9bd6fab542b26ad321?s=96&d=monsterid&r=g\",\"contentUrl\":\"https:\/\/secure.gravatar.com\/avatar\/c2d2dcdf21c6f41aad486d71768c144cd6e23cb7b63bae9bd6fab542b26ad321?s=96&d=monsterid&r=g\",\"caption\":\"Preot paroh Horvat Petru\"},\"sameAs\":[\"https:\/\/mhf.ro\/mm\"],\"url\":\"https:\/\/mhf.ro\/mm\/author\/petrica\/\"}]}<\/script>\n<!-- \/ Yoast SEO plugin. -->","yoast_head_json":{"title":"Dezam\u0103girile \u0219i deprimarea - MHF Photography","robots":{"index":"index","follow":"follow","max-snippet":"max-snippet:-1","max-image-preview":"max-image-preview:large","max-video-preview":"max-video-preview:-1"},"canonical":"https:\/\/mhf.ro\/mm\/dezamagirile-si-deprimarea\/","og_locale":"ro_RO","og_type":"article","og_title":"Dezam\u0103girile \u0219i deprimarea - MHF Photography","og_description":"Cine se am\u0103ge\u0219te, se dezam\u0103ge\u0219te. Adic\u0103 atunci c\u00e2nd omul \u00ee\u0219i impune ni\u0219te obiective sau are ni\u0219te a\u0219tept\u0103ri de la al\u021bii","og_url":"https:\/\/mhf.ro\/mm\/dezamagirile-si-deprimarea\/","og_site_name":"MHF Photography","article_published_time":"2020-10-14T18:21:46+00:00","og_image":[{"width":1280,"height":853,"url":"https:\/\/mhf.ro\/mm\/wp-content\/uploads\/2020\/06\/poezie.jpg","type":"image\/jpeg"}],"author":"Preot paroh Horvat Petru","twitter_card":"summary_large_image","twitter_misc":{"Scris de":"Preot paroh Horvat Petru","Timp estimat pentru citire":"2 minute"},"schema":{"@context":"https:\/\/schema.org","@graph":[{"@type":"Article","@id":"https:\/\/mhf.ro\/mm\/dezamagirile-si-deprimarea\/#article","isPartOf":{"@id":"https:\/\/mhf.ro\/mm\/dezamagirile-si-deprimarea\/"},"author":{"name":"Preot paroh Horvat Petru","@id":"https:\/\/mhf.ro\/mm\/#\/schema\/person\/4c8c06c801b7b666e81ed44550086900"},"headline":"Dezam\u0103girile \u0219i deprimarea","datePublished":"2020-10-14T18:21:46+00:00","mainEntityOfPage":{"@id":"https:\/\/mhf.ro\/mm\/dezamagirile-si-deprimarea\/"},"wordCount":325,"commentCount":0,"publisher":{"@id":"https:\/\/mhf.ro\/mm\/#\/schema\/person\/a3bebf7bdb4bf12f698aff73c7e46c21"},"image":{"@id":"https:\/\/mhf.ro\/mm\/dezamagirile-si-deprimarea\/#primaryimage"},"thumbnailUrl":"https:\/\/mhf.ro\/mm\/wp-content\/uploads\/2020\/06\/poezie.jpg","articleSection":["Diverse"],"inLanguage":"ro-RO","potentialAction":[{"@type":"CommentAction","name":"Comment","target":["https:\/\/mhf.ro\/mm\/dezamagirile-si-deprimarea\/#respond"]}]},{"@type":"WebPage","@id":"https:\/\/mhf.ro\/mm\/dezamagirile-si-deprimarea\/","url":"https:\/\/mhf.ro\/mm\/dezamagirile-si-deprimarea\/","name":"Dezam\u0103girile \u0219i deprimarea - MHF Photography","isPartOf":{"@id":"https:\/\/mhf.ro\/mm\/#website"},"primaryImageOfPage":{"@id":"https:\/\/mhf.ro\/mm\/dezamagirile-si-deprimarea\/#primaryimage"},"image":{"@id":"https:\/\/mhf.ro\/mm\/dezamagirile-si-deprimarea\/#primaryimage"},"thumbnailUrl":"https:\/\/mhf.ro\/mm\/wp-content\/uploads\/2020\/06\/poezie.jpg","datePublished":"2020-10-14T18:21:46+00:00","breadcrumb":{"@id":"https:\/\/mhf.ro\/mm\/dezamagirile-si-deprimarea\/#breadcrumb"},"inLanguage":"ro-RO","potentialAction":[{"@type":"ReadAction","target":["https:\/\/mhf.ro\/mm\/dezamagirile-si-deprimarea\/"]}]},{"@type":"ImageObject","inLanguage":"ro-RO","@id":"https:\/\/mhf.ro\/mm\/dezamagirile-si-deprimarea\/#primaryimage","url":"https:\/\/mhf.ro\/mm\/wp-content\/uploads\/2020\/06\/poezie.jpg","contentUrl":"https:\/\/mhf.ro\/mm\/wp-content\/uploads\/2020\/06\/poezie.jpg","width":1280,"height":853},{"@type":"BreadcrumbList","@id":"https:\/\/mhf.ro\/mm\/dezamagirile-si-deprimarea\/#breadcrumb","itemListElement":[{"@type":"ListItem","position":1,"name":"Prima pagin\u0103","item":"https:\/\/mhf.ro\/mm\/"},{"@type":"ListItem","position":2,"name":"Dezam\u0103girile \u0219i deprimarea"}]},{"@type":"WebSite","@id":"https:\/\/mhf.ro\/mm\/#website","url":"https:\/\/mhf.ro\/mm\/","name":"MHF Photography \u2013 Blog de fotografie, natur\u0103 \u0219i tehnic\u0103 divers\u0103","description":"Aventur\u0103 \u00een fiecare cadru.","publisher":{"@id":"https:\/\/mhf.ro\/mm\/#\/schema\/person\/a3bebf7bdb4bf12f698aff73c7e46c21"},"potentialAction":[{"@type":"SearchAction","target":{"@type":"EntryPoint","urlTemplate":"https:\/\/mhf.ro\/mm\/?s={search_term_string}"},"query-input":{"@type":"PropertyValueSpecification","valueRequired":true,"valueName":"search_term_string"}}],"inLanguage":"ro-RO"},{"@type":["Person","Organization"],"@id":"https:\/\/mhf.ro\/mm\/#\/schema\/person\/a3bebf7bdb4bf12f698aff73c7e46c21","name":"Marius Marcu","image":{"@type":"ImageObject","inLanguage":"ro-RO","@id":"https:\/\/mhf.ro\/mm\/#\/schema\/person\/image\/","url":"https:\/\/mhf.ro\/mm\/wp-content\/uploads\/2025\/12\/cropped-logo_mhf_2.png","contentUrl":"https:\/\/mhf.ro\/mm\/wp-content\/uploads\/2025\/12\/cropped-logo_mhf_2.png","width":1096,"height":457,"caption":"Marius Marcu"},"logo":{"@id":"https:\/\/mhf.ro\/mm\/#\/schema\/person\/image\/"},"sameAs":["https:\/\/mhf.ro\/mm"]},{"@type":"Person","@id":"https:\/\/mhf.ro\/mm\/#\/schema\/person\/4c8c06c801b7b666e81ed44550086900","name":"Preot paroh Horvat Petru","image":{"@type":"ImageObject","inLanguage":"ro-RO","@id":"https:\/\/mhf.ro\/mm\/#\/schema\/person\/image\/","url":"https:\/\/secure.gravatar.com\/avatar\/c2d2dcdf21c6f41aad486d71768c144cd6e23cb7b63bae9bd6fab542b26ad321?s=96&d=monsterid&r=g","contentUrl":"https:\/\/secure.gravatar.com\/avatar\/c2d2dcdf21c6f41aad486d71768c144cd6e23cb7b63bae9bd6fab542b26ad321?s=96&d=monsterid&r=g","caption":"Preot paroh Horvat Petru"},"sameAs":["https:\/\/mhf.ro\/mm"],"url":"https:\/\/mhf.ro\/mm\/author\/petrica\/"}]}},"_links":{"self":[{"href":"https:\/\/mhf.ro\/mm\/wp-json\/wp\/v2\/posts\/2540","targetHints":{"allow":["GET"]}}],"collection":[{"href":"https:\/\/mhf.ro\/mm\/wp-json\/wp\/v2\/posts"}],"about":[{"href":"https:\/\/mhf.ro\/mm\/wp-json\/wp\/v2\/types\/post"}],"author":[{"embeddable":true,"href":"https:\/\/mhf.ro\/mm\/wp-json\/wp\/v2\/users\/4"}],"replies":[{"embeddable":true,"href":"https:\/\/mhf.ro\/mm\/wp-json\/wp\/v2\/comments?post=2540"}],"version-history":[{"count":2,"href":"https:\/\/mhf.ro\/mm\/wp-json\/wp\/v2\/posts\/2540\/revisions"}],"predecessor-version":[{"id":2561,"href":"https:\/\/mhf.ro\/mm\/wp-json\/wp\/v2\/posts\/2540\/revisions\/2561"}],"wp:featuredmedia":[{"embeddable":true,"href":"https:\/\/mhf.ro\/mm\/wp-json\/wp\/v2\/media\/2123"}],"wp:attachment":[{"href":"https:\/\/mhf.ro\/mm\/wp-json\/wp\/v2\/media?parent=2540"}],"wp:term":[{"taxonomy":"category","embeddable":true,"href":"https:\/\/mhf.ro\/mm\/wp-json\/wp\/v2\/categories?post=2540"},{"taxonomy":"post_tag","embeddable":true,"href":"https:\/\/mhf.ro\/mm\/wp-json\/wp\/v2\/tags?post=2540"}],"curies":[{"name":"wp","href":"https:\/\/api.w.org\/{rel}","templated":true}]}}