{"id":2558,"date":"2020-10-14T17:19:24","date_gmt":"2020-10-14T15:19:24","guid":{"rendered":"https:\/\/mhf.ro\/mm\/?p=2558"},"modified":"2020-10-14T17:19:24","modified_gmt":"2020-10-14T15:19:24","slug":"restrictii-de-circulatie-pe-dn7-km-119000-pasaj-bascov","status":"publish","type":"post","link":"https:\/\/mhf.ro\/mm\/restrictii-de-circulatie-pe-dn7-km-119000-pasaj-bascov\/","title":{"rendered":"Restric\u021bii de circula\u021bie pe DN7 km 119+000 (Pasaj Bascov)"},"content":{"rendered":"<p><strong>CNAIR aduce la cuno\u0219tin\u021b\u0103 participan\u021bilor la trafic urm\u0103toarele<\/strong><strong>:<\/strong><\/p>\n<p><strong>\u00cen intervalul orar 22.00-04.00, 14.10.2020-15.10.2020, pe DN 7 km 119+000, zona Pasaj Bascov, <\/strong>circula\u021bia va fi \u00eenchis\u0103 \u00een pasaj, pe ambele sensuri, iar traficul va fi deviat pe bretelele pasajului Bascov \u00een vederea realiz\u0103rii lucr\u0103rilor \u201e\u00centre\u021binere \u0219i repara\u021bii sistem iluminat stardal\u201d.<\/p>\n<p>\u00cenchiderea cirula\u021biei va fi asigurat\u0103 de <strong>IPJ Arge\u0219 \u2013 Serviciu Rutier \u0219i Poli\u021bia Comunitar\u0103.<\/strong><\/p>\n<p>Ne cerem scuze pentru disconfortul creat \u0219i v\u0103 asigur\u0103m c\u0103 toate activit\u0103\u021bile desf\u0103\u0219urate au ca scop asigurarea condi\u021biilor de siguran\u021b\u0103 pentru participan\u021bii la trafic.<\/p>\n<p>Informa\u0163ii suplimentare privind starea re\u0163elei de drumuri na\u0163ionale \u0219i autostr\u0103zi pot fi ob\u0163inute de la Dispeceratul Companiei Na\u0163ionale de Administrare a Infrastructurii Rutiere S.A., la numerele de telefon 021\/264.33.33; 021\/9360 \u0219i pe prima pagina \u00een caseta din st\u00e2nga:\u00a0<a href=\"http:\/\/www.cnadnr.ro\/\">www.cnadnr.ro<\/a>\u00a0&#8211; DISPECERAT &#8211; \u0218itua\u0163ia Drumurilor Na\u0163ionale, dar \u0219i pagina de Facebook\u00a0<a href=\"https:\/\/www.facebook.com\/cnadnr\/\">https:\/\/www.facebook.com\/cnadnr\/<\/a> \u0219i de TWITTER, @CNADNR. (conf. cnadnr.ro)<\/p>\n","protected":false},"excerpt":{"rendered":"<p>CNAIR aduce la cuno\u0219tin\u021b\u0103 participan\u021bilor la trafic urm\u0103toarele: \u00cen intervalul orar 22.00-04.00, 14.10.2020-15.10.2020, pe DN 7 km 119+000, zona Pasaj<\/p>\n","protected":false},"author":1,"featured_media":2559,"comment_status":"open","ping_status":"open","sticky":false,"template":"","format":"standard","meta":{"colormag_page_container_layout":"default_layout","colormag_page_sidebar_layout":"default_layout","footnotes":""},"categories":[32,8],"tags":[],"class_list":["post-2558","post","type-post","status-publish","format-standard","has-post-thumbnail","hentry","category-comunicate","category-div"],"yoast_head":"<!-- This site is optimized with the Yoast SEO plugin v27.0 - https:\/\/yoast.com\/product\/yoast-seo-wordpress\/ -->\n<title>Restric\u021bii de circula\u021bie pe DN7 km 119+000 (Pasaj Bascov) - MHF Photography<\/title>\n<meta name=\"robots\" content=\"index, follow, max-snippet:-1, max-image-preview:large, max-video-preview:-1\" \/>\n<link rel=\"canonical\" href=\"https:\/\/mhf.ro\/mm\/restrictii-de-circulatie-pe-dn7-km-119000-pasaj-bascov\/\" \/>\n<meta property=\"og:locale\" content=\"ro_RO\" \/>\n<meta property=\"og:type\" content=\"article\" \/>\n<meta property=\"og:title\" content=\"Restric\u021bii de circula\u021bie pe DN7 km 119+000 (Pasaj Bascov) - MHF Photography\" \/>\n<meta property=\"og:description\" content=\"CNAIR aduce la cuno\u0219tin\u021b\u0103 participan\u021bilor la trafic urm\u0103toarele: \u00cen intervalul orar 22.00-04.00, 14.10.2020-15.10.2020, pe DN 7 km 119+000, zona Pasaj\" \/>\n<meta property=\"og:url\" content=\"https:\/\/mhf.ro\/mm\/restrictii-de-circulatie-pe-dn7-km-119000-pasaj-bascov\/\" \/>\n<meta property=\"og:site_name\" content=\"MHF Photography\" \/>\n<meta property=\"article:published_time\" content=\"2020-10-14T15:19:24+00:00\" \/>\n<meta property=\"og:image\" content=\"https:\/\/mhf.ro\/mm\/wp-content\/uploads\/2020\/10\/drumuri.jpg\" \/>\n\t<meta property=\"og:image:width\" content=\"1280\" \/>\n\t<meta property=\"og:image:height\" content=\"847\" \/>\n\t<meta property=\"og:image:type\" content=\"image\/jpeg\" \/>\n<meta name=\"author\" content=\"Marius Marcu\" \/>\n<meta name=\"twitter:card\" content=\"summary_large_image\" \/>\n<meta name=\"twitter:label1\" content=\"Scris de\" \/>\n\t<meta name=\"twitter:data1\" content=\"Marius Marcu\" \/>\n\t<meta name=\"twitter:label2\" content=\"Timp estimat pentru citire\" \/>\n\t<meta name=\"twitter:data2\" content=\"1 minut\" \/>\n<script type=\"application\/ld+json\" class=\"yoast-schema-graph\">{\"@context\":\"https:\/\/schema.org\",\"@graph\":[{\"@type\":\"Article\",\"@id\":\"https:\/\/mhf.ro\/mm\/restrictii-de-circulatie-pe-dn7-km-119000-pasaj-bascov\/#article\",\"isPartOf\":{\"@id\":\"https:\/\/mhf.ro\/mm\/restrictii-de-circulatie-pe-dn7-km-119000-pasaj-bascov\/\"},\"author\":{\"name\":\"Marius Marcu\",\"@id\":\"https:\/\/mhf.ro\/mm\/#\/schema\/person\/a3bebf7bdb4bf12f698aff73c7e46c21\"},\"headline\":\"Restric\u021bii de circula\u021bie pe DN7 km 119+000 (Pasaj Bascov)\",\"datePublished\":\"2020-10-14T15:19:24+00:00\",\"mainEntityOfPage\":{\"@id\":\"https:\/\/mhf.ro\/mm\/restrictii-de-circulatie-pe-dn7-km-119000-pasaj-bascov\/\"},\"wordCount\":181,\"commentCount\":0,\"publisher\":{\"@id\":\"https:\/\/mhf.ro\/mm\/#\/schema\/person\/a3bebf7bdb4bf12f698aff73c7e46c21\"},\"image\":{\"@id\":\"https:\/\/mhf.ro\/mm\/restrictii-de-circulatie-pe-dn7-km-119000-pasaj-bascov\/#primaryimage\"},\"thumbnailUrl\":\"https:\/\/mhf.ro\/mm\/wp-content\/uploads\/2020\/10\/drumuri.jpg\",\"articleSection\":[\"Comunicate\",\"Diverse\"],\"inLanguage\":\"ro-RO\",\"potentialAction\":[{\"@type\":\"CommentAction\",\"name\":\"Comment\",\"target\":[\"https:\/\/mhf.ro\/mm\/restrictii-de-circulatie-pe-dn7-km-119000-pasaj-bascov\/#respond\"]}]},{\"@type\":\"WebPage\",\"@id\":\"https:\/\/mhf.ro\/mm\/restrictii-de-circulatie-pe-dn7-km-119000-pasaj-bascov\/\",\"url\":\"https:\/\/mhf.ro\/mm\/restrictii-de-circulatie-pe-dn7-km-119000-pasaj-bascov\/\",\"name\":\"Restric\u021bii de circula\u021bie pe DN7 km 119+000 (Pasaj Bascov) - MHF Photography\",\"isPartOf\":{\"@id\":\"https:\/\/mhf.ro\/mm\/#website\"},\"primaryImageOfPage\":{\"@id\":\"https:\/\/mhf.ro\/mm\/restrictii-de-circulatie-pe-dn7-km-119000-pasaj-bascov\/#primaryimage\"},\"image\":{\"@id\":\"https:\/\/mhf.ro\/mm\/restrictii-de-circulatie-pe-dn7-km-119000-pasaj-bascov\/#primaryimage\"},\"thumbnailUrl\":\"https:\/\/mhf.ro\/mm\/wp-content\/uploads\/2020\/10\/drumuri.jpg\",\"datePublished\":\"2020-10-14T15:19:24+00:00\",\"breadcrumb\":{\"@id\":\"https:\/\/mhf.ro\/mm\/restrictii-de-circulatie-pe-dn7-km-119000-pasaj-bascov\/#breadcrumb\"},\"inLanguage\":\"ro-RO\",\"potentialAction\":[{\"@type\":\"ReadAction\",\"target\":[\"https:\/\/mhf.ro\/mm\/restrictii-de-circulatie-pe-dn7-km-119000-pasaj-bascov\/\"]}]},{\"@type\":\"ImageObject\",\"inLanguage\":\"ro-RO\",\"@id\":\"https:\/\/mhf.ro\/mm\/restrictii-de-circulatie-pe-dn7-km-119000-pasaj-bascov\/#primaryimage\",\"url\":\"https:\/\/mhf.ro\/mm\/wp-content\/uploads\/2020\/10\/drumuri.jpg\",\"contentUrl\":\"https:\/\/mhf.ro\/mm\/wp-content\/uploads\/2020\/10\/drumuri.jpg\",\"width\":1280,\"height\":847},{\"@type\":\"BreadcrumbList\",\"@id\":\"https:\/\/mhf.ro\/mm\/restrictii-de-circulatie-pe-dn7-km-119000-pasaj-bascov\/#breadcrumb\",\"itemListElement\":[{\"@type\":\"ListItem\",\"position\":1,\"name\":\"Prima pagin\u0103\",\"item\":\"https:\/\/mhf.ro\/mm\/\"},{\"@type\":\"ListItem\",\"position\":2,\"name\":\"Restric\u021bii de circula\u021bie pe DN7 km 119+000 (Pasaj Bascov)\"}]},{\"@type\":\"WebSite\",\"@id\":\"https:\/\/mhf.ro\/mm\/#website\",\"url\":\"https:\/\/mhf.ro\/mm\/\",\"name\":\"MHF Photography \u2013 Blog de fotografie, natur\u0103 \u0219i tehnic\u0103 divers\u0103\",\"description\":\"Aventur\u0103 \u00een fiecare cadru.\",\"publisher\":{\"@id\":\"https:\/\/mhf.ro\/mm\/#\/schema\/person\/a3bebf7bdb4bf12f698aff73c7e46c21\"},\"potentialAction\":[{\"@type\":\"SearchAction\",\"target\":{\"@type\":\"EntryPoint\",\"urlTemplate\":\"https:\/\/mhf.ro\/mm\/?s={search_term_string}\"},\"query-input\":{\"@type\":\"PropertyValueSpecification\",\"valueRequired\":true,\"valueName\":\"search_term_string\"}}],\"inLanguage\":\"ro-RO\"},{\"@type\":[\"Person\",\"Organization\"],\"@id\":\"https:\/\/mhf.ro\/mm\/#\/schema\/person\/a3bebf7bdb4bf12f698aff73c7e46c21\",\"name\":\"Marius Marcu\",\"image\":{\"@type\":\"ImageObject\",\"inLanguage\":\"ro-RO\",\"@id\":\"https:\/\/mhf.ro\/mm\/#\/schema\/person\/image\/\",\"url\":\"https:\/\/mhf.ro\/mm\/wp-content\/uploads\/2025\/12\/cropped-logo_mhf_2.png\",\"contentUrl\":\"https:\/\/mhf.ro\/mm\/wp-content\/uploads\/2025\/12\/cropped-logo_mhf_2.png\",\"width\":1096,\"height\":457,\"caption\":\"Marius Marcu\"},\"logo\":{\"@id\":\"https:\/\/mhf.ro\/mm\/#\/schema\/person\/image\/\"},\"sameAs\":[\"https:\/\/mhf.ro\/mm\"],\"url\":\"https:\/\/mhf.ro\/mm\/author\/mihai\/\"}]}<\/script>\n<!-- \/ Yoast SEO plugin. -->","yoast_head_json":{"title":"Restric\u021bii de circula\u021bie pe DN7 km 119+000 (Pasaj Bascov) - MHF Photography","robots":{"index":"index","follow":"follow","max-snippet":"max-snippet:-1","max-image-preview":"max-image-preview:large","max-video-preview":"max-video-preview:-1"},"canonical":"https:\/\/mhf.ro\/mm\/restrictii-de-circulatie-pe-dn7-km-119000-pasaj-bascov\/","og_locale":"ro_RO","og_type":"article","og_title":"Restric\u021bii de circula\u021bie pe DN7 km 119+000 (Pasaj Bascov) - MHF Photography","og_description":"CNAIR aduce la cuno\u0219tin\u021b\u0103 participan\u021bilor la trafic urm\u0103toarele: \u00cen intervalul orar 22.00-04.00, 14.10.2020-15.10.2020, pe DN 7 km 119+000, zona Pasaj","og_url":"https:\/\/mhf.ro\/mm\/restrictii-de-circulatie-pe-dn7-km-119000-pasaj-bascov\/","og_site_name":"MHF Photography","article_published_time":"2020-10-14T15:19:24+00:00","og_image":[{"width":1280,"height":847,"url":"https:\/\/mhf.ro\/mm\/wp-content\/uploads\/2020\/10\/drumuri.jpg","type":"image\/jpeg"}],"author":"Marius Marcu","twitter_card":"summary_large_image","twitter_misc":{"Scris de":"Marius Marcu","Timp estimat pentru citire":"1 minut"},"schema":{"@context":"https:\/\/schema.org","@graph":[{"@type":"Article","@id":"https:\/\/mhf.ro\/mm\/restrictii-de-circulatie-pe-dn7-km-119000-pasaj-bascov\/#article","isPartOf":{"@id":"https:\/\/mhf.ro\/mm\/restrictii-de-circulatie-pe-dn7-km-119000-pasaj-bascov\/"},"author":{"name":"Marius Marcu","@id":"https:\/\/mhf.ro\/mm\/#\/schema\/person\/a3bebf7bdb4bf12f698aff73c7e46c21"},"headline":"Restric\u021bii de circula\u021bie pe DN7 km 119+000 (Pasaj Bascov)","datePublished":"2020-10-14T15:19:24+00:00","mainEntityOfPage":{"@id":"https:\/\/mhf.ro\/mm\/restrictii-de-circulatie-pe-dn7-km-119000-pasaj-bascov\/"},"wordCount":181,"commentCount":0,"publisher":{"@id":"https:\/\/mhf.ro\/mm\/#\/schema\/person\/a3bebf7bdb4bf12f698aff73c7e46c21"},"image":{"@id":"https:\/\/mhf.ro\/mm\/restrictii-de-circulatie-pe-dn7-km-119000-pasaj-bascov\/#primaryimage"},"thumbnailUrl":"https:\/\/mhf.ro\/mm\/wp-content\/uploads\/2020\/10\/drumuri.jpg","articleSection":["Comunicate","Diverse"],"inLanguage":"ro-RO","potentialAction":[{"@type":"CommentAction","name":"Comment","target":["https:\/\/mhf.ro\/mm\/restrictii-de-circulatie-pe-dn7-km-119000-pasaj-bascov\/#respond"]}]},{"@type":"WebPage","@id":"https:\/\/mhf.ro\/mm\/restrictii-de-circulatie-pe-dn7-km-119000-pasaj-bascov\/","url":"https:\/\/mhf.ro\/mm\/restrictii-de-circulatie-pe-dn7-km-119000-pasaj-bascov\/","name":"Restric\u021bii de circula\u021bie pe DN7 km 119+000 (Pasaj Bascov) - MHF Photography","isPartOf":{"@id":"https:\/\/mhf.ro\/mm\/#website"},"primaryImageOfPage":{"@id":"https:\/\/mhf.ro\/mm\/restrictii-de-circulatie-pe-dn7-km-119000-pasaj-bascov\/#primaryimage"},"image":{"@id":"https:\/\/mhf.ro\/mm\/restrictii-de-circulatie-pe-dn7-km-119000-pasaj-bascov\/#primaryimage"},"thumbnailUrl":"https:\/\/mhf.ro\/mm\/wp-content\/uploads\/2020\/10\/drumuri.jpg","datePublished":"2020-10-14T15:19:24+00:00","breadcrumb":{"@id":"https:\/\/mhf.ro\/mm\/restrictii-de-circulatie-pe-dn7-km-119000-pasaj-bascov\/#breadcrumb"},"inLanguage":"ro-RO","potentialAction":[{"@type":"ReadAction","target":["https:\/\/mhf.ro\/mm\/restrictii-de-circulatie-pe-dn7-km-119000-pasaj-bascov\/"]}]},{"@type":"ImageObject","inLanguage":"ro-RO","@id":"https:\/\/mhf.ro\/mm\/restrictii-de-circulatie-pe-dn7-km-119000-pasaj-bascov\/#primaryimage","url":"https:\/\/mhf.ro\/mm\/wp-content\/uploads\/2020\/10\/drumuri.jpg","contentUrl":"https:\/\/mhf.ro\/mm\/wp-content\/uploads\/2020\/10\/drumuri.jpg","width":1280,"height":847},{"@type":"BreadcrumbList","@id":"https:\/\/mhf.ro\/mm\/restrictii-de-circulatie-pe-dn7-km-119000-pasaj-bascov\/#breadcrumb","itemListElement":[{"@type":"ListItem","position":1,"name":"Prima pagin\u0103","item":"https:\/\/mhf.ro\/mm\/"},{"@type":"ListItem","position":2,"name":"Restric\u021bii de circula\u021bie pe DN7 km 119+000 (Pasaj Bascov)"}]},{"@type":"WebSite","@id":"https:\/\/mhf.ro\/mm\/#website","url":"https:\/\/mhf.ro\/mm\/","name":"MHF Photography \u2013 Blog de fotografie, natur\u0103 \u0219i tehnic\u0103 divers\u0103","description":"Aventur\u0103 \u00een fiecare cadru.","publisher":{"@id":"https:\/\/mhf.ro\/mm\/#\/schema\/person\/a3bebf7bdb4bf12f698aff73c7e46c21"},"potentialAction":[{"@type":"SearchAction","target":{"@type":"EntryPoint","urlTemplate":"https:\/\/mhf.ro\/mm\/?s={search_term_string}"},"query-input":{"@type":"PropertyValueSpecification","valueRequired":true,"valueName":"search_term_string"}}],"inLanguage":"ro-RO"},{"@type":["Person","Organization"],"@id":"https:\/\/mhf.ro\/mm\/#\/schema\/person\/a3bebf7bdb4bf12f698aff73c7e46c21","name":"Marius Marcu","image":{"@type":"ImageObject","inLanguage":"ro-RO","@id":"https:\/\/mhf.ro\/mm\/#\/schema\/person\/image\/","url":"https:\/\/mhf.ro\/mm\/wp-content\/uploads\/2025\/12\/cropped-logo_mhf_2.png","contentUrl":"https:\/\/mhf.ro\/mm\/wp-content\/uploads\/2025\/12\/cropped-logo_mhf_2.png","width":1096,"height":457,"caption":"Marius Marcu"},"logo":{"@id":"https:\/\/mhf.ro\/mm\/#\/schema\/person\/image\/"},"sameAs":["https:\/\/mhf.ro\/mm"],"url":"https:\/\/mhf.ro\/mm\/author\/mihai\/"}]}},"_links":{"self":[{"href":"https:\/\/mhf.ro\/mm\/wp-json\/wp\/v2\/posts\/2558","targetHints":{"allow":["GET"]}}],"collection":[{"href":"https:\/\/mhf.ro\/mm\/wp-json\/wp\/v2\/posts"}],"about":[{"href":"https:\/\/mhf.ro\/mm\/wp-json\/wp\/v2\/types\/post"}],"author":[{"embeddable":true,"href":"https:\/\/mhf.ro\/mm\/wp-json\/wp\/v2\/users\/1"}],"replies":[{"embeddable":true,"href":"https:\/\/mhf.ro\/mm\/wp-json\/wp\/v2\/comments?post=2558"}],"version-history":[{"count":1,"href":"https:\/\/mhf.ro\/mm\/wp-json\/wp\/v2\/posts\/2558\/revisions"}],"predecessor-version":[{"id":2560,"href":"https:\/\/mhf.ro\/mm\/wp-json\/wp\/v2\/posts\/2558\/revisions\/2560"}],"wp:featuredmedia":[{"embeddable":true,"href":"https:\/\/mhf.ro\/mm\/wp-json\/wp\/v2\/media\/2559"}],"wp:attachment":[{"href":"https:\/\/mhf.ro\/mm\/wp-json\/wp\/v2\/media?parent=2558"}],"wp:term":[{"taxonomy":"category","embeddable":true,"href":"https:\/\/mhf.ro\/mm\/wp-json\/wp\/v2\/categories?post=2558"},{"taxonomy":"post_tag","embeddable":true,"href":"https:\/\/mhf.ro\/mm\/wp-json\/wp\/v2\/tags?post=2558"}],"curies":[{"name":"wp","href":"https:\/\/api.w.org\/{rel}","templated":true}]}}