{"id":2562,"date":"2020-10-16T10:22:06","date_gmt":"2020-10-16T08:22:06","guid":{"rendered":"https:\/\/mhf.ro\/mm\/?p=2562"},"modified":"2020-11-10T19:05:22","modified_gmt":"2020-11-10T17:05:22","slug":"micul-orfan","status":"publish","type":"post","link":"https:\/\/mhf.ro\/mm\/micul-orfan\/","title":{"rendered":"Micul orfan"},"content":{"rendered":"<p>Ce am zice noi despre un copil care a r\u0103mas de mic f\u0103r\u0103 p\u0103rin\u021bi? Mama lui a murit imediat dup\u0103 na\u0219tere (la \u0219ase luni). Tat\u0103l a plecat la r\u0103zboi c\u00e2nd pruncul avea 2 ani (1916) \u0219i nu s-a mai \u00eentors. Bunica l-a crescut singur\u0103 p\u00e2n\u0103 la 10 ani apoi a murit \u0219i ea. Am zice: suficiente motive pentru un copil-problem\u0103.<\/p>\n<p>Totu\u0219i\u2026acel copil a fost un elev eminent, apoi a intrat \u00een M\u0103n\u0103stirea Neam\u021b, unde era bibliotecar!!, a f\u0103cut armata, a plecat \u00een \u021aara Sf\u00e2nt\u0103 des\u0103v\u00e2r\u0219indu-\u0219i via\u021ba. A murit la 5 august 1960 \u00een pe\u0219tera Sfintei Ana din pustiul Hozeva. Dup\u0103 20 de ani, la <a href=\"https:\/\/ro.orthodoxwiki.org\/8_august\">8 august<\/a> 1980, trupul s\u0103u a fost aflat \u00eentreg, nestricat de vreme, r\u0103sp\u00e2ndind bun\u0103 mireasm\u0103, semn c\u0103 l-a pream\u0103rit Dumnezeu \u0219i l-a num\u0103rat \u00een ceata sfin\u021bilor, pentru nevoin\u021ba \u0219i sfin\u021benia vie\u021bii sale de pe p\u0103m\u00e2nt. Moa\u0219tele sale sunt \u0219i acum \u00eentregi, cinstite \u00een biserica Sf. Ghe. Hozevitul.<\/p>\n<p>Versurile urm\u0103toare sunt alc\u0103tuite de acel copil care a \u00eemplinit dorul bunicii sale.<\/p>\n<table width=\"74%\">\n<tbody>\n<tr>\n<td><strong>DORUL BUNICII<\/strong><\/td>\n<\/tr>\n<\/tbody>\n<\/table>\n<p>&nbsp;<\/p>\n<table>\n<tbody>\n<tr>\n<td width=\"50%\">1.\u00a0\u00a0\u00a0\u00a0\u00a0 Pe prispa casei st\u0103 la soare<br \/>\nB\u0103tr\u00e2na cu nepo\u0163elul ei,<br \/>\nPrivind duios acum \u00een zare,<br \/>\nCum zboar\u0103 c\u00e2rd de funigei.2.\u00a0\u00a0\u00a0\u00a0\u00a0 Pe spatele \u00eencovoiate<br \/>\nCad perii albi de sub tulpan<br \/>\n\u015ei singura ei m\u00e2ng\u00e2iere<br \/>\n\u00cei nepo\u0163elul cel orfan.<\/p>\n<p>3.\u00a0\u00a0\u00a0\u00a0\u00a0 Fiind acuma s\u0103rb\u0103toare,<br \/>\nB\u0103tr\u00e2na pe nepot l-a pus<br \/>\nCa s\u0103 citeasc\u0103 pe o carte<br \/>\nCu \u201ePatimile lui Iisus\u201d.<\/p>\n<p>4.\u00a0\u00a0\u00a0\u00a0\u00a0 Dar numai c\u00e2t \u00eencepe rostul<br \/>\n\u015ei d\u00e2nsa prinde iar a pl\u00e2nge,<br \/>\n\u00cenc\u00e2t \u00een pieptul lui cel fraged,<br \/>\nPrunceasca inim\u0103 se fr\u00e2nge !<\/p>\n<p>5.\u00a0\u00a0\u00a0\u00a0\u00a0 \u2013 \u201eCe ai\u201d M\u0103muc\u0103, totdeauna<br \/>\nDe pl\u00e2ngi a\u015fa de dureros,<br \/>\nC\u00e2nd pomenesc de Sf\u00e2nta Cruce<br \/>\n\u015ei \u201eVisul Maicii lui Hristos\u201d ?<\/p>\n<p>6.\u00a0\u00a0\u00a0\u00a0\u00a0 Cu vocea ei nespus de dulce,<br \/>\n\u015ei \u00eenecat\u0103 \u00een suspin,<br \/>\nRoste\u015fte c\u0103tre el, privindu-l<br \/>\nCa niciodat\u0103 mai blajin:<\/p>\n<p>7.\u00a0\u00a0\u00a0\u00a0\u00a0 \u2013 \u201eC\u00e2nd spui de Maica Prea Curat\u0103<br \/>\n\u015ei Domnul cum a p\u0103timit,<br \/>\nAtuncea m\u0103 g\u00e2ndesc la moarte,<br \/>\nC\u0103 iat\u0103 am \u00eemb\u0103tr\u00e2nit !<\/p>\n<p>8.\u00a0\u00a0\u00a0\u00a0\u00a0 \u015ei inima \u00een piept se fr\u00e2nge<br \/>\nAminte aduc\u00e2ndu-mi iar<br \/>\nC\u0103 pe \u201eMacsin\u201d din b\u0103t\u0103lie<br \/>\nL-a\u015ftept s\u0103raca \u00een zadar!\u201d<\/p>\n<p>9.\u00a0\u00a0\u00a0\u00a0\u00a0 \u2013 \u201eM\u0103muc\u0103, cine este d\u00e2nsul,<br \/>\nC\u0103 mult \u00eel pl\u00e2ngi c\u00e2nd \u015fezi la tors,<br \/>\nO fi \u00eenchis \u015fi el de \u201ejidovi\u201d,<br \/>\nSau pentru ce nu s-a \u00eentors\u201d ?<\/p>\n<p>10.\u00a0 \u2013 \u201eO puiule, ai duhul fraged,<br \/>\nNu po\u0163i acuma \u00eenc\u0103pea<br \/>\nDurerea de la casa noastr\u0103,<br \/>\nA\u015f vrea s\u0103 nu mai \u015ftii de ea !\u201d<\/p>\n<p>11.\u00a0 \u2013 \u201eDe ce ascunzi (m\u0103 rog) de mine<br \/>\n\u015ei pl\u00e2ngi mereu a\u015fa cu dor ?<br \/>\nAcuma cine vrei s\u0103 vie ?<br \/>\nPe mine doar m\u0103 ai fecior !\u201d<\/p>\n<p>12.\u00a0 \u2013 \u201eO, nu! feciorul meu \u00eei altul,<br \/>\nTu e\u015fti \u201ecopilul nim\u0103nui\u201d!<br \/>\nDe tat\u0103l t\u0103u nu \u015ftiu acuma,<br \/>\nIar maica ta s\u0103raca nu-i !<\/td>\n<td><\/td>\n<td width=\"50%\">13.\u00a0 Macsin, c\u00e2nd a plecat de-acas\u0103,<br \/>\nMai mult ca toate m-a rugat<br \/>\nS\u0103 fiu ca mam\u0103 \u015fi p\u0103rinte<br \/>\nPentru micu\u0163ul lui b\u0103iat !14.\u00a0 Mereu a\u015ftept cu ner\u0103bdare<br \/>\nS\u0103 vie d\u00e2nsul din \u201erezbel\u201d<br \/>\nS\u0103 v\u0103d, c\u0103 \u201edemobiliza\u0163ii\u201d<br \/>\nNu spun nimica despre el.<\/p>\n<p>15.\u00a0 M\u0103 uit \u00een zare totdeauna<br \/>\n\u015ei uneori stau la drum,<br \/>\nAv\u00e2nd a\u015fa \u00eenchipuirea<br \/>\nC\u0103 poate vine el acum.<\/p>\n<p>16.\u00a0 Aud c\u0103 el a fost \u00een lupt\u0103<br \/>\nCu ungurii peste Carpa\u0163i<br \/>\n\u015ei mul\u0163i din regiment cu d\u00e2nsul<br \/>\nAu fost prizonieri lua\u0163i.<\/p>\n<p>17.\u00a0 De asta \u00eenc\u0103 trag n\u0103dejde<br \/>\nC\u0103 poate s\u0103-l mai v\u0103d venind,<br \/>\nDar, anii trec \u015fi bucuria,<br \/>\nMereu s-arat\u0103 z\u0103bovind !<\/p>\n<p>18.\u00a0 \u015ei nu mi-ar fi a\u015fa de jale,<br \/>\nC\u00e2nd te-a\u015f vedea mai m\u0103ri\u015for,<br \/>\nDar iat\u0103 e\u015fti abia de-o \u015fchioap\u0103<br \/>\n\u015ei eu ca m\u00e2ine poate mor !<\/p>\n<p>19.\u00a0 Ca mine nimeni n-are mil\u0103<br \/>\nS\u0103-\u0163i poarte grij\u0103, fiul meu,<br \/>\nDec\u00e2t doar singur Milostivul<br \/>\n\u015ei \u00cenduratul Dumnezeu !<\/p>\n<p>20.\u00a0 La El s\u0103-\u0163i pui toat\u0103 n\u0103dejdea<br \/>\nPe El s\u0103-l rogi mereu fierbinte,<br \/>\nC\u0103 El fiin\u0163elor s\u0103rmane<br \/>\nLe este \u201eMaic\u0103 \u015fi P\u0103rinte\u201d !<\/p>\n<p>21.\u00a0 C\u00e2nd maic\u0103-ta era \u00een via\u0163\u0103,<br \/>\nAm pus atunci f\u0103g\u0103duin\u0163\u0103<br \/>\nS\u0103 merg la Sf\u00e2nta M\u00e2n\u0103stire<br \/>\nGrijindu-m\u0103 de poc\u0103in\u0163\u0103.<\/p>\n<p>22.\u00a0 Dar p\u0103r\u0103sindu-te p\u0103rin\u0163ii<br \/>\nA fost nevoie s\u0103 te cresc,<br \/>\n\u015ei n-am avut s\u0103raca parte<br \/>\nDe cinul cel c\u0103lug\u0103resc!<\/p>\n<p>23.\u00a0 De-ar face Dumnezeu prin tine<br \/>\nPlinirea sf\u00e2ntului meu dor!<br \/>\nS\u0103 am \u015fi eu o m\u00e2ng\u00e2iere<br \/>\nC\u0103 te-am p\u0103zit ca un odor!\u201d<\/p>\n<p>24.\u00a0 \u015eterg\u00e2ndu-se la ochi b\u0103tr\u00e2na,<br \/>\nS\u0103rut\u0103 pe nepot cu drag,<br \/>\nIar el cite\u015fte mai departe<br \/>\nAl \u201ePatimilor\u201d Sf\u00e2nt \u015firag!<\/td>\n<\/tr>\n<tr>\n<td><\/td>\n<td><\/td>\n<td>\n<table>\n<tbody>\n<tr>\n<td><strong>\u00censemnare<\/strong><\/p>\n<p>B\u0103tr\u00e2na este bunica mea<br \/>\ncare m-a crescut de la v\u00e2rsta<br \/>\nde \u015fase luni p\u00e2n\u0103 la zece ani.<\/p>\n<p><em>Ieroschimonahul Ioan Iacob<\/em><\/td>\n<\/tr>\n<\/tbody>\n<\/table>\n<\/td>\n<\/tr>\n<\/tbody>\n<\/table>\n<p>&nbsp;<\/p>\n","protected":false},"excerpt":{"rendered":"<p>Ce am zice noi despre un copil care a r\u0103mas de mic f\u0103r\u0103 p\u0103rin\u021bi? Mama lui a murit imediat dup\u0103<\/p>\n","protected":false},"author":4,"featured_media":2563,"comment_status":"open","ping_status":"open","sticky":false,"template":"","format":"standard","meta":{"colormag_page_container_layout":"default_layout","colormag_page_sidebar_layout":"default_layout","footnotes":""},"categories":[5,34],"tags":[],"class_list":["post-2562","post","type-post","status-publish","format-standard","has-post-thumbnail","hentry","category-locale","category-religie"],"yoast_head":"<!-- This site is optimized with the Yoast SEO plugin v27.0 - https:\/\/yoast.com\/product\/yoast-seo-wordpress\/ -->\n<title>Micul orfan - MHF Photography<\/title>\n<meta name=\"robots\" content=\"index, follow, max-snippet:-1, max-image-preview:large, max-video-preview:-1\" \/>\n<link rel=\"canonical\" href=\"https:\/\/mhf.ro\/mm\/micul-orfan\/\" \/>\n<meta property=\"og:locale\" content=\"ro_RO\" \/>\n<meta property=\"og:type\" content=\"article\" \/>\n<meta property=\"og:title\" content=\"Micul orfan - MHF Photography\" \/>\n<meta property=\"og:description\" content=\"Ce am zice noi despre un copil care a r\u0103mas de mic f\u0103r\u0103 p\u0103rin\u021bi? Mama lui a murit imediat dup\u0103\" \/>\n<meta property=\"og:url\" content=\"https:\/\/mhf.ro\/mm\/micul-orfan\/\" \/>\n<meta property=\"og:site_name\" content=\"MHF Photography\" \/>\n<meta property=\"article:published_time\" content=\"2020-10-16T08:22:06+00:00\" \/>\n<meta property=\"article:modified_time\" content=\"2020-11-10T17:05:22+00:00\" \/>\n<meta property=\"og:image\" content=\"https:\/\/mhf.ro\/mm\/wp-content\/uploads\/2020\/10\/Ioan-iacob-hozevitul.jpg\" \/>\n\t<meta property=\"og:image:width\" content=\"300\" \/>\n\t<meta property=\"og:image:height\" content=\"206\" \/>\n\t<meta property=\"og:image:type\" content=\"image\/jpeg\" \/>\n<meta name=\"author\" content=\"Preot paroh Horvat Petru\" \/>\n<meta name=\"twitter:card\" content=\"summary_large_image\" \/>\n<meta name=\"twitter:label1\" content=\"Scris de\" \/>\n\t<meta name=\"twitter:data1\" content=\"Preot paroh Horvat Petru\" \/>\n\t<meta name=\"twitter:label2\" content=\"Timp estimat pentru citire\" \/>\n\t<meta name=\"twitter:data2\" content=\"4 minute\" \/>\n<script type=\"application\/ld+json\" class=\"yoast-schema-graph\">{\"@context\":\"https:\/\/schema.org\",\"@graph\":[{\"@type\":\"Article\",\"@id\":\"https:\/\/mhf.ro\/mm\/micul-orfan\/#article\",\"isPartOf\":{\"@id\":\"https:\/\/mhf.ro\/mm\/micul-orfan\/\"},\"author\":{\"name\":\"Preot paroh Horvat Petru\",\"@id\":\"https:\/\/mhf.ro\/mm\/#\/schema\/person\/4c8c06c801b7b666e81ed44550086900\"},\"headline\":\"Micul orfan\",\"datePublished\":\"2020-10-16T08:22:06+00:00\",\"dateModified\":\"2020-11-10T17:05:22+00:00\",\"mainEntityOfPage\":{\"@id\":\"https:\/\/mhf.ro\/mm\/micul-orfan\/\"},\"wordCount\":805,\"commentCount\":0,\"publisher\":{\"@id\":\"https:\/\/mhf.ro\/mm\/#\/schema\/person\/a3bebf7bdb4bf12f698aff73c7e46c21\"},\"image\":{\"@id\":\"https:\/\/mhf.ro\/mm\/micul-orfan\/#primaryimage\"},\"thumbnailUrl\":\"https:\/\/mhf.ro\/mm\/wp-content\/uploads\/2020\/10\/Ioan-iacob-hozevitul.jpg\",\"articleSection\":[\"Locale\",\"Religie\"],\"inLanguage\":\"ro-RO\",\"potentialAction\":[{\"@type\":\"CommentAction\",\"name\":\"Comment\",\"target\":[\"https:\/\/mhf.ro\/mm\/micul-orfan\/#respond\"]}]},{\"@type\":\"WebPage\",\"@id\":\"https:\/\/mhf.ro\/mm\/micul-orfan\/\",\"url\":\"https:\/\/mhf.ro\/mm\/micul-orfan\/\",\"name\":\"Micul orfan - MHF Photography\",\"isPartOf\":{\"@id\":\"https:\/\/mhf.ro\/mm\/#website\"},\"primaryImageOfPage\":{\"@id\":\"https:\/\/mhf.ro\/mm\/micul-orfan\/#primaryimage\"},\"image\":{\"@id\":\"https:\/\/mhf.ro\/mm\/micul-orfan\/#primaryimage\"},\"thumbnailUrl\":\"https:\/\/mhf.ro\/mm\/wp-content\/uploads\/2020\/10\/Ioan-iacob-hozevitul.jpg\",\"datePublished\":\"2020-10-16T08:22:06+00:00\",\"dateModified\":\"2020-11-10T17:05:22+00:00\",\"breadcrumb\":{\"@id\":\"https:\/\/mhf.ro\/mm\/micul-orfan\/#breadcrumb\"},\"inLanguage\":\"ro-RO\",\"potentialAction\":[{\"@type\":\"ReadAction\",\"target\":[\"https:\/\/mhf.ro\/mm\/micul-orfan\/\"]}]},{\"@type\":\"ImageObject\",\"inLanguage\":\"ro-RO\",\"@id\":\"https:\/\/mhf.ro\/mm\/micul-orfan\/#primaryimage\",\"url\":\"https:\/\/mhf.ro\/mm\/wp-content\/uploads\/2020\/10\/Ioan-iacob-hozevitul.jpg\",\"contentUrl\":\"https:\/\/mhf.ro\/mm\/wp-content\/uploads\/2020\/10\/Ioan-iacob-hozevitul.jpg\",\"width\":300,\"height\":206},{\"@type\":\"BreadcrumbList\",\"@id\":\"https:\/\/mhf.ro\/mm\/micul-orfan\/#breadcrumb\",\"itemListElement\":[{\"@type\":\"ListItem\",\"position\":1,\"name\":\"Prima pagin\u0103\",\"item\":\"https:\/\/mhf.ro\/mm\/\"},{\"@type\":\"ListItem\",\"position\":2,\"name\":\"Micul orfan\"}]},{\"@type\":\"WebSite\",\"@id\":\"https:\/\/mhf.ro\/mm\/#website\",\"url\":\"https:\/\/mhf.ro\/mm\/\",\"name\":\"MHF Photography \u2013 Blog de fotografie, natur\u0103 \u0219i tehnic\u0103 divers\u0103\",\"description\":\"Aventur\u0103 \u00een fiecare cadru.\",\"publisher\":{\"@id\":\"https:\/\/mhf.ro\/mm\/#\/schema\/person\/a3bebf7bdb4bf12f698aff73c7e46c21\"},\"potentialAction\":[{\"@type\":\"SearchAction\",\"target\":{\"@type\":\"EntryPoint\",\"urlTemplate\":\"https:\/\/mhf.ro\/mm\/?s={search_term_string}\"},\"query-input\":{\"@type\":\"PropertyValueSpecification\",\"valueRequired\":true,\"valueName\":\"search_term_string\"}}],\"inLanguage\":\"ro-RO\"},{\"@type\":[\"Person\",\"Organization\"],\"@id\":\"https:\/\/mhf.ro\/mm\/#\/schema\/person\/a3bebf7bdb4bf12f698aff73c7e46c21\",\"name\":\"Marius Marcu\",\"image\":{\"@type\":\"ImageObject\",\"inLanguage\":\"ro-RO\",\"@id\":\"https:\/\/mhf.ro\/mm\/#\/schema\/person\/image\/\",\"url\":\"https:\/\/mhf.ro\/mm\/wp-content\/uploads\/2025\/12\/cropped-logo_mhf_2.png\",\"contentUrl\":\"https:\/\/mhf.ro\/mm\/wp-content\/uploads\/2025\/12\/cropped-logo_mhf_2.png\",\"width\":1096,\"height\":457,\"caption\":\"Marius Marcu\"},\"logo\":{\"@id\":\"https:\/\/mhf.ro\/mm\/#\/schema\/person\/image\/\"},\"sameAs\":[\"https:\/\/mhf.ro\/mm\"]},{\"@type\":\"Person\",\"@id\":\"https:\/\/mhf.ro\/mm\/#\/schema\/person\/4c8c06c801b7b666e81ed44550086900\",\"name\":\"Preot paroh Horvat Petru\",\"image\":{\"@type\":\"ImageObject\",\"inLanguage\":\"ro-RO\",\"@id\":\"https:\/\/mhf.ro\/mm\/#\/schema\/person\/image\/\",\"url\":\"https:\/\/secure.gravatar.com\/avatar\/c2d2dcdf21c6f41aad486d71768c144cd6e23cb7b63bae9bd6fab542b26ad321?s=96&d=monsterid&r=g\",\"contentUrl\":\"https:\/\/secure.gravatar.com\/avatar\/c2d2dcdf21c6f41aad486d71768c144cd6e23cb7b63bae9bd6fab542b26ad321?s=96&d=monsterid&r=g\",\"caption\":\"Preot paroh Horvat Petru\"},\"sameAs\":[\"https:\/\/mhf.ro\/mm\"],\"url\":\"https:\/\/mhf.ro\/mm\/author\/petrica\/\"}]}<\/script>\n<!-- \/ Yoast SEO plugin. -->","yoast_head_json":{"title":"Micul orfan - MHF Photography","robots":{"index":"index","follow":"follow","max-snippet":"max-snippet:-1","max-image-preview":"max-image-preview:large","max-video-preview":"max-video-preview:-1"},"canonical":"https:\/\/mhf.ro\/mm\/micul-orfan\/","og_locale":"ro_RO","og_type":"article","og_title":"Micul orfan - MHF Photography","og_description":"Ce am zice noi despre un copil care a r\u0103mas de mic f\u0103r\u0103 p\u0103rin\u021bi? Mama lui a murit imediat dup\u0103","og_url":"https:\/\/mhf.ro\/mm\/micul-orfan\/","og_site_name":"MHF Photography","article_published_time":"2020-10-16T08:22:06+00:00","article_modified_time":"2020-11-10T17:05:22+00:00","og_image":[{"width":300,"height":206,"url":"https:\/\/mhf.ro\/mm\/wp-content\/uploads\/2020\/10\/Ioan-iacob-hozevitul.jpg","type":"image\/jpeg"}],"author":"Preot paroh Horvat Petru","twitter_card":"summary_large_image","twitter_misc":{"Scris de":"Preot paroh Horvat Petru","Timp estimat pentru citire":"4 minute"},"schema":{"@context":"https:\/\/schema.org","@graph":[{"@type":"Article","@id":"https:\/\/mhf.ro\/mm\/micul-orfan\/#article","isPartOf":{"@id":"https:\/\/mhf.ro\/mm\/micul-orfan\/"},"author":{"name":"Preot paroh Horvat Petru","@id":"https:\/\/mhf.ro\/mm\/#\/schema\/person\/4c8c06c801b7b666e81ed44550086900"},"headline":"Micul orfan","datePublished":"2020-10-16T08:22:06+00:00","dateModified":"2020-11-10T17:05:22+00:00","mainEntityOfPage":{"@id":"https:\/\/mhf.ro\/mm\/micul-orfan\/"},"wordCount":805,"commentCount":0,"publisher":{"@id":"https:\/\/mhf.ro\/mm\/#\/schema\/person\/a3bebf7bdb4bf12f698aff73c7e46c21"},"image":{"@id":"https:\/\/mhf.ro\/mm\/micul-orfan\/#primaryimage"},"thumbnailUrl":"https:\/\/mhf.ro\/mm\/wp-content\/uploads\/2020\/10\/Ioan-iacob-hozevitul.jpg","articleSection":["Locale","Religie"],"inLanguage":"ro-RO","potentialAction":[{"@type":"CommentAction","name":"Comment","target":["https:\/\/mhf.ro\/mm\/micul-orfan\/#respond"]}]},{"@type":"WebPage","@id":"https:\/\/mhf.ro\/mm\/micul-orfan\/","url":"https:\/\/mhf.ro\/mm\/micul-orfan\/","name":"Micul orfan - MHF Photography","isPartOf":{"@id":"https:\/\/mhf.ro\/mm\/#website"},"primaryImageOfPage":{"@id":"https:\/\/mhf.ro\/mm\/micul-orfan\/#primaryimage"},"image":{"@id":"https:\/\/mhf.ro\/mm\/micul-orfan\/#primaryimage"},"thumbnailUrl":"https:\/\/mhf.ro\/mm\/wp-content\/uploads\/2020\/10\/Ioan-iacob-hozevitul.jpg","datePublished":"2020-10-16T08:22:06+00:00","dateModified":"2020-11-10T17:05:22+00:00","breadcrumb":{"@id":"https:\/\/mhf.ro\/mm\/micul-orfan\/#breadcrumb"},"inLanguage":"ro-RO","potentialAction":[{"@type":"ReadAction","target":["https:\/\/mhf.ro\/mm\/micul-orfan\/"]}]},{"@type":"ImageObject","inLanguage":"ro-RO","@id":"https:\/\/mhf.ro\/mm\/micul-orfan\/#primaryimage","url":"https:\/\/mhf.ro\/mm\/wp-content\/uploads\/2020\/10\/Ioan-iacob-hozevitul.jpg","contentUrl":"https:\/\/mhf.ro\/mm\/wp-content\/uploads\/2020\/10\/Ioan-iacob-hozevitul.jpg","width":300,"height":206},{"@type":"BreadcrumbList","@id":"https:\/\/mhf.ro\/mm\/micul-orfan\/#breadcrumb","itemListElement":[{"@type":"ListItem","position":1,"name":"Prima pagin\u0103","item":"https:\/\/mhf.ro\/mm\/"},{"@type":"ListItem","position":2,"name":"Micul orfan"}]},{"@type":"WebSite","@id":"https:\/\/mhf.ro\/mm\/#website","url":"https:\/\/mhf.ro\/mm\/","name":"MHF Photography \u2013 Blog de fotografie, natur\u0103 \u0219i tehnic\u0103 divers\u0103","description":"Aventur\u0103 \u00een fiecare cadru.","publisher":{"@id":"https:\/\/mhf.ro\/mm\/#\/schema\/person\/a3bebf7bdb4bf12f698aff73c7e46c21"},"potentialAction":[{"@type":"SearchAction","target":{"@type":"EntryPoint","urlTemplate":"https:\/\/mhf.ro\/mm\/?s={search_term_string}"},"query-input":{"@type":"PropertyValueSpecification","valueRequired":true,"valueName":"search_term_string"}}],"inLanguage":"ro-RO"},{"@type":["Person","Organization"],"@id":"https:\/\/mhf.ro\/mm\/#\/schema\/person\/a3bebf7bdb4bf12f698aff73c7e46c21","name":"Marius Marcu","image":{"@type":"ImageObject","inLanguage":"ro-RO","@id":"https:\/\/mhf.ro\/mm\/#\/schema\/person\/image\/","url":"https:\/\/mhf.ro\/mm\/wp-content\/uploads\/2025\/12\/cropped-logo_mhf_2.png","contentUrl":"https:\/\/mhf.ro\/mm\/wp-content\/uploads\/2025\/12\/cropped-logo_mhf_2.png","width":1096,"height":457,"caption":"Marius Marcu"},"logo":{"@id":"https:\/\/mhf.ro\/mm\/#\/schema\/person\/image\/"},"sameAs":["https:\/\/mhf.ro\/mm"]},{"@type":"Person","@id":"https:\/\/mhf.ro\/mm\/#\/schema\/person\/4c8c06c801b7b666e81ed44550086900","name":"Preot paroh Horvat Petru","image":{"@type":"ImageObject","inLanguage":"ro-RO","@id":"https:\/\/mhf.ro\/mm\/#\/schema\/person\/image\/","url":"https:\/\/secure.gravatar.com\/avatar\/c2d2dcdf21c6f41aad486d71768c144cd6e23cb7b63bae9bd6fab542b26ad321?s=96&d=monsterid&r=g","contentUrl":"https:\/\/secure.gravatar.com\/avatar\/c2d2dcdf21c6f41aad486d71768c144cd6e23cb7b63bae9bd6fab542b26ad321?s=96&d=monsterid&r=g","caption":"Preot paroh Horvat Petru"},"sameAs":["https:\/\/mhf.ro\/mm"],"url":"https:\/\/mhf.ro\/mm\/author\/petrica\/"}]}},"_links":{"self":[{"href":"https:\/\/mhf.ro\/mm\/wp-json\/wp\/v2\/posts\/2562","targetHints":{"allow":["GET"]}}],"collection":[{"href":"https:\/\/mhf.ro\/mm\/wp-json\/wp\/v2\/posts"}],"about":[{"href":"https:\/\/mhf.ro\/mm\/wp-json\/wp\/v2\/types\/post"}],"author":[{"embeddable":true,"href":"https:\/\/mhf.ro\/mm\/wp-json\/wp\/v2\/users\/4"}],"replies":[{"embeddable":true,"href":"https:\/\/mhf.ro\/mm\/wp-json\/wp\/v2\/comments?post=2562"}],"version-history":[{"count":2,"href":"https:\/\/mhf.ro\/mm\/wp-json\/wp\/v2\/posts\/2562\/revisions"}],"predecessor-version":[{"id":2570,"href":"https:\/\/mhf.ro\/mm\/wp-json\/wp\/v2\/posts\/2562\/revisions\/2570"}],"wp:featuredmedia":[{"embeddable":true,"href":"https:\/\/mhf.ro\/mm\/wp-json\/wp\/v2\/media\/2563"}],"wp:attachment":[{"href":"https:\/\/mhf.ro\/mm\/wp-json\/wp\/v2\/media?parent=2562"}],"wp:term":[{"taxonomy":"category","embeddable":true,"href":"https:\/\/mhf.ro\/mm\/wp-json\/wp\/v2\/categories?post=2562"},{"taxonomy":"post_tag","embeddable":true,"href":"https:\/\/mhf.ro\/mm\/wp-json\/wp\/v2\/tags?post=2562"}],"curies":[{"name":"wp","href":"https:\/\/api.w.org\/{rel}","templated":true}]}}