{"id":2589,"date":"2020-10-20T08:46:22","date_gmt":"2020-10-20T06:46:22","guid":{"rendered":"https:\/\/mhf.ro\/mm\/?p=2589"},"modified":"2020-10-20T08:46:22","modified_gmt":"2020-10-20T06:46:22","slug":"monica-cristina-anisie-intalnire-de-lucru-cu-reprezentantii-sindicatelor-din-invatamant","status":"publish","type":"post","link":"https:\/\/mhf.ro\/mm\/monica-cristina-anisie-intalnire-de-lucru-cu-reprezentantii-sindicatelor-din-invatamant\/","title":{"rendered":"Monica Cristina Anisie, \u00eent\u00e2lnire de lucru cu reprezentan\u021bii sindicatelor din \u00eenv\u0103\u021b\u0103m\u00e2nt"},"content":{"rendered":"<div class=\"field field-name-body field-type-text-with-summary field-label-hidden\">\n<div class=\"field-items\">\n<div class=\"field-item even\">\n<p class=\"rtejustify\">Ast\u0103zi, 19 octombrie 2020, Monica Cristina Anisie, ministrul educa\u021biei \u0219i cercet\u0103rii, a avut o \u00eent\u00e2lnire de lucru cu Marius Ovidiu Nistor, pre\u0219edintele Federa\u021biei Sindicatelor din Educa\u021bie \u201eSpiru Haret\u201d \u0219i cu Simion Hancescu, pre\u0219edintele Federa\u021biei Sindicatelor Libere din \u00cenv\u0103\u021b\u0103m\u00e2nt.<\/p>\n<p class=\"rtejustify\"><img fetchpriority=\"high\" decoding=\"async\" src=\"https:\/\/www.edu.ro\/sites\/default\/files\/_imagini\/comunicate\/2020\/comunicate\/sindicate_19.10.2020.jpeg\" alt=\"\" width=\"906\" height=\"200\" \/><\/p>\n<p class=\"rtejustify\">\u00cen cadrul \u00eent\u00e2lnirii a fost realizat\u0103 o analiz\u0103 a aspectelor cu privire la organizarea eficient\u0103 a procesului educa\u021bional \u00een condi\u021biile desf\u0103\u0219ur\u0103rii activit\u0103\u021bii didactice \u00een sistem online. \u00cen acest context, s-au decis urm\u0103toarele:<\/p>\n<ul>\n<li class=\"rtejustify\">monitorizarea de c\u0103tre reprezentan\u021bii sindicatelor din cadrul fiec\u0103rui jude\u021b\/municipiului Bucure\u0219ti, \u00eempreun\u0103 cu inspectoratele \u0219colare \u0219i conducerile unit\u0103\u021bilor de \u00eenv\u0103\u021b\u0103m\u00e2nt, a desf\u0103\u0219ur\u0103rii \u00een condi\u021bii optime a activit\u0103\u021bilor didactice at\u00e2t \u00een sistem <em>online<\/em>, c\u00e2t \u0219i <em>fa\u021b\u0103 \u00een fa\u021b\u0103<\/em> \u0219i asigurarea consilierii cadrelor didactice \u00een vederea \u00eembun\u0103t\u0103\u021birii actului educa\u021bional;<\/li>\n<li class=\"rtejustify\">informarea de c\u0103tre Ministerul Educa\u021biei \u0219i Cercet\u0103rii a tuturor unit\u0103\u021bilor de \u00eenv\u0103\u021b\u0103m\u00e2nt \u00een privin\u021ba securiz\u0103rii \u0219i utiliz\u0103rii optime a platformelor educa\u021bionale <em>G suite for Education<\/em> \u0219i <em>Microsoft Office 365 A1;<\/em><\/li>\n<li class=\"rtejustify\">angajamentul celor dou\u0103 federa\u021bii reprezentative din \u00eenv\u0103\u021b\u0103m\u00e2ntul preuniversitar de a sus\u021bine demersurile Ministerului Educa\u021biei \u0219i Cercet\u0103rii, astfel \u00eenc\u00e2t toate cadrele didactice s\u0103 utilizeze cu \u00eencredere tehnologia \u00een activit\u0103\u021bile de predare-\u00eenv\u0103\u021bare-evaluare \u00een sistem online;<\/li>\n<li class=\"rtejustify\">realizarea unei declara\u021bii-angajament ce urmeaz\u0103 a fi asumat\u0103 de cadre didactice, elevi \u0219i p\u0103rin\u021bi, declara\u021bie care va veni \u00een completarea prevederilor <a href=\"https:\/\/www.edu.ro\/sites\/default\/files\/_fi%C8%99iere\/Legislatie\/2020\/OMEC%205545.pdf\" target=\"_blank\" rel=\"noopener noreferrer\">Metodologiei-cadru privind desf\u0103\u0219urarea activit\u0103\u021bilor didactice prin intermediul tehnologiei \u0219i al internetului, precum \u0219i pentru prelucrarea datelor cu caracter personal<\/a>.\u00a0Prin aceast\u0103 declara\u021bie este vizat\u0103 protejarea dreptului la imagine at\u00e2t pentru cadrele didactice, c\u00e2t \u0219i pentru elevi;<\/li>\n<li class=\"rtejustify\">simplificarea\/eliminarea unor standarde ARACIP \u0219i promovarea lor prin hot\u0103r\u00e2re de guvern;<\/li>\n<li class=\"rtejustify\">continuarea procesului de debirocratizare a activit\u0103\u021bii cadrelor didactice;<\/li>\n<li class=\"rtejustify\">acordarea posibilit\u0103\u021bii cadrelor didactice de a oferi feedback, sub forma unui chestionar, pentru activitatea desf\u0103\u0219urat\u0103 de c\u0103tre conducerea unit\u0103\u021bii de \u00eenv\u0103\u021b\u0103m\u00e2nt, pentru activitatea desf\u0103\u0219urat\u0103 la nivelul inspectoratului \u0219colar \u0219i pentru activitatea elevilor;<\/li>\n<li class=\"rtejustify\">elaborarea de c\u0103tre Centrul Na\u021bional de Politici \u0219i Evaluare \u00een Educa\u021bie a chestionarului de feedback pentru activitatea cadrelor didactice.<\/li>\n<\/ul>\n<p class=\"rtejustify\">De asemenea, \u00een cadrul \u00eent\u00e2lnirii de ast\u0103zi au fost discutate chestiuni referitoare la <em>Normele metodologice <\/em>prev\u0103zute de Legea 185\/2020 <em>privind desf\u0103\u0219urarea orelor de preg\u0103tire pentru evalu\u0103ri\/examene na\u021bionale \u0219i\/sau pentru ob\u021binerea performan\u021bei educa\u021bionale, precum \u0219i de \u00eenv\u0103\u021bare remedial\u0103<\/em>, dar \u0219i despre acelea privind <em>reducerea normei didactice de predare cu 2-4 ore\/s\u0103pt\u0103m\u00e2n\u0103 a profesorilor care desf\u0103\u0219oar\u0103 activitatea de mentorat<\/em>. (conf. edu.ro)<\/p>\n<\/div>\n<\/div>\n<\/div>\n","protected":false},"excerpt":{"rendered":"<p>Ast\u0103zi, 19 octombrie 2020, Monica Cristina Anisie, ministrul educa\u021biei \u0219i cercet\u0103rii, a avut o \u00eent\u00e2lnire de lucru cu Marius Ovidiu<\/p>\n","protected":false},"author":1,"featured_media":2590,"comment_status":"open","ping_status":"open","sticky":false,"template":"","format":"standard","meta":{"colormag_page_container_layout":"default_layout","colormag_page_sidebar_layout":"default_layout","footnotes":""},"categories":[32,5],"tags":[],"class_list":["post-2589","post","type-post","status-publish","format-standard","has-post-thumbnail","hentry","category-comunicate","category-locale"],"yoast_head":"<!-- This site is optimized with the Yoast SEO plugin v27.0 - https:\/\/yoast.com\/product\/yoast-seo-wordpress\/ -->\n<title>Monica Cristina Anisie, \u00eent\u00e2lnire de lucru cu reprezentan\u021bii sindicatelor din \u00eenv\u0103\u021b\u0103m\u00e2nt - MHF Photography<\/title>\n<meta name=\"robots\" content=\"index, follow, max-snippet:-1, max-image-preview:large, max-video-preview:-1\" \/>\n<link rel=\"canonical\" href=\"https:\/\/mhf.ro\/mm\/monica-cristina-anisie-intalnire-de-lucru-cu-reprezentantii-sindicatelor-din-invatamant\/\" \/>\n<meta property=\"og:locale\" content=\"ro_RO\" \/>\n<meta property=\"og:type\" content=\"article\" \/>\n<meta property=\"og:title\" content=\"Monica Cristina Anisie, \u00eent\u00e2lnire de lucru cu reprezentan\u021bii sindicatelor din \u00eenv\u0103\u021b\u0103m\u00e2nt - MHF Photography\" \/>\n<meta property=\"og:description\" content=\"Ast\u0103zi, 19 octombrie 2020, Monica Cristina Anisie, ministrul educa\u021biei \u0219i cercet\u0103rii, a avut o \u00eent\u00e2lnire de lucru cu Marius Ovidiu\" \/>\n<meta property=\"og:url\" content=\"https:\/\/mhf.ro\/mm\/monica-cristina-anisie-intalnire-de-lucru-cu-reprezentantii-sindicatelor-din-invatamant\/\" \/>\n<meta property=\"og:site_name\" content=\"MHF Photography\" \/>\n<meta property=\"article:published_time\" content=\"2020-10-20T06:46:22+00:00\" \/>\n<meta property=\"og:image\" content=\"https:\/\/mhf.ro\/mm\/wp-content\/uploads\/2020\/10\/anisie_19.10.2020.jpg\" \/>\n\t<meta property=\"og:image:width\" content=\"1588\" \/>\n\t<meta property=\"og:image:height\" content=\"1024\" \/>\n\t<meta property=\"og:image:type\" content=\"image\/jpeg\" \/>\n<meta name=\"author\" content=\"Marius Marcu\" \/>\n<meta name=\"twitter:card\" content=\"summary_large_image\" \/>\n<meta name=\"twitter:label1\" content=\"Scris de\" \/>\n\t<meta name=\"twitter:data1\" content=\"Marius Marcu\" \/>\n\t<meta name=\"twitter:label2\" content=\"Timp estimat pentru citire\" \/>\n\t<meta name=\"twitter:data2\" content=\"2 minute\" \/>\n<script type=\"application\/ld+json\" class=\"yoast-schema-graph\">{\"@context\":\"https:\/\/schema.org\",\"@graph\":[{\"@type\":\"Article\",\"@id\":\"https:\/\/mhf.ro\/mm\/monica-cristina-anisie-intalnire-de-lucru-cu-reprezentantii-sindicatelor-din-invatamant\/#article\",\"isPartOf\":{\"@id\":\"https:\/\/mhf.ro\/mm\/monica-cristina-anisie-intalnire-de-lucru-cu-reprezentantii-sindicatelor-din-invatamant\/\"},\"author\":{\"name\":\"Marius Marcu\",\"@id\":\"https:\/\/mhf.ro\/mm\/#\/schema\/person\/a3bebf7bdb4bf12f698aff73c7e46c21\"},\"headline\":\"Monica Cristina Anisie, \u00eent\u00e2lnire de lucru cu reprezentan\u021bii sindicatelor din \u00eenv\u0103\u021b\u0103m\u00e2nt\",\"datePublished\":\"2020-10-20T06:46:22+00:00\",\"mainEntityOfPage\":{\"@id\":\"https:\/\/mhf.ro\/mm\/monica-cristina-anisie-intalnire-de-lucru-cu-reprezentantii-sindicatelor-din-invatamant\/\"},\"wordCount\":473,\"commentCount\":0,\"publisher\":{\"@id\":\"https:\/\/mhf.ro\/mm\/#\/schema\/person\/a3bebf7bdb4bf12f698aff73c7e46c21\"},\"image\":{\"@id\":\"https:\/\/mhf.ro\/mm\/monica-cristina-anisie-intalnire-de-lucru-cu-reprezentantii-sindicatelor-din-invatamant\/#primaryimage\"},\"thumbnailUrl\":\"https:\/\/mhf.ro\/mm\/wp-content\/uploads\/2020\/10\/anisie_19.10.2020.jpg\",\"articleSection\":[\"Comunicate\",\"Locale\"],\"inLanguage\":\"ro-RO\",\"potentialAction\":[{\"@type\":\"CommentAction\",\"name\":\"Comment\",\"target\":[\"https:\/\/mhf.ro\/mm\/monica-cristina-anisie-intalnire-de-lucru-cu-reprezentantii-sindicatelor-din-invatamant\/#respond\"]}]},{\"@type\":\"WebPage\",\"@id\":\"https:\/\/mhf.ro\/mm\/monica-cristina-anisie-intalnire-de-lucru-cu-reprezentantii-sindicatelor-din-invatamant\/\",\"url\":\"https:\/\/mhf.ro\/mm\/monica-cristina-anisie-intalnire-de-lucru-cu-reprezentantii-sindicatelor-din-invatamant\/\",\"name\":\"Monica Cristina Anisie, \u00eent\u00e2lnire de lucru cu reprezentan\u021bii sindicatelor din \u00eenv\u0103\u021b\u0103m\u00e2nt - MHF Photography\",\"isPartOf\":{\"@id\":\"https:\/\/mhf.ro\/mm\/#website\"},\"primaryImageOfPage\":{\"@id\":\"https:\/\/mhf.ro\/mm\/monica-cristina-anisie-intalnire-de-lucru-cu-reprezentantii-sindicatelor-din-invatamant\/#primaryimage\"},\"image\":{\"@id\":\"https:\/\/mhf.ro\/mm\/monica-cristina-anisie-intalnire-de-lucru-cu-reprezentantii-sindicatelor-din-invatamant\/#primaryimage\"},\"thumbnailUrl\":\"https:\/\/mhf.ro\/mm\/wp-content\/uploads\/2020\/10\/anisie_19.10.2020.jpg\",\"datePublished\":\"2020-10-20T06:46:22+00:00\",\"breadcrumb\":{\"@id\":\"https:\/\/mhf.ro\/mm\/monica-cristina-anisie-intalnire-de-lucru-cu-reprezentantii-sindicatelor-din-invatamant\/#breadcrumb\"},\"inLanguage\":\"ro-RO\",\"potentialAction\":[{\"@type\":\"ReadAction\",\"target\":[\"https:\/\/mhf.ro\/mm\/monica-cristina-anisie-intalnire-de-lucru-cu-reprezentantii-sindicatelor-din-invatamant\/\"]}]},{\"@type\":\"ImageObject\",\"inLanguage\":\"ro-RO\",\"@id\":\"https:\/\/mhf.ro\/mm\/monica-cristina-anisie-intalnire-de-lucru-cu-reprezentantii-sindicatelor-din-invatamant\/#primaryimage\",\"url\":\"https:\/\/mhf.ro\/mm\/wp-content\/uploads\/2020\/10\/anisie_19.10.2020.jpg\",\"contentUrl\":\"https:\/\/mhf.ro\/mm\/wp-content\/uploads\/2020\/10\/anisie_19.10.2020.jpg\",\"width\":1588,\"height\":1024},{\"@type\":\"BreadcrumbList\",\"@id\":\"https:\/\/mhf.ro\/mm\/monica-cristina-anisie-intalnire-de-lucru-cu-reprezentantii-sindicatelor-din-invatamant\/#breadcrumb\",\"itemListElement\":[{\"@type\":\"ListItem\",\"position\":1,\"name\":\"Prima pagin\u0103\",\"item\":\"https:\/\/mhf.ro\/mm\/\"},{\"@type\":\"ListItem\",\"position\":2,\"name\":\"Monica Cristina Anisie, \u00eent\u00e2lnire de lucru cu reprezentan\u021bii sindicatelor din \u00eenv\u0103\u021b\u0103m\u00e2nt\"}]},{\"@type\":\"WebSite\",\"@id\":\"https:\/\/mhf.ro\/mm\/#website\",\"url\":\"https:\/\/mhf.ro\/mm\/\",\"name\":\"MHF Photography \u2013 Blog de fotografie, natur\u0103 \u0219i tehnic\u0103 divers\u0103\",\"description\":\"Aventur\u0103 \u00een fiecare cadru.\",\"publisher\":{\"@id\":\"https:\/\/mhf.ro\/mm\/#\/schema\/person\/a3bebf7bdb4bf12f698aff73c7e46c21\"},\"potentialAction\":[{\"@type\":\"SearchAction\",\"target\":{\"@type\":\"EntryPoint\",\"urlTemplate\":\"https:\/\/mhf.ro\/mm\/?s={search_term_string}\"},\"query-input\":{\"@type\":\"PropertyValueSpecification\",\"valueRequired\":true,\"valueName\":\"search_term_string\"}}],\"inLanguage\":\"ro-RO\"},{\"@type\":[\"Person\",\"Organization\"],\"@id\":\"https:\/\/mhf.ro\/mm\/#\/schema\/person\/a3bebf7bdb4bf12f698aff73c7e46c21\",\"name\":\"Marius Marcu\",\"image\":{\"@type\":\"ImageObject\",\"inLanguage\":\"ro-RO\",\"@id\":\"https:\/\/mhf.ro\/mm\/#\/schema\/person\/image\/\",\"url\":\"https:\/\/mhf.ro\/mm\/wp-content\/uploads\/2025\/12\/cropped-logo_mhf_2.png\",\"contentUrl\":\"https:\/\/mhf.ro\/mm\/wp-content\/uploads\/2025\/12\/cropped-logo_mhf_2.png\",\"width\":1096,\"height\":457,\"caption\":\"Marius Marcu\"},\"logo\":{\"@id\":\"https:\/\/mhf.ro\/mm\/#\/schema\/person\/image\/\"},\"sameAs\":[\"https:\/\/mhf.ro\/mm\"],\"url\":\"https:\/\/mhf.ro\/mm\/author\/mihai\/\"}]}<\/script>\n<!-- \/ Yoast SEO plugin. -->","yoast_head_json":{"title":"Monica Cristina Anisie, \u00eent\u00e2lnire de lucru cu reprezentan\u021bii sindicatelor din \u00eenv\u0103\u021b\u0103m\u00e2nt - MHF Photography","robots":{"index":"index","follow":"follow","max-snippet":"max-snippet:-1","max-image-preview":"max-image-preview:large","max-video-preview":"max-video-preview:-1"},"canonical":"https:\/\/mhf.ro\/mm\/monica-cristina-anisie-intalnire-de-lucru-cu-reprezentantii-sindicatelor-din-invatamant\/","og_locale":"ro_RO","og_type":"article","og_title":"Monica Cristina Anisie, \u00eent\u00e2lnire de lucru cu reprezentan\u021bii sindicatelor din \u00eenv\u0103\u021b\u0103m\u00e2nt - MHF Photography","og_description":"Ast\u0103zi, 19 octombrie 2020, Monica Cristina Anisie, ministrul educa\u021biei \u0219i cercet\u0103rii, a avut o \u00eent\u00e2lnire de lucru cu Marius Ovidiu","og_url":"https:\/\/mhf.ro\/mm\/monica-cristina-anisie-intalnire-de-lucru-cu-reprezentantii-sindicatelor-din-invatamant\/","og_site_name":"MHF Photography","article_published_time":"2020-10-20T06:46:22+00:00","og_image":[{"width":1588,"height":1024,"url":"https:\/\/mhf.ro\/mm\/wp-content\/uploads\/2020\/10\/anisie_19.10.2020.jpg","type":"image\/jpeg"}],"author":"Marius Marcu","twitter_card":"summary_large_image","twitter_misc":{"Scris de":"Marius Marcu","Timp estimat pentru citire":"2 minute"},"schema":{"@context":"https:\/\/schema.org","@graph":[{"@type":"Article","@id":"https:\/\/mhf.ro\/mm\/monica-cristina-anisie-intalnire-de-lucru-cu-reprezentantii-sindicatelor-din-invatamant\/#article","isPartOf":{"@id":"https:\/\/mhf.ro\/mm\/monica-cristina-anisie-intalnire-de-lucru-cu-reprezentantii-sindicatelor-din-invatamant\/"},"author":{"name":"Marius Marcu","@id":"https:\/\/mhf.ro\/mm\/#\/schema\/person\/a3bebf7bdb4bf12f698aff73c7e46c21"},"headline":"Monica Cristina Anisie, \u00eent\u00e2lnire de lucru cu reprezentan\u021bii sindicatelor din \u00eenv\u0103\u021b\u0103m\u00e2nt","datePublished":"2020-10-20T06:46:22+00:00","mainEntityOfPage":{"@id":"https:\/\/mhf.ro\/mm\/monica-cristina-anisie-intalnire-de-lucru-cu-reprezentantii-sindicatelor-din-invatamant\/"},"wordCount":473,"commentCount":0,"publisher":{"@id":"https:\/\/mhf.ro\/mm\/#\/schema\/person\/a3bebf7bdb4bf12f698aff73c7e46c21"},"image":{"@id":"https:\/\/mhf.ro\/mm\/monica-cristina-anisie-intalnire-de-lucru-cu-reprezentantii-sindicatelor-din-invatamant\/#primaryimage"},"thumbnailUrl":"https:\/\/mhf.ro\/mm\/wp-content\/uploads\/2020\/10\/anisie_19.10.2020.jpg","articleSection":["Comunicate","Locale"],"inLanguage":"ro-RO","potentialAction":[{"@type":"CommentAction","name":"Comment","target":["https:\/\/mhf.ro\/mm\/monica-cristina-anisie-intalnire-de-lucru-cu-reprezentantii-sindicatelor-din-invatamant\/#respond"]}]},{"@type":"WebPage","@id":"https:\/\/mhf.ro\/mm\/monica-cristina-anisie-intalnire-de-lucru-cu-reprezentantii-sindicatelor-din-invatamant\/","url":"https:\/\/mhf.ro\/mm\/monica-cristina-anisie-intalnire-de-lucru-cu-reprezentantii-sindicatelor-din-invatamant\/","name":"Monica Cristina Anisie, \u00eent\u00e2lnire de lucru cu reprezentan\u021bii sindicatelor din \u00eenv\u0103\u021b\u0103m\u00e2nt - MHF Photography","isPartOf":{"@id":"https:\/\/mhf.ro\/mm\/#website"},"primaryImageOfPage":{"@id":"https:\/\/mhf.ro\/mm\/monica-cristina-anisie-intalnire-de-lucru-cu-reprezentantii-sindicatelor-din-invatamant\/#primaryimage"},"image":{"@id":"https:\/\/mhf.ro\/mm\/monica-cristina-anisie-intalnire-de-lucru-cu-reprezentantii-sindicatelor-din-invatamant\/#primaryimage"},"thumbnailUrl":"https:\/\/mhf.ro\/mm\/wp-content\/uploads\/2020\/10\/anisie_19.10.2020.jpg","datePublished":"2020-10-20T06:46:22+00:00","breadcrumb":{"@id":"https:\/\/mhf.ro\/mm\/monica-cristina-anisie-intalnire-de-lucru-cu-reprezentantii-sindicatelor-din-invatamant\/#breadcrumb"},"inLanguage":"ro-RO","potentialAction":[{"@type":"ReadAction","target":["https:\/\/mhf.ro\/mm\/monica-cristina-anisie-intalnire-de-lucru-cu-reprezentantii-sindicatelor-din-invatamant\/"]}]},{"@type":"ImageObject","inLanguage":"ro-RO","@id":"https:\/\/mhf.ro\/mm\/monica-cristina-anisie-intalnire-de-lucru-cu-reprezentantii-sindicatelor-din-invatamant\/#primaryimage","url":"https:\/\/mhf.ro\/mm\/wp-content\/uploads\/2020\/10\/anisie_19.10.2020.jpg","contentUrl":"https:\/\/mhf.ro\/mm\/wp-content\/uploads\/2020\/10\/anisie_19.10.2020.jpg","width":1588,"height":1024},{"@type":"BreadcrumbList","@id":"https:\/\/mhf.ro\/mm\/monica-cristina-anisie-intalnire-de-lucru-cu-reprezentantii-sindicatelor-din-invatamant\/#breadcrumb","itemListElement":[{"@type":"ListItem","position":1,"name":"Prima pagin\u0103","item":"https:\/\/mhf.ro\/mm\/"},{"@type":"ListItem","position":2,"name":"Monica Cristina Anisie, \u00eent\u00e2lnire de lucru cu reprezentan\u021bii sindicatelor din \u00eenv\u0103\u021b\u0103m\u00e2nt"}]},{"@type":"WebSite","@id":"https:\/\/mhf.ro\/mm\/#website","url":"https:\/\/mhf.ro\/mm\/","name":"MHF Photography \u2013 Blog de fotografie, natur\u0103 \u0219i tehnic\u0103 divers\u0103","description":"Aventur\u0103 \u00een fiecare cadru.","publisher":{"@id":"https:\/\/mhf.ro\/mm\/#\/schema\/person\/a3bebf7bdb4bf12f698aff73c7e46c21"},"potentialAction":[{"@type":"SearchAction","target":{"@type":"EntryPoint","urlTemplate":"https:\/\/mhf.ro\/mm\/?s={search_term_string}"},"query-input":{"@type":"PropertyValueSpecification","valueRequired":true,"valueName":"search_term_string"}}],"inLanguage":"ro-RO"},{"@type":["Person","Organization"],"@id":"https:\/\/mhf.ro\/mm\/#\/schema\/person\/a3bebf7bdb4bf12f698aff73c7e46c21","name":"Marius Marcu","image":{"@type":"ImageObject","inLanguage":"ro-RO","@id":"https:\/\/mhf.ro\/mm\/#\/schema\/person\/image\/","url":"https:\/\/mhf.ro\/mm\/wp-content\/uploads\/2025\/12\/cropped-logo_mhf_2.png","contentUrl":"https:\/\/mhf.ro\/mm\/wp-content\/uploads\/2025\/12\/cropped-logo_mhf_2.png","width":1096,"height":457,"caption":"Marius Marcu"},"logo":{"@id":"https:\/\/mhf.ro\/mm\/#\/schema\/person\/image\/"},"sameAs":["https:\/\/mhf.ro\/mm"],"url":"https:\/\/mhf.ro\/mm\/author\/mihai\/"}]}},"_links":{"self":[{"href":"https:\/\/mhf.ro\/mm\/wp-json\/wp\/v2\/posts\/2589","targetHints":{"allow":["GET"]}}],"collection":[{"href":"https:\/\/mhf.ro\/mm\/wp-json\/wp\/v2\/posts"}],"about":[{"href":"https:\/\/mhf.ro\/mm\/wp-json\/wp\/v2\/types\/post"}],"author":[{"embeddable":true,"href":"https:\/\/mhf.ro\/mm\/wp-json\/wp\/v2\/users\/1"}],"replies":[{"embeddable":true,"href":"https:\/\/mhf.ro\/mm\/wp-json\/wp\/v2\/comments?post=2589"}],"version-history":[{"count":1,"href":"https:\/\/mhf.ro\/mm\/wp-json\/wp\/v2\/posts\/2589\/revisions"}],"predecessor-version":[{"id":2591,"href":"https:\/\/mhf.ro\/mm\/wp-json\/wp\/v2\/posts\/2589\/revisions\/2591"}],"wp:featuredmedia":[{"embeddable":true,"href":"https:\/\/mhf.ro\/mm\/wp-json\/wp\/v2\/media\/2590"}],"wp:attachment":[{"href":"https:\/\/mhf.ro\/mm\/wp-json\/wp\/v2\/media?parent=2589"}],"wp:term":[{"taxonomy":"category","embeddable":true,"href":"https:\/\/mhf.ro\/mm\/wp-json\/wp\/v2\/categories?post=2589"},{"taxonomy":"post_tag","embeddable":true,"href":"https:\/\/mhf.ro\/mm\/wp-json\/wp\/v2\/tags?post=2589"}],"curies":[{"name":"wp","href":"https:\/\/api.w.org\/{rel}","templated":true}]}}