{"id":2664,"date":"2020-11-06T15:01:02","date_gmt":"2020-11-06T13:01:02","guid":{"rendered":"https:\/\/mhf.ro\/mm\/?p=2664"},"modified":"2020-11-06T15:03:45","modified_gmt":"2020-11-06T13:03:45","slug":"vocea-blajului-intre-idee-si-realizare","status":"publish","type":"post","link":"https:\/\/mhf.ro\/mm\/vocea-blajului-intre-idee-si-realizare\/","title":{"rendered":"Vocea Blajului \u00eentre idee \u0219i realizare"},"content":{"rendered":"<p>\u00cen cartierul Berc al Municipiului Blaj a fost construit\u0103 o biseric\u0103 nou\u0103. Un membru al parohiei, Marcu Marius &#8211; un om foarte discret \u0219i cu o voin\u021b\u0103 nezdruncinat\u0103 \u2013 a avut ideea \u00eenfii\u021b\u0103rii unui post de radio care s\u0103 permit\u0103 comunicarea \u00eentre membri comunit\u0103\u021bii \u0219i cu preotul, \u00een condi\u021bii de izolare \u0219i distan\u021bare, inclusiv transmiterea \u00een direct a slujbelor.<\/p>\n<p>Acest post de radio urma s\u0103 deserveasc\u0103 nu doar bl\u0103jeni ci \u0219i al\u021bi cre\u0219tini cu atitudine, preocupa\u021bi de valori universale ale omenirii, cum sunt credin\u021ba \u0219i \u0219tiin\u021ba. Radioului i s-a ad\u0103ugat \u0219i o gazet\u0103. Toat\u0103 activitatea urma s\u0103 se desf\u0103\u0219oare numai online.<\/p>\n<p>Ce s-a \u00eenf\u0103ptuit \u00een cele c\u00e2teva luni de func\u021bionare?<\/p>\n<ol>\n<li>Dotarea cu aparatura necesar\u0103 transmisiunilor \u0219i \u00eenv\u0103\u021barea folosirii ei.<\/li>\n<li>Formarea unui grup de autori de articole sau participan\u021bi la radio: Marcu Marius, Pr. Horvat Petru, Mitu Ion, Ciurtin Octavian, S\u0103r\u0103tean Adelina, Pr. Benchea Vasile s.a. .<\/li>\n<li>Alc\u0103tuirea unui program stabil de emisiuni: transmiterea slujbelor, muzic\u0103 religioas\u0103, popular\u0103 \u0219i u\u0219oar\u0103, moment poetic, lectur\u0103 biblic\u0103 etc.<\/li>\n<\/ol>\n<p>Ce nu s-a \u00eenf\u0103ptuit?<\/p>\n<ol>\n<li>Cre\u0219terea num\u0103rului de autori. De\u0219i a \u00eenceput ca un radio bisericesc, nu a avut sus\u021binere din partea preo\u021bimii.<\/li>\n<li>Num\u0103r stabil de ascult\u0103tori. Num\u0103rul ascult\u0103torilor a fost \u00eencurajator la \u00eenceput dar calitatea transmisiunilor era foarte deficitar\u0103. C\u00e2nd toate deficien\u021bele au fost remediate, ascult\u0103torii erau deja foarte pu\u021bini sau deloc. Persoanele v\u00e2rstnice au dificultatea acces\u0103rii internetului iar cei tineri au deja mult prea multe op\u021biuni de r\u0103sfoire dar \u0219i prea pu\u021bin\u0103 atrac\u021bie pentru slujbe de la biseric\u0103.<\/li>\n<\/ol>\n<p>Prin urmare radio este oprit. Doar gazeta mai poate fi urm\u0103rit\u0103. S\u0103 sper\u0103m c\u0103 la 20 decembrie va re\u00eenceape radio.<\/p>\n<p>&nbsp;<\/p>\n<p>&nbsp;<\/p>\n","protected":false},"excerpt":{"rendered":"<p>\u00cen cartierul Berc al Municipiului Blaj a fost construit\u0103 o biseric\u0103 nou\u0103. Un membru al parohiei, Marcu Marius &#8211; un<\/p>\n","protected":false},"author":4,"featured_media":2385,"comment_status":"open","ping_status":"open","sticky":false,"template":"","format":"standard","meta":{"colormag_page_container_layout":"default_layout","colormag_page_sidebar_layout":"default_layout","footnotes":""},"categories":[5],"tags":[],"class_list":["post-2664","post","type-post","status-publish","format-standard","has-post-thumbnail","hentry","category-locale"],"yoast_head":"<!-- This site is optimized with the Yoast SEO plugin v27.0 - https:\/\/yoast.com\/product\/yoast-seo-wordpress\/ -->\n<title>Vocea Blajului \u00eentre idee \u0219i realizare - MHF Photography<\/title>\n<meta name=\"robots\" content=\"index, follow, max-snippet:-1, max-image-preview:large, max-video-preview:-1\" \/>\n<link rel=\"canonical\" href=\"https:\/\/mhf.ro\/mm\/vocea-blajului-intre-idee-si-realizare\/\" \/>\n<meta property=\"og:locale\" content=\"ro_RO\" \/>\n<meta property=\"og:type\" content=\"article\" \/>\n<meta property=\"og:title\" content=\"Vocea Blajului \u00eentre idee \u0219i realizare - MHF Photography\" \/>\n<meta property=\"og:description\" content=\"\u00cen cartierul Berc al Municipiului Blaj a fost construit\u0103 o biseric\u0103 nou\u0103. Un membru al parohiei, Marcu Marius &#8211; un\" \/>\n<meta property=\"og:url\" content=\"https:\/\/mhf.ro\/mm\/vocea-blajului-intre-idee-si-realizare\/\" \/>\n<meta property=\"og:site_name\" content=\"MHF Photography\" \/>\n<meta property=\"article:published_time\" content=\"2020-11-06T13:01:02+00:00\" \/>\n<meta property=\"article:modified_time\" content=\"2020-11-06T13:03:45+00:00\" \/>\n<meta property=\"og:image\" content=\"https:\/\/mhf.ro\/mm\/wp-content\/uploads\/2020\/08\/Biserica.jpg\" \/>\n\t<meta property=\"og:image:width\" content=\"408\" \/>\n\t<meta property=\"og:image:height\" content=\"264\" \/>\n\t<meta property=\"og:image:type\" content=\"image\/jpeg\" \/>\n<meta name=\"author\" content=\"Preot paroh Horvat Petru\" \/>\n<meta name=\"twitter:card\" content=\"summary_large_image\" \/>\n<meta name=\"twitter:label1\" content=\"Scris de\" \/>\n\t<meta name=\"twitter:data1\" content=\"Preot paroh Horvat Petru\" \/>\n\t<meta name=\"twitter:label2\" content=\"Timp estimat pentru citire\" \/>\n\t<meta name=\"twitter:data2\" content=\"2 minute\" \/>\n<script type=\"application\/ld+json\" class=\"yoast-schema-graph\">{\"@context\":\"https:\/\/schema.org\",\"@graph\":[{\"@type\":\"Article\",\"@id\":\"https:\/\/mhf.ro\/mm\/vocea-blajului-intre-idee-si-realizare\/#article\",\"isPartOf\":{\"@id\":\"https:\/\/mhf.ro\/mm\/vocea-blajului-intre-idee-si-realizare\/\"},\"author\":{\"name\":\"Preot paroh Horvat Petru\",\"@id\":\"https:\/\/mhf.ro\/mm\/#\/schema\/person\/4c8c06c801b7b666e81ed44550086900\"},\"headline\":\"Vocea Blajului \u00eentre idee \u0219i realizare\",\"datePublished\":\"2020-11-06T13:01:02+00:00\",\"dateModified\":\"2020-11-06T13:03:45+00:00\",\"mainEntityOfPage\":{\"@id\":\"https:\/\/mhf.ro\/mm\/vocea-blajului-intre-idee-si-realizare\/\"},\"wordCount\":313,\"commentCount\":0,\"publisher\":{\"@id\":\"https:\/\/mhf.ro\/mm\/#\/schema\/person\/a3bebf7bdb4bf12f698aff73c7e46c21\"},\"image\":{\"@id\":\"https:\/\/mhf.ro\/mm\/vocea-blajului-intre-idee-si-realizare\/#primaryimage\"},\"thumbnailUrl\":\"https:\/\/mhf.ro\/mm\/wp-content\/uploads\/2020\/08\/Biserica.jpg\",\"articleSection\":[\"Locale\"],\"inLanguage\":\"ro-RO\",\"potentialAction\":[{\"@type\":\"CommentAction\",\"name\":\"Comment\",\"target\":[\"https:\/\/mhf.ro\/mm\/vocea-blajului-intre-idee-si-realizare\/#respond\"]}]},{\"@type\":\"WebPage\",\"@id\":\"https:\/\/mhf.ro\/mm\/vocea-blajului-intre-idee-si-realizare\/\",\"url\":\"https:\/\/mhf.ro\/mm\/vocea-blajului-intre-idee-si-realizare\/\",\"name\":\"Vocea Blajului \u00eentre idee \u0219i realizare - MHF Photography\",\"isPartOf\":{\"@id\":\"https:\/\/mhf.ro\/mm\/#website\"},\"primaryImageOfPage\":{\"@id\":\"https:\/\/mhf.ro\/mm\/vocea-blajului-intre-idee-si-realizare\/#primaryimage\"},\"image\":{\"@id\":\"https:\/\/mhf.ro\/mm\/vocea-blajului-intre-idee-si-realizare\/#primaryimage\"},\"thumbnailUrl\":\"https:\/\/mhf.ro\/mm\/wp-content\/uploads\/2020\/08\/Biserica.jpg\",\"datePublished\":\"2020-11-06T13:01:02+00:00\",\"dateModified\":\"2020-11-06T13:03:45+00:00\",\"breadcrumb\":{\"@id\":\"https:\/\/mhf.ro\/mm\/vocea-blajului-intre-idee-si-realizare\/#breadcrumb\"},\"inLanguage\":\"ro-RO\",\"potentialAction\":[{\"@type\":\"ReadAction\",\"target\":[\"https:\/\/mhf.ro\/mm\/vocea-blajului-intre-idee-si-realizare\/\"]}]},{\"@type\":\"ImageObject\",\"inLanguage\":\"ro-RO\",\"@id\":\"https:\/\/mhf.ro\/mm\/vocea-blajului-intre-idee-si-realizare\/#primaryimage\",\"url\":\"https:\/\/mhf.ro\/mm\/wp-content\/uploads\/2020\/08\/Biserica.jpg\",\"contentUrl\":\"https:\/\/mhf.ro\/mm\/wp-content\/uploads\/2020\/08\/Biserica.jpg\",\"width\":408,\"height\":264},{\"@type\":\"BreadcrumbList\",\"@id\":\"https:\/\/mhf.ro\/mm\/vocea-blajului-intre-idee-si-realizare\/#breadcrumb\",\"itemListElement\":[{\"@type\":\"ListItem\",\"position\":1,\"name\":\"Prima pagin\u0103\",\"item\":\"https:\/\/mhf.ro\/mm\/\"},{\"@type\":\"ListItem\",\"position\":2,\"name\":\"Vocea Blajului \u00eentre idee \u0219i realizare\"}]},{\"@type\":\"WebSite\",\"@id\":\"https:\/\/mhf.ro\/mm\/#website\",\"url\":\"https:\/\/mhf.ro\/mm\/\",\"name\":\"MHF Photography \u2013 Blog de fotografie, natur\u0103 \u0219i tehnic\u0103 divers\u0103\",\"description\":\"Aventur\u0103 \u00een fiecare cadru.\",\"publisher\":{\"@id\":\"https:\/\/mhf.ro\/mm\/#\/schema\/person\/a3bebf7bdb4bf12f698aff73c7e46c21\"},\"potentialAction\":[{\"@type\":\"SearchAction\",\"target\":{\"@type\":\"EntryPoint\",\"urlTemplate\":\"https:\/\/mhf.ro\/mm\/?s={search_term_string}\"},\"query-input\":{\"@type\":\"PropertyValueSpecification\",\"valueRequired\":true,\"valueName\":\"search_term_string\"}}],\"inLanguage\":\"ro-RO\"},{\"@type\":[\"Person\",\"Organization\"],\"@id\":\"https:\/\/mhf.ro\/mm\/#\/schema\/person\/a3bebf7bdb4bf12f698aff73c7e46c21\",\"name\":\"Marius Marcu\",\"image\":{\"@type\":\"ImageObject\",\"inLanguage\":\"ro-RO\",\"@id\":\"https:\/\/mhf.ro\/mm\/#\/schema\/person\/image\/\",\"url\":\"https:\/\/mhf.ro\/mm\/wp-content\/uploads\/2025\/12\/cropped-logo_mhf_2.png\",\"contentUrl\":\"https:\/\/mhf.ro\/mm\/wp-content\/uploads\/2025\/12\/cropped-logo_mhf_2.png\",\"width\":1096,\"height\":457,\"caption\":\"Marius Marcu\"},\"logo\":{\"@id\":\"https:\/\/mhf.ro\/mm\/#\/schema\/person\/image\/\"},\"sameAs\":[\"https:\/\/mhf.ro\/mm\"]},{\"@type\":\"Person\",\"@id\":\"https:\/\/mhf.ro\/mm\/#\/schema\/person\/4c8c06c801b7b666e81ed44550086900\",\"name\":\"Preot paroh Horvat Petru\",\"image\":{\"@type\":\"ImageObject\",\"inLanguage\":\"ro-RO\",\"@id\":\"https:\/\/mhf.ro\/mm\/#\/schema\/person\/image\/\",\"url\":\"https:\/\/secure.gravatar.com\/avatar\/c2d2dcdf21c6f41aad486d71768c144cd6e23cb7b63bae9bd6fab542b26ad321?s=96&d=monsterid&r=g\",\"contentUrl\":\"https:\/\/secure.gravatar.com\/avatar\/c2d2dcdf21c6f41aad486d71768c144cd6e23cb7b63bae9bd6fab542b26ad321?s=96&d=monsterid&r=g\",\"caption\":\"Preot paroh Horvat Petru\"},\"sameAs\":[\"https:\/\/mhf.ro\/mm\"],\"url\":\"https:\/\/mhf.ro\/mm\/author\/petrica\/\"}]}<\/script>\n<!-- \/ Yoast SEO plugin. -->","yoast_head_json":{"title":"Vocea Blajului \u00eentre idee \u0219i realizare - MHF Photography","robots":{"index":"index","follow":"follow","max-snippet":"max-snippet:-1","max-image-preview":"max-image-preview:large","max-video-preview":"max-video-preview:-1"},"canonical":"https:\/\/mhf.ro\/mm\/vocea-blajului-intre-idee-si-realizare\/","og_locale":"ro_RO","og_type":"article","og_title":"Vocea Blajului \u00eentre idee \u0219i realizare - MHF Photography","og_description":"\u00cen cartierul Berc al Municipiului Blaj a fost construit\u0103 o biseric\u0103 nou\u0103. Un membru al parohiei, Marcu Marius &#8211; un","og_url":"https:\/\/mhf.ro\/mm\/vocea-blajului-intre-idee-si-realizare\/","og_site_name":"MHF Photography","article_published_time":"2020-11-06T13:01:02+00:00","article_modified_time":"2020-11-06T13:03:45+00:00","og_image":[{"width":408,"height":264,"url":"https:\/\/mhf.ro\/mm\/wp-content\/uploads\/2020\/08\/Biserica.jpg","type":"image\/jpeg"}],"author":"Preot paroh Horvat Petru","twitter_card":"summary_large_image","twitter_misc":{"Scris de":"Preot paroh Horvat Petru","Timp estimat pentru citire":"2 minute"},"schema":{"@context":"https:\/\/schema.org","@graph":[{"@type":"Article","@id":"https:\/\/mhf.ro\/mm\/vocea-blajului-intre-idee-si-realizare\/#article","isPartOf":{"@id":"https:\/\/mhf.ro\/mm\/vocea-blajului-intre-idee-si-realizare\/"},"author":{"name":"Preot paroh Horvat Petru","@id":"https:\/\/mhf.ro\/mm\/#\/schema\/person\/4c8c06c801b7b666e81ed44550086900"},"headline":"Vocea Blajului \u00eentre idee \u0219i realizare","datePublished":"2020-11-06T13:01:02+00:00","dateModified":"2020-11-06T13:03:45+00:00","mainEntityOfPage":{"@id":"https:\/\/mhf.ro\/mm\/vocea-blajului-intre-idee-si-realizare\/"},"wordCount":313,"commentCount":0,"publisher":{"@id":"https:\/\/mhf.ro\/mm\/#\/schema\/person\/a3bebf7bdb4bf12f698aff73c7e46c21"},"image":{"@id":"https:\/\/mhf.ro\/mm\/vocea-blajului-intre-idee-si-realizare\/#primaryimage"},"thumbnailUrl":"https:\/\/mhf.ro\/mm\/wp-content\/uploads\/2020\/08\/Biserica.jpg","articleSection":["Locale"],"inLanguage":"ro-RO","potentialAction":[{"@type":"CommentAction","name":"Comment","target":["https:\/\/mhf.ro\/mm\/vocea-blajului-intre-idee-si-realizare\/#respond"]}]},{"@type":"WebPage","@id":"https:\/\/mhf.ro\/mm\/vocea-blajului-intre-idee-si-realizare\/","url":"https:\/\/mhf.ro\/mm\/vocea-blajului-intre-idee-si-realizare\/","name":"Vocea Blajului \u00eentre idee \u0219i realizare - MHF Photography","isPartOf":{"@id":"https:\/\/mhf.ro\/mm\/#website"},"primaryImageOfPage":{"@id":"https:\/\/mhf.ro\/mm\/vocea-blajului-intre-idee-si-realizare\/#primaryimage"},"image":{"@id":"https:\/\/mhf.ro\/mm\/vocea-blajului-intre-idee-si-realizare\/#primaryimage"},"thumbnailUrl":"https:\/\/mhf.ro\/mm\/wp-content\/uploads\/2020\/08\/Biserica.jpg","datePublished":"2020-11-06T13:01:02+00:00","dateModified":"2020-11-06T13:03:45+00:00","breadcrumb":{"@id":"https:\/\/mhf.ro\/mm\/vocea-blajului-intre-idee-si-realizare\/#breadcrumb"},"inLanguage":"ro-RO","potentialAction":[{"@type":"ReadAction","target":["https:\/\/mhf.ro\/mm\/vocea-blajului-intre-idee-si-realizare\/"]}]},{"@type":"ImageObject","inLanguage":"ro-RO","@id":"https:\/\/mhf.ro\/mm\/vocea-blajului-intre-idee-si-realizare\/#primaryimage","url":"https:\/\/mhf.ro\/mm\/wp-content\/uploads\/2020\/08\/Biserica.jpg","contentUrl":"https:\/\/mhf.ro\/mm\/wp-content\/uploads\/2020\/08\/Biserica.jpg","width":408,"height":264},{"@type":"BreadcrumbList","@id":"https:\/\/mhf.ro\/mm\/vocea-blajului-intre-idee-si-realizare\/#breadcrumb","itemListElement":[{"@type":"ListItem","position":1,"name":"Prima pagin\u0103","item":"https:\/\/mhf.ro\/mm\/"},{"@type":"ListItem","position":2,"name":"Vocea Blajului \u00eentre idee \u0219i realizare"}]},{"@type":"WebSite","@id":"https:\/\/mhf.ro\/mm\/#website","url":"https:\/\/mhf.ro\/mm\/","name":"MHF Photography \u2013 Blog de fotografie, natur\u0103 \u0219i tehnic\u0103 divers\u0103","description":"Aventur\u0103 \u00een fiecare cadru.","publisher":{"@id":"https:\/\/mhf.ro\/mm\/#\/schema\/person\/a3bebf7bdb4bf12f698aff73c7e46c21"},"potentialAction":[{"@type":"SearchAction","target":{"@type":"EntryPoint","urlTemplate":"https:\/\/mhf.ro\/mm\/?s={search_term_string}"},"query-input":{"@type":"PropertyValueSpecification","valueRequired":true,"valueName":"search_term_string"}}],"inLanguage":"ro-RO"},{"@type":["Person","Organization"],"@id":"https:\/\/mhf.ro\/mm\/#\/schema\/person\/a3bebf7bdb4bf12f698aff73c7e46c21","name":"Marius Marcu","image":{"@type":"ImageObject","inLanguage":"ro-RO","@id":"https:\/\/mhf.ro\/mm\/#\/schema\/person\/image\/","url":"https:\/\/mhf.ro\/mm\/wp-content\/uploads\/2025\/12\/cropped-logo_mhf_2.png","contentUrl":"https:\/\/mhf.ro\/mm\/wp-content\/uploads\/2025\/12\/cropped-logo_mhf_2.png","width":1096,"height":457,"caption":"Marius Marcu"},"logo":{"@id":"https:\/\/mhf.ro\/mm\/#\/schema\/person\/image\/"},"sameAs":["https:\/\/mhf.ro\/mm"]},{"@type":"Person","@id":"https:\/\/mhf.ro\/mm\/#\/schema\/person\/4c8c06c801b7b666e81ed44550086900","name":"Preot paroh Horvat Petru","image":{"@type":"ImageObject","inLanguage":"ro-RO","@id":"https:\/\/mhf.ro\/mm\/#\/schema\/person\/image\/","url":"https:\/\/secure.gravatar.com\/avatar\/c2d2dcdf21c6f41aad486d71768c144cd6e23cb7b63bae9bd6fab542b26ad321?s=96&d=monsterid&r=g","contentUrl":"https:\/\/secure.gravatar.com\/avatar\/c2d2dcdf21c6f41aad486d71768c144cd6e23cb7b63bae9bd6fab542b26ad321?s=96&d=monsterid&r=g","caption":"Preot paroh Horvat Petru"},"sameAs":["https:\/\/mhf.ro\/mm"],"url":"https:\/\/mhf.ro\/mm\/author\/petrica\/"}]}},"_links":{"self":[{"href":"https:\/\/mhf.ro\/mm\/wp-json\/wp\/v2\/posts\/2664","targetHints":{"allow":["GET"]}}],"collection":[{"href":"https:\/\/mhf.ro\/mm\/wp-json\/wp\/v2\/posts"}],"about":[{"href":"https:\/\/mhf.ro\/mm\/wp-json\/wp\/v2\/types\/post"}],"author":[{"embeddable":true,"href":"https:\/\/mhf.ro\/mm\/wp-json\/wp\/v2\/users\/4"}],"replies":[{"embeddable":true,"href":"https:\/\/mhf.ro\/mm\/wp-json\/wp\/v2\/comments?post=2664"}],"version-history":[{"count":1,"href":"https:\/\/mhf.ro\/mm\/wp-json\/wp\/v2\/posts\/2664\/revisions"}],"predecessor-version":[{"id":2665,"href":"https:\/\/mhf.ro\/mm\/wp-json\/wp\/v2\/posts\/2664\/revisions\/2665"}],"wp:featuredmedia":[{"embeddable":true,"href":"https:\/\/mhf.ro\/mm\/wp-json\/wp\/v2\/media\/2385"}],"wp:attachment":[{"href":"https:\/\/mhf.ro\/mm\/wp-json\/wp\/v2\/media?parent=2664"}],"wp:term":[{"taxonomy":"category","embeddable":true,"href":"https:\/\/mhf.ro\/mm\/wp-json\/wp\/v2\/categories?post=2664"},{"taxonomy":"post_tag","embeddable":true,"href":"https:\/\/mhf.ro\/mm\/wp-json\/wp\/v2\/tags?post=2664"}],"curies":[{"name":"wp","href":"https:\/\/api.w.org\/{rel}","templated":true}]}}