{"id":2689,"date":"2020-11-09T18:48:56","date_gmt":"2020-11-09T16:48:56","guid":{"rendered":"https:\/\/mhf.ro\/mm\/?p=2689"},"modified":"2020-11-09T18:48:56","modified_gmt":"2020-11-09T16:48:56","slug":"ministerul-educatiei-si-cercetarii-lanseaza-sesiunile-online-educatia-continua","status":"publish","type":"post","link":"https:\/\/mhf.ro\/mm\/ministerul-educatiei-si-cercetarii-lanseaza-sesiunile-online-educatia-continua\/","title":{"rendered":"Ministerul Educa\u021biei \u0219i Cercet\u0103rii lanseaz\u0103 sesiunile online \u201eEduca\u021bia Continu\u0103\u201d"},"content":{"rendered":"<div class=\"field field-name-body field-type-text-with-summary field-label-hidden\">\n<div class=\"field-items\">\n<div class=\"field-item even\">\n<p class=\"rtejustify\"><strong>Ministerul Educa\u021biei \u0219i Cercet\u0103rii pune la dispozi\u021bia tuturor cadrelor didactice, \u00eencep\u00e2nd de mar\u021bi, 10 noiembrie, sesiunile online de \u00eendrumare \u0219i consiliere \u201eEduca\u021bia Continu\u0103\u201d, sesiuni pentru desf\u0103\u0219urarea activit\u0103\u021bii de predare \u00een sistem online. <\/strong><\/p>\n<p class=\"rtejustify\">Acestea vor avea durata de aproximativ o or\u0103 \u0219i vor fi transmise live, zilnic, de luni p\u00e2n\u0103 vineri, la ora 15:00, pe canalul de YouTube \u0219i pe pagina de Facebook ale Ministerului Educa\u021biei \u0219i Cercet\u0103rii, fiind coordonate \u0219i sus\u021binute de exper\u021bii\/autorii reperelor metodologice publicate \u00een luna septembrie 2020 pe site-ul <a href=\"http:\/\/educatiacontinua.edu.ro\/\">http:\/\/educatiacontinua.edu.ro<\/a>.<\/p>\n<p class=\"rtejustify\"><strong>Prima sesiune de acest tip va fi sus\u021binut\u0103 mar\u021bi, 10 noiembrie, de c\u0103tre Gabriela Noveanu, secretar \u0219tiin\u021bific \u00een cadrul Unit\u0103\u021bii de Cercetare \u00een Educa\u021bie<\/strong>. Tema evenimentului: explicarea rolului reperelor metodologice &#8211; concepute ca formul\u0103 de sprijin \u00een ceea ce prive\u0219te predarea online -, folosirea resurselor digitale \u0219i alegerea platformelor de lucru. Reperele metodologice con\u021bin \u0219i exemple care s\u0103 faciliteze procesul de predare-\u00eenv\u0103\u021bare-evaluare asistat de tehnologie.<\/p>\n<p class=\"rtejustify\">\u25ba Alte detalii despre sesiunea de mar\u021bi, 10 noiembrie, sunt disponibile aici:\u00a0<a href=\"https:\/\/www.facebook.com\/events\/810240556495557\/\">https:\/\/www.facebook.com\/events\/810240556495557\/<\/a>.<\/p>\n<p class=\"rtejustify\"><strong>S\u0103pt\u0103m\u00e2na aceasta, sesiunile online \u201eEduca\u021bia Continu<\/strong><strong>\u0103<\/strong><strong>\u201d\u00a0vor avea urm\u0103torul program:<\/strong><\/p>\n<ul>\n<li class=\"rtejustify\">Miercuri, 11 noiembrie, ora 15:00: <strong>\u201eEvaluarea online &#8211; perspective privind evaluarea formativ\u0103\u201d<\/strong><\/li>\n<li class=\"rtejustify\">Joi, 12 noiembrie, ora 15:00:<strong> Limba \u0219i literatura rom\u00e2n\u0103<\/strong><\/li>\n<li class=\"rtejustify\">Vineri, 13 noiembrie, ora 15:00: <strong>Matematic\u0103.<\/strong><\/li>\n<\/ul>\n<p style=\"text-align: right;\">(conf edu.ro)<\/p>\n<\/div>\n<\/div>\n<\/div>\n","protected":false},"excerpt":{"rendered":"<p>Ministerul Educa\u021biei \u0219i Cercet\u0103rii pune la dispozi\u021bia tuturor cadrelor didactice, \u00eencep\u00e2nd de mar\u021bi, 10 noiembrie, sesiunile online de \u00eendrumare \u0219i<\/p>\n","protected":false},"author":1,"featured_media":2690,"comment_status":"open","ping_status":"open","sticky":false,"template":"","format":"standard","meta":{"colormag_page_container_layout":"default_layout","colormag_page_sidebar_layout":"default_layout","footnotes":""},"categories":[32,5],"tags":[],"class_list":["post-2689","post","type-post","status-publish","format-standard","has-post-thumbnail","hentry","category-comunicate","category-locale"],"yoast_head":"<!-- This site is optimized with the Yoast SEO plugin v27.0 - https:\/\/yoast.com\/product\/yoast-seo-wordpress\/ -->\n<title>Ministerul Educa\u021biei \u0219i Cercet\u0103rii lanseaz\u0103 sesiunile online \u201eEduca\u021bia Continu\u0103\u201d - MHF Photography<\/title>\n<meta name=\"robots\" content=\"index, follow, max-snippet:-1, max-image-preview:large, max-video-preview:-1\" \/>\n<link rel=\"canonical\" href=\"https:\/\/mhf.ro\/mm\/ministerul-educatiei-si-cercetarii-lanseaza-sesiunile-online-educatia-continua\/\" \/>\n<meta property=\"og:locale\" content=\"ro_RO\" \/>\n<meta property=\"og:type\" content=\"article\" \/>\n<meta property=\"og:title\" content=\"Ministerul Educa\u021biei \u0219i Cercet\u0103rii lanseaz\u0103 sesiunile online \u201eEduca\u021bia Continu\u0103\u201d - MHF Photography\" \/>\n<meta property=\"og:description\" content=\"Ministerul Educa\u021biei \u0219i Cercet\u0103rii pune la dispozi\u021bia tuturor cadrelor didactice, \u00eencep\u00e2nd de mar\u021bi, 10 noiembrie, sesiunile online de \u00eendrumare \u0219i\" \/>\n<meta property=\"og:url\" content=\"https:\/\/mhf.ro\/mm\/ministerul-educatiei-si-cercetarii-lanseaza-sesiunile-online-educatia-continua\/\" \/>\n<meta property=\"og:site_name\" content=\"MHF Photography\" \/>\n<meta property=\"article:published_time\" content=\"2020-11-09T16:48:56+00:00\" \/>\n<meta property=\"og:image\" content=\"https:\/\/mhf.ro\/mm\/wp-content\/uploads\/2020\/11\/carti2.jpg\" \/>\n\t<meta property=\"og:image:width\" content=\"1280\" \/>\n\t<meta property=\"og:image:height\" content=\"853\" \/>\n\t<meta property=\"og:image:type\" content=\"image\/jpeg\" \/>\n<meta name=\"author\" content=\"Marius Marcu\" \/>\n<meta name=\"twitter:card\" content=\"summary_large_image\" \/>\n<meta name=\"twitter:label1\" content=\"Scris de\" \/>\n\t<meta name=\"twitter:data1\" content=\"Marius Marcu\" \/>\n\t<meta name=\"twitter:label2\" content=\"Timp estimat pentru citire\" \/>\n\t<meta name=\"twitter:data2\" content=\"1 minut\" \/>\n<script type=\"application\/ld+json\" class=\"yoast-schema-graph\">{\"@context\":\"https:\/\/schema.org\",\"@graph\":[{\"@type\":\"Article\",\"@id\":\"https:\/\/mhf.ro\/mm\/ministerul-educatiei-si-cercetarii-lanseaza-sesiunile-online-educatia-continua\/#article\",\"isPartOf\":{\"@id\":\"https:\/\/mhf.ro\/mm\/ministerul-educatiei-si-cercetarii-lanseaza-sesiunile-online-educatia-continua\/\"},\"author\":{\"name\":\"Marius Marcu\",\"@id\":\"https:\/\/mhf.ro\/mm\/#\/schema\/person\/a3bebf7bdb4bf12f698aff73c7e46c21\"},\"headline\":\"Ministerul Educa\u021biei \u0219i Cercet\u0103rii lanseaz\u0103 sesiunile online \u201eEduca\u021bia Continu\u0103\u201d\",\"datePublished\":\"2020-11-09T16:48:56+00:00\",\"mainEntityOfPage\":{\"@id\":\"https:\/\/mhf.ro\/mm\/ministerul-educatiei-si-cercetarii-lanseaza-sesiunile-online-educatia-continua\/\"},\"wordCount\":239,\"commentCount\":0,\"publisher\":{\"@id\":\"https:\/\/mhf.ro\/mm\/#\/schema\/person\/a3bebf7bdb4bf12f698aff73c7e46c21\"},\"image\":{\"@id\":\"https:\/\/mhf.ro\/mm\/ministerul-educatiei-si-cercetarii-lanseaza-sesiunile-online-educatia-continua\/#primaryimage\"},\"thumbnailUrl\":\"https:\/\/mhf.ro\/mm\/wp-content\/uploads\/2020\/11\/carti2.jpg\",\"articleSection\":[\"Comunicate\",\"Locale\"],\"inLanguage\":\"ro-RO\",\"potentialAction\":[{\"@type\":\"CommentAction\",\"name\":\"Comment\",\"target\":[\"https:\/\/mhf.ro\/mm\/ministerul-educatiei-si-cercetarii-lanseaza-sesiunile-online-educatia-continua\/#respond\"]}]},{\"@type\":\"WebPage\",\"@id\":\"https:\/\/mhf.ro\/mm\/ministerul-educatiei-si-cercetarii-lanseaza-sesiunile-online-educatia-continua\/\",\"url\":\"https:\/\/mhf.ro\/mm\/ministerul-educatiei-si-cercetarii-lanseaza-sesiunile-online-educatia-continua\/\",\"name\":\"Ministerul Educa\u021biei \u0219i Cercet\u0103rii lanseaz\u0103 sesiunile online \u201eEduca\u021bia Continu\u0103\u201d - MHF Photography\",\"isPartOf\":{\"@id\":\"https:\/\/mhf.ro\/mm\/#website\"},\"primaryImageOfPage\":{\"@id\":\"https:\/\/mhf.ro\/mm\/ministerul-educatiei-si-cercetarii-lanseaza-sesiunile-online-educatia-continua\/#primaryimage\"},\"image\":{\"@id\":\"https:\/\/mhf.ro\/mm\/ministerul-educatiei-si-cercetarii-lanseaza-sesiunile-online-educatia-continua\/#primaryimage\"},\"thumbnailUrl\":\"https:\/\/mhf.ro\/mm\/wp-content\/uploads\/2020\/11\/carti2.jpg\",\"datePublished\":\"2020-11-09T16:48:56+00:00\",\"breadcrumb\":{\"@id\":\"https:\/\/mhf.ro\/mm\/ministerul-educatiei-si-cercetarii-lanseaza-sesiunile-online-educatia-continua\/#breadcrumb\"},\"inLanguage\":\"ro-RO\",\"potentialAction\":[{\"@type\":\"ReadAction\",\"target\":[\"https:\/\/mhf.ro\/mm\/ministerul-educatiei-si-cercetarii-lanseaza-sesiunile-online-educatia-continua\/\"]}]},{\"@type\":\"ImageObject\",\"inLanguage\":\"ro-RO\",\"@id\":\"https:\/\/mhf.ro\/mm\/ministerul-educatiei-si-cercetarii-lanseaza-sesiunile-online-educatia-continua\/#primaryimage\",\"url\":\"https:\/\/mhf.ro\/mm\/wp-content\/uploads\/2020\/11\/carti2.jpg\",\"contentUrl\":\"https:\/\/mhf.ro\/mm\/wp-content\/uploads\/2020\/11\/carti2.jpg\",\"width\":1280,\"height\":853},{\"@type\":\"BreadcrumbList\",\"@id\":\"https:\/\/mhf.ro\/mm\/ministerul-educatiei-si-cercetarii-lanseaza-sesiunile-online-educatia-continua\/#breadcrumb\",\"itemListElement\":[{\"@type\":\"ListItem\",\"position\":1,\"name\":\"Prima pagin\u0103\",\"item\":\"https:\/\/mhf.ro\/mm\/\"},{\"@type\":\"ListItem\",\"position\":2,\"name\":\"Ministerul Educa\u021biei \u0219i Cercet\u0103rii lanseaz\u0103 sesiunile online \u201eEduca\u021bia Continu\u0103\u201d\"}]},{\"@type\":\"WebSite\",\"@id\":\"https:\/\/mhf.ro\/mm\/#website\",\"url\":\"https:\/\/mhf.ro\/mm\/\",\"name\":\"MHF Photography \u2013 Blog de fotografie, natur\u0103 \u0219i tehnic\u0103 divers\u0103\",\"description\":\"Aventur\u0103 \u00een fiecare cadru.\",\"publisher\":{\"@id\":\"https:\/\/mhf.ro\/mm\/#\/schema\/person\/a3bebf7bdb4bf12f698aff73c7e46c21\"},\"potentialAction\":[{\"@type\":\"SearchAction\",\"target\":{\"@type\":\"EntryPoint\",\"urlTemplate\":\"https:\/\/mhf.ro\/mm\/?s={search_term_string}\"},\"query-input\":{\"@type\":\"PropertyValueSpecification\",\"valueRequired\":true,\"valueName\":\"search_term_string\"}}],\"inLanguage\":\"ro-RO\"},{\"@type\":[\"Person\",\"Organization\"],\"@id\":\"https:\/\/mhf.ro\/mm\/#\/schema\/person\/a3bebf7bdb4bf12f698aff73c7e46c21\",\"name\":\"Marius Marcu\",\"image\":{\"@type\":\"ImageObject\",\"inLanguage\":\"ro-RO\",\"@id\":\"https:\/\/mhf.ro\/mm\/#\/schema\/person\/image\/\",\"url\":\"https:\/\/mhf.ro\/mm\/wp-content\/uploads\/2025\/12\/cropped-logo_mhf_2.png\",\"contentUrl\":\"https:\/\/mhf.ro\/mm\/wp-content\/uploads\/2025\/12\/cropped-logo_mhf_2.png\",\"width\":1096,\"height\":457,\"caption\":\"Marius Marcu\"},\"logo\":{\"@id\":\"https:\/\/mhf.ro\/mm\/#\/schema\/person\/image\/\"},\"sameAs\":[\"https:\/\/mhf.ro\/mm\"],\"url\":\"https:\/\/mhf.ro\/mm\/author\/mihai\/\"}]}<\/script>\n<!-- \/ Yoast SEO plugin. -->","yoast_head_json":{"title":"Ministerul Educa\u021biei \u0219i Cercet\u0103rii lanseaz\u0103 sesiunile online \u201eEduca\u021bia Continu\u0103\u201d - MHF Photography","robots":{"index":"index","follow":"follow","max-snippet":"max-snippet:-1","max-image-preview":"max-image-preview:large","max-video-preview":"max-video-preview:-1"},"canonical":"https:\/\/mhf.ro\/mm\/ministerul-educatiei-si-cercetarii-lanseaza-sesiunile-online-educatia-continua\/","og_locale":"ro_RO","og_type":"article","og_title":"Ministerul Educa\u021biei \u0219i Cercet\u0103rii lanseaz\u0103 sesiunile online \u201eEduca\u021bia Continu\u0103\u201d - MHF Photography","og_description":"Ministerul Educa\u021biei \u0219i Cercet\u0103rii pune la dispozi\u021bia tuturor cadrelor didactice, \u00eencep\u00e2nd de mar\u021bi, 10 noiembrie, sesiunile online de \u00eendrumare \u0219i","og_url":"https:\/\/mhf.ro\/mm\/ministerul-educatiei-si-cercetarii-lanseaza-sesiunile-online-educatia-continua\/","og_site_name":"MHF Photography","article_published_time":"2020-11-09T16:48:56+00:00","og_image":[{"width":1280,"height":853,"url":"https:\/\/mhf.ro\/mm\/wp-content\/uploads\/2020\/11\/carti2.jpg","type":"image\/jpeg"}],"author":"Marius Marcu","twitter_card":"summary_large_image","twitter_misc":{"Scris de":"Marius Marcu","Timp estimat pentru citire":"1 minut"},"schema":{"@context":"https:\/\/schema.org","@graph":[{"@type":"Article","@id":"https:\/\/mhf.ro\/mm\/ministerul-educatiei-si-cercetarii-lanseaza-sesiunile-online-educatia-continua\/#article","isPartOf":{"@id":"https:\/\/mhf.ro\/mm\/ministerul-educatiei-si-cercetarii-lanseaza-sesiunile-online-educatia-continua\/"},"author":{"name":"Marius Marcu","@id":"https:\/\/mhf.ro\/mm\/#\/schema\/person\/a3bebf7bdb4bf12f698aff73c7e46c21"},"headline":"Ministerul Educa\u021biei \u0219i Cercet\u0103rii lanseaz\u0103 sesiunile online \u201eEduca\u021bia Continu\u0103\u201d","datePublished":"2020-11-09T16:48:56+00:00","mainEntityOfPage":{"@id":"https:\/\/mhf.ro\/mm\/ministerul-educatiei-si-cercetarii-lanseaza-sesiunile-online-educatia-continua\/"},"wordCount":239,"commentCount":0,"publisher":{"@id":"https:\/\/mhf.ro\/mm\/#\/schema\/person\/a3bebf7bdb4bf12f698aff73c7e46c21"},"image":{"@id":"https:\/\/mhf.ro\/mm\/ministerul-educatiei-si-cercetarii-lanseaza-sesiunile-online-educatia-continua\/#primaryimage"},"thumbnailUrl":"https:\/\/mhf.ro\/mm\/wp-content\/uploads\/2020\/11\/carti2.jpg","articleSection":["Comunicate","Locale"],"inLanguage":"ro-RO","potentialAction":[{"@type":"CommentAction","name":"Comment","target":["https:\/\/mhf.ro\/mm\/ministerul-educatiei-si-cercetarii-lanseaza-sesiunile-online-educatia-continua\/#respond"]}]},{"@type":"WebPage","@id":"https:\/\/mhf.ro\/mm\/ministerul-educatiei-si-cercetarii-lanseaza-sesiunile-online-educatia-continua\/","url":"https:\/\/mhf.ro\/mm\/ministerul-educatiei-si-cercetarii-lanseaza-sesiunile-online-educatia-continua\/","name":"Ministerul Educa\u021biei \u0219i Cercet\u0103rii lanseaz\u0103 sesiunile online \u201eEduca\u021bia Continu\u0103\u201d - MHF Photography","isPartOf":{"@id":"https:\/\/mhf.ro\/mm\/#website"},"primaryImageOfPage":{"@id":"https:\/\/mhf.ro\/mm\/ministerul-educatiei-si-cercetarii-lanseaza-sesiunile-online-educatia-continua\/#primaryimage"},"image":{"@id":"https:\/\/mhf.ro\/mm\/ministerul-educatiei-si-cercetarii-lanseaza-sesiunile-online-educatia-continua\/#primaryimage"},"thumbnailUrl":"https:\/\/mhf.ro\/mm\/wp-content\/uploads\/2020\/11\/carti2.jpg","datePublished":"2020-11-09T16:48:56+00:00","breadcrumb":{"@id":"https:\/\/mhf.ro\/mm\/ministerul-educatiei-si-cercetarii-lanseaza-sesiunile-online-educatia-continua\/#breadcrumb"},"inLanguage":"ro-RO","potentialAction":[{"@type":"ReadAction","target":["https:\/\/mhf.ro\/mm\/ministerul-educatiei-si-cercetarii-lanseaza-sesiunile-online-educatia-continua\/"]}]},{"@type":"ImageObject","inLanguage":"ro-RO","@id":"https:\/\/mhf.ro\/mm\/ministerul-educatiei-si-cercetarii-lanseaza-sesiunile-online-educatia-continua\/#primaryimage","url":"https:\/\/mhf.ro\/mm\/wp-content\/uploads\/2020\/11\/carti2.jpg","contentUrl":"https:\/\/mhf.ro\/mm\/wp-content\/uploads\/2020\/11\/carti2.jpg","width":1280,"height":853},{"@type":"BreadcrumbList","@id":"https:\/\/mhf.ro\/mm\/ministerul-educatiei-si-cercetarii-lanseaza-sesiunile-online-educatia-continua\/#breadcrumb","itemListElement":[{"@type":"ListItem","position":1,"name":"Prima pagin\u0103","item":"https:\/\/mhf.ro\/mm\/"},{"@type":"ListItem","position":2,"name":"Ministerul Educa\u021biei \u0219i Cercet\u0103rii lanseaz\u0103 sesiunile online \u201eEduca\u021bia Continu\u0103\u201d"}]},{"@type":"WebSite","@id":"https:\/\/mhf.ro\/mm\/#website","url":"https:\/\/mhf.ro\/mm\/","name":"MHF Photography \u2013 Blog de fotografie, natur\u0103 \u0219i tehnic\u0103 divers\u0103","description":"Aventur\u0103 \u00een fiecare cadru.","publisher":{"@id":"https:\/\/mhf.ro\/mm\/#\/schema\/person\/a3bebf7bdb4bf12f698aff73c7e46c21"},"potentialAction":[{"@type":"SearchAction","target":{"@type":"EntryPoint","urlTemplate":"https:\/\/mhf.ro\/mm\/?s={search_term_string}"},"query-input":{"@type":"PropertyValueSpecification","valueRequired":true,"valueName":"search_term_string"}}],"inLanguage":"ro-RO"},{"@type":["Person","Organization"],"@id":"https:\/\/mhf.ro\/mm\/#\/schema\/person\/a3bebf7bdb4bf12f698aff73c7e46c21","name":"Marius Marcu","image":{"@type":"ImageObject","inLanguage":"ro-RO","@id":"https:\/\/mhf.ro\/mm\/#\/schema\/person\/image\/","url":"https:\/\/mhf.ro\/mm\/wp-content\/uploads\/2025\/12\/cropped-logo_mhf_2.png","contentUrl":"https:\/\/mhf.ro\/mm\/wp-content\/uploads\/2025\/12\/cropped-logo_mhf_2.png","width":1096,"height":457,"caption":"Marius Marcu"},"logo":{"@id":"https:\/\/mhf.ro\/mm\/#\/schema\/person\/image\/"},"sameAs":["https:\/\/mhf.ro\/mm"],"url":"https:\/\/mhf.ro\/mm\/author\/mihai\/"}]}},"_links":{"self":[{"href":"https:\/\/mhf.ro\/mm\/wp-json\/wp\/v2\/posts\/2689","targetHints":{"allow":["GET"]}}],"collection":[{"href":"https:\/\/mhf.ro\/mm\/wp-json\/wp\/v2\/posts"}],"about":[{"href":"https:\/\/mhf.ro\/mm\/wp-json\/wp\/v2\/types\/post"}],"author":[{"embeddable":true,"href":"https:\/\/mhf.ro\/mm\/wp-json\/wp\/v2\/users\/1"}],"replies":[{"embeddable":true,"href":"https:\/\/mhf.ro\/mm\/wp-json\/wp\/v2\/comments?post=2689"}],"version-history":[{"count":1,"href":"https:\/\/mhf.ro\/mm\/wp-json\/wp\/v2\/posts\/2689\/revisions"}],"predecessor-version":[{"id":2691,"href":"https:\/\/mhf.ro\/mm\/wp-json\/wp\/v2\/posts\/2689\/revisions\/2691"}],"wp:featuredmedia":[{"embeddable":true,"href":"https:\/\/mhf.ro\/mm\/wp-json\/wp\/v2\/media\/2690"}],"wp:attachment":[{"href":"https:\/\/mhf.ro\/mm\/wp-json\/wp\/v2\/media?parent=2689"}],"wp:term":[{"taxonomy":"category","embeddable":true,"href":"https:\/\/mhf.ro\/mm\/wp-json\/wp\/v2\/categories?post=2689"},{"taxonomy":"post_tag","embeddable":true,"href":"https:\/\/mhf.ro\/mm\/wp-json\/wp\/v2\/tags?post=2689"}],"curies":[{"name":"wp","href":"https:\/\/api.w.org\/{rel}","templated":true}]}}