{"id":2695,"date":"2020-11-10T17:40:21","date_gmt":"2020-11-10T15:40:21","guid":{"rendered":"https:\/\/mhf.ro\/mm\/?p=2695"},"modified":"2020-11-10T17:41:37","modified_gmt":"2020-11-10T15:41:37","slug":"informare-covid-19-grupul-de-comunicare-strategica-10-noiembrie-ora-13-00","status":"publish","type":"post","link":"https:\/\/mhf.ro\/mm\/informare-covid-19-grupul-de-comunicare-strategica-10-noiembrie-ora-13-00\/","title":{"rendered":"Informare COVID -19, Grupul de Comunicare Strategic\u0103, 10 noiembrie, ora 13.00"},"content":{"rendered":"<p>P\u00e2n\u0103 ast\u0103zi, 10 noiembrie, pe teritoriul Rom\u00e2niei, au fost confirmate 314.295 de cazuri de persoane infectate cu noul coronavirus (COVID \u2013 19).<\/p>\n<p>211.408 pacien\u021bi au fost declara\u021bi vindeca\u021bi.<\/p>\n<p>\u00cen urma testelor efectuate la nivel na\u021bional, fa\u021b\u0103 de ultima raportare, au fost \u00eenregistrate 7.304 cazuri noi de persoane infectate cu SARS \u2013 CoV \u2013 2 (COVID \u2013 19), acestea fiind cazuri care nu au mai avut anterior un test pozitiv. Distribu\u021bia pe jude\u021be a cazurilor per total \u0219i a celor noi o reg\u0103si\u021bi \u00een tabelul de mai jos.<\/p>\n<p>&nbsp;<\/p>\n<table width=\"710\">\n<tbody>\n<tr>\n<td width=\"47\"><strong>Nr. crt.<\/strong><\/td>\n<td width=\"151\"><strong>Jude\u021b<\/strong><\/td>\n<td width=\"189\"><strong>Num\u0103r de cazuri confirmate(total)<\/strong><\/td>\n<td width=\"161\"><strong>Num\u0103r de cazuri nou confirmate<\/strong><\/td>\n<td width=\"162\"><strong>Inciden\u021ba \u00a0\u00eenregistrat\u0103 la 14 zile<\/strong><\/td>\n<\/tr>\n<tr>\n<td width=\"47\">1.<\/td>\n<td width=\"151\">Alba<\/td>\n<td width=\"189\">6749<\/td>\n<td width=\"161\">189<\/td>\n<td width=\"162\">5,43<\/td>\n<\/tr>\n<tr>\n<td width=\"47\">2.<\/td>\n<td width=\"151\">Arad<\/td>\n<td width=\"189\">7275<\/td>\n<td width=\"161\">135<\/td>\n<td width=\"162\">4,89<\/td>\n<\/tr>\n<tr>\n<td width=\"47\">3.<\/td>\n<td width=\"151\">Arge\u0219<\/td>\n<td width=\"189\">8702<\/td>\n<td width=\"161\">125<\/td>\n<td width=\"162\">2,72<\/td>\n<\/tr>\n<tr>\n<td width=\"47\">4.<\/td>\n<td width=\"151\">Bac\u0103u<\/td>\n<td width=\"189\">9726<\/td>\n<td width=\"161\">116<\/td>\n<td width=\"162\">2,28<\/td>\n<\/tr>\n<tr>\n<td width=\"47\">5.<\/td>\n<td width=\"151\">Bihor<\/td>\n<td width=\"189\">9258<\/td>\n<td width=\"161\">199<\/td>\n<td width=\"162\">5,64<\/td>\n<\/tr>\n<tr>\n<td width=\"47\">6.<\/td>\n<td width=\"151\">Bistri\u021ba-N\u0103s\u0103ud<\/td>\n<td width=\"189\">3765<\/td>\n<td width=\"161\">113<\/td>\n<td width=\"162\">3,72<\/td>\n<\/tr>\n<tr>\n<td width=\"47\">7.<\/td>\n<td width=\"151\">Boto\u0219ani<\/td>\n<td width=\"189\">4190<\/td>\n<td width=\"161\">82<\/td>\n<td width=\"162\">2,58<\/td>\n<\/tr>\n<tr>\n<td width=\"47\">8.<\/td>\n<td width=\"151\">Bra\u0219ov<\/td>\n<td width=\"189\">12212<\/td>\n<td width=\"161\">204<\/td>\n<td width=\"162\">4,58<\/td>\n<\/tr>\n<tr>\n<td width=\"47\">9.<\/td>\n<td width=\"151\">Br\u0103ila<\/td>\n<td width=\"189\">3932<\/td>\n<td width=\"161\">44<\/td>\n<td width=\"162\">1,82<\/td>\n<\/tr>\n<tr>\n<td width=\"47\">10.<\/td>\n<td width=\"151\">Buz\u0103u<\/td>\n<td width=\"189\">4824<\/td>\n<td width=\"161\">85<\/td>\n<td width=\"162\">2,06<\/td>\n<\/tr>\n<tr>\n<td width=\"47\">11.<\/td>\n<td width=\"151\">Cara\u0219-Severin<\/td>\n<td width=\"189\">3301<\/td>\n<td width=\"161\">99<\/td>\n<td width=\"162\">2,69<\/td>\n<\/tr>\n<tr>\n<td width=\"47\">12.<\/td>\n<td width=\"151\">C\u0103l\u0103ra\u0219i<\/td>\n<td width=\"189\">2482<\/td>\n<td width=\"161\">107<\/td>\n<td width=\"162\">1,85<\/td>\n<\/tr>\n<tr>\n<td width=\"47\">13.<\/td>\n<td width=\"151\">Cluj<\/td>\n<td width=\"189\">13161<\/td>\n<td width=\"161\">423<\/td>\n<td width=\"162\">6,56<\/td>\n<\/tr>\n<tr>\n<td width=\"47\">14.<\/td>\n<td width=\"151\">Constan\u021ba<\/td>\n<td width=\"189\">8551<\/td>\n<td width=\"161\">361<\/td>\n<td width=\"162\">3,89<\/td>\n<\/tr>\n<tr>\n<td width=\"47\">15.<\/td>\n<td width=\"151\">Covasna<\/td>\n<td width=\"189\">2873<\/td>\n<td width=\"161\">43<\/td>\n<td width=\"162\">3,22<\/td>\n<\/tr>\n<tr>\n<td width=\"47\">16.<\/td>\n<td width=\"151\">D\u00e2mbovi\u021ba<\/td>\n<td width=\"189\">8016<\/td>\n<td width=\"161\">80<\/td>\n<td width=\"162\">3,04<\/td>\n<\/tr>\n<tr>\n<td width=\"47\">17.<\/td>\n<td width=\"151\">Dolj<\/td>\n<td width=\"189\">8627<\/td>\n<td width=\"161\">211<\/td>\n<td width=\"162\">3,8<\/td>\n<\/tr>\n<tr>\n<td width=\"47\">18.<\/td>\n<td width=\"151\">Gala\u021bi<\/td>\n<td width=\"189\">7257<\/td>\n<td width=\"161\">78<\/td>\n<td width=\"162\">1,75<\/td>\n<\/tr>\n<tr>\n<td width=\"47\">19.<\/td>\n<td width=\"151\">Giurgiu<\/td>\n<td width=\"189\">2467<\/td>\n<td width=\"161\">107<\/td>\n<td width=\"162\">2,01<\/td>\n<\/tr>\n<tr>\n<td width=\"47\">20.<\/td>\n<td width=\"151\">Gorj<\/td>\n<td width=\"189\">3467<\/td>\n<td width=\"161\">44<\/td>\n<td width=\"162\">1,85<\/td>\n<\/tr>\n<tr>\n<td width=\"47\">21.<\/td>\n<td width=\"151\">Harghita<\/td>\n<td width=\"189\">3720<\/td>\n<td width=\"161\">64<\/td>\n<td width=\"162\">2,7<\/td>\n<\/tr>\n<tr>\n<td width=\"47\">22.<\/td>\n<td width=\"151\">Hunedoara<\/td>\n<td width=\"189\">5483<\/td>\n<td width=\"161\">163<\/td>\n<td width=\"162\">3,04<\/td>\n<\/tr>\n<tr>\n<td width=\"47\">23.<\/td>\n<td width=\"151\">Ialomi\u021ba<\/td>\n<td width=\"189\">2868<\/td>\n<td width=\"161\">28<\/td>\n<td width=\"162\">2,38<\/td>\n<\/tr>\n<tr>\n<td width=\"47\">24.<\/td>\n<td width=\"151\">Ia\u0219i<\/td>\n<td width=\"189\">13364<\/td>\n<td width=\"161\">332<\/td>\n<td width=\"162\">2,51<\/td>\n<\/tr>\n<tr>\n<td width=\"47\">25.<\/td>\n<td width=\"151\">Ilfov<\/td>\n<td width=\"189\">8318<\/td>\n<td width=\"161\">237<\/td>\n<td width=\"162\">3,42<\/td>\n<\/tr>\n<tr>\n<td width=\"47\">26.<\/td>\n<td width=\"151\">Maramure\u0219<\/td>\n<td width=\"189\">5998<\/td>\n<td width=\"161\">82<\/td>\n<td width=\"162\">3,71<\/td>\n<\/tr>\n<tr>\n<td width=\"47\">27.<\/td>\n<td width=\"151\">Mehedin\u021bi<\/td>\n<td width=\"189\">2662<\/td>\n<td width=\"161\">39<\/td>\n<td width=\"162\">2,03<\/td>\n<\/tr>\n<tr>\n<td width=\"47\">28.<\/td>\n<td width=\"151\">Mure\u0219<\/td>\n<td width=\"189\">7423<\/td>\n<td width=\"161\">183<\/td>\n<td width=\"162\">4,47<\/td>\n<\/tr>\n<tr>\n<td width=\"47\">29.<\/td>\n<td width=\"151\">Neam\u021b<\/td>\n<td width=\"189\">7372<\/td>\n<td width=\"161\">106<\/td>\n<td width=\"162\">2,72<\/td>\n<\/tr>\n<tr>\n<td width=\"47\">30.<\/td>\n<td width=\"151\">Olt<\/td>\n<td width=\"189\">4861<\/td>\n<td width=\"161\">367<\/td>\n<td width=\"162\">1,34<\/td>\n<\/tr>\n<tr>\n<td width=\"47\">31.<\/td>\n<td width=\"151\">Prahova<\/td>\n<td width=\"189\">13114<\/td>\n<td width=\"161\">256<\/td>\n<td width=\"162\">3,64<\/td>\n<\/tr>\n<tr>\n<td width=\"47\">32.<\/td>\n<td width=\"151\">Satu Mare<\/td>\n<td width=\"189\">2832<\/td>\n<td width=\"161\">128<\/td>\n<td width=\"162\">3,03<\/td>\n<\/tr>\n<tr>\n<td width=\"47\">33.<\/td>\n<td width=\"151\">S\u0103laj<\/td>\n<td width=\"189\">4035<\/td>\n<td width=\"161\">57<\/td>\n<td width=\"162\">6,47<\/td>\n<\/tr>\n<tr>\n<td width=\"47\">34.<\/td>\n<td width=\"151\">Sibiu<\/td>\n<td width=\"189\">8324<\/td>\n<td width=\"161\">282<\/td>\n<td width=\"162\">6,89<\/td>\n<\/tr>\n<tr>\n<td width=\"47\">35.<\/td>\n<td width=\"151\">Suceava<\/td>\n<td width=\"189\">10652<\/td>\n<td width=\"161\">182<\/td>\n<td width=\"162\">2,12<\/td>\n<\/tr>\n<tr>\n<td width=\"47\">36.<\/td>\n<td width=\"151\">Teleorman<\/td>\n<td width=\"189\">3929<\/td>\n<td width=\"161\">75<\/td>\n<td width=\"162\">2,62<\/td>\n<\/tr>\n<tr>\n<td width=\"47\">37.<\/td>\n<td width=\"151\">Timi\u0219<\/td>\n<td width=\"189\">13029<\/td>\n<td width=\"161\">344<\/td>\n<td width=\"162\">6,38<\/td>\n<\/tr>\n<tr>\n<td width=\"47\">38.<\/td>\n<td width=\"151\">Tulcea<\/td>\n<td width=\"189\">1885<\/td>\n<td width=\"161\">30<\/td>\n<td width=\"162\">1,52<\/td>\n<\/tr>\n<tr>\n<td width=\"47\">39.<\/td>\n<td width=\"151\">Vaslui<\/td>\n<td width=\"189\">5917<\/td>\n<td width=\"161\">98<\/td>\n<td width=\"162\">2,01<\/td>\n<\/tr>\n<tr>\n<td width=\"47\">40.<\/td>\n<td width=\"151\">V\u00e2lcea<\/td>\n<td width=\"189\">6090<\/td>\n<td width=\"161\">43<\/td>\n<td width=\"162\">3,07<\/td>\n<\/tr>\n<tr>\n<td width=\"47\">41.<\/td>\n<td width=\"151\">Vrancea<\/td>\n<td width=\"189\">4038<\/td>\n<td width=\"161\">54<\/td>\n<td width=\"162\">1,43<\/td>\n<\/tr>\n<tr>\n<td width=\"47\">42.<\/td>\n<td width=\"151\">Mun. Bucure\u0219ti<\/td>\n<td width=\"189\">44795<\/td>\n<td width=\"161\">845<\/td>\n<td width=\"162\">5,11<\/td>\n<\/tr>\n<tr>\n<td width=\"47\">43.<\/td>\n<td width=\"151\">Cazuri noi nealocate pe jude\u021be<\/td>\n<td width=\"189\">2751*<\/td>\n<td width=\"161\">464<\/td>\n<td width=\"162\"><\/td>\n<\/tr>\n<tr>\n<td colspan=\"2\" width=\"198\">\u00a0TOTAL<\/td>\n<td width=\"189\">314.295<\/td>\n<td width=\"161\">7.304<\/td>\n<td width=\"162\"><\/td>\n<\/tr>\n<\/tbody>\n<\/table>\n<p><em>\u00a0<\/em><\/p>\n<p>*Referitor la \u201ecazurile noi nealocate pe jude\u021be\u201d, facem precizarea c\u0103 num\u0103rul acestora este determinat de modific\u0103rile aduse platformei electronice prin care sunt raportate \u0219i centralizate rezultatele testelor pentru noul coronavirus. Astfel, conform noii metodologii, centrele de testare introduc \u00een mod direct rezultatele testelor realizate, urm\u00e2nd ca de la nivelul Direc\u021biilor de S\u0103n\u0103tate Public\u0103 s\u0103 fie realizat\u0103 ancheta epidemiologic\u0103 \u0219i atribuite cazurile pozitive jude\u021bului\/localit\u0103\u021bii de care apar\u021bin persoanele infectate.<\/p>\n<p>&nbsp;<\/p>\n<p>Coeficientul infect\u0103rilor cumulate la 14 zile, raportate la 1.000 de locuitori este calculat de c\u0103tre Direc\u021biile de S\u0103n\u0103tate Public\u0103, la nivelul Municipiului Bucure\u0219ti \u0219i al jude\u021belor. Mai jos ave\u021bi graficul realizat \u00een baza raport\u0103rilor primite de CNCCI de la Direc\u021biile de S\u0103n\u0103tate Public\u0103:<\/p>\n<p>&nbsp;<\/p>\n<p><img fetchpriority=\"high\" decoding=\"async\" class=\"alignnone wp-image-24012\" src=\"https:\/\/www.mai.gov.ro\/wp-content\/uploads\/2020\/11\/Incidenta-14-zile-10-noiembrie-300x192.jpg\" alt=\"\" width=\"490\" height=\"314\" \/><\/p>\n<p>Distinct de cazurile nou confirmate, \u00een urma retest\u0103rii pacien\u021bilor care erau deja pozitivi, 1.682 de persoane au fost reconfirmate pozitiv. Distribu\u021bia pe jude\u021be a acestor cazuri o reg\u0103si\u021bi \u00een tabelul de mai jos.<\/p>\n<p>&nbsp;<\/p>\n<table width=\"516\">\n<tbody>\n<tr>\n<td width=\"60\">\u00a0<strong>Nr. Crt.<\/strong><\/td>\n<td width=\"253\"><strong>JUDE\u021a<\/strong><\/td>\n<td width=\"204\"><strong>Probe pozitive la retestare<\/strong><\/td>\n<\/tr>\n<tr>\n<td width=\"60\">1<\/td>\n<td width=\"253\">ALBA<\/td>\n<td width=\"204\">21<\/td>\n<\/tr>\n<tr>\n<td width=\"60\">2<\/td>\n<td width=\"253\">ARAD<\/td>\n<td width=\"204\">17<\/td>\n<\/tr>\n<tr>\n<td width=\"60\">3<\/td>\n<td width=\"253\">ARGE\u015e<\/td>\n<td width=\"204\">54<\/td>\n<\/tr>\n<tr>\n<td width=\"60\">4<\/td>\n<td width=\"253\">BAC\u0102U<\/td>\n<td width=\"204\">28<\/td>\n<\/tr>\n<tr>\n<td width=\"60\">5<\/td>\n<td width=\"253\">BIHOR<\/td>\n<td width=\"204\">15<\/td>\n<\/tr>\n<tr>\n<td width=\"60\">6<\/td>\n<td width=\"253\">BISTRI\u0162A-N\u0102S\u0102UD<\/td>\n<td width=\"204\">16<\/td>\n<\/tr>\n<tr>\n<td width=\"60\">7<\/td>\n<td width=\"253\">BOTO\u015eANI<\/td>\n<td width=\"204\">17<\/td>\n<\/tr>\n<tr>\n<td width=\"60\">8<\/td>\n<td width=\"253\">BR\u0102ILA<\/td>\n<td width=\"204\">8<\/td>\n<\/tr>\n<tr>\n<td width=\"60\">9<\/td>\n<td width=\"253\">BRA\u015eOV<\/td>\n<td width=\"204\">30<\/td>\n<\/tr>\n<tr>\n<td width=\"60\">10<\/td>\n<td width=\"253\">BUZ\u0102U<\/td>\n<td width=\"204\">6<\/td>\n<\/tr>\n<tr>\n<td width=\"60\">11<\/td>\n<td width=\"253\">C\u0102L\u0102RA\u015eI<\/td>\n<td width=\"204\">12<\/td>\n<\/tr>\n<tr>\n<td width=\"60\">12<\/td>\n<td width=\"253\">CARA\u015e-SEVERIN<\/td>\n<td width=\"204\">40<\/td>\n<\/tr>\n<tr>\n<td width=\"60\">13<\/td>\n<td width=\"253\">CLUJ<\/td>\n<td width=\"204\">194<\/td>\n<\/tr>\n<tr>\n<td width=\"60\">14<\/td>\n<td width=\"253\">CONSTAN\u0162A<\/td>\n<td width=\"204\">130<\/td>\n<\/tr>\n<tr>\n<td width=\"60\">15<\/td>\n<td width=\"253\">COVASNA<\/td>\n<td width=\"204\">9<\/td>\n<\/tr>\n<tr>\n<td width=\"60\">16<\/td>\n<td width=\"253\">D\u00c2MBOVI\u0162A<\/td>\n<td width=\"204\">14<\/td>\n<\/tr>\n<tr>\n<td width=\"60\">17<\/td>\n<td width=\"253\">DOLJ<\/td>\n<td width=\"204\">11<\/td>\n<\/tr>\n<tr>\n<td width=\"60\">18<\/td>\n<td width=\"253\">GALA\u0162I<\/td>\n<td width=\"204\">35<\/td>\n<\/tr>\n<tr>\n<td width=\"60\">19<\/td>\n<td width=\"253\">GIURGIU<\/td>\n<td width=\"204\">16<\/td>\n<\/tr>\n<tr>\n<td width=\"60\">20<\/td>\n<td width=\"253\">GORJ<\/td>\n<td width=\"204\">9<\/td>\n<\/tr>\n<tr>\n<td width=\"60\">21<\/td>\n<td width=\"253\">HARGHITA<\/td>\n<td width=\"204\">11<\/td>\n<\/tr>\n<tr>\n<td width=\"60\">22<\/td>\n<td width=\"253\">HUNEDOARA<\/td>\n<td width=\"204\">61<\/td>\n<\/tr>\n<tr>\n<td width=\"60\">23<\/td>\n<td width=\"253\">IALOMI\u0162A<\/td>\n<td width=\"204\">9<\/td>\n<\/tr>\n<tr>\n<td width=\"60\">24<\/td>\n<td width=\"253\">IA\u015eI<\/td>\n<td width=\"204\">100<\/td>\n<\/tr>\n<tr>\n<td width=\"60\">25<\/td>\n<td width=\"253\">ILFOV<\/td>\n<td width=\"204\">53<\/td>\n<\/tr>\n<tr>\n<td width=\"60\">26<\/td>\n<td width=\"253\">MARAMURE\u015e<\/td>\n<td width=\"204\">12<\/td>\n<\/tr>\n<tr>\n<td width=\"60\">27<\/td>\n<td width=\"253\">MEHEDIN\u0162I<\/td>\n<td width=\"204\">14<\/td>\n<\/tr>\n<tr>\n<td width=\"60\">28<\/td>\n<td width=\"253\">MUNICIPIUL BUCURE\u015eTI<\/td>\n<td width=\"204\">209<\/td>\n<\/tr>\n<tr>\n<td width=\"60\">29<\/td>\n<td width=\"253\">MURE\u015e<\/td>\n<td width=\"204\">23<\/td>\n<\/tr>\n<tr>\n<td width=\"60\">30<\/td>\n<td width=\"253\">NEAM\u0162<\/td>\n<td width=\"204\">46<\/td>\n<\/tr>\n<tr>\n<td width=\"60\">31<\/td>\n<td width=\"253\">OLT<\/td>\n<td width=\"204\">35<\/td>\n<\/tr>\n<tr>\n<td width=\"60\">32<\/td>\n<td width=\"253\">PRAHOVA<\/td>\n<td width=\"204\">78<\/td>\n<\/tr>\n<tr>\n<td width=\"60\">33<\/td>\n<td width=\"253\">S\u0102LAJ<\/td>\n<td width=\"204\">66<\/td>\n<\/tr>\n<tr>\n<td width=\"60\">34<\/td>\n<td width=\"253\">SATU MARE<\/td>\n<td width=\"204\">10<\/td>\n<\/tr>\n<tr>\n<td width=\"60\">35<\/td>\n<td width=\"253\">SIBIU<\/td>\n<td width=\"204\">26<\/td>\n<\/tr>\n<tr>\n<td width=\"60\">36<\/td>\n<td width=\"253\">SUCEAVA<\/td>\n<td width=\"204\">97<\/td>\n<\/tr>\n<tr>\n<td width=\"60\">37<\/td>\n<td width=\"253\">TELEORMAN<\/td>\n<td width=\"204\">20<\/td>\n<\/tr>\n<tr>\n<td width=\"60\">38<\/td>\n<td width=\"253\">TIMI\u015e<\/td>\n<td width=\"204\">94<\/td>\n<\/tr>\n<tr>\n<td width=\"60\">39<\/td>\n<td width=\"253\">TULCEA<\/td>\n<td width=\"204\"><\/td>\n<\/tr>\n<tr>\n<td width=\"60\">40<\/td>\n<td width=\"253\">V\u00c2LCEA<\/td>\n<td width=\"204\">4<\/td>\n<\/tr>\n<tr>\n<td width=\"60\">41<\/td>\n<td width=\"253\">VASLUI<\/td>\n<td width=\"204\">16<\/td>\n<\/tr>\n<tr>\n<td width=\"60\">42<\/td>\n<td width=\"253\">VRANCEA<\/td>\n<td width=\"204\">16<\/td>\n<\/tr>\n<tr>\n<td width=\"60\"><\/td>\n<td width=\"253\"><strong>TOTAL<\/strong><\/td>\n<td width=\"204\"><strong>1682<\/strong><\/td>\n<\/tr>\n<\/tbody>\n<\/table>\n<p>&nbsp;<\/p>\n<p>P\u00e2n\u0103 ast\u0103zi, 8.186 persoane diagnosticate cu infec\u021bie cu SARS \u2013 CoV \u2013 2 au decedat.<\/p>\n<p>\u00cen intervalul 09.11.2020 (10:00) \u2013 10.11.2020 (10:00) au fost raportate 177 de decese (92 b\u0103rba\u021bi \u0219i 85 femei), ale unor pacien\u021bi infecta\u021bi cu noul coronavirus, interna\u021bi \u00een spitalele din Alba, Arad, Arge\u0219, Bac\u0103u, Bihor, Bistri\u021ba-N\u0103s\u0103ud, Boto\u0219ani, Bra\u0219ov, Buz\u0103u, C\u0103l\u0103ra\u0219i, Cara\u0219-Severin, Constan\u021ba, Covasna, D\u00e2mbovi\u021ba, Gorj, Harghita, Ialomi\u021ba, Ia\u0219i, Maramure\u0219, Mehedin\u021bi, Olt, Prahova, S\u0103laj, Satu-Mare, Sibiu, Suceava, Teleorman, Timi\u0219, Tulcea, V\u00e2lcea, Vaslui, Vrancea,\u00a0 Ilfov \u0219i Municipiul Bucure\u0219ti.<\/p>\n<p>Dintre acestea, 3 decese au fost \u00eenregistrate la categoria de v\u00e2rst\u0103 30-39 de ani, 6 decese la categoria de v\u00e2rst\u0103 40-49 de ani, 12 decese la categoria de v\u00e2rst\u0103 50-59 de ani, 47 decese la categoria de v\u00e2rst\u0103 60-69 ani, 67 decese la categoria de v\u00e2rst\u0103 70-79 ani \u0219i 42 decese la categoria de peste 80 de ani.<\/p>\n<p>160 dintre decesele \u00eenregistrate sunt ale unor pacien\u021bi care au prezentat comorbidit\u0103\u021bi, iar pentru 17 pacien\u021bi deceda\u021bi nu au fost raportate comorbidit\u0103\u021bi p\u00e2n\u0103 \u00een prezent.<\/p>\n<p>\u00cen unit\u0103\u021bile sanitare de profil, num\u0103rul total de persoane internate cu COVID-19 este de 12.727. Dintre acestea, 1.093 sunt internate la ATI.<\/p>\n<p>P\u00e2n\u0103 la aceast\u0103 dat\u0103, la nivel na\u021bional, au fost prelucrate 3.519.095 de teste. Dintre acestea, 31.005 au fost efectuate \u00een ultimele 24 de ore, 18.988\u00a0 \u00een baza defini\u021biei de caz \u0219i a protocolului medical \u0219i 12.017 la cerere.<\/p>\n<p>Pe teritoriul Rom\u00e2niei, 41.272 de persoane confirmate cu infec\u021bie cu noul coronavirus sunt \u00een izolare la domiciliu, iar 12.767 de persoane se afl\u0103 \u00een izolare institu\u021bionalizat\u0103. De asemenea, 81.518 persoane se afl\u0103 \u00een carantin\u0103 la domiciliu, iar \u00een carantin\u0103 institu\u021bionalizat\u0103 se afl\u0103 19 persoane.<\/p>\n<p>\u00cen ultimele 24 de ore, au fost \u00eenregistrate 5.031 de apeluri la num\u0103rul unic de urgen\u021b\u0103 112 \u0219i 1.234 la linia TELVERDE (0800 800 358), deschis\u0103 special pentru informarea cet\u0103\u021benilor.<\/p>\n<p>Ca urmare a \u00eenc\u0103lc\u0103rii prevederilor Legii nr. 55\/2020 privind unele m\u0103suri pentru prevenirea \u0219i combaterea efectelor pandemiei de COVID-19, poli\u021bi\u0219tii \u0219i jandarmii au aplicat, \u00een ziua de 9 noiembrie a.c., 7.927 de sanc\u0163iuni contraven\u0163ionale, \u00een valoare de 1.111.531 de lei.<\/p>\n<p>De asemenea, prin structurile abilitate ale Poli\u021biei, au fost constatate, ieri, 4 infrac\u021biuni pentru z\u0103d\u0103rnicirea combaterii bolilor, fapt\u0103 prev\u0103zut\u0103 \u0219i pedepsit\u0103 de art. 352 Cod Penal.<\/p>\n<p>Reamintim cet\u0103\u021benilor c\u0103 Ministerul Afacerilor Interne a opera\u021bionalizat, \u00eencep\u00e2nd cu data de 04.07.2020, o linie TELVERDE (0800800165) la care pot fi sesizate \u00eenc\u0103lc\u0103ri ale normelor de protec\u021bie sanitar\u0103.<\/p>\n<p>Apelurile sunt preluate de un dispecerat, \u00een sistem integrat, \u0219i repartizate structurilor teritoriale pentru verificarea aspectelor sesizate.<\/p>\n<p>\u00cen ceea ce prive\u0219te situa\u021bia cet\u0103\u021benilor rom\u00e2ni afla\u021bi \u00een alte state, 6.862 \u00a0de cet\u0103\u021beni rom\u00e2ni au fost confirma\u021bi ca fiind infecta\u021bi cu SARS \u2013 CoV \u2013 2 (coronavirus): 1.934 \u00een Italia, 1.253 \u00een Spania, 124 \u00een Fran\u021ba, 3.018 \u00een Germania, 167 \u00een Marea Britanie, 36 \u00een Ungaria, 28 \u00een Olanda, 2 \u00een Namibia, 4 \u00een SUA,\u00a0 123 \u00een Austria, 22 \u00een Belgia, 6 \u00een Japonia, 2 \u00een Indonezia, 8 \u00een Elve\u021bia, 3 \u00een Turcia, 2 \u00een Islanda, 2 \u00een Belarus, 93 \u00een Grecia, 9 \u00een Cipru, 2 \u00een India, 2 \u00een Ucraina, 8 \u00een Emiratele Arabe Unite \u0219i c\u00e2te unul\u00a0 \u00een Argentina, Tunisia, Irlanda, Luxemburg, Malta, Brazilia, Bulgaria, Kazakhstan, Suedia, Republica Congo, Qatar, Vatican, Portugalia \u0219i Egipt. De la \u00eenceputul epidemiei de COVID-19 (coronavirus) \u0219i p\u00e2n\u0103 la acest moment, 126 de cet\u0103\u021beni rom\u00e2ni afla\u021bi \u00een str\u0103in\u0103tate, 31 \u00een Italia, 19 \u00een Fran\u021ba, 43 \u00een Marea Britanie, 11 \u00een Spania, 14 \u00een Germania, 2 \u00een Belgia, unul \u00een Suedia, unul \u00een Elve\u021bia, unul \u00een SUA, unul \u00een Brazilia, unul \u00een Republica Congo \u0219i unul \u00een Grecia, au decedat.<\/p>\n<p>Dintre cet\u0103\u021benii rom\u00e2ni confirma\u021bi cu infec\u021bie cu noul coronavirus, 797 au fost declara\u021bi vindeca\u021bi: 677 \u00een Germania, 90 \u00een Grecia, 18 \u00een Fran\u021ba, 6 \u00een Japonia, 2 \u00een Indonezia, 2 \u00een Namibia, unul \u00een Luxemburg \u0219i unul \u00een Tunisia.<\/p>\n<p><em>Not\u0103: aceste date sunt ob\u021binute de misiunile diplomatice \u0219i oficiile consulare ale Rom\u00e2niei \u00een str\u0103in\u0103tate, fie de la autorit\u0103\u021bile competente din statele de re\u0219edin\u021b\u0103, \u00een m\u0103sura \u00een care aceste date fac obiectul comunic\u0103rii publice, fie \u00een mod direct de la cet\u0103\u021benii rom\u00e2ni din str\u0103in\u0103tate.<\/em><\/p>\n<p>Le reamintim cet\u0103\u021benilor s\u0103 ia \u00een considerare doar informa\u021biile verificate prin sursele oficiale \u0219i s\u0103 apeleze pentru recomand\u0103ri \u0219i alte informa\u021bii la linia TELVERDE \u2013 <strong>0800.800.358<\/strong>. Num\u0103rul TELVERDE nu este un num\u0103r de urgen\u021b\u0103, este o linie telefonic\u0103 alocat\u0103 strict pentru informarea cet\u0103\u021benilor \u0219i este valabil\u0103 pentru apelurile na\u021bionale, de luni p\u00e2n\u0103 vineri, \u00een intervalul orar 08.00 \u2013 20.00. De asemenea, rom\u00e2nii afla\u021bi \u00een str\u0103in\u0103tate pot solicita informa\u021bii despre prevenirea \u0219i combaterea virusului la linia special dedicat\u0103 lor, +4021.320.20.20.<\/p>\n<p>\u00cen continuare v\u0103 prezent\u0103m situa\u021bia privind infectarea cu virusul SARS \u2013 CoV \u2013 2 la nivel european \u0219i global:<\/p>\n<p>P\u00e2n\u0103 la data de 9 noiembrie 2020, au fost raportate\u00a0<strong>9\u00a0245\u00a0073 <\/strong>de cazuri \u00een UE \/ SEE, Regatul Unit, Monaco, San Marino, Elve\u021bia, Andorra. Cele mai multe cazuri au fost \u00eenregistrate \u00een Spania, Fran\u0163a, Regatul Unit, Italia, \u0219i Germania.<\/p>\n<p>&nbsp;<\/p>\n<table width=\"632\">\n<tbody>\n<tr>\n<td width=\"120\"><strong>\u0162ARA<\/strong><\/p>\n<p><strong>\u00a0<\/strong><\/td>\n<td width=\"172\"><strong>CAZURI CONFIRMATE<\/strong><\/td>\n<td width=\"136\"><strong>DECEDA\u021aI<\/strong><\/p>\n<p><strong>\u00a0<\/strong><\/td>\n<td width=\"204\"><strong>VINDECA<\/strong><strong>\u0162I<\/strong>*<\/p>\n<p>&nbsp;<\/td>\n<\/tr>\n<tr>\n<td width=\"120\">Fran\u0163a<\/td>\n<td width=\"172\">1.787.324 (+38.619)<\/td>\n<td width=\"136\">\u00a0 40.439 (+270)<\/td>\n<td width=\"204\">\u00a0\u00a0\u00a0 135.216\u00a0\u00a0\u00a0\u00a0\u00a0 (+1.121)<\/td>\n<\/tr>\n<tr>\n<td width=\"120\">Spania<\/td>\n<td width=\"172\">1.328.832\u00a0\u00a0\u00a0\u00a0\u00a0\u00a0 \u2013<\/td>\n<td width=\"136\">\u00a0 38.833\u00a0\u00a0\u00a0\u00a0\u00a0 \u2013<\/td>\n<td width=\"204\">\u00a0\u00a0\u00a0 150.376\u00a0\u00a0\u00a0\u00a0\u00a0\u00a0\u00a0\u00a0\u00a0\u00a0\u00a0 \u2013<\/td>\n<\/tr>\n<tr>\n<td width=\"120\">Regatul Unit<\/td>\n<td width=\"172\">1.192.013(+20.572)<\/td>\n<td width=\"136\">\u00a0 49.044 (+156)<\/td>\n<td width=\"204\">\u00a0\u00a0\u00a0\u00a0\u00a0\u00a0\u00a0 2.998\u00a0\u00a0\u00a0\u00a0\u00a0\u00a0\u00a0\u00a0 (+15)<\/td>\n<\/tr>\n<tr>\n<td width=\"120\">Italia<\/td>\n<td width=\"172\">\u00a0 935.104 (+32.614)<\/td>\n<td width=\"136\">\u00a0 41.394 (+331)<\/td>\n<td width=\"204\">\u00a0\u00a0\u00a0 345.289\u00a0\u00a0\u00a0 (+10.215)<\/td>\n<\/tr>\n<tr>\n<td width=\"120\">Germania<\/td>\n<td width=\"172\">\u00a0 671.868 (+13.363)<\/td>\n<td width=\"136\">\u00a0 11.352\u00a0\u00a0 (+63)<\/td>\n<td width=\"204\">\u00a0\u00a0\u00a0 443.621\u00a0\u00a0\u00a0 (+22.470)<\/td>\n<\/tr>\n<\/tbody>\n<\/table>\n<p>&nbsp;<\/p>\n<p>Surs\u0103: Centrul European pentru Prevenirea \u0219i Controlul Bolilor (CEPCB) (<a href=\"https:\/\/www.ecdc.europa.eu\/en\">https:\/\/www.ecdc.europa.eu\/en<\/a>)<\/p>\n<p>&nbsp;<\/p>\n<table width=\"624\">\n<tbody>\n<tr>\n<td colspan=\"3\" width=\"624\"><strong>SITUA\u021aIE GLOBAL\u0102 LA 9 NOIEMBRIE 2020<\/strong><\/p>\n<p><strong>\u00a0<\/strong><\/td>\n<\/tr>\n<tr>\n<td width=\"227\"><strong>CAZURI CONFIRMATE<\/strong><\/td>\n<td width=\"170\"><strong>DECEDA\u021aI<\/strong><\/p>\n<p><strong>\u00a0<\/strong><\/td>\n<td width=\"227\"><strong>VINDECA\u021aI<\/strong>*<\/p>\n<p>&nbsp;<\/td>\n<\/tr>\n<tr>\n<td width=\"227\">50.414.235 (+468.871)<\/td>\n<td width=\"170\">1.255.831 (+5.556)<\/td>\n<td width=\"227\"><strong>33.236.545\u00a0\u00a0 (+203.783)<\/strong><\/td>\n<\/tr>\n<\/tbody>\n<\/table>\n<p>&nbsp;<\/p>\n<p>* conform datelor publicate de c\u0103tre Johns Hopkins CSSE \u2013 <a href=\"https:\/\/systems.jhu.edu\/\">https:\/\/systems.jhu.edu\/<\/a><\/p>\n<p>* datele din paranteze reprezint\u0103 num\u0103rul de cazuri noi, \u00een intervalul 8 \u2013 9 noiembrie 2020<\/p>\n<p>* <em>CEPCB precizeaz\u0103 c\u0103 actualiz\u0103rile la nivel na\u021bional sunt publicate pe coordonate diferite de timp \u0219i procesate ulterior, ceea ce poate genera discrepan\u021be \u00eentre datele zilnice publicate de state \u0219i cele publicate de CEPCB.<\/em><\/p>\n<p>&nbsp;<\/p>\n<p><strong>Grupul de Comunicare Strategic\u0103\u00a0 <\/strong><\/p>\n<p style=\"text-align: right\">(conf. mai.gov.ro)<\/p>\n","protected":false},"excerpt":{"rendered":"<p>P\u00e2n\u0103 ast\u0103zi, 10 noiembrie, pe teritoriul Rom\u00e2niei, au fost confirmate 314.295 de cazuri de persoane infectate cu noul coronavirus (COVID<\/p>\n","protected":false},"author":11,"featured_media":2683,"comment_status":"open","ping_status":"open","sticky":false,"template":"","format":"standard","meta":{"colormag_page_container_layout":"default_layout","colormag_page_sidebar_layout":"default_layout","footnotes":""},"categories":[32,8],"tags":[],"class_list":["post-2695","post","type-post","status-publish","format-standard","has-post-thumbnail","hentry","category-comunicate","category-div"],"yoast_head":"<!-- This site is optimized with the Yoast SEO plugin v27.0 - https:\/\/yoast.com\/product\/yoast-seo-wordpress\/ -->\n<title>Informare COVID -19, Grupul de Comunicare Strategic\u0103, 10 noiembrie, ora 13.00 - MHF Photography<\/title>\n<meta name=\"robots\" content=\"index, follow, max-snippet:-1, max-image-preview:large, max-video-preview:-1\" \/>\n<link rel=\"canonical\" href=\"https:\/\/mhf.ro\/mm\/informare-covid-19-grupul-de-comunicare-strategica-10-noiembrie-ora-13-00\/\" \/>\n<meta property=\"og:locale\" content=\"ro_RO\" \/>\n<meta property=\"og:type\" content=\"article\" \/>\n<meta property=\"og:title\" content=\"Informare COVID -19, Grupul de Comunicare Strategic\u0103, 10 noiembrie, ora 13.00 - MHF Photography\" \/>\n<meta property=\"og:description\" content=\"P\u00e2n\u0103 ast\u0103zi, 10 noiembrie, pe teritoriul Rom\u00e2niei, au fost confirmate 314.295 de cazuri de persoane infectate cu noul coronavirus (COVID\" \/>\n<meta property=\"og:url\" content=\"https:\/\/mhf.ro\/mm\/informare-covid-19-grupul-de-comunicare-strategica-10-noiembrie-ora-13-00\/\" \/>\n<meta property=\"og:site_name\" content=\"MHF Photography\" \/>\n<meta property=\"article:published_time\" content=\"2020-11-10T15:40:21+00:00\" \/>\n<meta property=\"article:modified_time\" content=\"2020-11-10T15:41:37+00:00\" \/>\n<meta property=\"og:image\" content=\"https:\/\/mhf.ro\/mm\/wp-content\/uploads\/2020\/11\/incidenta-08-nov-500x321-1.jpg\" \/>\n\t<meta property=\"og:image:width\" content=\"500\" \/>\n\t<meta property=\"og:image:height\" content=\"321\" \/>\n\t<meta property=\"og:image:type\" content=\"image\/jpeg\" \/>\n<meta name=\"author\" content=\"Fodrea Iuliana Reve\" \/>\n<meta name=\"twitter:card\" content=\"summary_large_image\" \/>\n<meta name=\"twitter:label1\" content=\"Scris de\" \/>\n\t<meta name=\"twitter:data1\" content=\"Fodrea Iuliana Reve\" \/>\n\t<meta name=\"twitter:label2\" content=\"Timp estimat pentru citire\" \/>\n\t<meta name=\"twitter:data2\" content=\"7 minute\" \/>\n<script type=\"application\/ld+json\" class=\"yoast-schema-graph\">{\"@context\":\"https:\/\/schema.org\",\"@graph\":[{\"@type\":\"Article\",\"@id\":\"https:\/\/mhf.ro\/mm\/informare-covid-19-grupul-de-comunicare-strategica-10-noiembrie-ora-13-00\/#article\",\"isPartOf\":{\"@id\":\"https:\/\/mhf.ro\/mm\/informare-covid-19-grupul-de-comunicare-strategica-10-noiembrie-ora-13-00\/\"},\"author\":{\"name\":\"Fodrea Iuliana Reve\",\"@id\":\"https:\/\/mhf.ro\/mm\/#\/schema\/person\/17f3fed455503130cb08cdc1421f8001\"},\"headline\":\"Informare COVID -19, Grupul de Comunicare Strategic\u0103, 10 noiembrie, ora 13.00\",\"datePublished\":\"2020-11-10T15:40:21+00:00\",\"dateModified\":\"2020-11-10T15:41:37+00:00\",\"mainEntityOfPage\":{\"@id\":\"https:\/\/mhf.ro\/mm\/informare-covid-19-grupul-de-comunicare-strategica-10-noiembrie-ora-13-00\/\"},\"wordCount\":1386,\"commentCount\":0,\"publisher\":{\"@id\":\"https:\/\/mhf.ro\/mm\/#\/schema\/person\/a3bebf7bdb4bf12f698aff73c7e46c21\"},\"image\":{\"@id\":\"https:\/\/mhf.ro\/mm\/informare-covid-19-grupul-de-comunicare-strategica-10-noiembrie-ora-13-00\/#primaryimage\"},\"thumbnailUrl\":\"https:\/\/mhf.ro\/mm\/wp-content\/uploads\/2020\/11\/incidenta-08-nov-500x321-1.jpg\",\"articleSection\":[\"Comunicate\",\"Diverse\"],\"inLanguage\":\"ro-RO\",\"potentialAction\":[{\"@type\":\"CommentAction\",\"name\":\"Comment\",\"target\":[\"https:\/\/mhf.ro\/mm\/informare-covid-19-grupul-de-comunicare-strategica-10-noiembrie-ora-13-00\/#respond\"]}]},{\"@type\":\"WebPage\",\"@id\":\"https:\/\/mhf.ro\/mm\/informare-covid-19-grupul-de-comunicare-strategica-10-noiembrie-ora-13-00\/\",\"url\":\"https:\/\/mhf.ro\/mm\/informare-covid-19-grupul-de-comunicare-strategica-10-noiembrie-ora-13-00\/\",\"name\":\"Informare COVID -19, Grupul de Comunicare Strategic\u0103, 10 noiembrie, ora 13.00 - MHF Photography\",\"isPartOf\":{\"@id\":\"https:\/\/mhf.ro\/mm\/#website\"},\"primaryImageOfPage\":{\"@id\":\"https:\/\/mhf.ro\/mm\/informare-covid-19-grupul-de-comunicare-strategica-10-noiembrie-ora-13-00\/#primaryimage\"},\"image\":{\"@id\":\"https:\/\/mhf.ro\/mm\/informare-covid-19-grupul-de-comunicare-strategica-10-noiembrie-ora-13-00\/#primaryimage\"},\"thumbnailUrl\":\"https:\/\/mhf.ro\/mm\/wp-content\/uploads\/2020\/11\/incidenta-08-nov-500x321-1.jpg\",\"datePublished\":\"2020-11-10T15:40:21+00:00\",\"dateModified\":\"2020-11-10T15:41:37+00:00\",\"breadcrumb\":{\"@id\":\"https:\/\/mhf.ro\/mm\/informare-covid-19-grupul-de-comunicare-strategica-10-noiembrie-ora-13-00\/#breadcrumb\"},\"inLanguage\":\"ro-RO\",\"potentialAction\":[{\"@type\":\"ReadAction\",\"target\":[\"https:\/\/mhf.ro\/mm\/informare-covid-19-grupul-de-comunicare-strategica-10-noiembrie-ora-13-00\/\"]}]},{\"@type\":\"ImageObject\",\"inLanguage\":\"ro-RO\",\"@id\":\"https:\/\/mhf.ro\/mm\/informare-covid-19-grupul-de-comunicare-strategica-10-noiembrie-ora-13-00\/#primaryimage\",\"url\":\"https:\/\/mhf.ro\/mm\/wp-content\/uploads\/2020\/11\/incidenta-08-nov-500x321-1.jpg\",\"contentUrl\":\"https:\/\/mhf.ro\/mm\/wp-content\/uploads\/2020\/11\/incidenta-08-nov-500x321-1.jpg\",\"width\":500,\"height\":321},{\"@type\":\"BreadcrumbList\",\"@id\":\"https:\/\/mhf.ro\/mm\/informare-covid-19-grupul-de-comunicare-strategica-10-noiembrie-ora-13-00\/#breadcrumb\",\"itemListElement\":[{\"@type\":\"ListItem\",\"position\":1,\"name\":\"Prima pagin\u0103\",\"item\":\"https:\/\/mhf.ro\/mm\/\"},{\"@type\":\"ListItem\",\"position\":2,\"name\":\"Informare COVID -19, Grupul de Comunicare Strategic\u0103, 10 noiembrie, ora 13.00\"}]},{\"@type\":\"WebSite\",\"@id\":\"https:\/\/mhf.ro\/mm\/#website\",\"url\":\"https:\/\/mhf.ro\/mm\/\",\"name\":\"MHF Photography \u2013 Blog de fotografie, natur\u0103 \u0219i tehnic\u0103 divers\u0103\",\"description\":\"Aventur\u0103 \u00een fiecare cadru.\",\"publisher\":{\"@id\":\"https:\/\/mhf.ro\/mm\/#\/schema\/person\/a3bebf7bdb4bf12f698aff73c7e46c21\"},\"potentialAction\":[{\"@type\":\"SearchAction\",\"target\":{\"@type\":\"EntryPoint\",\"urlTemplate\":\"https:\/\/mhf.ro\/mm\/?s={search_term_string}\"},\"query-input\":{\"@type\":\"PropertyValueSpecification\",\"valueRequired\":true,\"valueName\":\"search_term_string\"}}],\"inLanguage\":\"ro-RO\"},{\"@type\":[\"Person\",\"Organization\"],\"@id\":\"https:\/\/mhf.ro\/mm\/#\/schema\/person\/a3bebf7bdb4bf12f698aff73c7e46c21\",\"name\":\"Marius Marcu\",\"image\":{\"@type\":\"ImageObject\",\"inLanguage\":\"ro-RO\",\"@id\":\"https:\/\/mhf.ro\/mm\/#\/schema\/person\/image\/\",\"url\":\"https:\/\/mhf.ro\/mm\/wp-content\/uploads\/2025\/12\/cropped-logo_mhf_2.png\",\"contentUrl\":\"https:\/\/mhf.ro\/mm\/wp-content\/uploads\/2025\/12\/cropped-logo_mhf_2.png\",\"width\":1096,\"height\":457,\"caption\":\"Marius Marcu\"},\"logo\":{\"@id\":\"https:\/\/mhf.ro\/mm\/#\/schema\/person\/image\/\"},\"sameAs\":[\"https:\/\/mhf.ro\/mm\"]},{\"@type\":\"Person\",\"@id\":\"https:\/\/mhf.ro\/mm\/#\/schema\/person\/17f3fed455503130cb08cdc1421f8001\",\"name\":\"Fodrea Iuliana Reve\",\"image\":{\"@type\":\"ImageObject\",\"inLanguage\":\"ro-RO\",\"@id\":\"https:\/\/mhf.ro\/mm\/#\/schema\/person\/image\/\",\"url\":\"https:\/\/secure.gravatar.com\/avatar\/f6a66b0b93f1a25e8049c1c4e66e60a1a6809ab11ad60f8dcc2eaafeb7ca1580?s=96&d=monsterid&r=g\",\"contentUrl\":\"https:\/\/secure.gravatar.com\/avatar\/f6a66b0b93f1a25e8049c1c4e66e60a1a6809ab11ad60f8dcc2eaafeb7ca1580?s=96&d=monsterid&r=g\",\"caption\":\"Fodrea Iuliana Reve\"},\"sameAs\":[\"https:\/\/mhf.ro\/mm\"],\"url\":\"https:\/\/mhf.ro\/mm\/author\/iuliana\/\"}]}<\/script>\n<!-- \/ Yoast SEO plugin. -->","yoast_head_json":{"title":"Informare COVID -19, Grupul de Comunicare Strategic\u0103, 10 noiembrie, ora 13.00 - MHF Photography","robots":{"index":"index","follow":"follow","max-snippet":"max-snippet:-1","max-image-preview":"max-image-preview:large","max-video-preview":"max-video-preview:-1"},"canonical":"https:\/\/mhf.ro\/mm\/informare-covid-19-grupul-de-comunicare-strategica-10-noiembrie-ora-13-00\/","og_locale":"ro_RO","og_type":"article","og_title":"Informare COVID -19, Grupul de Comunicare Strategic\u0103, 10 noiembrie, ora 13.00 - MHF Photography","og_description":"P\u00e2n\u0103 ast\u0103zi, 10 noiembrie, pe teritoriul Rom\u00e2niei, au fost confirmate 314.295 de cazuri de persoane infectate cu noul coronavirus (COVID","og_url":"https:\/\/mhf.ro\/mm\/informare-covid-19-grupul-de-comunicare-strategica-10-noiembrie-ora-13-00\/","og_site_name":"MHF Photography","article_published_time":"2020-11-10T15:40:21+00:00","article_modified_time":"2020-11-10T15:41:37+00:00","og_image":[{"width":500,"height":321,"url":"https:\/\/mhf.ro\/mm\/wp-content\/uploads\/2020\/11\/incidenta-08-nov-500x321-1.jpg","type":"image\/jpeg"}],"author":"Fodrea Iuliana Reve","twitter_card":"summary_large_image","twitter_misc":{"Scris de":"Fodrea Iuliana Reve","Timp estimat pentru citire":"7 minute"},"schema":{"@context":"https:\/\/schema.org","@graph":[{"@type":"Article","@id":"https:\/\/mhf.ro\/mm\/informare-covid-19-grupul-de-comunicare-strategica-10-noiembrie-ora-13-00\/#article","isPartOf":{"@id":"https:\/\/mhf.ro\/mm\/informare-covid-19-grupul-de-comunicare-strategica-10-noiembrie-ora-13-00\/"},"author":{"name":"Fodrea Iuliana Reve","@id":"https:\/\/mhf.ro\/mm\/#\/schema\/person\/17f3fed455503130cb08cdc1421f8001"},"headline":"Informare COVID -19, Grupul de Comunicare Strategic\u0103, 10 noiembrie, ora 13.00","datePublished":"2020-11-10T15:40:21+00:00","dateModified":"2020-11-10T15:41:37+00:00","mainEntityOfPage":{"@id":"https:\/\/mhf.ro\/mm\/informare-covid-19-grupul-de-comunicare-strategica-10-noiembrie-ora-13-00\/"},"wordCount":1386,"commentCount":0,"publisher":{"@id":"https:\/\/mhf.ro\/mm\/#\/schema\/person\/a3bebf7bdb4bf12f698aff73c7e46c21"},"image":{"@id":"https:\/\/mhf.ro\/mm\/informare-covid-19-grupul-de-comunicare-strategica-10-noiembrie-ora-13-00\/#primaryimage"},"thumbnailUrl":"https:\/\/mhf.ro\/mm\/wp-content\/uploads\/2020\/11\/incidenta-08-nov-500x321-1.jpg","articleSection":["Comunicate","Diverse"],"inLanguage":"ro-RO","potentialAction":[{"@type":"CommentAction","name":"Comment","target":["https:\/\/mhf.ro\/mm\/informare-covid-19-grupul-de-comunicare-strategica-10-noiembrie-ora-13-00\/#respond"]}]},{"@type":"WebPage","@id":"https:\/\/mhf.ro\/mm\/informare-covid-19-grupul-de-comunicare-strategica-10-noiembrie-ora-13-00\/","url":"https:\/\/mhf.ro\/mm\/informare-covid-19-grupul-de-comunicare-strategica-10-noiembrie-ora-13-00\/","name":"Informare COVID -19, Grupul de Comunicare Strategic\u0103, 10 noiembrie, ora 13.00 - MHF Photography","isPartOf":{"@id":"https:\/\/mhf.ro\/mm\/#website"},"primaryImageOfPage":{"@id":"https:\/\/mhf.ro\/mm\/informare-covid-19-grupul-de-comunicare-strategica-10-noiembrie-ora-13-00\/#primaryimage"},"image":{"@id":"https:\/\/mhf.ro\/mm\/informare-covid-19-grupul-de-comunicare-strategica-10-noiembrie-ora-13-00\/#primaryimage"},"thumbnailUrl":"https:\/\/mhf.ro\/mm\/wp-content\/uploads\/2020\/11\/incidenta-08-nov-500x321-1.jpg","datePublished":"2020-11-10T15:40:21+00:00","dateModified":"2020-11-10T15:41:37+00:00","breadcrumb":{"@id":"https:\/\/mhf.ro\/mm\/informare-covid-19-grupul-de-comunicare-strategica-10-noiembrie-ora-13-00\/#breadcrumb"},"inLanguage":"ro-RO","potentialAction":[{"@type":"ReadAction","target":["https:\/\/mhf.ro\/mm\/informare-covid-19-grupul-de-comunicare-strategica-10-noiembrie-ora-13-00\/"]}]},{"@type":"ImageObject","inLanguage":"ro-RO","@id":"https:\/\/mhf.ro\/mm\/informare-covid-19-grupul-de-comunicare-strategica-10-noiembrie-ora-13-00\/#primaryimage","url":"https:\/\/mhf.ro\/mm\/wp-content\/uploads\/2020\/11\/incidenta-08-nov-500x321-1.jpg","contentUrl":"https:\/\/mhf.ro\/mm\/wp-content\/uploads\/2020\/11\/incidenta-08-nov-500x321-1.jpg","width":500,"height":321},{"@type":"BreadcrumbList","@id":"https:\/\/mhf.ro\/mm\/informare-covid-19-grupul-de-comunicare-strategica-10-noiembrie-ora-13-00\/#breadcrumb","itemListElement":[{"@type":"ListItem","position":1,"name":"Prima pagin\u0103","item":"https:\/\/mhf.ro\/mm\/"},{"@type":"ListItem","position":2,"name":"Informare COVID -19, Grupul de Comunicare Strategic\u0103, 10 noiembrie, ora 13.00"}]},{"@type":"WebSite","@id":"https:\/\/mhf.ro\/mm\/#website","url":"https:\/\/mhf.ro\/mm\/","name":"MHF Photography \u2013 Blog de fotografie, natur\u0103 \u0219i tehnic\u0103 divers\u0103","description":"Aventur\u0103 \u00een fiecare cadru.","publisher":{"@id":"https:\/\/mhf.ro\/mm\/#\/schema\/person\/a3bebf7bdb4bf12f698aff73c7e46c21"},"potentialAction":[{"@type":"SearchAction","target":{"@type":"EntryPoint","urlTemplate":"https:\/\/mhf.ro\/mm\/?s={search_term_string}"},"query-input":{"@type":"PropertyValueSpecification","valueRequired":true,"valueName":"search_term_string"}}],"inLanguage":"ro-RO"},{"@type":["Person","Organization"],"@id":"https:\/\/mhf.ro\/mm\/#\/schema\/person\/a3bebf7bdb4bf12f698aff73c7e46c21","name":"Marius Marcu","image":{"@type":"ImageObject","inLanguage":"ro-RO","@id":"https:\/\/mhf.ro\/mm\/#\/schema\/person\/image\/","url":"https:\/\/mhf.ro\/mm\/wp-content\/uploads\/2025\/12\/cropped-logo_mhf_2.png","contentUrl":"https:\/\/mhf.ro\/mm\/wp-content\/uploads\/2025\/12\/cropped-logo_mhf_2.png","width":1096,"height":457,"caption":"Marius Marcu"},"logo":{"@id":"https:\/\/mhf.ro\/mm\/#\/schema\/person\/image\/"},"sameAs":["https:\/\/mhf.ro\/mm"]},{"@type":"Person","@id":"https:\/\/mhf.ro\/mm\/#\/schema\/person\/17f3fed455503130cb08cdc1421f8001","name":"Fodrea Iuliana Reve","image":{"@type":"ImageObject","inLanguage":"ro-RO","@id":"https:\/\/mhf.ro\/mm\/#\/schema\/person\/image\/","url":"https:\/\/secure.gravatar.com\/avatar\/f6a66b0b93f1a25e8049c1c4e66e60a1a6809ab11ad60f8dcc2eaafeb7ca1580?s=96&d=monsterid&r=g","contentUrl":"https:\/\/secure.gravatar.com\/avatar\/f6a66b0b93f1a25e8049c1c4e66e60a1a6809ab11ad60f8dcc2eaafeb7ca1580?s=96&d=monsterid&r=g","caption":"Fodrea Iuliana Reve"},"sameAs":["https:\/\/mhf.ro\/mm"],"url":"https:\/\/mhf.ro\/mm\/author\/iuliana\/"}]}},"_links":{"self":[{"href":"https:\/\/mhf.ro\/mm\/wp-json\/wp\/v2\/posts\/2695","targetHints":{"allow":["GET"]}}],"collection":[{"href":"https:\/\/mhf.ro\/mm\/wp-json\/wp\/v2\/posts"}],"about":[{"href":"https:\/\/mhf.ro\/mm\/wp-json\/wp\/v2\/types\/post"}],"author":[{"embeddable":true,"href":"https:\/\/mhf.ro\/mm\/wp-json\/wp\/v2\/users\/11"}],"replies":[{"embeddable":true,"href":"https:\/\/mhf.ro\/mm\/wp-json\/wp\/v2\/comments?post=2695"}],"version-history":[{"count":2,"href":"https:\/\/mhf.ro\/mm\/wp-json\/wp\/v2\/posts\/2695\/revisions"}],"predecessor-version":[{"id":2697,"href":"https:\/\/mhf.ro\/mm\/wp-json\/wp\/v2\/posts\/2695\/revisions\/2697"}],"wp:featuredmedia":[{"embeddable":true,"href":"https:\/\/mhf.ro\/mm\/wp-json\/wp\/v2\/media\/2683"}],"wp:attachment":[{"href":"https:\/\/mhf.ro\/mm\/wp-json\/wp\/v2\/media?parent=2695"}],"wp:term":[{"taxonomy":"category","embeddable":true,"href":"https:\/\/mhf.ro\/mm\/wp-json\/wp\/v2\/categories?post=2695"},{"taxonomy":"post_tag","embeddable":true,"href":"https:\/\/mhf.ro\/mm\/wp-json\/wp\/v2\/tags?post=2695"}],"curies":[{"name":"wp","href":"https:\/\/api.w.org\/{rel}","templated":true}]}}