{"id":2712,"date":"2020-11-17T01:03:15","date_gmt":"2020-11-16T23:03:15","guid":{"rendered":"https:\/\/mhf.ro\/mm\/?p=2712"},"modified":"2020-11-16T01:34:27","modified_gmt":"2020-11-15T23:34:27","slug":"pe-aripi-de-gand-nazaret","status":"publish","type":"post","link":"https:\/\/mhf.ro\/mm\/pe-aripi-de-gand-nazaret\/","title":{"rendered":"Pe aripi de g\u00e2nd-Nazaret"},"content":{"rendered":"<p>P\u0103r\u0103sind Haifa urm\u0103toarea oprire este Cana. \u00cen Galileea de odinioar\u0103 actualul Cana este un or\u0103\u0219el micu\u021b, cu str\u0103zi \u00eenguste \u0219i aglomerate. Merg\u00e2nd la pas spre biserica ce ad\u0103poste\u0219te dou\u0103 vase din piatr\u0103 vechi de 2000 de ani, la tot pasul e\u0219ti \u00eembiat cu cel mai bun suc de rodii, stors manual pe loc, dar \u0219i cu vin \u00eembuteliat \u00een diverse variante. Biserica ortodox\u0103 are hramul Sf. Gheorghe \u0219i este \u00eentre\u021binut\u0103 de o mic\u0103 ob\u0219te greceasc\u0103. St\u00e2nd cu fa\u021ba spre altar cele dou\u0103 vase de piatr\u0103 sunt a\u0219ezate de o parte \u0219i de alta l\u00e2ng\u0103 tetrapodul de pe care citim fragmentul evanghelic cu transformarea apei \u00een vin la nunta unde venise Domnul Iisus cu c\u00e2\u021biva ucenici \u0219i cu mama Sa. Vinul se terminase. Nunta nu. De\u0219i ,,ceasul S\u0103u\u201d \u00eenc\u0103 nu sosise, la solicitarea Mamei Sale, Iisus a poruncit ca cele 6 vase mari din piatr\u0103 s\u0103 fie umplute cu ap\u0103. La un semn, cu puterea Sa dumnezeiasc\u0103, apa a devenit vin, \u0219i \u00eenc\u0103 unul de cea mai bun\u0103 calitate.<\/p>\n<p>Vinul care \u00een cump\u0103r\u0103m noi e produs industrial dar avem satisfac\u021bia c\u0103 gust\u0103m vin din Cana Galileii!<\/p>\n<p>Ultimul popas al zilei \u00eent\u00e2i de pelerinaj, este Nazaret. Biserica ortodox\u0103 ad\u0103poste\u0219te izvorul satului de odinioar\u0103, izvor de unde Maica Domnului lua. Este o ap\u0103 minunat! \u0218i acest\u0103 biseric\u0103 amiunte\u0219te de Buna Vestire. Dar pe locul unde era casa Fecioarei Maria \u0219i unde se v\u0103d ruinele unei bazilici bizantine &#8211; semn al autenticit\u0103\u021bii locului Bunei Vestiri &#8211; este o biseric\u0103 catolic\u0103 cu o arhitectur\u0103 aparte. Este locul unde arhanghelul Gavriil a vestit Fecioarei Maria c\u0103 a fost aleas\u0103 s\u0103 nasc\u0103 pe Fiul lui Dumnezeu. Ea a aceptat spun\u00e2nd ,,iat\u0103 roaba Domnului. Fie mie dup\u0103 cuv\u00e2ntul t\u0103u!\u201d \u00cen apropiere se afl\u0103 \u0219i ruinele casei lui Iosif, \u00een subsolul unei alte biserici catolice.<\/p>\n<p>Ziua se \u00eencheie cu cazarea \u0219i cina \u00een ora\u0219ul Tiberias.<\/p>\n<p>&nbsp;<\/p>\n<p>&nbsp;<\/p>\n<p>&nbsp;<\/p>\n<p>&nbsp;<\/p>\n<p>&nbsp;<\/p>\n<p>&nbsp;<\/p>\n<p>&nbsp;<\/p>\n<p>&nbsp;<\/p>\n<p>&nbsp;<\/p>\n<p>&nbsp;<\/p>\n<p>&nbsp;<\/p>\n<p>&nbsp;<\/p>\n<p>&nbsp;<\/p>\n","protected":false},"excerpt":{"rendered":"<p>P\u0103r\u0103sind Haifa urm\u0103toarea oprire este Cana. \u00cen Galileea de odinioar\u0103 actualul Cana este un or\u0103\u0219el micu\u021b, cu str\u0103zi \u00eenguste \u0219i<\/p>\n","protected":false},"author":4,"featured_media":2713,"comment_status":"open","ping_status":"open","sticky":false,"template":"","format":"standard","meta":{"colormag_page_container_layout":"default_layout","colormag_page_sidebar_layout":"default_layout","footnotes":""},"categories":[5],"tags":[],"class_list":["post-2712","post","type-post","status-publish","format-standard","has-post-thumbnail","hentry","category-locale"],"yoast_head":"<!-- This site is optimized with the Yoast SEO plugin v27.0 - https:\/\/yoast.com\/product\/yoast-seo-wordpress\/ -->\n<title>Pe aripi de g\u00e2nd-Nazaret - MHF Photography<\/title>\n<meta name=\"robots\" content=\"index, follow, max-snippet:-1, max-image-preview:large, max-video-preview:-1\" \/>\n<link rel=\"canonical\" href=\"https:\/\/mhf.ro\/mm\/pe-aripi-de-gand-nazaret\/\" \/>\n<meta property=\"og:locale\" content=\"ro_RO\" \/>\n<meta property=\"og:type\" content=\"article\" \/>\n<meta property=\"og:title\" content=\"Pe aripi de g\u00e2nd-Nazaret - MHF Photography\" \/>\n<meta property=\"og:description\" content=\"P\u0103r\u0103sind Haifa urm\u0103toarea oprire este Cana. \u00cen Galileea de odinioar\u0103 actualul Cana este un or\u0103\u0219el micu\u021b, cu str\u0103zi \u00eenguste \u0219i\" \/>\n<meta property=\"og:url\" content=\"https:\/\/mhf.ro\/mm\/pe-aripi-de-gand-nazaret\/\" \/>\n<meta property=\"og:site_name\" content=\"MHF Photography\" \/>\n<meta property=\"article:published_time\" content=\"2020-11-16T23:03:15+00:00\" \/>\n<meta property=\"og:image\" content=\"https:\/\/mhf.ro\/mm\/wp-content\/uploads\/2020\/11\/nazareth-.jpg\" \/>\n\t<meta property=\"og:image:width\" content=\"1024\" \/>\n\t<meta property=\"og:image:height\" content=\"768\" \/>\n\t<meta property=\"og:image:type\" content=\"image\/jpeg\" \/>\n<meta name=\"author\" content=\"Preot paroh Horvat Petru\" \/>\n<meta name=\"twitter:card\" content=\"summary_large_image\" \/>\n<meta name=\"twitter:label1\" content=\"Scris de\" \/>\n\t<meta name=\"twitter:data1\" content=\"Preot paroh Horvat Petru\" \/>\n\t<meta name=\"twitter:label2\" content=\"Timp estimat pentru citire\" \/>\n\t<meta name=\"twitter:data2\" content=\"2 minute\" \/>\n<script type=\"application\/ld+json\" class=\"yoast-schema-graph\">{\"@context\":\"https:\/\/schema.org\",\"@graph\":[{\"@type\":\"Article\",\"@id\":\"https:\/\/mhf.ro\/mm\/pe-aripi-de-gand-nazaret\/#article\",\"isPartOf\":{\"@id\":\"https:\/\/mhf.ro\/mm\/pe-aripi-de-gand-nazaret\/\"},\"author\":{\"name\":\"Preot paroh Horvat Petru\",\"@id\":\"https:\/\/mhf.ro\/mm\/#\/schema\/person\/4c8c06c801b7b666e81ed44550086900\"},\"headline\":\"Pe aripi de g\u00e2nd-Nazaret\",\"datePublished\":\"2020-11-16T23:03:15+00:00\",\"mainEntityOfPage\":{\"@id\":\"https:\/\/mhf.ro\/mm\/pe-aripi-de-gand-nazaret\/\"},\"wordCount\":354,\"commentCount\":0,\"publisher\":{\"@id\":\"https:\/\/mhf.ro\/mm\/#\/schema\/person\/a3bebf7bdb4bf12f698aff73c7e46c21\"},\"image\":{\"@id\":\"https:\/\/mhf.ro\/mm\/pe-aripi-de-gand-nazaret\/#primaryimage\"},\"thumbnailUrl\":\"https:\/\/mhf.ro\/mm\/wp-content\/uploads\/2020\/11\/nazareth-.jpg\",\"articleSection\":[\"Locale\"],\"inLanguage\":\"ro-RO\",\"potentialAction\":[{\"@type\":\"CommentAction\",\"name\":\"Comment\",\"target\":[\"https:\/\/mhf.ro\/mm\/pe-aripi-de-gand-nazaret\/#respond\"]}]},{\"@type\":\"WebPage\",\"@id\":\"https:\/\/mhf.ro\/mm\/pe-aripi-de-gand-nazaret\/\",\"url\":\"https:\/\/mhf.ro\/mm\/pe-aripi-de-gand-nazaret\/\",\"name\":\"Pe aripi de g\u00e2nd-Nazaret - MHF Photography\",\"isPartOf\":{\"@id\":\"https:\/\/mhf.ro\/mm\/#website\"},\"primaryImageOfPage\":{\"@id\":\"https:\/\/mhf.ro\/mm\/pe-aripi-de-gand-nazaret\/#primaryimage\"},\"image\":{\"@id\":\"https:\/\/mhf.ro\/mm\/pe-aripi-de-gand-nazaret\/#primaryimage\"},\"thumbnailUrl\":\"https:\/\/mhf.ro\/mm\/wp-content\/uploads\/2020\/11\/nazareth-.jpg\",\"datePublished\":\"2020-11-16T23:03:15+00:00\",\"breadcrumb\":{\"@id\":\"https:\/\/mhf.ro\/mm\/pe-aripi-de-gand-nazaret\/#breadcrumb\"},\"inLanguage\":\"ro-RO\",\"potentialAction\":[{\"@type\":\"ReadAction\",\"target\":[\"https:\/\/mhf.ro\/mm\/pe-aripi-de-gand-nazaret\/\"]}]},{\"@type\":\"ImageObject\",\"inLanguage\":\"ro-RO\",\"@id\":\"https:\/\/mhf.ro\/mm\/pe-aripi-de-gand-nazaret\/#primaryimage\",\"url\":\"https:\/\/mhf.ro\/mm\/wp-content\/uploads\/2020\/11\/nazareth-.jpg\",\"contentUrl\":\"https:\/\/mhf.ro\/mm\/wp-content\/uploads\/2020\/11\/nazareth-.jpg\",\"width\":1024,\"height\":768},{\"@type\":\"BreadcrumbList\",\"@id\":\"https:\/\/mhf.ro\/mm\/pe-aripi-de-gand-nazaret\/#breadcrumb\",\"itemListElement\":[{\"@type\":\"ListItem\",\"position\":1,\"name\":\"Prima pagin\u0103\",\"item\":\"https:\/\/mhf.ro\/mm\/\"},{\"@type\":\"ListItem\",\"position\":2,\"name\":\"Pe aripi de g\u00e2nd-Nazaret\"}]},{\"@type\":\"WebSite\",\"@id\":\"https:\/\/mhf.ro\/mm\/#website\",\"url\":\"https:\/\/mhf.ro\/mm\/\",\"name\":\"MHF Photography \u2013 Blog de fotografie, natur\u0103 \u0219i tehnic\u0103 divers\u0103\",\"description\":\"Aventur\u0103 \u00een fiecare cadru.\",\"publisher\":{\"@id\":\"https:\/\/mhf.ro\/mm\/#\/schema\/person\/a3bebf7bdb4bf12f698aff73c7e46c21\"},\"potentialAction\":[{\"@type\":\"SearchAction\",\"target\":{\"@type\":\"EntryPoint\",\"urlTemplate\":\"https:\/\/mhf.ro\/mm\/?s={search_term_string}\"},\"query-input\":{\"@type\":\"PropertyValueSpecification\",\"valueRequired\":true,\"valueName\":\"search_term_string\"}}],\"inLanguage\":\"ro-RO\"},{\"@type\":[\"Person\",\"Organization\"],\"@id\":\"https:\/\/mhf.ro\/mm\/#\/schema\/person\/a3bebf7bdb4bf12f698aff73c7e46c21\",\"name\":\"Marius Marcu\",\"image\":{\"@type\":\"ImageObject\",\"inLanguage\":\"ro-RO\",\"@id\":\"https:\/\/mhf.ro\/mm\/#\/schema\/person\/image\/\",\"url\":\"https:\/\/mhf.ro\/mm\/wp-content\/uploads\/2025\/12\/cropped-logo_mhf_2.png\",\"contentUrl\":\"https:\/\/mhf.ro\/mm\/wp-content\/uploads\/2025\/12\/cropped-logo_mhf_2.png\",\"width\":1096,\"height\":457,\"caption\":\"Marius Marcu\"},\"logo\":{\"@id\":\"https:\/\/mhf.ro\/mm\/#\/schema\/person\/image\/\"},\"sameAs\":[\"https:\/\/mhf.ro\/mm\"]},{\"@type\":\"Person\",\"@id\":\"https:\/\/mhf.ro\/mm\/#\/schema\/person\/4c8c06c801b7b666e81ed44550086900\",\"name\":\"Preot paroh Horvat Petru\",\"image\":{\"@type\":\"ImageObject\",\"inLanguage\":\"ro-RO\",\"@id\":\"https:\/\/mhf.ro\/mm\/#\/schema\/person\/image\/\",\"url\":\"https:\/\/secure.gravatar.com\/avatar\/c2d2dcdf21c6f41aad486d71768c144cd6e23cb7b63bae9bd6fab542b26ad321?s=96&d=monsterid&r=g\",\"contentUrl\":\"https:\/\/secure.gravatar.com\/avatar\/c2d2dcdf21c6f41aad486d71768c144cd6e23cb7b63bae9bd6fab542b26ad321?s=96&d=monsterid&r=g\",\"caption\":\"Preot paroh Horvat Petru\"},\"sameAs\":[\"https:\/\/mhf.ro\/mm\"],\"url\":\"https:\/\/mhf.ro\/mm\/author\/petrica\/\"}]}<\/script>\n<!-- \/ Yoast SEO plugin. -->","yoast_head_json":{"title":"Pe aripi de g\u00e2nd-Nazaret - MHF Photography","robots":{"index":"index","follow":"follow","max-snippet":"max-snippet:-1","max-image-preview":"max-image-preview:large","max-video-preview":"max-video-preview:-1"},"canonical":"https:\/\/mhf.ro\/mm\/pe-aripi-de-gand-nazaret\/","og_locale":"ro_RO","og_type":"article","og_title":"Pe aripi de g\u00e2nd-Nazaret - MHF Photography","og_description":"P\u0103r\u0103sind Haifa urm\u0103toarea oprire este Cana. \u00cen Galileea de odinioar\u0103 actualul Cana este un or\u0103\u0219el micu\u021b, cu str\u0103zi \u00eenguste \u0219i","og_url":"https:\/\/mhf.ro\/mm\/pe-aripi-de-gand-nazaret\/","og_site_name":"MHF Photography","article_published_time":"2020-11-16T23:03:15+00:00","og_image":[{"width":1024,"height":768,"url":"https:\/\/mhf.ro\/mm\/wp-content\/uploads\/2020\/11\/nazareth-.jpg","type":"image\/jpeg"}],"author":"Preot paroh Horvat Petru","twitter_card":"summary_large_image","twitter_misc":{"Scris de":"Preot paroh Horvat Petru","Timp estimat pentru citire":"2 minute"},"schema":{"@context":"https:\/\/schema.org","@graph":[{"@type":"Article","@id":"https:\/\/mhf.ro\/mm\/pe-aripi-de-gand-nazaret\/#article","isPartOf":{"@id":"https:\/\/mhf.ro\/mm\/pe-aripi-de-gand-nazaret\/"},"author":{"name":"Preot paroh Horvat Petru","@id":"https:\/\/mhf.ro\/mm\/#\/schema\/person\/4c8c06c801b7b666e81ed44550086900"},"headline":"Pe aripi de g\u00e2nd-Nazaret","datePublished":"2020-11-16T23:03:15+00:00","mainEntityOfPage":{"@id":"https:\/\/mhf.ro\/mm\/pe-aripi-de-gand-nazaret\/"},"wordCount":354,"commentCount":0,"publisher":{"@id":"https:\/\/mhf.ro\/mm\/#\/schema\/person\/a3bebf7bdb4bf12f698aff73c7e46c21"},"image":{"@id":"https:\/\/mhf.ro\/mm\/pe-aripi-de-gand-nazaret\/#primaryimage"},"thumbnailUrl":"https:\/\/mhf.ro\/mm\/wp-content\/uploads\/2020\/11\/nazareth-.jpg","articleSection":["Locale"],"inLanguage":"ro-RO","potentialAction":[{"@type":"CommentAction","name":"Comment","target":["https:\/\/mhf.ro\/mm\/pe-aripi-de-gand-nazaret\/#respond"]}]},{"@type":"WebPage","@id":"https:\/\/mhf.ro\/mm\/pe-aripi-de-gand-nazaret\/","url":"https:\/\/mhf.ro\/mm\/pe-aripi-de-gand-nazaret\/","name":"Pe aripi de g\u00e2nd-Nazaret - MHF Photography","isPartOf":{"@id":"https:\/\/mhf.ro\/mm\/#website"},"primaryImageOfPage":{"@id":"https:\/\/mhf.ro\/mm\/pe-aripi-de-gand-nazaret\/#primaryimage"},"image":{"@id":"https:\/\/mhf.ro\/mm\/pe-aripi-de-gand-nazaret\/#primaryimage"},"thumbnailUrl":"https:\/\/mhf.ro\/mm\/wp-content\/uploads\/2020\/11\/nazareth-.jpg","datePublished":"2020-11-16T23:03:15+00:00","breadcrumb":{"@id":"https:\/\/mhf.ro\/mm\/pe-aripi-de-gand-nazaret\/#breadcrumb"},"inLanguage":"ro-RO","potentialAction":[{"@type":"ReadAction","target":["https:\/\/mhf.ro\/mm\/pe-aripi-de-gand-nazaret\/"]}]},{"@type":"ImageObject","inLanguage":"ro-RO","@id":"https:\/\/mhf.ro\/mm\/pe-aripi-de-gand-nazaret\/#primaryimage","url":"https:\/\/mhf.ro\/mm\/wp-content\/uploads\/2020\/11\/nazareth-.jpg","contentUrl":"https:\/\/mhf.ro\/mm\/wp-content\/uploads\/2020\/11\/nazareth-.jpg","width":1024,"height":768},{"@type":"BreadcrumbList","@id":"https:\/\/mhf.ro\/mm\/pe-aripi-de-gand-nazaret\/#breadcrumb","itemListElement":[{"@type":"ListItem","position":1,"name":"Prima pagin\u0103","item":"https:\/\/mhf.ro\/mm\/"},{"@type":"ListItem","position":2,"name":"Pe aripi de g\u00e2nd-Nazaret"}]},{"@type":"WebSite","@id":"https:\/\/mhf.ro\/mm\/#website","url":"https:\/\/mhf.ro\/mm\/","name":"MHF Photography \u2013 Blog de fotografie, natur\u0103 \u0219i tehnic\u0103 divers\u0103","description":"Aventur\u0103 \u00een fiecare cadru.","publisher":{"@id":"https:\/\/mhf.ro\/mm\/#\/schema\/person\/a3bebf7bdb4bf12f698aff73c7e46c21"},"potentialAction":[{"@type":"SearchAction","target":{"@type":"EntryPoint","urlTemplate":"https:\/\/mhf.ro\/mm\/?s={search_term_string}"},"query-input":{"@type":"PropertyValueSpecification","valueRequired":true,"valueName":"search_term_string"}}],"inLanguage":"ro-RO"},{"@type":["Person","Organization"],"@id":"https:\/\/mhf.ro\/mm\/#\/schema\/person\/a3bebf7bdb4bf12f698aff73c7e46c21","name":"Marius Marcu","image":{"@type":"ImageObject","inLanguage":"ro-RO","@id":"https:\/\/mhf.ro\/mm\/#\/schema\/person\/image\/","url":"https:\/\/mhf.ro\/mm\/wp-content\/uploads\/2025\/12\/cropped-logo_mhf_2.png","contentUrl":"https:\/\/mhf.ro\/mm\/wp-content\/uploads\/2025\/12\/cropped-logo_mhf_2.png","width":1096,"height":457,"caption":"Marius Marcu"},"logo":{"@id":"https:\/\/mhf.ro\/mm\/#\/schema\/person\/image\/"},"sameAs":["https:\/\/mhf.ro\/mm"]},{"@type":"Person","@id":"https:\/\/mhf.ro\/mm\/#\/schema\/person\/4c8c06c801b7b666e81ed44550086900","name":"Preot paroh Horvat Petru","image":{"@type":"ImageObject","inLanguage":"ro-RO","@id":"https:\/\/mhf.ro\/mm\/#\/schema\/person\/image\/","url":"https:\/\/secure.gravatar.com\/avatar\/c2d2dcdf21c6f41aad486d71768c144cd6e23cb7b63bae9bd6fab542b26ad321?s=96&d=monsterid&r=g","contentUrl":"https:\/\/secure.gravatar.com\/avatar\/c2d2dcdf21c6f41aad486d71768c144cd6e23cb7b63bae9bd6fab542b26ad321?s=96&d=monsterid&r=g","caption":"Preot paroh Horvat Petru"},"sameAs":["https:\/\/mhf.ro\/mm"],"url":"https:\/\/mhf.ro\/mm\/author\/petrica\/"}]}},"_links":{"self":[{"href":"https:\/\/mhf.ro\/mm\/wp-json\/wp\/v2\/posts\/2712","targetHints":{"allow":["GET"]}}],"collection":[{"href":"https:\/\/mhf.ro\/mm\/wp-json\/wp\/v2\/posts"}],"about":[{"href":"https:\/\/mhf.ro\/mm\/wp-json\/wp\/v2\/types\/post"}],"author":[{"embeddable":true,"href":"https:\/\/mhf.ro\/mm\/wp-json\/wp\/v2\/users\/4"}],"replies":[{"embeddable":true,"href":"https:\/\/mhf.ro\/mm\/wp-json\/wp\/v2\/comments?post=2712"}],"version-history":[{"count":1,"href":"https:\/\/mhf.ro\/mm\/wp-json\/wp\/v2\/posts\/2712\/revisions"}],"predecessor-version":[{"id":2714,"href":"https:\/\/mhf.ro\/mm\/wp-json\/wp\/v2\/posts\/2712\/revisions\/2714"}],"wp:featuredmedia":[{"embeddable":true,"href":"https:\/\/mhf.ro\/mm\/wp-json\/wp\/v2\/media\/2713"}],"wp:attachment":[{"href":"https:\/\/mhf.ro\/mm\/wp-json\/wp\/v2\/media?parent=2712"}],"wp:term":[{"taxonomy":"category","embeddable":true,"href":"https:\/\/mhf.ro\/mm\/wp-json\/wp\/v2\/categories?post=2712"},{"taxonomy":"post_tag","embeddable":true,"href":"https:\/\/mhf.ro\/mm\/wp-json\/wp\/v2\/tags?post=2712"}],"curies":[{"name":"wp","href":"https:\/\/api.w.org\/{rel}","templated":true}]}}