{"id":2723,"date":"2020-11-17T18:10:41","date_gmt":"2020-11-17T16:10:41","guid":{"rendered":"https:\/\/mhf.ro\/mm\/?p=2723"},"modified":"2020-11-24T20:49:45","modified_gmt":"2020-11-24T18:49:45","slug":"pe-aripi-de-gand-prin-galileea-de-odinioara-taborul","status":"publish","type":"post","link":"https:\/\/mhf.ro\/mm\/pe-aripi-de-gand-prin-galileea-de-odinioara-taborul\/","title":{"rendered":"Pe aripi de g\u00e2nd prin Galileea de odinioar\u0103-Taborul"},"content":{"rendered":"<p>C\u0103l\u0103toria pe aripi de g\u00e2nd ne duce \u00een a doua zi a pelerinajului \u00een Israel. Diminea\u021ba soarele r\u0103sare mai repede dec\u00e2t \u00een Rom\u00e2nia. Suntem pe \u021b\u0103rmul M\u0103rii Galileii, la Tiberias. Dup\u0103 micul dejun urc\u0103m \u00een autocar \u0219i pornim spre Muntele Tabor.<\/p>\n<p>Pe un teren plat, muntele iese \u00een eviden\u021b\u0103 din orice direc\u021bie te apropii. Cu microbuze parcurgem un drum foarte \u0219erpuit. Altitudinea Taborului nu e mare dar e un munte abrupt. Ajungem la m\u0103n\u0103stirea din v\u00e2rf, m\u0103n\u0103stire ortodox\u0103 de maici, unele rom\u00e2nce, re\u00eenfiin\u021bat\u0103 de p\u0103rintele rom\u00e2n Irinarh Roseti \u00een secolul XIX. Pe Tabor a avut loc <em>schimbarea la fa\u021b\u0103 <\/em>a Domnului. Se apropiau patimile Domnului. El \u0219tia. Ucenicii nu. El mai \u0219tia c\u0103 atunci c\u00e2nd \u00cel vor vedea r\u0103stignit, se vor \u00eentrista. Dup\u0103 intens\u0103 rug\u0103ciune, fa\u021ba Domnului a \u00eenceput s\u0103 str\u0103luceasc\u0103. Hainele erau luminoase. Profe\u021bii Moise \u0219i Ilie, mor\u021bi de secole, au venit l\u00e2ng\u0103 El \u0219i vorbeau despre ce se va \u00eent\u00e2mpla la Ierusalim. M\u00e2ntuitorul le ar\u0103ta discipolilor o parte din slava Lui cereasc\u0103, la care renun\u021base c\u00e2nd s-a \u00eentrupat. Rev\u0103rsarea de har le producea a\u0219a stare de fericire \u00eenc\u00e2t Simon-Petru exclamase ,,bine este nou\u0103 s\u0103 fim aici!\u201d. Un nor luminous i-a acoperit \u0219i glas din nor a rostit ,,Acesta este Fiul Meu, cel iubit. De acesta s\u0103 asculta\u021bi!\u201d<\/p>\n<p>Aici se afl\u0103 o icoan\u0103 a Maici Domnului \u00een fa\u021ba c\u0103reia ne punem dorin\u021be. De cele mai multe ori ni se \u00eemplinesc. Deci e o icoan\u0103 f\u0103c\u0103toare de minuni.<\/p>\n<p>\u00cen fiecare an, \u00een noaptea de 18-19 august (adic\u0103 6 august pe stil nou) \u00een timpul Sfintei Liturghii a s\u0103rb\u0103torii <em>Schimbarea la fa\u021b\u0103, <\/em>un nor luminos apare deasupra acestui loc. E o minune, nu un fenomen meteorologic, care aduce mare bucurie celor prezen\u021bi.<\/p>\n<p>Cu o astfel de bucurie cobor\u00e2m \u0219i noi de pe Tabor l\u0103s\u00e2nd \u00een urma noastr\u0103 doriri de bine pentru noi \u0219i cei dragi nou\u0103.<\/p>\n<p>&nbsp;<\/p>\n","protected":false},"excerpt":{"rendered":"<p>C\u0103l\u0103toria pe aripi de g\u00e2nd ne duce \u00een a doua zi a pelerinajului \u00een Israel. Diminea\u021ba soarele r\u0103sare mai repede<\/p>\n","protected":false},"author":4,"featured_media":2724,"comment_status":"open","ping_status":"open","sticky":false,"template":"","format":"standard","meta":{"colormag_page_container_layout":"default_layout","colormag_page_sidebar_layout":"default_layout","footnotes":""},"categories":[5,34],"tags":[],"class_list":["post-2723","post","type-post","status-publish","format-standard","has-post-thumbnail","hentry","category-locale","category-religie"],"yoast_head":"<!-- This site is optimized with the Yoast SEO plugin v27.0 - https:\/\/yoast.com\/product\/yoast-seo-wordpress\/ -->\n<title>Pe aripi de g\u00e2nd prin Galileea de odinioar\u0103-Taborul - MHF Photography<\/title>\n<meta name=\"robots\" content=\"index, follow, max-snippet:-1, max-image-preview:large, max-video-preview:-1\" \/>\n<link rel=\"canonical\" href=\"https:\/\/mhf.ro\/mm\/pe-aripi-de-gand-prin-galileea-de-odinioara-taborul\/\" \/>\n<meta property=\"og:locale\" content=\"ro_RO\" \/>\n<meta property=\"og:type\" content=\"article\" \/>\n<meta property=\"og:title\" content=\"Pe aripi de g\u00e2nd prin Galileea de odinioar\u0103-Taborul - MHF Photography\" \/>\n<meta property=\"og:description\" content=\"C\u0103l\u0103toria pe aripi de g\u00e2nd ne duce \u00een a doua zi a pelerinajului \u00een Israel. Diminea\u021ba soarele r\u0103sare mai repede\" \/>\n<meta property=\"og:url\" content=\"https:\/\/mhf.ro\/mm\/pe-aripi-de-gand-prin-galileea-de-odinioara-taborul\/\" \/>\n<meta property=\"og:site_name\" content=\"MHF Photography\" \/>\n<meta property=\"article:published_time\" content=\"2020-11-17T16:10:41+00:00\" \/>\n<meta property=\"article:modified_time\" content=\"2020-11-24T18:49:45+00:00\" \/>\n<meta property=\"og:image\" content=\"https:\/\/mhf.ro\/mm\/wp-content\/uploads\/2020\/11\/tabor.jpg\" \/>\n\t<meta property=\"og:image:width\" content=\"268\" \/>\n\t<meta property=\"og:image:height\" content=\"188\" \/>\n\t<meta property=\"og:image:type\" content=\"image\/jpeg\" \/>\n<meta name=\"author\" content=\"Preot paroh Horvat Petru\" \/>\n<meta name=\"twitter:card\" content=\"summary_large_image\" \/>\n<meta name=\"twitter:label1\" content=\"Scris de\" \/>\n\t<meta name=\"twitter:data1\" content=\"Preot paroh Horvat Petru\" \/>\n\t<meta name=\"twitter:label2\" content=\"Timp estimat pentru citire\" \/>\n\t<meta name=\"twitter:data2\" content=\"2 minute\" \/>\n<script type=\"application\/ld+json\" class=\"yoast-schema-graph\">{\"@context\":\"https:\/\/schema.org\",\"@graph\":[{\"@type\":\"Article\",\"@id\":\"https:\/\/mhf.ro\/mm\/pe-aripi-de-gand-prin-galileea-de-odinioara-taborul\/#article\",\"isPartOf\":{\"@id\":\"https:\/\/mhf.ro\/mm\/pe-aripi-de-gand-prin-galileea-de-odinioara-taborul\/\"},\"author\":{\"name\":\"Preot paroh Horvat Petru\",\"@id\":\"https:\/\/mhf.ro\/mm\/#\/schema\/person\/4c8c06c801b7b666e81ed44550086900\"},\"headline\":\"Pe aripi de g\u00e2nd prin Galileea de odinioar\u0103-Taborul\",\"datePublished\":\"2020-11-17T16:10:41+00:00\",\"dateModified\":\"2020-11-24T18:49:45+00:00\",\"mainEntityOfPage\":{\"@id\":\"https:\/\/mhf.ro\/mm\/pe-aripi-de-gand-prin-galileea-de-odinioara-taborul\/\"},\"wordCount\":363,\"commentCount\":0,\"publisher\":{\"@id\":\"https:\/\/mhf.ro\/mm\/#\/schema\/person\/a3bebf7bdb4bf12f698aff73c7e46c21\"},\"image\":{\"@id\":\"https:\/\/mhf.ro\/mm\/pe-aripi-de-gand-prin-galileea-de-odinioara-taborul\/#primaryimage\"},\"thumbnailUrl\":\"https:\/\/mhf.ro\/mm\/wp-content\/uploads\/2020\/11\/tabor.jpg\",\"articleSection\":[\"Locale\",\"Religie\"],\"inLanguage\":\"ro-RO\",\"potentialAction\":[{\"@type\":\"CommentAction\",\"name\":\"Comment\",\"target\":[\"https:\/\/mhf.ro\/mm\/pe-aripi-de-gand-prin-galileea-de-odinioara-taborul\/#respond\"]}]},{\"@type\":\"WebPage\",\"@id\":\"https:\/\/mhf.ro\/mm\/pe-aripi-de-gand-prin-galileea-de-odinioara-taborul\/\",\"url\":\"https:\/\/mhf.ro\/mm\/pe-aripi-de-gand-prin-galileea-de-odinioara-taborul\/\",\"name\":\"Pe aripi de g\u00e2nd prin Galileea de odinioar\u0103-Taborul - MHF Photography\",\"isPartOf\":{\"@id\":\"https:\/\/mhf.ro\/mm\/#website\"},\"primaryImageOfPage\":{\"@id\":\"https:\/\/mhf.ro\/mm\/pe-aripi-de-gand-prin-galileea-de-odinioara-taborul\/#primaryimage\"},\"image\":{\"@id\":\"https:\/\/mhf.ro\/mm\/pe-aripi-de-gand-prin-galileea-de-odinioara-taborul\/#primaryimage\"},\"thumbnailUrl\":\"https:\/\/mhf.ro\/mm\/wp-content\/uploads\/2020\/11\/tabor.jpg\",\"datePublished\":\"2020-11-17T16:10:41+00:00\",\"dateModified\":\"2020-11-24T18:49:45+00:00\",\"breadcrumb\":{\"@id\":\"https:\/\/mhf.ro\/mm\/pe-aripi-de-gand-prin-galileea-de-odinioara-taborul\/#breadcrumb\"},\"inLanguage\":\"ro-RO\",\"potentialAction\":[{\"@type\":\"ReadAction\",\"target\":[\"https:\/\/mhf.ro\/mm\/pe-aripi-de-gand-prin-galileea-de-odinioara-taborul\/\"]}]},{\"@type\":\"ImageObject\",\"inLanguage\":\"ro-RO\",\"@id\":\"https:\/\/mhf.ro\/mm\/pe-aripi-de-gand-prin-galileea-de-odinioara-taborul\/#primaryimage\",\"url\":\"https:\/\/mhf.ro\/mm\/wp-content\/uploads\/2020\/11\/tabor.jpg\",\"contentUrl\":\"https:\/\/mhf.ro\/mm\/wp-content\/uploads\/2020\/11\/tabor.jpg\",\"width\":268,\"height\":188},{\"@type\":\"BreadcrumbList\",\"@id\":\"https:\/\/mhf.ro\/mm\/pe-aripi-de-gand-prin-galileea-de-odinioara-taborul\/#breadcrumb\",\"itemListElement\":[{\"@type\":\"ListItem\",\"position\":1,\"name\":\"Prima pagin\u0103\",\"item\":\"https:\/\/mhf.ro\/mm\/\"},{\"@type\":\"ListItem\",\"position\":2,\"name\":\"Pe aripi de g\u00e2nd prin Galileea de odinioar\u0103-Taborul\"}]},{\"@type\":\"WebSite\",\"@id\":\"https:\/\/mhf.ro\/mm\/#website\",\"url\":\"https:\/\/mhf.ro\/mm\/\",\"name\":\"MHF Photography \u2013 Blog de fotografie, natur\u0103 \u0219i tehnic\u0103 divers\u0103\",\"description\":\"Aventur\u0103 \u00een fiecare cadru.\",\"publisher\":{\"@id\":\"https:\/\/mhf.ro\/mm\/#\/schema\/person\/a3bebf7bdb4bf12f698aff73c7e46c21\"},\"potentialAction\":[{\"@type\":\"SearchAction\",\"target\":{\"@type\":\"EntryPoint\",\"urlTemplate\":\"https:\/\/mhf.ro\/mm\/?s={search_term_string}\"},\"query-input\":{\"@type\":\"PropertyValueSpecification\",\"valueRequired\":true,\"valueName\":\"search_term_string\"}}],\"inLanguage\":\"ro-RO\"},{\"@type\":[\"Person\",\"Organization\"],\"@id\":\"https:\/\/mhf.ro\/mm\/#\/schema\/person\/a3bebf7bdb4bf12f698aff73c7e46c21\",\"name\":\"Marius Marcu\",\"image\":{\"@type\":\"ImageObject\",\"inLanguage\":\"ro-RO\",\"@id\":\"https:\/\/mhf.ro\/mm\/#\/schema\/person\/image\/\",\"url\":\"https:\/\/mhf.ro\/mm\/wp-content\/uploads\/2025\/12\/cropped-logo_mhf_2.png\",\"contentUrl\":\"https:\/\/mhf.ro\/mm\/wp-content\/uploads\/2025\/12\/cropped-logo_mhf_2.png\",\"width\":1096,\"height\":457,\"caption\":\"Marius Marcu\"},\"logo\":{\"@id\":\"https:\/\/mhf.ro\/mm\/#\/schema\/person\/image\/\"},\"sameAs\":[\"https:\/\/mhf.ro\/mm\"]},{\"@type\":\"Person\",\"@id\":\"https:\/\/mhf.ro\/mm\/#\/schema\/person\/4c8c06c801b7b666e81ed44550086900\",\"name\":\"Preot paroh Horvat Petru\",\"image\":{\"@type\":\"ImageObject\",\"inLanguage\":\"ro-RO\",\"@id\":\"https:\/\/mhf.ro\/mm\/#\/schema\/person\/image\/\",\"url\":\"https:\/\/secure.gravatar.com\/avatar\/c2d2dcdf21c6f41aad486d71768c144cd6e23cb7b63bae9bd6fab542b26ad321?s=96&d=monsterid&r=g\",\"contentUrl\":\"https:\/\/secure.gravatar.com\/avatar\/c2d2dcdf21c6f41aad486d71768c144cd6e23cb7b63bae9bd6fab542b26ad321?s=96&d=monsterid&r=g\",\"caption\":\"Preot paroh Horvat Petru\"},\"sameAs\":[\"https:\/\/mhf.ro\/mm\"],\"url\":\"https:\/\/mhf.ro\/mm\/author\/petrica\/\"}]}<\/script>\n<!-- \/ Yoast SEO plugin. -->","yoast_head_json":{"title":"Pe aripi de g\u00e2nd prin Galileea de odinioar\u0103-Taborul - MHF Photography","robots":{"index":"index","follow":"follow","max-snippet":"max-snippet:-1","max-image-preview":"max-image-preview:large","max-video-preview":"max-video-preview:-1"},"canonical":"https:\/\/mhf.ro\/mm\/pe-aripi-de-gand-prin-galileea-de-odinioara-taborul\/","og_locale":"ro_RO","og_type":"article","og_title":"Pe aripi de g\u00e2nd prin Galileea de odinioar\u0103-Taborul - MHF Photography","og_description":"C\u0103l\u0103toria pe aripi de g\u00e2nd ne duce \u00een a doua zi a pelerinajului \u00een Israel. Diminea\u021ba soarele r\u0103sare mai repede","og_url":"https:\/\/mhf.ro\/mm\/pe-aripi-de-gand-prin-galileea-de-odinioara-taborul\/","og_site_name":"MHF Photography","article_published_time":"2020-11-17T16:10:41+00:00","article_modified_time":"2020-11-24T18:49:45+00:00","og_image":[{"width":268,"height":188,"url":"https:\/\/mhf.ro\/mm\/wp-content\/uploads\/2020\/11\/tabor.jpg","type":"image\/jpeg"}],"author":"Preot paroh Horvat Petru","twitter_card":"summary_large_image","twitter_misc":{"Scris de":"Preot paroh Horvat Petru","Timp estimat pentru citire":"2 minute"},"schema":{"@context":"https:\/\/schema.org","@graph":[{"@type":"Article","@id":"https:\/\/mhf.ro\/mm\/pe-aripi-de-gand-prin-galileea-de-odinioara-taborul\/#article","isPartOf":{"@id":"https:\/\/mhf.ro\/mm\/pe-aripi-de-gand-prin-galileea-de-odinioara-taborul\/"},"author":{"name":"Preot paroh Horvat Petru","@id":"https:\/\/mhf.ro\/mm\/#\/schema\/person\/4c8c06c801b7b666e81ed44550086900"},"headline":"Pe aripi de g\u00e2nd prin Galileea de odinioar\u0103-Taborul","datePublished":"2020-11-17T16:10:41+00:00","dateModified":"2020-11-24T18:49:45+00:00","mainEntityOfPage":{"@id":"https:\/\/mhf.ro\/mm\/pe-aripi-de-gand-prin-galileea-de-odinioara-taborul\/"},"wordCount":363,"commentCount":0,"publisher":{"@id":"https:\/\/mhf.ro\/mm\/#\/schema\/person\/a3bebf7bdb4bf12f698aff73c7e46c21"},"image":{"@id":"https:\/\/mhf.ro\/mm\/pe-aripi-de-gand-prin-galileea-de-odinioara-taborul\/#primaryimage"},"thumbnailUrl":"https:\/\/mhf.ro\/mm\/wp-content\/uploads\/2020\/11\/tabor.jpg","articleSection":["Locale","Religie"],"inLanguage":"ro-RO","potentialAction":[{"@type":"CommentAction","name":"Comment","target":["https:\/\/mhf.ro\/mm\/pe-aripi-de-gand-prin-galileea-de-odinioara-taborul\/#respond"]}]},{"@type":"WebPage","@id":"https:\/\/mhf.ro\/mm\/pe-aripi-de-gand-prin-galileea-de-odinioara-taborul\/","url":"https:\/\/mhf.ro\/mm\/pe-aripi-de-gand-prin-galileea-de-odinioara-taborul\/","name":"Pe aripi de g\u00e2nd prin Galileea de odinioar\u0103-Taborul - MHF Photography","isPartOf":{"@id":"https:\/\/mhf.ro\/mm\/#website"},"primaryImageOfPage":{"@id":"https:\/\/mhf.ro\/mm\/pe-aripi-de-gand-prin-galileea-de-odinioara-taborul\/#primaryimage"},"image":{"@id":"https:\/\/mhf.ro\/mm\/pe-aripi-de-gand-prin-galileea-de-odinioara-taborul\/#primaryimage"},"thumbnailUrl":"https:\/\/mhf.ro\/mm\/wp-content\/uploads\/2020\/11\/tabor.jpg","datePublished":"2020-11-17T16:10:41+00:00","dateModified":"2020-11-24T18:49:45+00:00","breadcrumb":{"@id":"https:\/\/mhf.ro\/mm\/pe-aripi-de-gand-prin-galileea-de-odinioara-taborul\/#breadcrumb"},"inLanguage":"ro-RO","potentialAction":[{"@type":"ReadAction","target":["https:\/\/mhf.ro\/mm\/pe-aripi-de-gand-prin-galileea-de-odinioara-taborul\/"]}]},{"@type":"ImageObject","inLanguage":"ro-RO","@id":"https:\/\/mhf.ro\/mm\/pe-aripi-de-gand-prin-galileea-de-odinioara-taborul\/#primaryimage","url":"https:\/\/mhf.ro\/mm\/wp-content\/uploads\/2020\/11\/tabor.jpg","contentUrl":"https:\/\/mhf.ro\/mm\/wp-content\/uploads\/2020\/11\/tabor.jpg","width":268,"height":188},{"@type":"BreadcrumbList","@id":"https:\/\/mhf.ro\/mm\/pe-aripi-de-gand-prin-galileea-de-odinioara-taborul\/#breadcrumb","itemListElement":[{"@type":"ListItem","position":1,"name":"Prima pagin\u0103","item":"https:\/\/mhf.ro\/mm\/"},{"@type":"ListItem","position":2,"name":"Pe aripi de g\u00e2nd prin Galileea de odinioar\u0103-Taborul"}]},{"@type":"WebSite","@id":"https:\/\/mhf.ro\/mm\/#website","url":"https:\/\/mhf.ro\/mm\/","name":"MHF Photography \u2013 Blog de fotografie, natur\u0103 \u0219i tehnic\u0103 divers\u0103","description":"Aventur\u0103 \u00een fiecare cadru.","publisher":{"@id":"https:\/\/mhf.ro\/mm\/#\/schema\/person\/a3bebf7bdb4bf12f698aff73c7e46c21"},"potentialAction":[{"@type":"SearchAction","target":{"@type":"EntryPoint","urlTemplate":"https:\/\/mhf.ro\/mm\/?s={search_term_string}"},"query-input":{"@type":"PropertyValueSpecification","valueRequired":true,"valueName":"search_term_string"}}],"inLanguage":"ro-RO"},{"@type":["Person","Organization"],"@id":"https:\/\/mhf.ro\/mm\/#\/schema\/person\/a3bebf7bdb4bf12f698aff73c7e46c21","name":"Marius Marcu","image":{"@type":"ImageObject","inLanguage":"ro-RO","@id":"https:\/\/mhf.ro\/mm\/#\/schema\/person\/image\/","url":"https:\/\/mhf.ro\/mm\/wp-content\/uploads\/2025\/12\/cropped-logo_mhf_2.png","contentUrl":"https:\/\/mhf.ro\/mm\/wp-content\/uploads\/2025\/12\/cropped-logo_mhf_2.png","width":1096,"height":457,"caption":"Marius Marcu"},"logo":{"@id":"https:\/\/mhf.ro\/mm\/#\/schema\/person\/image\/"},"sameAs":["https:\/\/mhf.ro\/mm"]},{"@type":"Person","@id":"https:\/\/mhf.ro\/mm\/#\/schema\/person\/4c8c06c801b7b666e81ed44550086900","name":"Preot paroh Horvat Petru","image":{"@type":"ImageObject","inLanguage":"ro-RO","@id":"https:\/\/mhf.ro\/mm\/#\/schema\/person\/image\/","url":"https:\/\/secure.gravatar.com\/avatar\/c2d2dcdf21c6f41aad486d71768c144cd6e23cb7b63bae9bd6fab542b26ad321?s=96&d=monsterid&r=g","contentUrl":"https:\/\/secure.gravatar.com\/avatar\/c2d2dcdf21c6f41aad486d71768c144cd6e23cb7b63bae9bd6fab542b26ad321?s=96&d=monsterid&r=g","caption":"Preot paroh Horvat Petru"},"sameAs":["https:\/\/mhf.ro\/mm"],"url":"https:\/\/mhf.ro\/mm\/author\/petrica\/"}]}},"_links":{"self":[{"href":"https:\/\/mhf.ro\/mm\/wp-json\/wp\/v2\/posts\/2723","targetHints":{"allow":["GET"]}}],"collection":[{"href":"https:\/\/mhf.ro\/mm\/wp-json\/wp\/v2\/posts"}],"about":[{"href":"https:\/\/mhf.ro\/mm\/wp-json\/wp\/v2\/types\/post"}],"author":[{"embeddable":true,"href":"https:\/\/mhf.ro\/mm\/wp-json\/wp\/v2\/users\/4"}],"replies":[{"embeddable":true,"href":"https:\/\/mhf.ro\/mm\/wp-json\/wp\/v2\/comments?post=2723"}],"version-history":[{"count":2,"href":"https:\/\/mhf.ro\/mm\/wp-json\/wp\/v2\/posts\/2723\/revisions"}],"predecessor-version":[{"id":2746,"href":"https:\/\/mhf.ro\/mm\/wp-json\/wp\/v2\/posts\/2723\/revisions\/2746"}],"wp:featuredmedia":[{"embeddable":true,"href":"https:\/\/mhf.ro\/mm\/wp-json\/wp\/v2\/media\/2724"}],"wp:attachment":[{"href":"https:\/\/mhf.ro\/mm\/wp-json\/wp\/v2\/media?parent=2723"}],"wp:term":[{"taxonomy":"category","embeddable":true,"href":"https:\/\/mhf.ro\/mm\/wp-json\/wp\/v2\/categories?post=2723"},{"taxonomy":"post_tag","embeddable":true,"href":"https:\/\/mhf.ro\/mm\/wp-json\/wp\/v2\/tags?post=2723"}],"curies":[{"name":"wp","href":"https:\/\/api.w.org\/{rel}","templated":true}]}}