{"id":2733,"date":"2020-11-21T23:51:53","date_gmt":"2020-11-21T21:51:53","guid":{"rendered":"https:\/\/mhf.ro\/mm\/?p=2733"},"modified":"2020-11-21T23:51:53","modified_gmt":"2020-11-21T21:51:53","slug":"ministrul-educatiei-si-cercetarii-monica-cristina-anisie-strategia-pentru-digitalizarea-educatiei-din-romania-trebuie-sa-devina-un-proiect-de-tara","status":"publish","type":"post","link":"https:\/\/mhf.ro\/mm\/ministrul-educatiei-si-cercetarii-monica-cristina-anisie-strategia-pentru-digitalizarea-educatiei-din-romania-trebuie-sa-devina-un-proiect-de-tara\/","title":{"rendered":"Ministrul educa\u021biei \u0219i cercet\u0103rii, Monica Cristina Anisie: \u201eStrategia pentru digitalizarea Educa\u021biei din Rom\u00e2nia trebuie s\u0103 devin\u0103 un proiect de \u021bar\u0103\u201d"},"content":{"rendered":"<div class=\"field field-name-body field-type-text-with-summary field-label-hidden\">\n<div class=\"field-items\">\n<div class=\"field-item even\">\n<p class=\"rtejustify\">Ministerul Educa\u021biei \u0219i Cercet\u0103rii <strong>propune o list\u0103 cu 5 obiective<\/strong>, imperativ a fi realizate \u00een urm\u0103torii ani \u00een ceea ce prive\u0219te digitalizarea educa\u021biei,<strong> \u0219i invit\u0103 operatorii\/companiile IT, societatea civil\u0103 \u0219i mediul guvernamental <\/strong>s\u0103 contribuie la conturarea acestui proiect de \u021bar\u0103 cu expertiza \u0219i propunerile proprii.<\/p>\n<p class=\"rtejustify\">Cele <strong>5 obiectiv<\/strong>e anun\u021bate de ministrul Monica Cristina Anisie \u00een cadrul primei runde de consult\u0103ri publice privind elaborarea \u201eStrategiei pentru Digitalizarea Educa\u021biei din Rom\u00e2nia &#8211; SMART-Edu\u201d, organizat\u0103 ast\u0103zi, 20 noiembrie, de Ministerul Educa\u021biei \u0219i Cercet\u0103rii, sunt urm\u0103toarele:<\/p>\n<p class=\"rtejustify\"><strong>1. <\/strong>\u00cembun\u0103t\u0103\u021birea infrastructurii digitale pentru reducerea decalajelor de conectivitate<\/p>\n<p class=\"rtejustify\"><strong>2.<\/strong> Sus\u021binerea accesului egal la o educa\u021bie online de calitate<\/p>\n<p class=\"rtejustify\"><strong>3. <\/strong>Asigurarea de dispozitive electronice cu conectare la Internet \u00een band\u0103 larg\u0103 \u0219i conectivitate wireless adecvat\u0103 pentru pre\u0219colari \u0219i elevi;<\/p>\n<p class=\"rtejustify\"><strong>4<\/strong>. Elaborarea de manualele digitale \u0219i auxiliare didactice care ofer\u0103 o interfa\u021b\u0103 interactiv\u0103 \u00een care elevii au acces la con\u021binut multimedia, cum ar fi videoclipuri, prezent\u0103ri interactive \u0219i hyperlink-uri;<\/p>\n<p class=\"rtejustify\"><strong>5<\/strong>. Competen\u021be digitale pentru o pia\u021b\u0103 a muncii emergent.<\/p>\n<blockquote>\n<p class=\"rtejustify\"><em><strong>\u201eDigitalizarea educa\u021biei reprezint\u0103 un proiect prioritar pentru mine ca om politic, dar \u0219i un angajament \u00eendr\u0103zne\u021b pentru genera\u021biile viitoare, pe care to\u021bi mini\u0219trii educa\u021biei trebuie s\u0103 \u0219i-l asume \u00een urm\u0103torii ani, indiferent de culoarea politic\u0103. Suntem cu to\u021bii aici pentru c\u0103 nu mai putem a\u0219tepta niciun minut pentru a \u00eencepe digitalizarea \u0219i modernizarea \u00eenv\u0103\u021b\u0103m\u00e2ntului rom\u00e2nesc. Fiindc\u0103 vorbim de un proiect de o asemenea anvergur\u0103 \u0219i pentru a reu\u0219i ceea ce ne-am propus, avem nevoie de to\u021bi actorii din societate, de toate resursele disponibile<\/strong><\/em>\u201d, <em>a declarat ministrul educa\u021biei \u0219i cercet\u0103rii.<\/em><\/p>\n<\/blockquote>\n<p class=\"rtejustify\">De asemenea, ministrul Monica Cristina Anisie a anun\u021bat c\u0103 bugetul de investi\u021bii al Ministerului Educa\u021biei pentru anul 2021 va include o component\u0103 substan\u021bial\u0103 de fonduri alocate\u00a0digitaliz\u0103rii, lucru care p\u00e2n\u0103 \u00een acest moment nu s-a \u00eent\u00e2mplat.<\/p>\n<p class=\"rtejustify\"><strong>Subsecretarul de stat \u00een Ministerul Educa\u021biei \u0219i Cercet\u0103rii, Jean Badea, a invitat to\u021bi speciali\u0219tii interesa\u021bi s\u0103 dea curs <\/strong><a href=\"https:\/\/www.smart.edu.ro\/home\/grupuri-de-lucru\"><strong>apelului de a se \u00eenscrie<\/strong><\/a><strong> \u00een<\/strong><strong> grupurile de lucru ce vor fi constituite\u00a0\u00een vederea elabor\u0103rii strategiei.\u00a0<\/strong>Rezultatele activit\u0103\u021bii grupurilor de lucru se vor concretiza \u00een planuri opera\u021bionale pentru perioada vizat\u0103 de strategie \u0219i \u00een m\u0103suri de implementare sustenabil\u0103 a acestora.<\/p>\n<blockquote>\n<p class=\"rtejustify\"><strong><em>\u201eCuvintele sunt prea pu\u021bine pentru a mul\u021bumi tuturor partenerilor care au fost al\u0103turi de noi nu numai ast\u0103zi, ci \u00een toat\u0103 aceast\u0103 perioad\u0103 \u00een care s-au implicat activ \u00een sus\u021binerea activit\u0103\u021bilor de \u00eenv\u0103\u021bare \u00een mediul online. Doresc s\u0103-i asigur c\u0103 eforturile lor sunt esen\u021biale \u00een aceast\u0103 transformare de paradigm\u0103 pe care am ini\u021biat-o:<\/em>\u00a0\u0218coala SMART &#8211; \u0218coal\u0103 Modern\u0103, Accesibil\u0103, Bazat\u0103 pe Resurse \u0219i Tehnologii digitale\u201d,<\/strong><em> a declarat Jean Badea, subsecretar de stat \u00een Ministerul Educa\u021biei \u0219i Cercet\u0103rii. <\/em><\/p>\n<\/blockquote>\n<p class=\"rtejustify\">La evenimentul de ast\u0103zi, disponibil pe <a href=\"https:\/\/www.facebook.com\/www.edu.ro\/videos\/199520148449569\/\">pagina de Facebook a ministerului<\/a> \u0219i pe <a href=\"https:\/\/bit.ly\/3npOey6\">canalul nostru de Youtube<\/a>, au participat Sorin Valentin COSTREIE, Consilier de Stat &#8211; Cancelaria Prim-Ministrului, Ioan Marcel BOLO\u0218, ministrul fondurilor europene, Drago\u0219 PREDA, Secretar de Stat &#8211; Ministerul Transporturilor, Infrastructurii si Comunica\u021biilor, Radu NICOLESCU, Consilier de Stat Cancelaria Prim-Ministrului, Cristin POPA, Director executiv, Direc\u021bia Executiv\u0103 Monitorizare \u0219i Control ANCOM, Mihaela NAB\u0102R, Director Executiv &#8211; World Vision Rom\u00e2nia, Elena LOTREAN, Task Force Leader Educa\u021bie &#8211; Coali\u021bia pentru dezvoltarea Rom\u00e2niei, Florin POGONARU, Pre\u0219edinte AOAR, Margareta CHESARU, Public Affairs Manager &#8211;\u00a0Uipath, Irinuca V\u0102DUVA, Marketing&amp;PR manager\u00a0ECDL, Iulian STANCIU, CEO\u00a0eMAG, Elisabeta MORARU, Country Manager &#8211; Google Rom\u00e2nia, Marinela IONA\u0218CU, Education Manager\u00a0Microsoft, Luiza DOMNI\u0218ORU, Director comunicare &#8211; RCS&amp;RDS, Mihnea R\u0102DULESCU, Business Director &#8211;\u00a0\u00a0Vodafone, Florin POPA, Business to Business Director &#8211; Orange, Alexandra T\u0102MA\u0218, Public affairs manager\u00a0 ANIS, Lauren\u021biu BUNESCU, Funda\u021bia EOS, Silvia BOGDAN, Pre\u0219edinte &#8211; \u0218coala de Valori, Nicoleta ALBERT, Pre\u0219edinte\u00a0ProactaEdu, Rare\u0219 VOICU, pre\u0219edinte Consiliul Na\u021bional al Elevilor \u0219i Horia Oni\u021ba, pre\u0219edinte Alian\u021ba Na\u021bional\u0103 a Organiza\u021biilor Studen\u021be\u0219ti din Rom\u00e2nia.<\/p>\n<p class=\"rtejustify\">Partener media al evenimentului a fost <a href=\"https:\/\/financialintelligence.ro\/monica-anisie-strategia-pentru-digitalizarea-educatiei-din-romania-trebuie-sa-devina-un-proiect-de-tara\/?fbclid=IwAR3YnNLlFK65X5W3j-59-q58ocd5eyUyLnPecNJDnHAiri65Y7ebYuOIg18\">Financial Intelligence<\/a>. (conf. www.edu.ro)<\/p>\n<\/div>\n<\/div>\n<\/div>\n","protected":false},"excerpt":{"rendered":"<p>Ministerul Educa\u021biei \u0219i Cercet\u0103rii propune o list\u0103 cu 5 obiective, imperativ a fi realizate \u00een urm\u0103torii ani \u00een ceea ce<\/p>\n","protected":false},"author":1,"featured_media":2734,"comment_status":"open","ping_status":"open","sticky":false,"template":"","format":"standard","meta":{"colormag_page_container_layout":"default_layout","colormag_page_sidebar_layout":"default_layout","footnotes":""},"categories":[32,5],"tags":[],"class_list":["post-2733","post","type-post","status-publish","format-standard","has-post-thumbnail","hentry","category-comunicate","category-locale"],"yoast_head":"<!-- This site is optimized with the Yoast SEO plugin v27.0 - https:\/\/yoast.com\/product\/yoast-seo-wordpress\/ -->\n<title>Ministrul educa\u021biei \u0219i cercet\u0103rii, Monica Cristina Anisie: \u201eStrategia pentru digitalizarea Educa\u021biei din Rom\u00e2nia trebuie s\u0103 devin\u0103 un proiect de \u021bar\u0103\u201d - MHF Photography<\/title>\n<meta name=\"robots\" content=\"index, follow, max-snippet:-1, max-image-preview:large, max-video-preview:-1\" \/>\n<link rel=\"canonical\" href=\"https:\/\/mhf.ro\/mm\/ministrul-educatiei-si-cercetarii-monica-cristina-anisie-strategia-pentru-digitalizarea-educatiei-din-romania-trebuie-sa-devina-un-proiect-de-tara\/\" \/>\n<meta property=\"og:locale\" content=\"ro_RO\" \/>\n<meta property=\"og:type\" content=\"article\" \/>\n<meta property=\"og:title\" content=\"Ministrul educa\u021biei \u0219i cercet\u0103rii, Monica Cristina Anisie: \u201eStrategia pentru digitalizarea Educa\u021biei din Rom\u00e2nia trebuie s\u0103 devin\u0103 un proiect de \u021bar\u0103\u201d - MHF Photography\" \/>\n<meta property=\"og:description\" content=\"Ministerul Educa\u021biei \u0219i Cercet\u0103rii propune o list\u0103 cu 5 obiective, imperativ a fi realizate \u00een urm\u0103torii ani \u00een ceea ce\" \/>\n<meta property=\"og:url\" content=\"https:\/\/mhf.ro\/mm\/ministrul-educatiei-si-cercetarii-monica-cristina-anisie-strategia-pentru-digitalizarea-educatiei-din-romania-trebuie-sa-devina-un-proiect-de-tara\/\" \/>\n<meta property=\"og:site_name\" content=\"MHF Photography\" \/>\n<meta property=\"article:published_time\" content=\"2020-11-21T21:51:53+00:00\" \/>\n<meta property=\"og:image\" content=\"https:\/\/mhf.ro\/mm\/wp-content\/uploads\/2020\/11\/digitalizare.jpg\" \/>\n\t<meta property=\"og:image:width\" content=\"1280\" \/>\n\t<meta property=\"og:image:height\" content=\"853\" \/>\n\t<meta property=\"og:image:type\" content=\"image\/jpeg\" \/>\n<meta name=\"author\" content=\"Marius Marcu\" \/>\n<meta name=\"twitter:card\" content=\"summary_large_image\" \/>\n<meta name=\"twitter:label1\" content=\"Scris de\" \/>\n\t<meta name=\"twitter:data1\" content=\"Marius Marcu\" \/>\n\t<meta name=\"twitter:label2\" content=\"Timp estimat pentru citire\" \/>\n\t<meta name=\"twitter:data2\" content=\"3 minute\" \/>\n<script type=\"application\/ld+json\" class=\"yoast-schema-graph\">{\"@context\":\"https:\/\/schema.org\",\"@graph\":[{\"@type\":\"Article\",\"@id\":\"https:\/\/mhf.ro\/mm\/ministrul-educatiei-si-cercetarii-monica-cristina-anisie-strategia-pentru-digitalizarea-educatiei-din-romania-trebuie-sa-devina-un-proiect-de-tara\/#article\",\"isPartOf\":{\"@id\":\"https:\/\/mhf.ro\/mm\/ministrul-educatiei-si-cercetarii-monica-cristina-anisie-strategia-pentru-digitalizarea-educatiei-din-romania-trebuie-sa-devina-un-proiect-de-tara\/\"},\"author\":{\"name\":\"Marius Marcu\",\"@id\":\"https:\/\/mhf.ro\/mm\/#\/schema\/person\/a3bebf7bdb4bf12f698aff73c7e46c21\"},\"headline\":\"Ministrul educa\u021biei \u0219i cercet\u0103rii, Monica Cristina Anisie: \u201eStrategia pentru digitalizarea Educa\u021biei din Rom\u00e2nia trebuie s\u0103 devin\u0103 un proiect de \u021bar\u0103\u201d\",\"datePublished\":\"2020-11-21T21:51:53+00:00\",\"mainEntityOfPage\":{\"@id\":\"https:\/\/mhf.ro\/mm\/ministrul-educatiei-si-cercetarii-monica-cristina-anisie-strategia-pentru-digitalizarea-educatiei-din-romania-trebuie-sa-devina-un-proiect-de-tara\/\"},\"wordCount\":718,\"commentCount\":0,\"publisher\":{\"@id\":\"https:\/\/mhf.ro\/mm\/#\/schema\/person\/a3bebf7bdb4bf12f698aff73c7e46c21\"},\"image\":{\"@id\":\"https:\/\/mhf.ro\/mm\/ministrul-educatiei-si-cercetarii-monica-cristina-anisie-strategia-pentru-digitalizarea-educatiei-din-romania-trebuie-sa-devina-un-proiect-de-tara\/#primaryimage\"},\"thumbnailUrl\":\"https:\/\/mhf.ro\/mm\/wp-content\/uploads\/2020\/11\/digitalizare.jpg\",\"articleSection\":[\"Comunicate\",\"Locale\"],\"inLanguage\":\"ro-RO\",\"potentialAction\":[{\"@type\":\"CommentAction\",\"name\":\"Comment\",\"target\":[\"https:\/\/mhf.ro\/mm\/ministrul-educatiei-si-cercetarii-monica-cristina-anisie-strategia-pentru-digitalizarea-educatiei-din-romania-trebuie-sa-devina-un-proiect-de-tara\/#respond\"]}]},{\"@type\":\"WebPage\",\"@id\":\"https:\/\/mhf.ro\/mm\/ministrul-educatiei-si-cercetarii-monica-cristina-anisie-strategia-pentru-digitalizarea-educatiei-din-romania-trebuie-sa-devina-un-proiect-de-tara\/\",\"url\":\"https:\/\/mhf.ro\/mm\/ministrul-educatiei-si-cercetarii-monica-cristina-anisie-strategia-pentru-digitalizarea-educatiei-din-romania-trebuie-sa-devina-un-proiect-de-tara\/\",\"name\":\"Ministrul educa\u021biei \u0219i cercet\u0103rii, Monica Cristina Anisie: \u201eStrategia pentru digitalizarea Educa\u021biei din Rom\u00e2nia trebuie s\u0103 devin\u0103 un proiect de \u021bar\u0103\u201d - MHF Photography\",\"isPartOf\":{\"@id\":\"https:\/\/mhf.ro\/mm\/#website\"},\"primaryImageOfPage\":{\"@id\":\"https:\/\/mhf.ro\/mm\/ministrul-educatiei-si-cercetarii-monica-cristina-anisie-strategia-pentru-digitalizarea-educatiei-din-romania-trebuie-sa-devina-un-proiect-de-tara\/#primaryimage\"},\"image\":{\"@id\":\"https:\/\/mhf.ro\/mm\/ministrul-educatiei-si-cercetarii-monica-cristina-anisie-strategia-pentru-digitalizarea-educatiei-din-romania-trebuie-sa-devina-un-proiect-de-tara\/#primaryimage\"},\"thumbnailUrl\":\"https:\/\/mhf.ro\/mm\/wp-content\/uploads\/2020\/11\/digitalizare.jpg\",\"datePublished\":\"2020-11-21T21:51:53+00:00\",\"breadcrumb\":{\"@id\":\"https:\/\/mhf.ro\/mm\/ministrul-educatiei-si-cercetarii-monica-cristina-anisie-strategia-pentru-digitalizarea-educatiei-din-romania-trebuie-sa-devina-un-proiect-de-tara\/#breadcrumb\"},\"inLanguage\":\"ro-RO\",\"potentialAction\":[{\"@type\":\"ReadAction\",\"target\":[\"https:\/\/mhf.ro\/mm\/ministrul-educatiei-si-cercetarii-monica-cristina-anisie-strategia-pentru-digitalizarea-educatiei-din-romania-trebuie-sa-devina-un-proiect-de-tara\/\"]}]},{\"@type\":\"ImageObject\",\"inLanguage\":\"ro-RO\",\"@id\":\"https:\/\/mhf.ro\/mm\/ministrul-educatiei-si-cercetarii-monica-cristina-anisie-strategia-pentru-digitalizarea-educatiei-din-romania-trebuie-sa-devina-un-proiect-de-tara\/#primaryimage\",\"url\":\"https:\/\/mhf.ro\/mm\/wp-content\/uploads\/2020\/11\/digitalizare.jpg\",\"contentUrl\":\"https:\/\/mhf.ro\/mm\/wp-content\/uploads\/2020\/11\/digitalizare.jpg\",\"width\":1280,\"height\":853},{\"@type\":\"BreadcrumbList\",\"@id\":\"https:\/\/mhf.ro\/mm\/ministrul-educatiei-si-cercetarii-monica-cristina-anisie-strategia-pentru-digitalizarea-educatiei-din-romania-trebuie-sa-devina-un-proiect-de-tara\/#breadcrumb\",\"itemListElement\":[{\"@type\":\"ListItem\",\"position\":1,\"name\":\"Prima pagin\u0103\",\"item\":\"https:\/\/mhf.ro\/mm\/\"},{\"@type\":\"ListItem\",\"position\":2,\"name\":\"Ministrul educa\u021biei \u0219i cercet\u0103rii, Monica Cristina Anisie: \u201eStrategia pentru digitalizarea Educa\u021biei din Rom\u00e2nia trebuie s\u0103 devin\u0103 un proiect de \u021bar\u0103\u201d\"}]},{\"@type\":\"WebSite\",\"@id\":\"https:\/\/mhf.ro\/mm\/#website\",\"url\":\"https:\/\/mhf.ro\/mm\/\",\"name\":\"MHF Photography \u2013 Blog de fotografie, natur\u0103 \u0219i tehnic\u0103 divers\u0103\",\"description\":\"Aventur\u0103 \u00een fiecare cadru.\",\"publisher\":{\"@id\":\"https:\/\/mhf.ro\/mm\/#\/schema\/person\/a3bebf7bdb4bf12f698aff73c7e46c21\"},\"potentialAction\":[{\"@type\":\"SearchAction\",\"target\":{\"@type\":\"EntryPoint\",\"urlTemplate\":\"https:\/\/mhf.ro\/mm\/?s={search_term_string}\"},\"query-input\":{\"@type\":\"PropertyValueSpecification\",\"valueRequired\":true,\"valueName\":\"search_term_string\"}}],\"inLanguage\":\"ro-RO\"},{\"@type\":[\"Person\",\"Organization\"],\"@id\":\"https:\/\/mhf.ro\/mm\/#\/schema\/person\/a3bebf7bdb4bf12f698aff73c7e46c21\",\"name\":\"Marius Marcu\",\"image\":{\"@type\":\"ImageObject\",\"inLanguage\":\"ro-RO\",\"@id\":\"https:\/\/mhf.ro\/mm\/#\/schema\/person\/image\/\",\"url\":\"https:\/\/mhf.ro\/mm\/wp-content\/uploads\/2025\/12\/cropped-logo_mhf_2.png\",\"contentUrl\":\"https:\/\/mhf.ro\/mm\/wp-content\/uploads\/2025\/12\/cropped-logo_mhf_2.png\",\"width\":1096,\"height\":457,\"caption\":\"Marius Marcu\"},\"logo\":{\"@id\":\"https:\/\/mhf.ro\/mm\/#\/schema\/person\/image\/\"},\"sameAs\":[\"https:\/\/mhf.ro\/mm\"],\"url\":\"https:\/\/mhf.ro\/mm\/author\/mihai\/\"}]}<\/script>\n<!-- \/ Yoast SEO plugin. -->","yoast_head_json":{"title":"Ministrul educa\u021biei \u0219i cercet\u0103rii, Monica Cristina Anisie: \u201eStrategia pentru digitalizarea Educa\u021biei din Rom\u00e2nia trebuie s\u0103 devin\u0103 un proiect de \u021bar\u0103\u201d - MHF Photography","robots":{"index":"index","follow":"follow","max-snippet":"max-snippet:-1","max-image-preview":"max-image-preview:large","max-video-preview":"max-video-preview:-1"},"canonical":"https:\/\/mhf.ro\/mm\/ministrul-educatiei-si-cercetarii-monica-cristina-anisie-strategia-pentru-digitalizarea-educatiei-din-romania-trebuie-sa-devina-un-proiect-de-tara\/","og_locale":"ro_RO","og_type":"article","og_title":"Ministrul educa\u021biei \u0219i cercet\u0103rii, Monica Cristina Anisie: \u201eStrategia pentru digitalizarea Educa\u021biei din Rom\u00e2nia trebuie s\u0103 devin\u0103 un proiect de \u021bar\u0103\u201d - MHF Photography","og_description":"Ministerul Educa\u021biei \u0219i Cercet\u0103rii propune o list\u0103 cu 5 obiective, imperativ a fi realizate \u00een urm\u0103torii ani \u00een ceea ce","og_url":"https:\/\/mhf.ro\/mm\/ministrul-educatiei-si-cercetarii-monica-cristina-anisie-strategia-pentru-digitalizarea-educatiei-din-romania-trebuie-sa-devina-un-proiect-de-tara\/","og_site_name":"MHF Photography","article_published_time":"2020-11-21T21:51:53+00:00","og_image":[{"width":1280,"height":853,"url":"https:\/\/mhf.ro\/mm\/wp-content\/uploads\/2020\/11\/digitalizare.jpg","type":"image\/jpeg"}],"author":"Marius Marcu","twitter_card":"summary_large_image","twitter_misc":{"Scris de":"Marius Marcu","Timp estimat pentru citire":"3 minute"},"schema":{"@context":"https:\/\/schema.org","@graph":[{"@type":"Article","@id":"https:\/\/mhf.ro\/mm\/ministrul-educatiei-si-cercetarii-monica-cristina-anisie-strategia-pentru-digitalizarea-educatiei-din-romania-trebuie-sa-devina-un-proiect-de-tara\/#article","isPartOf":{"@id":"https:\/\/mhf.ro\/mm\/ministrul-educatiei-si-cercetarii-monica-cristina-anisie-strategia-pentru-digitalizarea-educatiei-din-romania-trebuie-sa-devina-un-proiect-de-tara\/"},"author":{"name":"Marius Marcu","@id":"https:\/\/mhf.ro\/mm\/#\/schema\/person\/a3bebf7bdb4bf12f698aff73c7e46c21"},"headline":"Ministrul educa\u021biei \u0219i cercet\u0103rii, Monica Cristina Anisie: \u201eStrategia pentru digitalizarea Educa\u021biei din Rom\u00e2nia trebuie s\u0103 devin\u0103 un proiect de \u021bar\u0103\u201d","datePublished":"2020-11-21T21:51:53+00:00","mainEntityOfPage":{"@id":"https:\/\/mhf.ro\/mm\/ministrul-educatiei-si-cercetarii-monica-cristina-anisie-strategia-pentru-digitalizarea-educatiei-din-romania-trebuie-sa-devina-un-proiect-de-tara\/"},"wordCount":718,"commentCount":0,"publisher":{"@id":"https:\/\/mhf.ro\/mm\/#\/schema\/person\/a3bebf7bdb4bf12f698aff73c7e46c21"},"image":{"@id":"https:\/\/mhf.ro\/mm\/ministrul-educatiei-si-cercetarii-monica-cristina-anisie-strategia-pentru-digitalizarea-educatiei-din-romania-trebuie-sa-devina-un-proiect-de-tara\/#primaryimage"},"thumbnailUrl":"https:\/\/mhf.ro\/mm\/wp-content\/uploads\/2020\/11\/digitalizare.jpg","articleSection":["Comunicate","Locale"],"inLanguage":"ro-RO","potentialAction":[{"@type":"CommentAction","name":"Comment","target":["https:\/\/mhf.ro\/mm\/ministrul-educatiei-si-cercetarii-monica-cristina-anisie-strategia-pentru-digitalizarea-educatiei-din-romania-trebuie-sa-devina-un-proiect-de-tara\/#respond"]}]},{"@type":"WebPage","@id":"https:\/\/mhf.ro\/mm\/ministrul-educatiei-si-cercetarii-monica-cristina-anisie-strategia-pentru-digitalizarea-educatiei-din-romania-trebuie-sa-devina-un-proiect-de-tara\/","url":"https:\/\/mhf.ro\/mm\/ministrul-educatiei-si-cercetarii-monica-cristina-anisie-strategia-pentru-digitalizarea-educatiei-din-romania-trebuie-sa-devina-un-proiect-de-tara\/","name":"Ministrul educa\u021biei \u0219i cercet\u0103rii, Monica Cristina Anisie: \u201eStrategia pentru digitalizarea Educa\u021biei din Rom\u00e2nia trebuie s\u0103 devin\u0103 un proiect de \u021bar\u0103\u201d - MHF Photography","isPartOf":{"@id":"https:\/\/mhf.ro\/mm\/#website"},"primaryImageOfPage":{"@id":"https:\/\/mhf.ro\/mm\/ministrul-educatiei-si-cercetarii-monica-cristina-anisie-strategia-pentru-digitalizarea-educatiei-din-romania-trebuie-sa-devina-un-proiect-de-tara\/#primaryimage"},"image":{"@id":"https:\/\/mhf.ro\/mm\/ministrul-educatiei-si-cercetarii-monica-cristina-anisie-strategia-pentru-digitalizarea-educatiei-din-romania-trebuie-sa-devina-un-proiect-de-tara\/#primaryimage"},"thumbnailUrl":"https:\/\/mhf.ro\/mm\/wp-content\/uploads\/2020\/11\/digitalizare.jpg","datePublished":"2020-11-21T21:51:53+00:00","breadcrumb":{"@id":"https:\/\/mhf.ro\/mm\/ministrul-educatiei-si-cercetarii-monica-cristina-anisie-strategia-pentru-digitalizarea-educatiei-din-romania-trebuie-sa-devina-un-proiect-de-tara\/#breadcrumb"},"inLanguage":"ro-RO","potentialAction":[{"@type":"ReadAction","target":["https:\/\/mhf.ro\/mm\/ministrul-educatiei-si-cercetarii-monica-cristina-anisie-strategia-pentru-digitalizarea-educatiei-din-romania-trebuie-sa-devina-un-proiect-de-tara\/"]}]},{"@type":"ImageObject","inLanguage":"ro-RO","@id":"https:\/\/mhf.ro\/mm\/ministrul-educatiei-si-cercetarii-monica-cristina-anisie-strategia-pentru-digitalizarea-educatiei-din-romania-trebuie-sa-devina-un-proiect-de-tara\/#primaryimage","url":"https:\/\/mhf.ro\/mm\/wp-content\/uploads\/2020\/11\/digitalizare.jpg","contentUrl":"https:\/\/mhf.ro\/mm\/wp-content\/uploads\/2020\/11\/digitalizare.jpg","width":1280,"height":853},{"@type":"BreadcrumbList","@id":"https:\/\/mhf.ro\/mm\/ministrul-educatiei-si-cercetarii-monica-cristina-anisie-strategia-pentru-digitalizarea-educatiei-din-romania-trebuie-sa-devina-un-proiect-de-tara\/#breadcrumb","itemListElement":[{"@type":"ListItem","position":1,"name":"Prima pagin\u0103","item":"https:\/\/mhf.ro\/mm\/"},{"@type":"ListItem","position":2,"name":"Ministrul educa\u021biei \u0219i cercet\u0103rii, Monica Cristina Anisie: \u201eStrategia pentru digitalizarea Educa\u021biei din Rom\u00e2nia trebuie s\u0103 devin\u0103 un proiect de \u021bar\u0103\u201d"}]},{"@type":"WebSite","@id":"https:\/\/mhf.ro\/mm\/#website","url":"https:\/\/mhf.ro\/mm\/","name":"MHF Photography \u2013 Blog de fotografie, natur\u0103 \u0219i tehnic\u0103 divers\u0103","description":"Aventur\u0103 \u00een fiecare cadru.","publisher":{"@id":"https:\/\/mhf.ro\/mm\/#\/schema\/person\/a3bebf7bdb4bf12f698aff73c7e46c21"},"potentialAction":[{"@type":"SearchAction","target":{"@type":"EntryPoint","urlTemplate":"https:\/\/mhf.ro\/mm\/?s={search_term_string}"},"query-input":{"@type":"PropertyValueSpecification","valueRequired":true,"valueName":"search_term_string"}}],"inLanguage":"ro-RO"},{"@type":["Person","Organization"],"@id":"https:\/\/mhf.ro\/mm\/#\/schema\/person\/a3bebf7bdb4bf12f698aff73c7e46c21","name":"Marius Marcu","image":{"@type":"ImageObject","inLanguage":"ro-RO","@id":"https:\/\/mhf.ro\/mm\/#\/schema\/person\/image\/","url":"https:\/\/mhf.ro\/mm\/wp-content\/uploads\/2025\/12\/cropped-logo_mhf_2.png","contentUrl":"https:\/\/mhf.ro\/mm\/wp-content\/uploads\/2025\/12\/cropped-logo_mhf_2.png","width":1096,"height":457,"caption":"Marius Marcu"},"logo":{"@id":"https:\/\/mhf.ro\/mm\/#\/schema\/person\/image\/"},"sameAs":["https:\/\/mhf.ro\/mm"],"url":"https:\/\/mhf.ro\/mm\/author\/mihai\/"}]}},"_links":{"self":[{"href":"https:\/\/mhf.ro\/mm\/wp-json\/wp\/v2\/posts\/2733","targetHints":{"allow":["GET"]}}],"collection":[{"href":"https:\/\/mhf.ro\/mm\/wp-json\/wp\/v2\/posts"}],"about":[{"href":"https:\/\/mhf.ro\/mm\/wp-json\/wp\/v2\/types\/post"}],"author":[{"embeddable":true,"href":"https:\/\/mhf.ro\/mm\/wp-json\/wp\/v2\/users\/1"}],"replies":[{"embeddable":true,"href":"https:\/\/mhf.ro\/mm\/wp-json\/wp\/v2\/comments?post=2733"}],"version-history":[{"count":1,"href":"https:\/\/mhf.ro\/mm\/wp-json\/wp\/v2\/posts\/2733\/revisions"}],"predecessor-version":[{"id":2735,"href":"https:\/\/mhf.ro\/mm\/wp-json\/wp\/v2\/posts\/2733\/revisions\/2735"}],"wp:featuredmedia":[{"embeddable":true,"href":"https:\/\/mhf.ro\/mm\/wp-json\/wp\/v2\/media\/2734"}],"wp:attachment":[{"href":"https:\/\/mhf.ro\/mm\/wp-json\/wp\/v2\/media?parent=2733"}],"wp:term":[{"taxonomy":"category","embeddable":true,"href":"https:\/\/mhf.ro\/mm\/wp-json\/wp\/v2\/categories?post=2733"},{"taxonomy":"post_tag","embeddable":true,"href":"https:\/\/mhf.ro\/mm\/wp-json\/wp\/v2\/tags?post=2733"}],"curies":[{"name":"wp","href":"https:\/\/api.w.org\/{rel}","templated":true}]}}