{"id":2751,"date":"2020-11-24T11:07:27","date_gmt":"2020-11-24T09:07:27","guid":{"rendered":"https:\/\/mhf.ro\/mm\/?p=2751"},"modified":"2020-11-24T11:07:27","modified_gmt":"2020-11-24T09:07:27","slug":"monica-cristina-anisie-a-vizitat-institutul-de-cercetare-in-transporturi-incertrans","status":"publish","type":"post","link":"https:\/\/mhf.ro\/mm\/monica-cristina-anisie-a-vizitat-institutul-de-cercetare-in-transporturi-incertrans\/","title":{"rendered":"Monica Cristina Anisie a vizitat Institutul de Cercetare \u00een Transporturi INCERTRANS"},"content":{"rendered":"<div class=\"field field-name-body field-type-text-with-summary field-label-hidden\">\n<div class=\"field-items\">\n<div class=\"field-item even\">\n<p class=\"rtejustify\">Monica Cristina Anisie, ministrul educa\u021biei \u0219i cercet\u0103rii, a continuat ast\u0103zi seria vizitelor privind promovarea cercet\u0103rii rom\u00e2ne\u0219ti la Institutul de Cercetare \u00een Transporturi INCERTRANS.<\/p>\n<p class=\"rtejustify\">\u00cen cadrul acestei vizite, au fost prezentate produse ale cercet\u0103rii rom\u00e2ne\u0219ti, multe dintre solu\u021bii fiind eficiente \u00een actualul context epidemiologic.<\/p>\n<p class=\"rtejustify\">Un exemplu elocvent \u00eel reprezint\u0103 <strong>aparatul Aether cu lampa UV-C<\/strong>, cu eliberare de ozon, concept 100% rom\u00e2nesc dezvoltat de institut, ce ofer\u0103 o solu\u021bie simpl\u0103 \u0219i dinamic\u0103 pentru problema dezinfec\u021biei \u00eenc\u0103perilor \u00een spa\u021bii publice \u0219i private. Laboratorul Institutului de Diagnostic \u0219i S\u0103n\u0103tate a demonstrat eficien\u021ba elimin\u0103rii virusului SARS-CoV-2, dup\u0103 minimum 15 minute cu aparatul AETHER, testat \u201ein vitro\u201d pe culturi de COVID-19.\u00a0Conform Raportului de cercetare, Lampa UV-C AETHER de 38W dezinfecteaz\u0103 \u0219i sterilizeaz\u0103 aerul \u0219i suprafe\u021bele din \u00eenc\u0103peri prin intermediul radia\u021biei ultraviolete. Aceasta folose\u0219te un tub de tip Quartz UV-C, cu o lungime de und\u0103 de 253,5 nm \u0219i cu emisie de ozon. Difuzarea ozonului \u00een aer ofer\u0103 avantajul dispers\u0103rii \u00een toat\u0103 \u00eenc\u0103perea, av\u00e2nd inclusiv capacitatea de a dezinfecta suprafe\u021be complexe umbrite (\u021bes\u0103turi, filtre, obiecte vestimentare etc). Aparatul AETHER cu lampa UV-C sterilizeaz\u0103 \u0219i elimin\u0103 COVID-19 \u0219i, totodat\u0103, elimin\u0103 \u00een propor\u021bie de 99,9% agen\u021bii patogeni bacterieni,\u00a0stafilococi, salmonella \u0219i acarieni.<\/p>\n<p class=\"rtejustify\"><strong>Nebulizatorul KOX MK5<\/strong> a fost un alt aparat prezentat \u00een cadrul vizitei de ast\u0103zi la INCERTRANS. Acesta este un echipament utilizat \u00een procesul de dezinfec\u021bie a spa\u021biilor \u00eenchise, ce\u00a0 execut\u0103 dezinfec\u021bia prin nebulizare (cea\u021b\u0103 rece), utiliz\u00e2nd produse biocide avizate de Comisia Na\u021bional\u0103 pentru Produse Biocide din Ministerul S\u0103n\u0103t\u0103\u021bii. Dispozitivul este dotat cu sistem de control electronic compus din dou\u0103 module (care asigur\u0103 controlul calit\u0103\u021bii de lichid) \u0219i o interfa\u021b\u0103 dotat\u0103 cu ecran led \u00een care utilizatorul poate seta parametrii de func\u021bionare ai aparatului.<\/p>\n<p class=\"rtejustify\">Un alt rezultat notabil ob\u021binut de cercet\u0103torii INCERTRANS este <strong>vopseaua antibacterian\u0103 fotocatalitic\u0103 allina<\/strong>.<\/p>\n<p class=\"rtejustify\">\u201e<strong>Dac\u0103 ne dorim ca domeniul Cercetare-Dezvoltare-Inovare din Rom\u00e2nia s\u0103 exceleze, trebuie s\u0103 sprijinim oamenii cei mai buni \u0219i s\u0103 asigur\u0103m o finan\u021bare corespunz\u0103toare, care s\u0103 le faciliteze activitatea de cercetare<\/strong>\u201d, a declarat Monica Cristina Anisie.<\/p>\n<p class=\"rtejustify\">Pentru a avea o imagine c\u00e2t mai relevant\u0103 asupra sectorului na\u021bional CDI, \u00een agenda ministrului Educa\u021biei \u0219i Cercet\u0103rii figureaz\u0103, \u00een perioada urm\u0103toare, o serie de \u00eent\u00e2lniri cu\u00a0 echipele de cercetare din institutele rom\u00e2ne\u0219ti.<\/p>\n<\/div>\n<\/div>\n<\/div>\n","protected":false},"excerpt":{"rendered":"<p>Monica Cristina Anisie, ministrul educa\u021biei \u0219i cercet\u0103rii, a continuat ast\u0103zi seria vizitelor privind promovarea cercet\u0103rii rom\u00e2ne\u0219ti la Institutul de Cercetare<\/p>\n","protected":false},"author":1,"featured_media":1776,"comment_status":"open","ping_status":"open","sticky":false,"template":"","format":"standard","meta":{"colormag_page_container_layout":"default_layout","colormag_page_sidebar_layout":"default_layout","footnotes":""},"categories":[32,8],"tags":[],"class_list":["post-2751","post","type-post","status-publish","format-standard","has-post-thumbnail","hentry","category-comunicate","category-div"],"yoast_head":"<!-- This site is optimized with the Yoast SEO plugin v27.0 - https:\/\/yoast.com\/product\/yoast-seo-wordpress\/ -->\n<title>Monica Cristina Anisie a vizitat Institutul de Cercetare \u00een Transporturi INCERTRANS - MHF Photography<\/title>\n<meta name=\"robots\" content=\"index, follow, max-snippet:-1, max-image-preview:large, max-video-preview:-1\" \/>\n<link rel=\"canonical\" href=\"https:\/\/mhf.ro\/mm\/monica-cristina-anisie-a-vizitat-institutul-de-cercetare-in-transporturi-incertrans\/\" \/>\n<meta property=\"og:locale\" content=\"ro_RO\" \/>\n<meta property=\"og:type\" content=\"article\" \/>\n<meta property=\"og:title\" content=\"Monica Cristina Anisie a vizitat Institutul de Cercetare \u00een Transporturi INCERTRANS - MHF Photography\" \/>\n<meta property=\"og:description\" content=\"Monica Cristina Anisie, ministrul educa\u021biei \u0219i cercet\u0103rii, a continuat ast\u0103zi seria vizitelor privind promovarea cercet\u0103rii rom\u00e2ne\u0219ti la Institutul de Cercetare\" \/>\n<meta property=\"og:url\" content=\"https:\/\/mhf.ro\/mm\/monica-cristina-anisie-a-vizitat-institutul-de-cercetare-in-transporturi-incertrans\/\" \/>\n<meta property=\"og:site_name\" content=\"MHF Photography\" \/>\n<meta property=\"article:published_time\" content=\"2020-11-24T09:07:27+00:00\" \/>\n<meta property=\"og:image\" content=\"https:\/\/mhf.ro\/mm\/wp-content\/uploads\/2020\/05\/coronaviru.jpg\" \/>\n\t<meta property=\"og:image:width\" content=\"1280\" \/>\n\t<meta property=\"og:image:height\" content=\"726\" \/>\n\t<meta property=\"og:image:type\" content=\"image\/jpeg\" \/>\n<meta name=\"author\" content=\"Marius Marcu\" \/>\n<meta name=\"twitter:card\" content=\"summary_large_image\" \/>\n<meta name=\"twitter:label1\" content=\"Scris de\" \/>\n\t<meta name=\"twitter:data1\" content=\"Marius Marcu\" \/>\n\t<meta name=\"twitter:label2\" content=\"Timp estimat pentru citire\" \/>\n\t<meta name=\"twitter:data2\" content=\"2 minute\" \/>\n<script type=\"application\/ld+json\" class=\"yoast-schema-graph\">{\"@context\":\"https:\/\/schema.org\",\"@graph\":[{\"@type\":\"Article\",\"@id\":\"https:\/\/mhf.ro\/mm\/monica-cristina-anisie-a-vizitat-institutul-de-cercetare-in-transporturi-incertrans\/#article\",\"isPartOf\":{\"@id\":\"https:\/\/mhf.ro\/mm\/monica-cristina-anisie-a-vizitat-institutul-de-cercetare-in-transporturi-incertrans\/\"},\"author\":{\"name\":\"Marius Marcu\",\"@id\":\"https:\/\/mhf.ro\/mm\/#\/schema\/person\/a3bebf7bdb4bf12f698aff73c7e46c21\"},\"headline\":\"Monica Cristina Anisie a vizitat Institutul de Cercetare \u00een Transporturi INCERTRANS\",\"datePublished\":\"2020-11-24T09:07:27+00:00\",\"mainEntityOfPage\":{\"@id\":\"https:\/\/mhf.ro\/mm\/monica-cristina-anisie-a-vizitat-institutul-de-cercetare-in-transporturi-incertrans\/\"},\"wordCount\":420,\"commentCount\":0,\"publisher\":{\"@id\":\"https:\/\/mhf.ro\/mm\/#\/schema\/person\/a3bebf7bdb4bf12f698aff73c7e46c21\"},\"image\":{\"@id\":\"https:\/\/mhf.ro\/mm\/monica-cristina-anisie-a-vizitat-institutul-de-cercetare-in-transporturi-incertrans\/#primaryimage\"},\"thumbnailUrl\":\"https:\/\/mhf.ro\/mm\/wp-content\/uploads\/2020\/05\/coronaviru.jpg\",\"articleSection\":[\"Comunicate\",\"Diverse\"],\"inLanguage\":\"ro-RO\",\"potentialAction\":[{\"@type\":\"CommentAction\",\"name\":\"Comment\",\"target\":[\"https:\/\/mhf.ro\/mm\/monica-cristina-anisie-a-vizitat-institutul-de-cercetare-in-transporturi-incertrans\/#respond\"]}]},{\"@type\":\"WebPage\",\"@id\":\"https:\/\/mhf.ro\/mm\/monica-cristina-anisie-a-vizitat-institutul-de-cercetare-in-transporturi-incertrans\/\",\"url\":\"https:\/\/mhf.ro\/mm\/monica-cristina-anisie-a-vizitat-institutul-de-cercetare-in-transporturi-incertrans\/\",\"name\":\"Monica Cristina Anisie a vizitat Institutul de Cercetare \u00een Transporturi INCERTRANS - MHF Photography\",\"isPartOf\":{\"@id\":\"https:\/\/mhf.ro\/mm\/#website\"},\"primaryImageOfPage\":{\"@id\":\"https:\/\/mhf.ro\/mm\/monica-cristina-anisie-a-vizitat-institutul-de-cercetare-in-transporturi-incertrans\/#primaryimage\"},\"image\":{\"@id\":\"https:\/\/mhf.ro\/mm\/monica-cristina-anisie-a-vizitat-institutul-de-cercetare-in-transporturi-incertrans\/#primaryimage\"},\"thumbnailUrl\":\"https:\/\/mhf.ro\/mm\/wp-content\/uploads\/2020\/05\/coronaviru.jpg\",\"datePublished\":\"2020-11-24T09:07:27+00:00\",\"breadcrumb\":{\"@id\":\"https:\/\/mhf.ro\/mm\/monica-cristina-anisie-a-vizitat-institutul-de-cercetare-in-transporturi-incertrans\/#breadcrumb\"},\"inLanguage\":\"ro-RO\",\"potentialAction\":[{\"@type\":\"ReadAction\",\"target\":[\"https:\/\/mhf.ro\/mm\/monica-cristina-anisie-a-vizitat-institutul-de-cercetare-in-transporturi-incertrans\/\"]}]},{\"@type\":\"ImageObject\",\"inLanguage\":\"ro-RO\",\"@id\":\"https:\/\/mhf.ro\/mm\/monica-cristina-anisie-a-vizitat-institutul-de-cercetare-in-transporturi-incertrans\/#primaryimage\",\"url\":\"https:\/\/mhf.ro\/mm\/wp-content\/uploads\/2020\/05\/coronaviru.jpg\",\"contentUrl\":\"https:\/\/mhf.ro\/mm\/wp-content\/uploads\/2020\/05\/coronaviru.jpg\",\"width\":1280,\"height\":726},{\"@type\":\"BreadcrumbList\",\"@id\":\"https:\/\/mhf.ro\/mm\/monica-cristina-anisie-a-vizitat-institutul-de-cercetare-in-transporturi-incertrans\/#breadcrumb\",\"itemListElement\":[{\"@type\":\"ListItem\",\"position\":1,\"name\":\"Prima pagin\u0103\",\"item\":\"https:\/\/mhf.ro\/mm\/\"},{\"@type\":\"ListItem\",\"position\":2,\"name\":\"Monica Cristina Anisie a vizitat Institutul de Cercetare \u00een Transporturi INCERTRANS\"}]},{\"@type\":\"WebSite\",\"@id\":\"https:\/\/mhf.ro\/mm\/#website\",\"url\":\"https:\/\/mhf.ro\/mm\/\",\"name\":\"MHF Photography \u2013 Blog de fotografie, natur\u0103 \u0219i tehnic\u0103 divers\u0103\",\"description\":\"Aventur\u0103 \u00een fiecare cadru.\",\"publisher\":{\"@id\":\"https:\/\/mhf.ro\/mm\/#\/schema\/person\/a3bebf7bdb4bf12f698aff73c7e46c21\"},\"potentialAction\":[{\"@type\":\"SearchAction\",\"target\":{\"@type\":\"EntryPoint\",\"urlTemplate\":\"https:\/\/mhf.ro\/mm\/?s={search_term_string}\"},\"query-input\":{\"@type\":\"PropertyValueSpecification\",\"valueRequired\":true,\"valueName\":\"search_term_string\"}}],\"inLanguage\":\"ro-RO\"},{\"@type\":[\"Person\",\"Organization\"],\"@id\":\"https:\/\/mhf.ro\/mm\/#\/schema\/person\/a3bebf7bdb4bf12f698aff73c7e46c21\",\"name\":\"Marius Marcu\",\"image\":{\"@type\":\"ImageObject\",\"inLanguage\":\"ro-RO\",\"@id\":\"https:\/\/mhf.ro\/mm\/#\/schema\/person\/image\/\",\"url\":\"https:\/\/mhf.ro\/mm\/wp-content\/uploads\/2025\/12\/cropped-logo_mhf_2.png\",\"contentUrl\":\"https:\/\/mhf.ro\/mm\/wp-content\/uploads\/2025\/12\/cropped-logo_mhf_2.png\",\"width\":1096,\"height\":457,\"caption\":\"Marius Marcu\"},\"logo\":{\"@id\":\"https:\/\/mhf.ro\/mm\/#\/schema\/person\/image\/\"},\"sameAs\":[\"https:\/\/mhf.ro\/mm\"],\"url\":\"https:\/\/mhf.ro\/mm\/author\/mihai\/\"}]}<\/script>\n<!-- \/ Yoast SEO plugin. -->","yoast_head_json":{"title":"Monica Cristina Anisie a vizitat Institutul de Cercetare \u00een Transporturi INCERTRANS - MHF Photography","robots":{"index":"index","follow":"follow","max-snippet":"max-snippet:-1","max-image-preview":"max-image-preview:large","max-video-preview":"max-video-preview:-1"},"canonical":"https:\/\/mhf.ro\/mm\/monica-cristina-anisie-a-vizitat-institutul-de-cercetare-in-transporturi-incertrans\/","og_locale":"ro_RO","og_type":"article","og_title":"Monica Cristina Anisie a vizitat Institutul de Cercetare \u00een Transporturi INCERTRANS - MHF Photography","og_description":"Monica Cristina Anisie, ministrul educa\u021biei \u0219i cercet\u0103rii, a continuat ast\u0103zi seria vizitelor privind promovarea cercet\u0103rii rom\u00e2ne\u0219ti la Institutul de Cercetare","og_url":"https:\/\/mhf.ro\/mm\/monica-cristina-anisie-a-vizitat-institutul-de-cercetare-in-transporturi-incertrans\/","og_site_name":"MHF Photography","article_published_time":"2020-11-24T09:07:27+00:00","og_image":[{"width":1280,"height":726,"url":"https:\/\/mhf.ro\/mm\/wp-content\/uploads\/2020\/05\/coronaviru.jpg","type":"image\/jpeg"}],"author":"Marius Marcu","twitter_card":"summary_large_image","twitter_misc":{"Scris de":"Marius Marcu","Timp estimat pentru citire":"2 minute"},"schema":{"@context":"https:\/\/schema.org","@graph":[{"@type":"Article","@id":"https:\/\/mhf.ro\/mm\/monica-cristina-anisie-a-vizitat-institutul-de-cercetare-in-transporturi-incertrans\/#article","isPartOf":{"@id":"https:\/\/mhf.ro\/mm\/monica-cristina-anisie-a-vizitat-institutul-de-cercetare-in-transporturi-incertrans\/"},"author":{"name":"Marius Marcu","@id":"https:\/\/mhf.ro\/mm\/#\/schema\/person\/a3bebf7bdb4bf12f698aff73c7e46c21"},"headline":"Monica Cristina Anisie a vizitat Institutul de Cercetare \u00een Transporturi INCERTRANS","datePublished":"2020-11-24T09:07:27+00:00","mainEntityOfPage":{"@id":"https:\/\/mhf.ro\/mm\/monica-cristina-anisie-a-vizitat-institutul-de-cercetare-in-transporturi-incertrans\/"},"wordCount":420,"commentCount":0,"publisher":{"@id":"https:\/\/mhf.ro\/mm\/#\/schema\/person\/a3bebf7bdb4bf12f698aff73c7e46c21"},"image":{"@id":"https:\/\/mhf.ro\/mm\/monica-cristina-anisie-a-vizitat-institutul-de-cercetare-in-transporturi-incertrans\/#primaryimage"},"thumbnailUrl":"https:\/\/mhf.ro\/mm\/wp-content\/uploads\/2020\/05\/coronaviru.jpg","articleSection":["Comunicate","Diverse"],"inLanguage":"ro-RO","potentialAction":[{"@type":"CommentAction","name":"Comment","target":["https:\/\/mhf.ro\/mm\/monica-cristina-anisie-a-vizitat-institutul-de-cercetare-in-transporturi-incertrans\/#respond"]}]},{"@type":"WebPage","@id":"https:\/\/mhf.ro\/mm\/monica-cristina-anisie-a-vizitat-institutul-de-cercetare-in-transporturi-incertrans\/","url":"https:\/\/mhf.ro\/mm\/monica-cristina-anisie-a-vizitat-institutul-de-cercetare-in-transporturi-incertrans\/","name":"Monica Cristina Anisie a vizitat Institutul de Cercetare \u00een Transporturi INCERTRANS - MHF Photography","isPartOf":{"@id":"https:\/\/mhf.ro\/mm\/#website"},"primaryImageOfPage":{"@id":"https:\/\/mhf.ro\/mm\/monica-cristina-anisie-a-vizitat-institutul-de-cercetare-in-transporturi-incertrans\/#primaryimage"},"image":{"@id":"https:\/\/mhf.ro\/mm\/monica-cristina-anisie-a-vizitat-institutul-de-cercetare-in-transporturi-incertrans\/#primaryimage"},"thumbnailUrl":"https:\/\/mhf.ro\/mm\/wp-content\/uploads\/2020\/05\/coronaviru.jpg","datePublished":"2020-11-24T09:07:27+00:00","breadcrumb":{"@id":"https:\/\/mhf.ro\/mm\/monica-cristina-anisie-a-vizitat-institutul-de-cercetare-in-transporturi-incertrans\/#breadcrumb"},"inLanguage":"ro-RO","potentialAction":[{"@type":"ReadAction","target":["https:\/\/mhf.ro\/mm\/monica-cristina-anisie-a-vizitat-institutul-de-cercetare-in-transporturi-incertrans\/"]}]},{"@type":"ImageObject","inLanguage":"ro-RO","@id":"https:\/\/mhf.ro\/mm\/monica-cristina-anisie-a-vizitat-institutul-de-cercetare-in-transporturi-incertrans\/#primaryimage","url":"https:\/\/mhf.ro\/mm\/wp-content\/uploads\/2020\/05\/coronaviru.jpg","contentUrl":"https:\/\/mhf.ro\/mm\/wp-content\/uploads\/2020\/05\/coronaviru.jpg","width":1280,"height":726},{"@type":"BreadcrumbList","@id":"https:\/\/mhf.ro\/mm\/monica-cristina-anisie-a-vizitat-institutul-de-cercetare-in-transporturi-incertrans\/#breadcrumb","itemListElement":[{"@type":"ListItem","position":1,"name":"Prima pagin\u0103","item":"https:\/\/mhf.ro\/mm\/"},{"@type":"ListItem","position":2,"name":"Monica Cristina Anisie a vizitat Institutul de Cercetare \u00een Transporturi INCERTRANS"}]},{"@type":"WebSite","@id":"https:\/\/mhf.ro\/mm\/#website","url":"https:\/\/mhf.ro\/mm\/","name":"MHF Photography \u2013 Blog de fotografie, natur\u0103 \u0219i tehnic\u0103 divers\u0103","description":"Aventur\u0103 \u00een fiecare cadru.","publisher":{"@id":"https:\/\/mhf.ro\/mm\/#\/schema\/person\/a3bebf7bdb4bf12f698aff73c7e46c21"},"potentialAction":[{"@type":"SearchAction","target":{"@type":"EntryPoint","urlTemplate":"https:\/\/mhf.ro\/mm\/?s={search_term_string}"},"query-input":{"@type":"PropertyValueSpecification","valueRequired":true,"valueName":"search_term_string"}}],"inLanguage":"ro-RO"},{"@type":["Person","Organization"],"@id":"https:\/\/mhf.ro\/mm\/#\/schema\/person\/a3bebf7bdb4bf12f698aff73c7e46c21","name":"Marius Marcu","image":{"@type":"ImageObject","inLanguage":"ro-RO","@id":"https:\/\/mhf.ro\/mm\/#\/schema\/person\/image\/","url":"https:\/\/mhf.ro\/mm\/wp-content\/uploads\/2025\/12\/cropped-logo_mhf_2.png","contentUrl":"https:\/\/mhf.ro\/mm\/wp-content\/uploads\/2025\/12\/cropped-logo_mhf_2.png","width":1096,"height":457,"caption":"Marius Marcu"},"logo":{"@id":"https:\/\/mhf.ro\/mm\/#\/schema\/person\/image\/"},"sameAs":["https:\/\/mhf.ro\/mm"],"url":"https:\/\/mhf.ro\/mm\/author\/mihai\/"}]}},"_links":{"self":[{"href":"https:\/\/mhf.ro\/mm\/wp-json\/wp\/v2\/posts\/2751","targetHints":{"allow":["GET"]}}],"collection":[{"href":"https:\/\/mhf.ro\/mm\/wp-json\/wp\/v2\/posts"}],"about":[{"href":"https:\/\/mhf.ro\/mm\/wp-json\/wp\/v2\/types\/post"}],"author":[{"embeddable":true,"href":"https:\/\/mhf.ro\/mm\/wp-json\/wp\/v2\/users\/1"}],"replies":[{"embeddable":true,"href":"https:\/\/mhf.ro\/mm\/wp-json\/wp\/v2\/comments?post=2751"}],"version-history":[{"count":1,"href":"https:\/\/mhf.ro\/mm\/wp-json\/wp\/v2\/posts\/2751\/revisions"}],"predecessor-version":[{"id":2752,"href":"https:\/\/mhf.ro\/mm\/wp-json\/wp\/v2\/posts\/2751\/revisions\/2752"}],"wp:featuredmedia":[{"embeddable":true,"href":"https:\/\/mhf.ro\/mm\/wp-json\/wp\/v2\/media\/1776"}],"wp:attachment":[{"href":"https:\/\/mhf.ro\/mm\/wp-json\/wp\/v2\/media?parent=2751"}],"wp:term":[{"taxonomy":"category","embeddable":true,"href":"https:\/\/mhf.ro\/mm\/wp-json\/wp\/v2\/categories?post=2751"},{"taxonomy":"post_tag","embeddable":true,"href":"https:\/\/mhf.ro\/mm\/wp-json\/wp\/v2\/tags?post=2751"}],"curies":[{"name":"wp","href":"https:\/\/api.w.org\/{rel}","templated":true}]}}