{"id":2866,"date":"2020-12-06T23:07:02","date_gmt":"2020-12-06T21:07:02","guid":{"rendered":"https:\/\/mhf.ro\/mm\/?p=2866"},"modified":"2020-12-06T23:13:58","modified_gmt":"2020-12-06T21:13:58","slug":"patru-orase-de-pe-coasta-adriatica-a-croatiei-au-fost-afectate-de-furtuna","status":"publish","type":"post","link":"https:\/\/mhf.ro\/mm\/patru-orase-de-pe-coasta-adriatica-a-croatiei-au-fost-afectate-de-furtuna\/","title":{"rendered":"Patru ora\u015fe de pe coasta adriatic\u0103 a Croa\u0163iei au fost afectate de furtun\u0103"},"content":{"rendered":"<pre>   Furtuna de iarn\u0103 a lovit coasta adriatic\u0103 a Croa\u0163iei, 4 ora\u015fe au fost afectate. Ploaia toren\u0163ial\u0103 a influen\u0163at \r\ncre\u015fterea valurilor m\u0103rii p\u00e2n\u0103 la 6 metri. B\u0103rcile din docuri au fost \u00eenghi\u0163ite de furtun\u0103,iar transportul cu feribotul catre insule a fost \u00eentrerupt. \r\n   Mai multe ora\u015fe de pe malul m\u0103rii au fost inundate \u00een doar c\u00e2teva ore. Ploaia toren\u0163ial\u0103 a influen\u0163at cre\u015fterea valurilor m\u0103rii p\u00e2n\u0103 la 6 metri.(conf mediafax.ro)<\/pre>\n<pre id=\"line1\"><\/pre>\n","protected":false},"excerpt":{"rendered":"<p>Furtuna de iarn\u0103 a lovit coasta adriatic\u0103 a Croa\u0163iei, 4 ora\u015fe au fost afectate. Ploaia toren\u0163ial\u0103 a influen\u0163at cre\u015fterea valurilor<\/p>\n","protected":false},"author":1,"featured_media":2869,"comment_status":"open","ping_status":"open","sticky":false,"template":"","format":"standard","meta":{"colormag_page_container_layout":"default_layout","colormag_page_sidebar_layout":"default_layout","footnotes":""},"categories":[8],"tags":[],"class_list":["post-2866","post","type-post","status-publish","format-standard","has-post-thumbnail","hentry","category-div"],"yoast_head":"<!-- This site is optimized with the Yoast SEO plugin v27.0 - https:\/\/yoast.com\/product\/yoast-seo-wordpress\/ -->\n<title>Patru ora\u015fe de pe coasta adriatic\u0103 a Croa\u0163iei au fost afectate de furtun\u0103 - MHF Photography<\/title>\n<meta name=\"robots\" content=\"index, follow, max-snippet:-1, max-image-preview:large, max-video-preview:-1\" \/>\n<link rel=\"canonical\" href=\"https:\/\/mhf.ro\/mm\/patru-orase-de-pe-coasta-adriatica-a-croatiei-au-fost-afectate-de-furtuna\/\" \/>\n<meta property=\"og:locale\" content=\"ro_RO\" \/>\n<meta property=\"og:type\" content=\"article\" \/>\n<meta property=\"og:title\" content=\"Patru ora\u015fe de pe coasta adriatic\u0103 a Croa\u0163iei au fost afectate de furtun\u0103 - MHF Photography\" \/>\n<meta property=\"og:description\" content=\"Furtuna de iarn\u0103 a lovit coasta adriatic\u0103 a Croa\u0163iei, 4 ora\u015fe au fost afectate. Ploaia toren\u0163ial\u0103 a influen\u0163at cre\u015fterea valurilor\" \/>\n<meta property=\"og:url\" content=\"https:\/\/mhf.ro\/mm\/patru-orase-de-pe-coasta-adriatica-a-croatiei-au-fost-afectate-de-furtuna\/\" \/>\n<meta property=\"og:site_name\" content=\"MHF Photography\" \/>\n<meta property=\"article:published_time\" content=\"2020-12-06T21:07:02+00:00\" \/>\n<meta property=\"article:modified_time\" content=\"2020-12-06T21:13:58+00:00\" \/>\n<meta property=\"og:image\" content=\"https:\/\/mhf.ro\/mm\/wp-content\/uploads\/2020\/12\/Furtuna.jpg\" \/>\n\t<meta property=\"og:image:width\" content=\"1280\" \/>\n\t<meta property=\"og:image:height\" content=\"960\" \/>\n\t<meta property=\"og:image:type\" content=\"image\/jpeg\" \/>\n<meta name=\"author\" content=\"Marius Marcu\" \/>\n<meta name=\"twitter:card\" content=\"summary_large_image\" \/>\n<meta name=\"twitter:label1\" content=\"Scris de\" \/>\n\t<meta name=\"twitter:data1\" content=\"Marius Marcu\" \/>\n<script type=\"application\/ld+json\" class=\"yoast-schema-graph\">{\"@context\":\"https:\/\/schema.org\",\"@graph\":[{\"@type\":\"Article\",\"@id\":\"https:\/\/mhf.ro\/mm\/patru-orase-de-pe-coasta-adriatica-a-croatiei-au-fost-afectate-de-furtuna\/#article\",\"isPartOf\":{\"@id\":\"https:\/\/mhf.ro\/mm\/patru-orase-de-pe-coasta-adriatica-a-croatiei-au-fost-afectate-de-furtuna\/\"},\"author\":{\"name\":\"Marius Marcu\",\"@id\":\"https:\/\/mhf.ro\/mm\/#\/schema\/person\/a3bebf7bdb4bf12f698aff73c7e46c21\"},\"headline\":\"Patru ora\u015fe de pe coasta adriatic\u0103 a Croa\u0163iei au fost afectate de furtun\u0103\",\"datePublished\":\"2020-12-06T21:07:02+00:00\",\"dateModified\":\"2020-12-06T21:13:58+00:00\",\"mainEntityOfPage\":{\"@id\":\"https:\/\/mhf.ro\/mm\/patru-orase-de-pe-coasta-adriatica-a-croatiei-au-fost-afectate-de-furtuna\/\"},\"wordCount\":15,\"commentCount\":0,\"publisher\":{\"@id\":\"https:\/\/mhf.ro\/mm\/#\/schema\/person\/a3bebf7bdb4bf12f698aff73c7e46c21\"},\"image\":{\"@id\":\"https:\/\/mhf.ro\/mm\/patru-orase-de-pe-coasta-adriatica-a-croatiei-au-fost-afectate-de-furtuna\/#primaryimage\"},\"thumbnailUrl\":\"https:\/\/mhf.ro\/mm\/wp-content\/uploads\/2020\/12\/Furtuna.jpg\",\"articleSection\":[\"Diverse\"],\"inLanguage\":\"ro-RO\",\"potentialAction\":[{\"@type\":\"CommentAction\",\"name\":\"Comment\",\"target\":[\"https:\/\/mhf.ro\/mm\/patru-orase-de-pe-coasta-adriatica-a-croatiei-au-fost-afectate-de-furtuna\/#respond\"]}]},{\"@type\":\"WebPage\",\"@id\":\"https:\/\/mhf.ro\/mm\/patru-orase-de-pe-coasta-adriatica-a-croatiei-au-fost-afectate-de-furtuna\/\",\"url\":\"https:\/\/mhf.ro\/mm\/patru-orase-de-pe-coasta-adriatica-a-croatiei-au-fost-afectate-de-furtuna\/\",\"name\":\"Patru ora\u015fe de pe coasta adriatic\u0103 a Croa\u0163iei au fost afectate de furtun\u0103 - MHF Photography\",\"isPartOf\":{\"@id\":\"https:\/\/mhf.ro\/mm\/#website\"},\"primaryImageOfPage\":{\"@id\":\"https:\/\/mhf.ro\/mm\/patru-orase-de-pe-coasta-adriatica-a-croatiei-au-fost-afectate-de-furtuna\/#primaryimage\"},\"image\":{\"@id\":\"https:\/\/mhf.ro\/mm\/patru-orase-de-pe-coasta-adriatica-a-croatiei-au-fost-afectate-de-furtuna\/#primaryimage\"},\"thumbnailUrl\":\"https:\/\/mhf.ro\/mm\/wp-content\/uploads\/2020\/12\/Furtuna.jpg\",\"datePublished\":\"2020-12-06T21:07:02+00:00\",\"dateModified\":\"2020-12-06T21:13:58+00:00\",\"breadcrumb\":{\"@id\":\"https:\/\/mhf.ro\/mm\/patru-orase-de-pe-coasta-adriatica-a-croatiei-au-fost-afectate-de-furtuna\/#breadcrumb\"},\"inLanguage\":\"ro-RO\",\"potentialAction\":[{\"@type\":\"ReadAction\",\"target\":[\"https:\/\/mhf.ro\/mm\/patru-orase-de-pe-coasta-adriatica-a-croatiei-au-fost-afectate-de-furtuna\/\"]}]},{\"@type\":\"ImageObject\",\"inLanguage\":\"ro-RO\",\"@id\":\"https:\/\/mhf.ro\/mm\/patru-orase-de-pe-coasta-adriatica-a-croatiei-au-fost-afectate-de-furtuna\/#primaryimage\",\"url\":\"https:\/\/mhf.ro\/mm\/wp-content\/uploads\/2020\/12\/Furtuna.jpg\",\"contentUrl\":\"https:\/\/mhf.ro\/mm\/wp-content\/uploads\/2020\/12\/Furtuna.jpg\",\"width\":1280,\"height\":960},{\"@type\":\"BreadcrumbList\",\"@id\":\"https:\/\/mhf.ro\/mm\/patru-orase-de-pe-coasta-adriatica-a-croatiei-au-fost-afectate-de-furtuna\/#breadcrumb\",\"itemListElement\":[{\"@type\":\"ListItem\",\"position\":1,\"name\":\"Prima pagin\u0103\",\"item\":\"https:\/\/mhf.ro\/mm\/\"},{\"@type\":\"ListItem\",\"position\":2,\"name\":\"Patru ora\u015fe de pe coasta adriatic\u0103 a Croa\u0163iei au fost afectate de furtun\u0103\"}]},{\"@type\":\"WebSite\",\"@id\":\"https:\/\/mhf.ro\/mm\/#website\",\"url\":\"https:\/\/mhf.ro\/mm\/\",\"name\":\"MHF Photography \u2013 Blog de fotografie, natur\u0103 \u0219i tehnic\u0103 divers\u0103\",\"description\":\"Aventur\u0103 \u00een fiecare cadru.\",\"publisher\":{\"@id\":\"https:\/\/mhf.ro\/mm\/#\/schema\/person\/a3bebf7bdb4bf12f698aff73c7e46c21\"},\"potentialAction\":[{\"@type\":\"SearchAction\",\"target\":{\"@type\":\"EntryPoint\",\"urlTemplate\":\"https:\/\/mhf.ro\/mm\/?s={search_term_string}\"},\"query-input\":{\"@type\":\"PropertyValueSpecification\",\"valueRequired\":true,\"valueName\":\"search_term_string\"}}],\"inLanguage\":\"ro-RO\"},{\"@type\":[\"Person\",\"Organization\"],\"@id\":\"https:\/\/mhf.ro\/mm\/#\/schema\/person\/a3bebf7bdb4bf12f698aff73c7e46c21\",\"name\":\"Marius Marcu\",\"image\":{\"@type\":\"ImageObject\",\"inLanguage\":\"ro-RO\",\"@id\":\"https:\/\/mhf.ro\/mm\/#\/schema\/person\/image\/\",\"url\":\"https:\/\/mhf.ro\/mm\/wp-content\/uploads\/2025\/12\/cropped-logo_mhf_2.png\",\"contentUrl\":\"https:\/\/mhf.ro\/mm\/wp-content\/uploads\/2025\/12\/cropped-logo_mhf_2.png\",\"width\":1096,\"height\":457,\"caption\":\"Marius Marcu\"},\"logo\":{\"@id\":\"https:\/\/mhf.ro\/mm\/#\/schema\/person\/image\/\"},\"sameAs\":[\"https:\/\/mhf.ro\/mm\"],\"url\":\"https:\/\/mhf.ro\/mm\/author\/mihai\/\"}]}<\/script>\n<!-- \/ Yoast SEO plugin. -->","yoast_head_json":{"title":"Patru ora\u015fe de pe coasta adriatic\u0103 a Croa\u0163iei au fost afectate de furtun\u0103 - MHF Photography","robots":{"index":"index","follow":"follow","max-snippet":"max-snippet:-1","max-image-preview":"max-image-preview:large","max-video-preview":"max-video-preview:-1"},"canonical":"https:\/\/mhf.ro\/mm\/patru-orase-de-pe-coasta-adriatica-a-croatiei-au-fost-afectate-de-furtuna\/","og_locale":"ro_RO","og_type":"article","og_title":"Patru ora\u015fe de pe coasta adriatic\u0103 a Croa\u0163iei au fost afectate de furtun\u0103 - MHF Photography","og_description":"Furtuna de iarn\u0103 a lovit coasta adriatic\u0103 a Croa\u0163iei, 4 ora\u015fe au fost afectate. Ploaia toren\u0163ial\u0103 a influen\u0163at cre\u015fterea valurilor","og_url":"https:\/\/mhf.ro\/mm\/patru-orase-de-pe-coasta-adriatica-a-croatiei-au-fost-afectate-de-furtuna\/","og_site_name":"MHF Photography","article_published_time":"2020-12-06T21:07:02+00:00","article_modified_time":"2020-12-06T21:13:58+00:00","og_image":[{"width":1280,"height":960,"url":"https:\/\/mhf.ro\/mm\/wp-content\/uploads\/2020\/12\/Furtuna.jpg","type":"image\/jpeg"}],"author":"Marius Marcu","twitter_card":"summary_large_image","twitter_misc":{"Scris de":"Marius Marcu"},"schema":{"@context":"https:\/\/schema.org","@graph":[{"@type":"Article","@id":"https:\/\/mhf.ro\/mm\/patru-orase-de-pe-coasta-adriatica-a-croatiei-au-fost-afectate-de-furtuna\/#article","isPartOf":{"@id":"https:\/\/mhf.ro\/mm\/patru-orase-de-pe-coasta-adriatica-a-croatiei-au-fost-afectate-de-furtuna\/"},"author":{"name":"Marius Marcu","@id":"https:\/\/mhf.ro\/mm\/#\/schema\/person\/a3bebf7bdb4bf12f698aff73c7e46c21"},"headline":"Patru ora\u015fe de pe coasta adriatic\u0103 a Croa\u0163iei au fost afectate de furtun\u0103","datePublished":"2020-12-06T21:07:02+00:00","dateModified":"2020-12-06T21:13:58+00:00","mainEntityOfPage":{"@id":"https:\/\/mhf.ro\/mm\/patru-orase-de-pe-coasta-adriatica-a-croatiei-au-fost-afectate-de-furtuna\/"},"wordCount":15,"commentCount":0,"publisher":{"@id":"https:\/\/mhf.ro\/mm\/#\/schema\/person\/a3bebf7bdb4bf12f698aff73c7e46c21"},"image":{"@id":"https:\/\/mhf.ro\/mm\/patru-orase-de-pe-coasta-adriatica-a-croatiei-au-fost-afectate-de-furtuna\/#primaryimage"},"thumbnailUrl":"https:\/\/mhf.ro\/mm\/wp-content\/uploads\/2020\/12\/Furtuna.jpg","articleSection":["Diverse"],"inLanguage":"ro-RO","potentialAction":[{"@type":"CommentAction","name":"Comment","target":["https:\/\/mhf.ro\/mm\/patru-orase-de-pe-coasta-adriatica-a-croatiei-au-fost-afectate-de-furtuna\/#respond"]}]},{"@type":"WebPage","@id":"https:\/\/mhf.ro\/mm\/patru-orase-de-pe-coasta-adriatica-a-croatiei-au-fost-afectate-de-furtuna\/","url":"https:\/\/mhf.ro\/mm\/patru-orase-de-pe-coasta-adriatica-a-croatiei-au-fost-afectate-de-furtuna\/","name":"Patru ora\u015fe de pe coasta adriatic\u0103 a Croa\u0163iei au fost afectate de furtun\u0103 - MHF Photography","isPartOf":{"@id":"https:\/\/mhf.ro\/mm\/#website"},"primaryImageOfPage":{"@id":"https:\/\/mhf.ro\/mm\/patru-orase-de-pe-coasta-adriatica-a-croatiei-au-fost-afectate-de-furtuna\/#primaryimage"},"image":{"@id":"https:\/\/mhf.ro\/mm\/patru-orase-de-pe-coasta-adriatica-a-croatiei-au-fost-afectate-de-furtuna\/#primaryimage"},"thumbnailUrl":"https:\/\/mhf.ro\/mm\/wp-content\/uploads\/2020\/12\/Furtuna.jpg","datePublished":"2020-12-06T21:07:02+00:00","dateModified":"2020-12-06T21:13:58+00:00","breadcrumb":{"@id":"https:\/\/mhf.ro\/mm\/patru-orase-de-pe-coasta-adriatica-a-croatiei-au-fost-afectate-de-furtuna\/#breadcrumb"},"inLanguage":"ro-RO","potentialAction":[{"@type":"ReadAction","target":["https:\/\/mhf.ro\/mm\/patru-orase-de-pe-coasta-adriatica-a-croatiei-au-fost-afectate-de-furtuna\/"]}]},{"@type":"ImageObject","inLanguage":"ro-RO","@id":"https:\/\/mhf.ro\/mm\/patru-orase-de-pe-coasta-adriatica-a-croatiei-au-fost-afectate-de-furtuna\/#primaryimage","url":"https:\/\/mhf.ro\/mm\/wp-content\/uploads\/2020\/12\/Furtuna.jpg","contentUrl":"https:\/\/mhf.ro\/mm\/wp-content\/uploads\/2020\/12\/Furtuna.jpg","width":1280,"height":960},{"@type":"BreadcrumbList","@id":"https:\/\/mhf.ro\/mm\/patru-orase-de-pe-coasta-adriatica-a-croatiei-au-fost-afectate-de-furtuna\/#breadcrumb","itemListElement":[{"@type":"ListItem","position":1,"name":"Prima pagin\u0103","item":"https:\/\/mhf.ro\/mm\/"},{"@type":"ListItem","position":2,"name":"Patru ora\u015fe de pe coasta adriatic\u0103 a Croa\u0163iei au fost afectate de furtun\u0103"}]},{"@type":"WebSite","@id":"https:\/\/mhf.ro\/mm\/#website","url":"https:\/\/mhf.ro\/mm\/","name":"MHF Photography \u2013 Blog de fotografie, natur\u0103 \u0219i tehnic\u0103 divers\u0103","description":"Aventur\u0103 \u00een fiecare cadru.","publisher":{"@id":"https:\/\/mhf.ro\/mm\/#\/schema\/person\/a3bebf7bdb4bf12f698aff73c7e46c21"},"potentialAction":[{"@type":"SearchAction","target":{"@type":"EntryPoint","urlTemplate":"https:\/\/mhf.ro\/mm\/?s={search_term_string}"},"query-input":{"@type":"PropertyValueSpecification","valueRequired":true,"valueName":"search_term_string"}}],"inLanguage":"ro-RO"},{"@type":["Person","Organization"],"@id":"https:\/\/mhf.ro\/mm\/#\/schema\/person\/a3bebf7bdb4bf12f698aff73c7e46c21","name":"Marius Marcu","image":{"@type":"ImageObject","inLanguage":"ro-RO","@id":"https:\/\/mhf.ro\/mm\/#\/schema\/person\/image\/","url":"https:\/\/mhf.ro\/mm\/wp-content\/uploads\/2025\/12\/cropped-logo_mhf_2.png","contentUrl":"https:\/\/mhf.ro\/mm\/wp-content\/uploads\/2025\/12\/cropped-logo_mhf_2.png","width":1096,"height":457,"caption":"Marius Marcu"},"logo":{"@id":"https:\/\/mhf.ro\/mm\/#\/schema\/person\/image\/"},"sameAs":["https:\/\/mhf.ro\/mm"],"url":"https:\/\/mhf.ro\/mm\/author\/mihai\/"}]}},"_links":{"self":[{"href":"https:\/\/mhf.ro\/mm\/wp-json\/wp\/v2\/posts\/2866","targetHints":{"allow":["GET"]}}],"collection":[{"href":"https:\/\/mhf.ro\/mm\/wp-json\/wp\/v2\/posts"}],"about":[{"href":"https:\/\/mhf.ro\/mm\/wp-json\/wp\/v2\/types\/post"}],"author":[{"embeddable":true,"href":"https:\/\/mhf.ro\/mm\/wp-json\/wp\/v2\/users\/1"}],"replies":[{"embeddable":true,"href":"https:\/\/mhf.ro\/mm\/wp-json\/wp\/v2\/comments?post=2866"}],"version-history":[{"count":3,"href":"https:\/\/mhf.ro\/mm\/wp-json\/wp\/v2\/posts\/2866\/revisions"}],"predecessor-version":[{"id":2870,"href":"https:\/\/mhf.ro\/mm\/wp-json\/wp\/v2\/posts\/2866\/revisions\/2870"}],"wp:featuredmedia":[{"embeddable":true,"href":"https:\/\/mhf.ro\/mm\/wp-json\/wp\/v2\/media\/2869"}],"wp:attachment":[{"href":"https:\/\/mhf.ro\/mm\/wp-json\/wp\/v2\/media?parent=2866"}],"wp:term":[{"taxonomy":"category","embeddable":true,"href":"https:\/\/mhf.ro\/mm\/wp-json\/wp\/v2\/categories?post=2866"},{"taxonomy":"post_tag","embeddable":true,"href":"https:\/\/mhf.ro\/mm\/wp-json\/wp\/v2\/tags?post=2866"}],"curies":[{"name":"wp","href":"https:\/\/api.w.org\/{rel}","templated":true}]}}