{"id":2871,"date":"2020-12-06T23:20:50","date_gmt":"2020-12-06T21:20:50","guid":{"rendered":"https:\/\/mhf.ro\/mm\/?p=2871"},"modified":"2020-12-11T23:02:50","modified_gmt":"2020-12-11T21:02:50","slug":"decizia-cjsu-de-prelungire-a-carantinei-in-7-localitati-din-judetul-sibiu","status":"publish","type":"post","link":"https:\/\/mhf.ro\/mm\/decizia-cjsu-de-prelungire-a-carantinei-in-7-localitati-din-judetul-sibiu\/","title":{"rendered":"Decizia CJSU de prelungire a Carantinei \u00een 7 localit\u0103\u0163i din judetul Sibiu."},"content":{"rendered":"<pre id=\"line1\">  CJSU s-a \u00eentrunit, duminic\u0103, la ora 22.00 \u015fi a decis prelungirea carantinei pentru municipiile Sibiu \u015fi Media\u015f, pentru ora\u015fele Cisn\u0103die, T\u0103lmaciu \u015fi Avrig, pentru comuna Orlat \u015fi satul \u015eelimb\u0103r cu\r\n<span id=\"line173\"><\/span>\u00eenc\u0103 7 zile. \r\n<span id=\"line176\"><\/span>  S-au aprobat 7 hot\u0103r\u00e2ri care vizeaz\u0103 solicitarea c\u0103tre Centrul Na\u0163ional de Coordonare \u015fi Conducere a Interven\u0163iei de emitere a Ordinului Comandantului Ac\u0163iunii pentru prelungirea cu 7 zile,\r\n<span id=\"line177\"><\/span>\u00eencep\u00e2nd cu data de 07.12.2020 ora 05:00, a m\u0103surii de carantin\u0103 zonal\u0103 \u00een Municipiul Sibiu, localitatea \u015eelimb\u0103r, ora\u015ful Cisn\u0103die, ora\u015ful T\u0103lmaciu, Municipiul Media\u015f, ora\u015ful Avrig \u015fi localitatea\r\n<span id=\"line178\"><\/span>Orlat\u201d, a transmis Andreea \u015etefan, purt\u0103torul de cuv\u00e2nt al Prefecturii Sibiu.\r\n<span id=\"line179\"><\/span>  CJSU a luat decizia prelungirii carantinei la o or\u0103 dup\u0103 \u00eenchiderea urnelor.\r\n<span id=\"line182\"><\/span>  Localit\u0103\u0163ile Sibiu, Cisn\u0103die, T\u0103lmaciu \u015fi \u015eelimb\u0103r sunt \u00een carantin\u0103 din 16 noiembrie, iar Media\u015f, Orlat \u015fi Avrig, din 23 noiembrie. (conf mediafax.ro)<\/pre>\n","protected":false},"excerpt":{"rendered":"<p>CJSU s-a \u00eentrunit, duminic\u0103, la ora 22.00 \u015fi a decis prelungirea carantinei pentru municipiile Sibiu \u015fi Media\u015f, pentru ora\u015fele Cisn\u0103die,<\/p>\n","protected":false},"author":1,"featured_media":3026,"comment_status":"open","ping_status":"open","sticky":false,"template":"","format":"standard","meta":{"colormag_page_container_layout":"default_layout","colormag_page_sidebar_layout":"default_layout","footnotes":""},"categories":[5],"tags":[],"class_list":["post-2871","post","type-post","status-publish","format-standard","has-post-thumbnail","hentry","category-locale"],"yoast_head":"<!-- This site is optimized with the Yoast SEO plugin v27.0 - https:\/\/yoast.com\/product\/yoast-seo-wordpress\/ -->\n<title>Decizia CJSU de prelungire a Carantinei \u00een 7 localit\u0103\u0163i din judetul Sibiu. - MHF Photography<\/title>\n<meta name=\"robots\" content=\"index, follow, max-snippet:-1, max-image-preview:large, max-video-preview:-1\" \/>\n<link rel=\"canonical\" href=\"https:\/\/mhf.ro\/mm\/decizia-cjsu-de-prelungire-a-carantinei-in-7-localitati-din-judetul-sibiu\/\" \/>\n<meta property=\"og:locale\" content=\"ro_RO\" \/>\n<meta property=\"og:type\" content=\"article\" \/>\n<meta property=\"og:title\" content=\"Decizia CJSU de prelungire a Carantinei \u00een 7 localit\u0103\u0163i din judetul Sibiu. - MHF Photography\" \/>\n<meta property=\"og:description\" content=\"CJSU s-a \u00eentrunit, duminic\u0103, la ora 22.00 \u015fi a decis prelungirea carantinei pentru municipiile Sibiu \u015fi Media\u015f, pentru ora\u015fele Cisn\u0103die,\" \/>\n<meta property=\"og:url\" content=\"https:\/\/mhf.ro\/mm\/decizia-cjsu-de-prelungire-a-carantinei-in-7-localitati-din-judetul-sibiu\/\" \/>\n<meta property=\"og:site_name\" content=\"MHF Photography\" \/>\n<meta property=\"article:published_time\" content=\"2020-12-06T21:20:50+00:00\" \/>\n<meta property=\"article:modified_time\" content=\"2020-12-11T21:02:50+00:00\" \/>\n<meta property=\"og:image\" content=\"https:\/\/mhf.ro\/mm\/wp-content\/uploads\/2020\/12\/masa_41.jpg\" \/>\n\t<meta property=\"og:image:width\" content=\"1280\" \/>\n\t<meta property=\"og:image:height\" content=\"853\" \/>\n\t<meta property=\"og:image:type\" content=\"image\/jpeg\" \/>\n<meta name=\"author\" content=\"Marius Marcu\" \/>\n<meta name=\"twitter:card\" content=\"summary_large_image\" \/>\n<meta name=\"twitter:label1\" content=\"Scris de\" \/>\n\t<meta name=\"twitter:data1\" content=\"Marius Marcu\" \/>\n\t<meta name=\"twitter:label2\" content=\"Timp estimat pentru citire\" \/>\n\t<meta name=\"twitter:data2\" content=\"1 minut\" \/>\n<script type=\"application\/ld+json\" class=\"yoast-schema-graph\">{\"@context\":\"https:\/\/schema.org\",\"@graph\":[{\"@type\":\"Article\",\"@id\":\"https:\/\/mhf.ro\/mm\/decizia-cjsu-de-prelungire-a-carantinei-in-7-localitati-din-judetul-sibiu\/#article\",\"isPartOf\":{\"@id\":\"https:\/\/mhf.ro\/mm\/decizia-cjsu-de-prelungire-a-carantinei-in-7-localitati-din-judetul-sibiu\/\"},\"author\":{\"name\":\"Marius Marcu\",\"@id\":\"https:\/\/mhf.ro\/mm\/#\/schema\/person\/a3bebf7bdb4bf12f698aff73c7e46c21\"},\"headline\":\"Decizia CJSU de prelungire a Carantinei \u00een 7 localit\u0103\u0163i din judetul Sibiu.\",\"datePublished\":\"2020-12-06T21:20:50+00:00\",\"dateModified\":\"2020-12-11T21:02:50+00:00\",\"mainEntityOfPage\":{\"@id\":\"https:\/\/mhf.ro\/mm\/decizia-cjsu-de-prelungire-a-carantinei-in-7-localitati-din-judetul-sibiu\/\"},\"wordCount\":12,\"commentCount\":0,\"publisher\":{\"@id\":\"https:\/\/mhf.ro\/mm\/#\/schema\/person\/a3bebf7bdb4bf12f698aff73c7e46c21\"},\"image\":{\"@id\":\"https:\/\/mhf.ro\/mm\/decizia-cjsu-de-prelungire-a-carantinei-in-7-localitati-din-judetul-sibiu\/#primaryimage\"},\"thumbnailUrl\":\"https:\/\/mhf.ro\/mm\/wp-content\/uploads\/2020\/12\/masa_41.jpg\",\"articleSection\":[\"Locale\"],\"inLanguage\":\"ro-RO\",\"potentialAction\":[{\"@type\":\"CommentAction\",\"name\":\"Comment\",\"target\":[\"https:\/\/mhf.ro\/mm\/decizia-cjsu-de-prelungire-a-carantinei-in-7-localitati-din-judetul-sibiu\/#respond\"]}]},{\"@type\":\"WebPage\",\"@id\":\"https:\/\/mhf.ro\/mm\/decizia-cjsu-de-prelungire-a-carantinei-in-7-localitati-din-judetul-sibiu\/\",\"url\":\"https:\/\/mhf.ro\/mm\/decizia-cjsu-de-prelungire-a-carantinei-in-7-localitati-din-judetul-sibiu\/\",\"name\":\"Decizia CJSU de prelungire a Carantinei \u00een 7 localit\u0103\u0163i din judetul Sibiu. - MHF Photography\",\"isPartOf\":{\"@id\":\"https:\/\/mhf.ro\/mm\/#website\"},\"primaryImageOfPage\":{\"@id\":\"https:\/\/mhf.ro\/mm\/decizia-cjsu-de-prelungire-a-carantinei-in-7-localitati-din-judetul-sibiu\/#primaryimage\"},\"image\":{\"@id\":\"https:\/\/mhf.ro\/mm\/decizia-cjsu-de-prelungire-a-carantinei-in-7-localitati-din-judetul-sibiu\/#primaryimage\"},\"thumbnailUrl\":\"https:\/\/mhf.ro\/mm\/wp-content\/uploads\/2020\/12\/masa_41.jpg\",\"datePublished\":\"2020-12-06T21:20:50+00:00\",\"dateModified\":\"2020-12-11T21:02:50+00:00\",\"breadcrumb\":{\"@id\":\"https:\/\/mhf.ro\/mm\/decizia-cjsu-de-prelungire-a-carantinei-in-7-localitati-din-judetul-sibiu\/#breadcrumb\"},\"inLanguage\":\"ro-RO\",\"potentialAction\":[{\"@type\":\"ReadAction\",\"target\":[\"https:\/\/mhf.ro\/mm\/decizia-cjsu-de-prelungire-a-carantinei-in-7-localitati-din-judetul-sibiu\/\"]}]},{\"@type\":\"ImageObject\",\"inLanguage\":\"ro-RO\",\"@id\":\"https:\/\/mhf.ro\/mm\/decizia-cjsu-de-prelungire-a-carantinei-in-7-localitati-din-judetul-sibiu\/#primaryimage\",\"url\":\"https:\/\/mhf.ro\/mm\/wp-content\/uploads\/2020\/12\/masa_41.jpg\",\"contentUrl\":\"https:\/\/mhf.ro\/mm\/wp-content\/uploads\/2020\/12\/masa_41.jpg\",\"width\":1280,\"height\":853},{\"@type\":\"BreadcrumbList\",\"@id\":\"https:\/\/mhf.ro\/mm\/decizia-cjsu-de-prelungire-a-carantinei-in-7-localitati-din-judetul-sibiu\/#breadcrumb\",\"itemListElement\":[{\"@type\":\"ListItem\",\"position\":1,\"name\":\"Prima pagin\u0103\",\"item\":\"https:\/\/mhf.ro\/mm\/\"},{\"@type\":\"ListItem\",\"position\":2,\"name\":\"Decizia CJSU de prelungire a Carantinei \u00een 7 localit\u0103\u0163i din judetul Sibiu.\"}]},{\"@type\":\"WebSite\",\"@id\":\"https:\/\/mhf.ro\/mm\/#website\",\"url\":\"https:\/\/mhf.ro\/mm\/\",\"name\":\"MHF Photography \u2013 Blog de fotografie, natur\u0103 \u0219i tehnic\u0103 divers\u0103\",\"description\":\"Aventur\u0103 \u00een fiecare cadru.\",\"publisher\":{\"@id\":\"https:\/\/mhf.ro\/mm\/#\/schema\/person\/a3bebf7bdb4bf12f698aff73c7e46c21\"},\"potentialAction\":[{\"@type\":\"SearchAction\",\"target\":{\"@type\":\"EntryPoint\",\"urlTemplate\":\"https:\/\/mhf.ro\/mm\/?s={search_term_string}\"},\"query-input\":{\"@type\":\"PropertyValueSpecification\",\"valueRequired\":true,\"valueName\":\"search_term_string\"}}],\"inLanguage\":\"ro-RO\"},{\"@type\":[\"Person\",\"Organization\"],\"@id\":\"https:\/\/mhf.ro\/mm\/#\/schema\/person\/a3bebf7bdb4bf12f698aff73c7e46c21\",\"name\":\"Marius Marcu\",\"image\":{\"@type\":\"ImageObject\",\"inLanguage\":\"ro-RO\",\"@id\":\"https:\/\/mhf.ro\/mm\/#\/schema\/person\/image\/\",\"url\":\"https:\/\/mhf.ro\/mm\/wp-content\/uploads\/2025\/12\/cropped-logo_mhf_2.png\",\"contentUrl\":\"https:\/\/mhf.ro\/mm\/wp-content\/uploads\/2025\/12\/cropped-logo_mhf_2.png\",\"width\":1096,\"height\":457,\"caption\":\"Marius Marcu\"},\"logo\":{\"@id\":\"https:\/\/mhf.ro\/mm\/#\/schema\/person\/image\/\"},\"sameAs\":[\"https:\/\/mhf.ro\/mm\"],\"url\":\"https:\/\/mhf.ro\/mm\/author\/mihai\/\"}]}<\/script>\n<!-- \/ Yoast SEO plugin. -->","yoast_head_json":{"title":"Decizia CJSU de prelungire a Carantinei \u00een 7 localit\u0103\u0163i din judetul Sibiu. - MHF Photography","robots":{"index":"index","follow":"follow","max-snippet":"max-snippet:-1","max-image-preview":"max-image-preview:large","max-video-preview":"max-video-preview:-1"},"canonical":"https:\/\/mhf.ro\/mm\/decizia-cjsu-de-prelungire-a-carantinei-in-7-localitati-din-judetul-sibiu\/","og_locale":"ro_RO","og_type":"article","og_title":"Decizia CJSU de prelungire a Carantinei \u00een 7 localit\u0103\u0163i din judetul Sibiu. - MHF Photography","og_description":"CJSU s-a \u00eentrunit, duminic\u0103, la ora 22.00 \u015fi a decis prelungirea carantinei pentru municipiile Sibiu \u015fi Media\u015f, pentru ora\u015fele Cisn\u0103die,","og_url":"https:\/\/mhf.ro\/mm\/decizia-cjsu-de-prelungire-a-carantinei-in-7-localitati-din-judetul-sibiu\/","og_site_name":"MHF Photography","article_published_time":"2020-12-06T21:20:50+00:00","article_modified_time":"2020-12-11T21:02:50+00:00","og_image":[{"width":1280,"height":853,"url":"https:\/\/mhf.ro\/mm\/wp-content\/uploads\/2020\/12\/masa_41.jpg","type":"image\/jpeg"}],"author":"Marius Marcu","twitter_card":"summary_large_image","twitter_misc":{"Scris de":"Marius Marcu","Timp estimat pentru citire":"1 minut"},"schema":{"@context":"https:\/\/schema.org","@graph":[{"@type":"Article","@id":"https:\/\/mhf.ro\/mm\/decizia-cjsu-de-prelungire-a-carantinei-in-7-localitati-din-judetul-sibiu\/#article","isPartOf":{"@id":"https:\/\/mhf.ro\/mm\/decizia-cjsu-de-prelungire-a-carantinei-in-7-localitati-din-judetul-sibiu\/"},"author":{"name":"Marius Marcu","@id":"https:\/\/mhf.ro\/mm\/#\/schema\/person\/a3bebf7bdb4bf12f698aff73c7e46c21"},"headline":"Decizia CJSU de prelungire a Carantinei \u00een 7 localit\u0103\u0163i din judetul Sibiu.","datePublished":"2020-12-06T21:20:50+00:00","dateModified":"2020-12-11T21:02:50+00:00","mainEntityOfPage":{"@id":"https:\/\/mhf.ro\/mm\/decizia-cjsu-de-prelungire-a-carantinei-in-7-localitati-din-judetul-sibiu\/"},"wordCount":12,"commentCount":0,"publisher":{"@id":"https:\/\/mhf.ro\/mm\/#\/schema\/person\/a3bebf7bdb4bf12f698aff73c7e46c21"},"image":{"@id":"https:\/\/mhf.ro\/mm\/decizia-cjsu-de-prelungire-a-carantinei-in-7-localitati-din-judetul-sibiu\/#primaryimage"},"thumbnailUrl":"https:\/\/mhf.ro\/mm\/wp-content\/uploads\/2020\/12\/masa_41.jpg","articleSection":["Locale"],"inLanguage":"ro-RO","potentialAction":[{"@type":"CommentAction","name":"Comment","target":["https:\/\/mhf.ro\/mm\/decizia-cjsu-de-prelungire-a-carantinei-in-7-localitati-din-judetul-sibiu\/#respond"]}]},{"@type":"WebPage","@id":"https:\/\/mhf.ro\/mm\/decizia-cjsu-de-prelungire-a-carantinei-in-7-localitati-din-judetul-sibiu\/","url":"https:\/\/mhf.ro\/mm\/decizia-cjsu-de-prelungire-a-carantinei-in-7-localitati-din-judetul-sibiu\/","name":"Decizia CJSU de prelungire a Carantinei \u00een 7 localit\u0103\u0163i din judetul Sibiu. - MHF Photography","isPartOf":{"@id":"https:\/\/mhf.ro\/mm\/#website"},"primaryImageOfPage":{"@id":"https:\/\/mhf.ro\/mm\/decizia-cjsu-de-prelungire-a-carantinei-in-7-localitati-din-judetul-sibiu\/#primaryimage"},"image":{"@id":"https:\/\/mhf.ro\/mm\/decizia-cjsu-de-prelungire-a-carantinei-in-7-localitati-din-judetul-sibiu\/#primaryimage"},"thumbnailUrl":"https:\/\/mhf.ro\/mm\/wp-content\/uploads\/2020\/12\/masa_41.jpg","datePublished":"2020-12-06T21:20:50+00:00","dateModified":"2020-12-11T21:02:50+00:00","breadcrumb":{"@id":"https:\/\/mhf.ro\/mm\/decizia-cjsu-de-prelungire-a-carantinei-in-7-localitati-din-judetul-sibiu\/#breadcrumb"},"inLanguage":"ro-RO","potentialAction":[{"@type":"ReadAction","target":["https:\/\/mhf.ro\/mm\/decizia-cjsu-de-prelungire-a-carantinei-in-7-localitati-din-judetul-sibiu\/"]}]},{"@type":"ImageObject","inLanguage":"ro-RO","@id":"https:\/\/mhf.ro\/mm\/decizia-cjsu-de-prelungire-a-carantinei-in-7-localitati-din-judetul-sibiu\/#primaryimage","url":"https:\/\/mhf.ro\/mm\/wp-content\/uploads\/2020\/12\/masa_41.jpg","contentUrl":"https:\/\/mhf.ro\/mm\/wp-content\/uploads\/2020\/12\/masa_41.jpg","width":1280,"height":853},{"@type":"BreadcrumbList","@id":"https:\/\/mhf.ro\/mm\/decizia-cjsu-de-prelungire-a-carantinei-in-7-localitati-din-judetul-sibiu\/#breadcrumb","itemListElement":[{"@type":"ListItem","position":1,"name":"Prima pagin\u0103","item":"https:\/\/mhf.ro\/mm\/"},{"@type":"ListItem","position":2,"name":"Decizia CJSU de prelungire a Carantinei \u00een 7 localit\u0103\u0163i din judetul Sibiu."}]},{"@type":"WebSite","@id":"https:\/\/mhf.ro\/mm\/#website","url":"https:\/\/mhf.ro\/mm\/","name":"MHF Photography \u2013 Blog de fotografie, natur\u0103 \u0219i tehnic\u0103 divers\u0103","description":"Aventur\u0103 \u00een fiecare cadru.","publisher":{"@id":"https:\/\/mhf.ro\/mm\/#\/schema\/person\/a3bebf7bdb4bf12f698aff73c7e46c21"},"potentialAction":[{"@type":"SearchAction","target":{"@type":"EntryPoint","urlTemplate":"https:\/\/mhf.ro\/mm\/?s={search_term_string}"},"query-input":{"@type":"PropertyValueSpecification","valueRequired":true,"valueName":"search_term_string"}}],"inLanguage":"ro-RO"},{"@type":["Person","Organization"],"@id":"https:\/\/mhf.ro\/mm\/#\/schema\/person\/a3bebf7bdb4bf12f698aff73c7e46c21","name":"Marius Marcu","image":{"@type":"ImageObject","inLanguage":"ro-RO","@id":"https:\/\/mhf.ro\/mm\/#\/schema\/person\/image\/","url":"https:\/\/mhf.ro\/mm\/wp-content\/uploads\/2025\/12\/cropped-logo_mhf_2.png","contentUrl":"https:\/\/mhf.ro\/mm\/wp-content\/uploads\/2025\/12\/cropped-logo_mhf_2.png","width":1096,"height":457,"caption":"Marius Marcu"},"logo":{"@id":"https:\/\/mhf.ro\/mm\/#\/schema\/person\/image\/"},"sameAs":["https:\/\/mhf.ro\/mm"],"url":"https:\/\/mhf.ro\/mm\/author\/mihai\/"}]}},"_links":{"self":[{"href":"https:\/\/mhf.ro\/mm\/wp-json\/wp\/v2\/posts\/2871","targetHints":{"allow":["GET"]}}],"collection":[{"href":"https:\/\/mhf.ro\/mm\/wp-json\/wp\/v2\/posts"}],"about":[{"href":"https:\/\/mhf.ro\/mm\/wp-json\/wp\/v2\/types\/post"}],"author":[{"embeddable":true,"href":"https:\/\/mhf.ro\/mm\/wp-json\/wp\/v2\/users\/1"}],"replies":[{"embeddable":true,"href":"https:\/\/mhf.ro\/mm\/wp-json\/wp\/v2\/comments?post=2871"}],"version-history":[{"count":1,"href":"https:\/\/mhf.ro\/mm\/wp-json\/wp\/v2\/posts\/2871\/revisions"}],"predecessor-version":[{"id":2872,"href":"https:\/\/mhf.ro\/mm\/wp-json\/wp\/v2\/posts\/2871\/revisions\/2872"}],"wp:featuredmedia":[{"embeddable":true,"href":"https:\/\/mhf.ro\/mm\/wp-json\/wp\/v2\/media\/3026"}],"wp:attachment":[{"href":"https:\/\/mhf.ro\/mm\/wp-json\/wp\/v2\/media?parent=2871"}],"wp:term":[{"taxonomy":"category","embeddable":true,"href":"https:\/\/mhf.ro\/mm\/wp-json\/wp\/v2\/categories?post=2871"},{"taxonomy":"post_tag","embeddable":true,"href":"https:\/\/mhf.ro\/mm\/wp-json\/wp\/v2\/tags?post=2871"}],"curies":[{"name":"wp","href":"https:\/\/api.w.org\/{rel}","templated":true}]}}