{"id":2921,"date":"2020-12-08T17:56:25","date_gmt":"2020-12-08T15:56:25","guid":{"rendered":"https:\/\/mhf.ro\/mm\/?p=2921"},"modified":"2020-12-08T18:05:14","modified_gmt":"2020-12-08T16:05:14","slug":"premierul-interimar-a-anuntat-prioritatile-guvernului","status":"publish","type":"post","link":"https:\/\/mhf.ro\/mm\/premierul-interimar-a-anuntat-prioritatile-guvernului\/","title":{"rendered":"Premierul interimar a anun\u0163at priorit\u0103\u0163ile Guvernului"},"content":{"rendered":"<p>Premierul interimar Nicolae Ciuc\u0103 a anun\u0163at priorit\u0103\u0163ile guvernului, printre care gestionarea pandemiei COVID-19, finalizarea anului financiar 2020 \u015fi preg\u0103tirea anului financiar 2021. Ciuc\u0103 r\u0103m\u00e2ne \u015fi ministru al Ap\u0103r\u0103rii. Urmare a deciziei pre\u015fedintelui Rom\u00e2niei, Klaus Iohannis, \u00eencep\u00e2nd de ieri (luni &#8211; n.r.) am preluat conducerea interimar\u0103 a Guvernului Rom\u00e2niei p\u00e2n\u0103 la formarea noului Executiv.<\/p>\n<p>\u00cen perioada urm\u0103toare vom continua s\u0103 focaliz\u0103m aten\u0163ia Guvernului pe priorit\u0103\u0163ile legate de gestionarea pandemiei COVID-19, punerea \u00een aplicare a strategiei de vaccinare, vom continua m\u0103surile economice \u00een vederea sprijinirii celor afecta\u0163i de aceast\u0103 criz\u0103 \u015fi de asemenea ne vom focaliza aten\u0163ia pe ceea ce \u00eenseamn\u0103 finalizarea anului financiar 2020 \u015fi preg\u0103tire a anului financiar 2021\u201d, spune Nicolae Ciuc\u0103. <span id=\"line176\"><\/span><\/p>\n<p>El i-a mul\u0163umit lui Ludovic Orban pentru \u201eechilibrul pe care a reu\u015fit s\u0103 \u00ee\u0163i realizeze \u00een m\u0103surile luate pentru combaterea pandemiei de COVID-19 \u015fi m\u0103surile economice\u201d. \u201eDe asemenea, \u00een aceast\u0103 perioad\u0103 voi continua s\u0103 asigur atribu\u0163iile de Ministru al Ap\u0103r\u0103rii Na\u0163ionale\u201d, precizeaz\u0103 Ciuc\u0103. <span id=\"line182\"><\/span><\/p>\n<p>Ludovic Orban a demisionat luni sear\u0103 din func\u0163ie.<\/p>\n<p style=\"text-align: right;\">(material preluat mediafax.ro)<\/p>\n","protected":false},"excerpt":{"rendered":"<p>Premierul interimar Nicolae Ciuc\u0103 a anun\u0163at priorit\u0103\u0163ile guvernului, printre care gestionarea pandemiei COVID-19, finalizarea anului financiar 2020 \u015fi preg\u0103tirea anului<\/p>\n","protected":false},"author":1,"featured_media":2929,"comment_status":"open","ping_status":"open","sticky":false,"template":"","format":"standard","meta":{"colormag_page_container_layout":"default_layout","colormag_page_sidebar_layout":"default_layout","footnotes":""},"categories":[5],"tags":[],"class_list":["post-2921","post","type-post","status-publish","format-standard","has-post-thumbnail","hentry","category-locale"],"yoast_head":"<!-- This site is optimized with the Yoast SEO plugin v27.0 - https:\/\/yoast.com\/product\/yoast-seo-wordpress\/ -->\n<title>Premierul interimar a anun\u0163at priorit\u0103\u0163ile Guvernului - MHF Photography<\/title>\n<meta name=\"robots\" content=\"index, follow, max-snippet:-1, max-image-preview:large, max-video-preview:-1\" \/>\n<link rel=\"canonical\" href=\"https:\/\/mhf.ro\/mm\/premierul-interimar-a-anuntat-prioritatile-guvernului\/\" \/>\n<meta property=\"og:locale\" content=\"ro_RO\" \/>\n<meta property=\"og:type\" content=\"article\" \/>\n<meta property=\"og:title\" content=\"Premierul interimar a anun\u0163at priorit\u0103\u0163ile Guvernului - MHF Photography\" \/>\n<meta property=\"og:description\" content=\"Premierul interimar Nicolae Ciuc\u0103 a anun\u0163at priorit\u0103\u0163ile guvernului, printre care gestionarea pandemiei COVID-19, finalizarea anului financiar 2020 \u015fi preg\u0103tirea anului\" \/>\n<meta property=\"og:url\" content=\"https:\/\/mhf.ro\/mm\/premierul-interimar-a-anuntat-prioritatile-guvernului\/\" \/>\n<meta property=\"og:site_name\" content=\"MHF Photography\" \/>\n<meta property=\"article:published_time\" content=\"2020-12-08T15:56:25+00:00\" \/>\n<meta property=\"article:modified_time\" content=\"2020-12-08T16:05:14+00:00\" \/>\n<meta property=\"og:image\" content=\"https:\/\/mhf.ro\/mm\/wp-content\/uploads\/2020\/12\/Ciuca.jpg\" \/>\n\t<meta property=\"og:image:width\" content=\"559\" \/>\n\t<meta property=\"og:image:height\" content=\"421\" \/>\n\t<meta property=\"og:image:type\" content=\"image\/jpeg\" \/>\n<meta name=\"author\" content=\"Marius Marcu\" \/>\n<meta name=\"twitter:card\" content=\"summary_large_image\" \/>\n<meta name=\"twitter:label1\" content=\"Scris de\" \/>\n\t<meta name=\"twitter:data1\" content=\"Marius Marcu\" \/>\n\t<meta name=\"twitter:label2\" content=\"Timp estimat pentru citire\" \/>\n\t<meta name=\"twitter:data2\" content=\"1 minut\" \/>\n<script type=\"application\/ld+json\" class=\"yoast-schema-graph\">{\"@context\":\"https:\/\/schema.org\",\"@graph\":[{\"@type\":\"Article\",\"@id\":\"https:\/\/mhf.ro\/mm\/premierul-interimar-a-anuntat-prioritatile-guvernului\/#article\",\"isPartOf\":{\"@id\":\"https:\/\/mhf.ro\/mm\/premierul-interimar-a-anuntat-prioritatile-guvernului\/\"},\"author\":{\"name\":\"Marius Marcu\",\"@id\":\"https:\/\/mhf.ro\/mm\/#\/schema\/person\/a3bebf7bdb4bf12f698aff73c7e46c21\"},\"headline\":\"Premierul interimar a anun\u0163at priorit\u0103\u0163ile Guvernului\",\"datePublished\":\"2020-12-08T15:56:25+00:00\",\"dateModified\":\"2020-12-08T16:05:14+00:00\",\"mainEntityOfPage\":{\"@id\":\"https:\/\/mhf.ro\/mm\/premierul-interimar-a-anuntat-prioritatile-guvernului\/\"},\"wordCount\":201,\"commentCount\":0,\"publisher\":{\"@id\":\"https:\/\/mhf.ro\/mm\/#\/schema\/person\/a3bebf7bdb4bf12f698aff73c7e46c21\"},\"image\":{\"@id\":\"https:\/\/mhf.ro\/mm\/premierul-interimar-a-anuntat-prioritatile-guvernului\/#primaryimage\"},\"thumbnailUrl\":\"https:\/\/mhf.ro\/mm\/wp-content\/uploads\/2020\/12\/Ciuca.jpg\",\"articleSection\":[\"Locale\"],\"inLanguage\":\"ro-RO\",\"potentialAction\":[{\"@type\":\"CommentAction\",\"name\":\"Comment\",\"target\":[\"https:\/\/mhf.ro\/mm\/premierul-interimar-a-anuntat-prioritatile-guvernului\/#respond\"]}]},{\"@type\":\"WebPage\",\"@id\":\"https:\/\/mhf.ro\/mm\/premierul-interimar-a-anuntat-prioritatile-guvernului\/\",\"url\":\"https:\/\/mhf.ro\/mm\/premierul-interimar-a-anuntat-prioritatile-guvernului\/\",\"name\":\"Premierul interimar a anun\u0163at priorit\u0103\u0163ile Guvernului - MHF Photography\",\"isPartOf\":{\"@id\":\"https:\/\/mhf.ro\/mm\/#website\"},\"primaryImageOfPage\":{\"@id\":\"https:\/\/mhf.ro\/mm\/premierul-interimar-a-anuntat-prioritatile-guvernului\/#primaryimage\"},\"image\":{\"@id\":\"https:\/\/mhf.ro\/mm\/premierul-interimar-a-anuntat-prioritatile-guvernului\/#primaryimage\"},\"thumbnailUrl\":\"https:\/\/mhf.ro\/mm\/wp-content\/uploads\/2020\/12\/Ciuca.jpg\",\"datePublished\":\"2020-12-08T15:56:25+00:00\",\"dateModified\":\"2020-12-08T16:05:14+00:00\",\"breadcrumb\":{\"@id\":\"https:\/\/mhf.ro\/mm\/premierul-interimar-a-anuntat-prioritatile-guvernului\/#breadcrumb\"},\"inLanguage\":\"ro-RO\",\"potentialAction\":[{\"@type\":\"ReadAction\",\"target\":[\"https:\/\/mhf.ro\/mm\/premierul-interimar-a-anuntat-prioritatile-guvernului\/\"]}]},{\"@type\":\"ImageObject\",\"inLanguage\":\"ro-RO\",\"@id\":\"https:\/\/mhf.ro\/mm\/premierul-interimar-a-anuntat-prioritatile-guvernului\/#primaryimage\",\"url\":\"https:\/\/mhf.ro\/mm\/wp-content\/uploads\/2020\/12\/Ciuca.jpg\",\"contentUrl\":\"https:\/\/mhf.ro\/mm\/wp-content\/uploads\/2020\/12\/Ciuca.jpg\",\"width\":559,\"height\":421},{\"@type\":\"BreadcrumbList\",\"@id\":\"https:\/\/mhf.ro\/mm\/premierul-interimar-a-anuntat-prioritatile-guvernului\/#breadcrumb\",\"itemListElement\":[{\"@type\":\"ListItem\",\"position\":1,\"name\":\"Prima pagin\u0103\",\"item\":\"https:\/\/mhf.ro\/mm\/\"},{\"@type\":\"ListItem\",\"position\":2,\"name\":\"Premierul interimar a anun\u0163at priorit\u0103\u0163ile Guvernului\"}]},{\"@type\":\"WebSite\",\"@id\":\"https:\/\/mhf.ro\/mm\/#website\",\"url\":\"https:\/\/mhf.ro\/mm\/\",\"name\":\"MHF Photography \u2013 Blog de fotografie, natur\u0103 \u0219i tehnic\u0103 divers\u0103\",\"description\":\"Aventur\u0103 \u00een fiecare cadru.\",\"publisher\":{\"@id\":\"https:\/\/mhf.ro\/mm\/#\/schema\/person\/a3bebf7bdb4bf12f698aff73c7e46c21\"},\"potentialAction\":[{\"@type\":\"SearchAction\",\"target\":{\"@type\":\"EntryPoint\",\"urlTemplate\":\"https:\/\/mhf.ro\/mm\/?s={search_term_string}\"},\"query-input\":{\"@type\":\"PropertyValueSpecification\",\"valueRequired\":true,\"valueName\":\"search_term_string\"}}],\"inLanguage\":\"ro-RO\"},{\"@type\":[\"Person\",\"Organization\"],\"@id\":\"https:\/\/mhf.ro\/mm\/#\/schema\/person\/a3bebf7bdb4bf12f698aff73c7e46c21\",\"name\":\"Marius Marcu\",\"image\":{\"@type\":\"ImageObject\",\"inLanguage\":\"ro-RO\",\"@id\":\"https:\/\/mhf.ro\/mm\/#\/schema\/person\/image\/\",\"url\":\"https:\/\/mhf.ro\/mm\/wp-content\/uploads\/2025\/12\/cropped-logo_mhf_2.png\",\"contentUrl\":\"https:\/\/mhf.ro\/mm\/wp-content\/uploads\/2025\/12\/cropped-logo_mhf_2.png\",\"width\":1096,\"height\":457,\"caption\":\"Marius Marcu\"},\"logo\":{\"@id\":\"https:\/\/mhf.ro\/mm\/#\/schema\/person\/image\/\"},\"sameAs\":[\"https:\/\/mhf.ro\/mm\"],\"url\":\"https:\/\/mhf.ro\/mm\/author\/mihai\/\"}]}<\/script>\n<!-- \/ Yoast SEO plugin. -->","yoast_head_json":{"title":"Premierul interimar a anun\u0163at priorit\u0103\u0163ile Guvernului - MHF Photography","robots":{"index":"index","follow":"follow","max-snippet":"max-snippet:-1","max-image-preview":"max-image-preview:large","max-video-preview":"max-video-preview:-1"},"canonical":"https:\/\/mhf.ro\/mm\/premierul-interimar-a-anuntat-prioritatile-guvernului\/","og_locale":"ro_RO","og_type":"article","og_title":"Premierul interimar a anun\u0163at priorit\u0103\u0163ile Guvernului - MHF Photography","og_description":"Premierul interimar Nicolae Ciuc\u0103 a anun\u0163at priorit\u0103\u0163ile guvernului, printre care gestionarea pandemiei COVID-19, finalizarea anului financiar 2020 \u015fi preg\u0103tirea anului","og_url":"https:\/\/mhf.ro\/mm\/premierul-interimar-a-anuntat-prioritatile-guvernului\/","og_site_name":"MHF Photography","article_published_time":"2020-12-08T15:56:25+00:00","article_modified_time":"2020-12-08T16:05:14+00:00","og_image":[{"width":559,"height":421,"url":"https:\/\/mhf.ro\/mm\/wp-content\/uploads\/2020\/12\/Ciuca.jpg","type":"image\/jpeg"}],"author":"Marius Marcu","twitter_card":"summary_large_image","twitter_misc":{"Scris de":"Marius Marcu","Timp estimat pentru citire":"1 minut"},"schema":{"@context":"https:\/\/schema.org","@graph":[{"@type":"Article","@id":"https:\/\/mhf.ro\/mm\/premierul-interimar-a-anuntat-prioritatile-guvernului\/#article","isPartOf":{"@id":"https:\/\/mhf.ro\/mm\/premierul-interimar-a-anuntat-prioritatile-guvernului\/"},"author":{"name":"Marius Marcu","@id":"https:\/\/mhf.ro\/mm\/#\/schema\/person\/a3bebf7bdb4bf12f698aff73c7e46c21"},"headline":"Premierul interimar a anun\u0163at priorit\u0103\u0163ile Guvernului","datePublished":"2020-12-08T15:56:25+00:00","dateModified":"2020-12-08T16:05:14+00:00","mainEntityOfPage":{"@id":"https:\/\/mhf.ro\/mm\/premierul-interimar-a-anuntat-prioritatile-guvernului\/"},"wordCount":201,"commentCount":0,"publisher":{"@id":"https:\/\/mhf.ro\/mm\/#\/schema\/person\/a3bebf7bdb4bf12f698aff73c7e46c21"},"image":{"@id":"https:\/\/mhf.ro\/mm\/premierul-interimar-a-anuntat-prioritatile-guvernului\/#primaryimage"},"thumbnailUrl":"https:\/\/mhf.ro\/mm\/wp-content\/uploads\/2020\/12\/Ciuca.jpg","articleSection":["Locale"],"inLanguage":"ro-RO","potentialAction":[{"@type":"CommentAction","name":"Comment","target":["https:\/\/mhf.ro\/mm\/premierul-interimar-a-anuntat-prioritatile-guvernului\/#respond"]}]},{"@type":"WebPage","@id":"https:\/\/mhf.ro\/mm\/premierul-interimar-a-anuntat-prioritatile-guvernului\/","url":"https:\/\/mhf.ro\/mm\/premierul-interimar-a-anuntat-prioritatile-guvernului\/","name":"Premierul interimar a anun\u0163at priorit\u0103\u0163ile Guvernului - MHF Photography","isPartOf":{"@id":"https:\/\/mhf.ro\/mm\/#website"},"primaryImageOfPage":{"@id":"https:\/\/mhf.ro\/mm\/premierul-interimar-a-anuntat-prioritatile-guvernului\/#primaryimage"},"image":{"@id":"https:\/\/mhf.ro\/mm\/premierul-interimar-a-anuntat-prioritatile-guvernului\/#primaryimage"},"thumbnailUrl":"https:\/\/mhf.ro\/mm\/wp-content\/uploads\/2020\/12\/Ciuca.jpg","datePublished":"2020-12-08T15:56:25+00:00","dateModified":"2020-12-08T16:05:14+00:00","breadcrumb":{"@id":"https:\/\/mhf.ro\/mm\/premierul-interimar-a-anuntat-prioritatile-guvernului\/#breadcrumb"},"inLanguage":"ro-RO","potentialAction":[{"@type":"ReadAction","target":["https:\/\/mhf.ro\/mm\/premierul-interimar-a-anuntat-prioritatile-guvernului\/"]}]},{"@type":"ImageObject","inLanguage":"ro-RO","@id":"https:\/\/mhf.ro\/mm\/premierul-interimar-a-anuntat-prioritatile-guvernului\/#primaryimage","url":"https:\/\/mhf.ro\/mm\/wp-content\/uploads\/2020\/12\/Ciuca.jpg","contentUrl":"https:\/\/mhf.ro\/mm\/wp-content\/uploads\/2020\/12\/Ciuca.jpg","width":559,"height":421},{"@type":"BreadcrumbList","@id":"https:\/\/mhf.ro\/mm\/premierul-interimar-a-anuntat-prioritatile-guvernului\/#breadcrumb","itemListElement":[{"@type":"ListItem","position":1,"name":"Prima pagin\u0103","item":"https:\/\/mhf.ro\/mm\/"},{"@type":"ListItem","position":2,"name":"Premierul interimar a anun\u0163at priorit\u0103\u0163ile Guvernului"}]},{"@type":"WebSite","@id":"https:\/\/mhf.ro\/mm\/#website","url":"https:\/\/mhf.ro\/mm\/","name":"MHF Photography \u2013 Blog de fotografie, natur\u0103 \u0219i tehnic\u0103 divers\u0103","description":"Aventur\u0103 \u00een fiecare cadru.","publisher":{"@id":"https:\/\/mhf.ro\/mm\/#\/schema\/person\/a3bebf7bdb4bf12f698aff73c7e46c21"},"potentialAction":[{"@type":"SearchAction","target":{"@type":"EntryPoint","urlTemplate":"https:\/\/mhf.ro\/mm\/?s={search_term_string}"},"query-input":{"@type":"PropertyValueSpecification","valueRequired":true,"valueName":"search_term_string"}}],"inLanguage":"ro-RO"},{"@type":["Person","Organization"],"@id":"https:\/\/mhf.ro\/mm\/#\/schema\/person\/a3bebf7bdb4bf12f698aff73c7e46c21","name":"Marius Marcu","image":{"@type":"ImageObject","inLanguage":"ro-RO","@id":"https:\/\/mhf.ro\/mm\/#\/schema\/person\/image\/","url":"https:\/\/mhf.ro\/mm\/wp-content\/uploads\/2025\/12\/cropped-logo_mhf_2.png","contentUrl":"https:\/\/mhf.ro\/mm\/wp-content\/uploads\/2025\/12\/cropped-logo_mhf_2.png","width":1096,"height":457,"caption":"Marius Marcu"},"logo":{"@id":"https:\/\/mhf.ro\/mm\/#\/schema\/person\/image\/"},"sameAs":["https:\/\/mhf.ro\/mm"],"url":"https:\/\/mhf.ro\/mm\/author\/mihai\/"}]}},"_links":{"self":[{"href":"https:\/\/mhf.ro\/mm\/wp-json\/wp\/v2\/posts\/2921","targetHints":{"allow":["GET"]}}],"collection":[{"href":"https:\/\/mhf.ro\/mm\/wp-json\/wp\/v2\/posts"}],"about":[{"href":"https:\/\/mhf.ro\/mm\/wp-json\/wp\/v2\/types\/post"}],"author":[{"embeddable":true,"href":"https:\/\/mhf.ro\/mm\/wp-json\/wp\/v2\/users\/1"}],"replies":[{"embeddable":true,"href":"https:\/\/mhf.ro\/mm\/wp-json\/wp\/v2\/comments?post=2921"}],"version-history":[{"count":7,"href":"https:\/\/mhf.ro\/mm\/wp-json\/wp\/v2\/posts\/2921\/revisions"}],"predecessor-version":[{"id":2928,"href":"https:\/\/mhf.ro\/mm\/wp-json\/wp\/v2\/posts\/2921\/revisions\/2928"}],"wp:featuredmedia":[{"embeddable":true,"href":"https:\/\/mhf.ro\/mm\/wp-json\/wp\/v2\/media\/2929"}],"wp:attachment":[{"href":"https:\/\/mhf.ro\/mm\/wp-json\/wp\/v2\/media?parent=2921"}],"wp:term":[{"taxonomy":"category","embeddable":true,"href":"https:\/\/mhf.ro\/mm\/wp-json\/wp\/v2\/categories?post=2921"},{"taxonomy":"post_tag","embeddable":true,"href":"https:\/\/mhf.ro\/mm\/wp-json\/wp\/v2\/tags?post=2921"}],"curies":[{"name":"wp","href":"https:\/\/api.w.org\/{rel}","templated":true}]}}