{"id":2930,"date":"2020-12-08T18:15:29","date_gmt":"2020-12-08T16:15:29","guid":{"rendered":"https:\/\/mhf.ro\/mm\/?p=2930"},"modified":"2020-12-08T18:15:29","modified_gmt":"2020-12-08T16:15:29","slug":"china-si-nepal-au-convenit-sa-inalte-muntele-everest-cat-masoara-acum-cel-mai-inalt-punct-de-pe-pamant","status":"publish","type":"post","link":"https:\/\/mhf.ro\/mm\/china-si-nepal-au-convenit-sa-inalte-muntele-everest-cat-masoara-acum-cel-mai-inalt-punct-de-pe-pamant\/","title":{"rendered":"China \u0219i Nepal au convenit s\u0103 \u201e\u00eenal\u021be\u201d muntele Everest. C\u00e2t m\u0103soar\u0103 acum cel mai \u00eenalt punct de pe P\u0103m\u00e2nt"},"content":{"rendered":"<ul>\n<li><strong>China \u0219i Nepal au c\u0103zut de comun acord \u00een privin\u021ba \u00een\u0103l\u021bimii muntelui Everest.<\/strong><\/li>\n<li><strong>Everest este cu circa 1 metru mai \u00eenalt dec\u00e2t fusese ini\u0163ial calculat oficial.<\/strong><\/li>\n<li><strong>China nu recunoa\u0219te z\u0103pada din v\u00e2rful muntelui.<\/strong><\/li>\n<\/ul>\n<p>Everest, cel mai \u00eenalt munte din lume, a \u201ecrescut\u201d acum cu aproximativ 1 metru dec\u00e2t fusese ini\u0163ial calculat oficial. Potrivit BBC, noua \u00een\u0103l\u021bime a muntelui este 8.848,86 metri, iar m\u0103sur\u0103toarea precedent\u0103 era de 8.844,43 de metri, cu patru metri mai pu\u0163in dec\u00e2t m\u0103surase Nepalul.<\/p>\n<p>Beijungul nu recunoa\u0219te stratul de z\u0103pad\u0103 din v\u00e2rful muntelui, fapt care a dus la discu\u021bii contradictorii cu Nepalul, \u00een ultimii ani. Acum, cele dou\u0103 state \u201eau b\u0103tut palma\u201d pentru \u00een\u0103l\u021bimea de 8.848,86 metri. Everest se afl\u0103 la grani\u021ba dintre China \u0219i Nepal, iar alpini\u0219tii \u00ee\u0219i \u00eencep ascensiunea din ambele p\u0103r\u021bi.<\/p>\n<h2>Cucerit pentru prima dat\u0103 \u00een 1953<\/h2>\n<p>Noua \u00een\u0103l\u021bime a fost stabilit\u0103 de oficiali din Ministerul nepalez de Externe \u015fi din departamentul de supraveghere au spus c\u0103 topografii din ambele \u0163\u0103ri. China \u0219i Nepal au convenit asupra m\u0103sur\u0103torii colective, dup\u0103 vizita pre\u0219edintelui chinez Xi Jinping de anul trecut, \u00een capitala nepalez\u0103 Kathmandu.<\/p>\n<div id=\"inreadAd\" class=\"desktopMobileAd\"><\/div>\n<p>\u00cen 2005 a fost f\u0103cut o m\u0103sur\u0103toare a muntelui, dup\u0103 care topografii chinezi au putut face calcule. Oficialii nepalezi declarau, \u00een 2012, c\u0103 Beijingul i-a presat \u00een privin\u021ba noii \u00een\u0103l\u021bimi \u015fi, astfel, au decis s\u0103 fac\u0103 propria m\u0103sur\u0103toare, \u201epentru a clarifica lucrurile definitiv\u201d.<\/p>\n<p>Everestul, cu o vechime de 60 de milioane de ani, a fost cucerit pentru prima dat\u0103 de c\u0103tre Sir Edmund Hillary \u0219i de \u0219erpa\u0219ul Tenzing Norgay, pe 29 mai 1953.<\/p>\n<p style=\"text-align: right;\">(material preluat mediafax.ro)<\/p>\n","protected":false},"excerpt":{"rendered":"<p>China \u0219i Nepal au c\u0103zut de comun acord \u00een privin\u021ba \u00een\u0103l\u021bimii muntelui Everest. Everest este cu circa 1 metru mai<\/p>\n","protected":false},"author":1,"featured_media":2931,"comment_status":"open","ping_status":"open","sticky":false,"template":"","format":"standard","meta":{"colormag_page_container_layout":"default_layout","colormag_page_sidebar_layout":"default_layout","footnotes":""},"categories":[32,8],"tags":[],"class_list":["post-2930","post","type-post","status-publish","format-standard","has-post-thumbnail","hentry","category-comunicate","category-div"],"yoast_head":"<!-- This site is optimized with the Yoast SEO plugin v27.0 - https:\/\/yoast.com\/product\/yoast-seo-wordpress\/ -->\n<title>China \u0219i Nepal au convenit s\u0103 \u201e\u00eenal\u021be\u201d muntele Everest. C\u00e2t m\u0103soar\u0103 acum cel mai \u00eenalt punct de pe P\u0103m\u00e2nt - MHF Photography<\/title>\n<meta name=\"robots\" content=\"index, follow, max-snippet:-1, max-image-preview:large, max-video-preview:-1\" \/>\n<link rel=\"canonical\" href=\"https:\/\/mhf.ro\/mm\/china-si-nepal-au-convenit-sa-inalte-muntele-everest-cat-masoara-acum-cel-mai-inalt-punct-de-pe-pamant\/\" \/>\n<meta property=\"og:locale\" content=\"ro_RO\" \/>\n<meta property=\"og:type\" content=\"article\" \/>\n<meta property=\"og:title\" content=\"China \u0219i Nepal au convenit s\u0103 \u201e\u00eenal\u021be\u201d muntele Everest. C\u00e2t m\u0103soar\u0103 acum cel mai \u00eenalt punct de pe P\u0103m\u00e2nt - MHF Photography\" \/>\n<meta property=\"og:description\" content=\"China \u0219i Nepal au c\u0103zut de comun acord \u00een privin\u021ba \u00een\u0103l\u021bimii muntelui Everest. Everest este cu circa 1 metru mai\" \/>\n<meta property=\"og:url\" content=\"https:\/\/mhf.ro\/mm\/china-si-nepal-au-convenit-sa-inalte-muntele-everest-cat-masoara-acum-cel-mai-inalt-punct-de-pe-pamant\/\" \/>\n<meta property=\"og:site_name\" content=\"MHF Photography\" \/>\n<meta property=\"article:published_time\" content=\"2020-12-08T16:15:29+00:00\" \/>\n<meta property=\"og:image\" content=\"https:\/\/mhf.ro\/mm\/wp-content\/uploads\/2020\/12\/everest.jpg\" \/>\n\t<meta property=\"og:image:width\" content=\"1070\" \/>\n\t<meta property=\"og:image:height\" content=\"600\" \/>\n\t<meta property=\"og:image:type\" content=\"image\/jpeg\" \/>\n<meta name=\"author\" content=\"Marius Marcu\" \/>\n<meta name=\"twitter:card\" content=\"summary_large_image\" \/>\n<meta name=\"twitter:label1\" content=\"Scris de\" \/>\n\t<meta name=\"twitter:data1\" content=\"Marius Marcu\" \/>\n\t<meta name=\"twitter:label2\" content=\"Timp estimat pentru citire\" \/>\n\t<meta name=\"twitter:data2\" content=\"1 minut\" \/>\n<script type=\"application\/ld+json\" class=\"yoast-schema-graph\">{\"@context\":\"https:\/\/schema.org\",\"@graph\":[{\"@type\":\"Article\",\"@id\":\"https:\/\/mhf.ro\/mm\/china-si-nepal-au-convenit-sa-inalte-muntele-everest-cat-masoara-acum-cel-mai-inalt-punct-de-pe-pamant\/#article\",\"isPartOf\":{\"@id\":\"https:\/\/mhf.ro\/mm\/china-si-nepal-au-convenit-sa-inalte-muntele-everest-cat-masoara-acum-cel-mai-inalt-punct-de-pe-pamant\/\"},\"author\":{\"name\":\"Marius Marcu\",\"@id\":\"https:\/\/mhf.ro\/mm\/#\/schema\/person\/a3bebf7bdb4bf12f698aff73c7e46c21\"},\"headline\":\"China \u0219i Nepal au convenit s\u0103 \u201e\u00eenal\u021be\u201d muntele Everest. C\u00e2t m\u0103soar\u0103 acum cel mai \u00eenalt punct de pe P\u0103m\u00e2nt\",\"datePublished\":\"2020-12-08T16:15:29+00:00\",\"mainEntityOfPage\":{\"@id\":\"https:\/\/mhf.ro\/mm\/china-si-nepal-au-convenit-sa-inalte-muntele-everest-cat-masoara-acum-cel-mai-inalt-punct-de-pe-pamant\/\"},\"wordCount\":312,\"commentCount\":0,\"publisher\":{\"@id\":\"https:\/\/mhf.ro\/mm\/#\/schema\/person\/a3bebf7bdb4bf12f698aff73c7e46c21\"},\"image\":{\"@id\":\"https:\/\/mhf.ro\/mm\/china-si-nepal-au-convenit-sa-inalte-muntele-everest-cat-masoara-acum-cel-mai-inalt-punct-de-pe-pamant\/#primaryimage\"},\"thumbnailUrl\":\"https:\/\/mhf.ro\/mm\/wp-content\/uploads\/2020\/12\/everest.jpg\",\"articleSection\":[\"Comunicate\",\"Diverse\"],\"inLanguage\":\"ro-RO\",\"potentialAction\":[{\"@type\":\"CommentAction\",\"name\":\"Comment\",\"target\":[\"https:\/\/mhf.ro\/mm\/china-si-nepal-au-convenit-sa-inalte-muntele-everest-cat-masoara-acum-cel-mai-inalt-punct-de-pe-pamant\/#respond\"]}]},{\"@type\":\"WebPage\",\"@id\":\"https:\/\/mhf.ro\/mm\/china-si-nepal-au-convenit-sa-inalte-muntele-everest-cat-masoara-acum-cel-mai-inalt-punct-de-pe-pamant\/\",\"url\":\"https:\/\/mhf.ro\/mm\/china-si-nepal-au-convenit-sa-inalte-muntele-everest-cat-masoara-acum-cel-mai-inalt-punct-de-pe-pamant\/\",\"name\":\"China \u0219i Nepal au convenit s\u0103 \u201e\u00eenal\u021be\u201d muntele Everest. C\u00e2t m\u0103soar\u0103 acum cel mai \u00eenalt punct de pe P\u0103m\u00e2nt - MHF Photography\",\"isPartOf\":{\"@id\":\"https:\/\/mhf.ro\/mm\/#website\"},\"primaryImageOfPage\":{\"@id\":\"https:\/\/mhf.ro\/mm\/china-si-nepal-au-convenit-sa-inalte-muntele-everest-cat-masoara-acum-cel-mai-inalt-punct-de-pe-pamant\/#primaryimage\"},\"image\":{\"@id\":\"https:\/\/mhf.ro\/mm\/china-si-nepal-au-convenit-sa-inalte-muntele-everest-cat-masoara-acum-cel-mai-inalt-punct-de-pe-pamant\/#primaryimage\"},\"thumbnailUrl\":\"https:\/\/mhf.ro\/mm\/wp-content\/uploads\/2020\/12\/everest.jpg\",\"datePublished\":\"2020-12-08T16:15:29+00:00\",\"breadcrumb\":{\"@id\":\"https:\/\/mhf.ro\/mm\/china-si-nepal-au-convenit-sa-inalte-muntele-everest-cat-masoara-acum-cel-mai-inalt-punct-de-pe-pamant\/#breadcrumb\"},\"inLanguage\":\"ro-RO\",\"potentialAction\":[{\"@type\":\"ReadAction\",\"target\":[\"https:\/\/mhf.ro\/mm\/china-si-nepal-au-convenit-sa-inalte-muntele-everest-cat-masoara-acum-cel-mai-inalt-punct-de-pe-pamant\/\"]}]},{\"@type\":\"ImageObject\",\"inLanguage\":\"ro-RO\",\"@id\":\"https:\/\/mhf.ro\/mm\/china-si-nepal-au-convenit-sa-inalte-muntele-everest-cat-masoara-acum-cel-mai-inalt-punct-de-pe-pamant\/#primaryimage\",\"url\":\"https:\/\/mhf.ro\/mm\/wp-content\/uploads\/2020\/12\/everest.jpg\",\"contentUrl\":\"https:\/\/mhf.ro\/mm\/wp-content\/uploads\/2020\/12\/everest.jpg\",\"width\":1070,\"height\":600},{\"@type\":\"BreadcrumbList\",\"@id\":\"https:\/\/mhf.ro\/mm\/china-si-nepal-au-convenit-sa-inalte-muntele-everest-cat-masoara-acum-cel-mai-inalt-punct-de-pe-pamant\/#breadcrumb\",\"itemListElement\":[{\"@type\":\"ListItem\",\"position\":1,\"name\":\"Prima pagin\u0103\",\"item\":\"https:\/\/mhf.ro\/mm\/\"},{\"@type\":\"ListItem\",\"position\":2,\"name\":\"China \u0219i Nepal au convenit s\u0103 \u201e\u00eenal\u021be\u201d muntele Everest. C\u00e2t m\u0103soar\u0103 acum cel mai \u00eenalt punct de pe P\u0103m\u00e2nt\"}]},{\"@type\":\"WebSite\",\"@id\":\"https:\/\/mhf.ro\/mm\/#website\",\"url\":\"https:\/\/mhf.ro\/mm\/\",\"name\":\"MHF Photography \u2013 Blog de fotografie, natur\u0103 \u0219i tehnic\u0103 divers\u0103\",\"description\":\"Aventur\u0103 \u00een fiecare cadru.\",\"publisher\":{\"@id\":\"https:\/\/mhf.ro\/mm\/#\/schema\/person\/a3bebf7bdb4bf12f698aff73c7e46c21\"},\"potentialAction\":[{\"@type\":\"SearchAction\",\"target\":{\"@type\":\"EntryPoint\",\"urlTemplate\":\"https:\/\/mhf.ro\/mm\/?s={search_term_string}\"},\"query-input\":{\"@type\":\"PropertyValueSpecification\",\"valueRequired\":true,\"valueName\":\"search_term_string\"}}],\"inLanguage\":\"ro-RO\"},{\"@type\":[\"Person\",\"Organization\"],\"@id\":\"https:\/\/mhf.ro\/mm\/#\/schema\/person\/a3bebf7bdb4bf12f698aff73c7e46c21\",\"name\":\"Marius Marcu\",\"image\":{\"@type\":\"ImageObject\",\"inLanguage\":\"ro-RO\",\"@id\":\"https:\/\/mhf.ro\/mm\/#\/schema\/person\/image\/\",\"url\":\"https:\/\/mhf.ro\/mm\/wp-content\/uploads\/2025\/12\/cropped-logo_mhf_2.png\",\"contentUrl\":\"https:\/\/mhf.ro\/mm\/wp-content\/uploads\/2025\/12\/cropped-logo_mhf_2.png\",\"width\":1096,\"height\":457,\"caption\":\"Marius Marcu\"},\"logo\":{\"@id\":\"https:\/\/mhf.ro\/mm\/#\/schema\/person\/image\/\"},\"sameAs\":[\"https:\/\/mhf.ro\/mm\"],\"url\":\"https:\/\/mhf.ro\/mm\/author\/mihai\/\"}]}<\/script>\n<!-- \/ Yoast SEO plugin. -->","yoast_head_json":{"title":"China \u0219i Nepal au convenit s\u0103 \u201e\u00eenal\u021be\u201d muntele Everest. C\u00e2t m\u0103soar\u0103 acum cel mai \u00eenalt punct de pe P\u0103m\u00e2nt - MHF Photography","robots":{"index":"index","follow":"follow","max-snippet":"max-snippet:-1","max-image-preview":"max-image-preview:large","max-video-preview":"max-video-preview:-1"},"canonical":"https:\/\/mhf.ro\/mm\/china-si-nepal-au-convenit-sa-inalte-muntele-everest-cat-masoara-acum-cel-mai-inalt-punct-de-pe-pamant\/","og_locale":"ro_RO","og_type":"article","og_title":"China \u0219i Nepal au convenit s\u0103 \u201e\u00eenal\u021be\u201d muntele Everest. C\u00e2t m\u0103soar\u0103 acum cel mai \u00eenalt punct de pe P\u0103m\u00e2nt - MHF Photography","og_description":"China \u0219i Nepal au c\u0103zut de comun acord \u00een privin\u021ba \u00een\u0103l\u021bimii muntelui Everest. Everest este cu circa 1 metru mai","og_url":"https:\/\/mhf.ro\/mm\/china-si-nepal-au-convenit-sa-inalte-muntele-everest-cat-masoara-acum-cel-mai-inalt-punct-de-pe-pamant\/","og_site_name":"MHF Photography","article_published_time":"2020-12-08T16:15:29+00:00","og_image":[{"width":1070,"height":600,"url":"https:\/\/mhf.ro\/mm\/wp-content\/uploads\/2020\/12\/everest.jpg","type":"image\/jpeg"}],"author":"Marius Marcu","twitter_card":"summary_large_image","twitter_misc":{"Scris de":"Marius Marcu","Timp estimat pentru citire":"1 minut"},"schema":{"@context":"https:\/\/schema.org","@graph":[{"@type":"Article","@id":"https:\/\/mhf.ro\/mm\/china-si-nepal-au-convenit-sa-inalte-muntele-everest-cat-masoara-acum-cel-mai-inalt-punct-de-pe-pamant\/#article","isPartOf":{"@id":"https:\/\/mhf.ro\/mm\/china-si-nepal-au-convenit-sa-inalte-muntele-everest-cat-masoara-acum-cel-mai-inalt-punct-de-pe-pamant\/"},"author":{"name":"Marius Marcu","@id":"https:\/\/mhf.ro\/mm\/#\/schema\/person\/a3bebf7bdb4bf12f698aff73c7e46c21"},"headline":"China \u0219i Nepal au convenit s\u0103 \u201e\u00eenal\u021be\u201d muntele Everest. C\u00e2t m\u0103soar\u0103 acum cel mai \u00eenalt punct de pe P\u0103m\u00e2nt","datePublished":"2020-12-08T16:15:29+00:00","mainEntityOfPage":{"@id":"https:\/\/mhf.ro\/mm\/china-si-nepal-au-convenit-sa-inalte-muntele-everest-cat-masoara-acum-cel-mai-inalt-punct-de-pe-pamant\/"},"wordCount":312,"commentCount":0,"publisher":{"@id":"https:\/\/mhf.ro\/mm\/#\/schema\/person\/a3bebf7bdb4bf12f698aff73c7e46c21"},"image":{"@id":"https:\/\/mhf.ro\/mm\/china-si-nepal-au-convenit-sa-inalte-muntele-everest-cat-masoara-acum-cel-mai-inalt-punct-de-pe-pamant\/#primaryimage"},"thumbnailUrl":"https:\/\/mhf.ro\/mm\/wp-content\/uploads\/2020\/12\/everest.jpg","articleSection":["Comunicate","Diverse"],"inLanguage":"ro-RO","potentialAction":[{"@type":"CommentAction","name":"Comment","target":["https:\/\/mhf.ro\/mm\/china-si-nepal-au-convenit-sa-inalte-muntele-everest-cat-masoara-acum-cel-mai-inalt-punct-de-pe-pamant\/#respond"]}]},{"@type":"WebPage","@id":"https:\/\/mhf.ro\/mm\/china-si-nepal-au-convenit-sa-inalte-muntele-everest-cat-masoara-acum-cel-mai-inalt-punct-de-pe-pamant\/","url":"https:\/\/mhf.ro\/mm\/china-si-nepal-au-convenit-sa-inalte-muntele-everest-cat-masoara-acum-cel-mai-inalt-punct-de-pe-pamant\/","name":"China \u0219i Nepal au convenit s\u0103 \u201e\u00eenal\u021be\u201d muntele Everest. C\u00e2t m\u0103soar\u0103 acum cel mai \u00eenalt punct de pe P\u0103m\u00e2nt - MHF Photography","isPartOf":{"@id":"https:\/\/mhf.ro\/mm\/#website"},"primaryImageOfPage":{"@id":"https:\/\/mhf.ro\/mm\/china-si-nepal-au-convenit-sa-inalte-muntele-everest-cat-masoara-acum-cel-mai-inalt-punct-de-pe-pamant\/#primaryimage"},"image":{"@id":"https:\/\/mhf.ro\/mm\/china-si-nepal-au-convenit-sa-inalte-muntele-everest-cat-masoara-acum-cel-mai-inalt-punct-de-pe-pamant\/#primaryimage"},"thumbnailUrl":"https:\/\/mhf.ro\/mm\/wp-content\/uploads\/2020\/12\/everest.jpg","datePublished":"2020-12-08T16:15:29+00:00","breadcrumb":{"@id":"https:\/\/mhf.ro\/mm\/china-si-nepal-au-convenit-sa-inalte-muntele-everest-cat-masoara-acum-cel-mai-inalt-punct-de-pe-pamant\/#breadcrumb"},"inLanguage":"ro-RO","potentialAction":[{"@type":"ReadAction","target":["https:\/\/mhf.ro\/mm\/china-si-nepal-au-convenit-sa-inalte-muntele-everest-cat-masoara-acum-cel-mai-inalt-punct-de-pe-pamant\/"]}]},{"@type":"ImageObject","inLanguage":"ro-RO","@id":"https:\/\/mhf.ro\/mm\/china-si-nepal-au-convenit-sa-inalte-muntele-everest-cat-masoara-acum-cel-mai-inalt-punct-de-pe-pamant\/#primaryimage","url":"https:\/\/mhf.ro\/mm\/wp-content\/uploads\/2020\/12\/everest.jpg","contentUrl":"https:\/\/mhf.ro\/mm\/wp-content\/uploads\/2020\/12\/everest.jpg","width":1070,"height":600},{"@type":"BreadcrumbList","@id":"https:\/\/mhf.ro\/mm\/china-si-nepal-au-convenit-sa-inalte-muntele-everest-cat-masoara-acum-cel-mai-inalt-punct-de-pe-pamant\/#breadcrumb","itemListElement":[{"@type":"ListItem","position":1,"name":"Prima pagin\u0103","item":"https:\/\/mhf.ro\/mm\/"},{"@type":"ListItem","position":2,"name":"China \u0219i Nepal au convenit s\u0103 \u201e\u00eenal\u021be\u201d muntele Everest. C\u00e2t m\u0103soar\u0103 acum cel mai \u00eenalt punct de pe P\u0103m\u00e2nt"}]},{"@type":"WebSite","@id":"https:\/\/mhf.ro\/mm\/#website","url":"https:\/\/mhf.ro\/mm\/","name":"MHF Photography \u2013 Blog de fotografie, natur\u0103 \u0219i tehnic\u0103 divers\u0103","description":"Aventur\u0103 \u00een fiecare cadru.","publisher":{"@id":"https:\/\/mhf.ro\/mm\/#\/schema\/person\/a3bebf7bdb4bf12f698aff73c7e46c21"},"potentialAction":[{"@type":"SearchAction","target":{"@type":"EntryPoint","urlTemplate":"https:\/\/mhf.ro\/mm\/?s={search_term_string}"},"query-input":{"@type":"PropertyValueSpecification","valueRequired":true,"valueName":"search_term_string"}}],"inLanguage":"ro-RO"},{"@type":["Person","Organization"],"@id":"https:\/\/mhf.ro\/mm\/#\/schema\/person\/a3bebf7bdb4bf12f698aff73c7e46c21","name":"Marius Marcu","image":{"@type":"ImageObject","inLanguage":"ro-RO","@id":"https:\/\/mhf.ro\/mm\/#\/schema\/person\/image\/","url":"https:\/\/mhf.ro\/mm\/wp-content\/uploads\/2025\/12\/cropped-logo_mhf_2.png","contentUrl":"https:\/\/mhf.ro\/mm\/wp-content\/uploads\/2025\/12\/cropped-logo_mhf_2.png","width":1096,"height":457,"caption":"Marius Marcu"},"logo":{"@id":"https:\/\/mhf.ro\/mm\/#\/schema\/person\/image\/"},"sameAs":["https:\/\/mhf.ro\/mm"],"url":"https:\/\/mhf.ro\/mm\/author\/mihai\/"}]}},"_links":{"self":[{"href":"https:\/\/mhf.ro\/mm\/wp-json\/wp\/v2\/posts\/2930","targetHints":{"allow":["GET"]}}],"collection":[{"href":"https:\/\/mhf.ro\/mm\/wp-json\/wp\/v2\/posts"}],"about":[{"href":"https:\/\/mhf.ro\/mm\/wp-json\/wp\/v2\/types\/post"}],"author":[{"embeddable":true,"href":"https:\/\/mhf.ro\/mm\/wp-json\/wp\/v2\/users\/1"}],"replies":[{"embeddable":true,"href":"https:\/\/mhf.ro\/mm\/wp-json\/wp\/v2\/comments?post=2930"}],"version-history":[{"count":1,"href":"https:\/\/mhf.ro\/mm\/wp-json\/wp\/v2\/posts\/2930\/revisions"}],"predecessor-version":[{"id":2932,"href":"https:\/\/mhf.ro\/mm\/wp-json\/wp\/v2\/posts\/2930\/revisions\/2932"}],"wp:featuredmedia":[{"embeddable":true,"href":"https:\/\/mhf.ro\/mm\/wp-json\/wp\/v2\/media\/2931"}],"wp:attachment":[{"href":"https:\/\/mhf.ro\/mm\/wp-json\/wp\/v2\/media?parent=2930"}],"wp:term":[{"taxonomy":"category","embeddable":true,"href":"https:\/\/mhf.ro\/mm\/wp-json\/wp\/v2\/categories?post=2930"},{"taxonomy":"post_tag","embeddable":true,"href":"https:\/\/mhf.ro\/mm\/wp-json\/wp\/v2\/tags?post=2930"}],"curies":[{"name":"wp","href":"https:\/\/api.w.org\/{rel}","templated":true}]}}