{"id":3021,"date":"2020-12-11T22:58:15","date_gmt":"2020-12-11T20:58:15","guid":{"rendered":"https:\/\/mhf.ro\/mm\/?p=3021"},"modified":"2020-12-11T23:00:10","modified_gmt":"2020-12-11T21:00:10","slug":"se-reintroduce-stagiu-militar-pentru-toata-lumea","status":"publish","type":"post","link":"https:\/\/mhf.ro\/mm\/se-reintroduce-stagiu-militar-pentru-toata-lumea\/","title":{"rendered":"Se reintroduce stagiu militar pentru toat\u0103 lumea?"},"content":{"rendered":"<p>Copre\u0219edintele AUR, George Simion, a spus, vineri seara, la \u201eMarius Tuc\u0103 Show\u201d, c\u0103 va cere \u00een Parlament ca stagiul militar s\u0103 devin\u0103 obligatoriu.<\/p>\n<ul>\n<li><strong>Claudiu T\u00e2rziu: <em>Noi intr\u0103m \u00een Parlament s\u0103 ne batem pentru interesul na\u021bional<\/em><\/strong><\/li>\n<li><strong>Claudiu T\u00e2rziu: <em>Reforma clasei politice e prioritatea zero<\/em><\/strong><\/li>\n<li><strong>George Simion: <em>Vrem preg\u0103tire militar\u0103 obligatorie<\/em><\/strong><\/li>\n<\/ul>\n<p>Marius Tuc\u0103 le-a cerut invita\u021bilor s\u0103i de vineri sear\u0103, copre\u0219edin\u021bii AUR George Simion \u0219i Claudiu T\u00e2rziu, s\u0103 vorbeasc\u0103 despre proiectele forma\u021biunii politice care \u021bin de identitatea rom\u00e2neasc\u0103 \u0219i pe care vor s\u0103 le treac\u0103 prin Parlament, \u00een aceast\u0103 legislatur\u0103.<\/p>\n<p>\u201e<em>Reforma clasei politice e prioritatea zero. Tot r\u0103ul din societatea rom\u00e2neasc\u0103 vine de la o clas\u0103 politic\u0103 incompetent\u0103 \u0219i corupt\u0103<\/em>\u201d, a spus Claudiu T\u00e2rziu<\/p>\n<p style=\"text-align: right;\">(sursa alephnews.ro)<\/p>\n","protected":false},"excerpt":{"rendered":"<p>Copre\u0219edintele AUR, George Simion, a spus, vineri seara, la \u201eMarius Tuc\u0103 Show\u201d, c\u0103 va cere \u00een Parlament ca stagiul militar<\/p>\n","protected":false},"author":1,"featured_media":3022,"comment_status":"open","ping_status":"open","sticky":false,"template":"","format":"standard","meta":{"colormag_page_container_layout":"default_layout","colormag_page_sidebar_layout":"default_layout","footnotes":""},"categories":[5],"tags":[],"class_list":["post-3021","post","type-post","status-publish","format-standard","has-post-thumbnail","hentry","category-locale"],"yoast_head":"<!-- This site is optimized with the Yoast SEO plugin v27.0 - https:\/\/yoast.com\/product\/yoast-seo-wordpress\/ -->\n<title>Se reintroduce stagiu militar pentru toat\u0103 lumea? - MHF Photography<\/title>\n<meta name=\"description\" content=\"Copre\u0219edintele AUR, George Simion, a spus, vineri seara, c\u0103 va cere \u00een Parlament ca stagiul militar s\u0103 devin\u0103 obligatoriu.\" \/>\n<meta name=\"robots\" content=\"index, follow, max-snippet:-1, max-image-preview:large, max-video-preview:-1\" \/>\n<link rel=\"canonical\" href=\"https:\/\/mhf.ro\/mm\/se-reintroduce-stagiu-militar-pentru-toata-lumea\/\" \/>\n<meta property=\"og:locale\" content=\"ro_RO\" \/>\n<meta property=\"og:type\" content=\"article\" \/>\n<meta property=\"og:title\" content=\"Se reintroduce stagiu militar pentru toat\u0103 lumea? - MHF Photography\" \/>\n<meta property=\"og:description\" content=\"Copre\u0219edintele AUR, George Simion, a spus, vineri seara, c\u0103 va cere \u00een Parlament ca stagiul militar s\u0103 devin\u0103 obligatoriu.\" \/>\n<meta property=\"og:url\" content=\"https:\/\/mhf.ro\/mm\/se-reintroduce-stagiu-militar-pentru-toata-lumea\/\" \/>\n<meta property=\"og:site_name\" content=\"MHF Photography\" \/>\n<meta property=\"article:published_time\" content=\"2020-12-11T20:58:15+00:00\" \/>\n<meta property=\"article:modified_time\" content=\"2020-12-11T21:00:10+00:00\" \/>\n<meta property=\"og:image\" content=\"https:\/\/mhf.ro\/mm\/wp-content\/uploads\/2020\/12\/soldati.jpg\" \/>\n\t<meta property=\"og:image:width\" content=\"1280\" \/>\n\t<meta property=\"og:image:height\" content=\"890\" \/>\n\t<meta property=\"og:image:type\" content=\"image\/jpeg\" \/>\n<meta name=\"author\" content=\"Marius Marcu\" \/>\n<meta name=\"twitter:card\" content=\"summary_large_image\" \/>\n<meta name=\"twitter:label1\" content=\"Scris de\" \/>\n\t<meta name=\"twitter:data1\" content=\"Marius Marcu\" \/>\n\t<meta name=\"twitter:label2\" content=\"Timp estimat pentru citire\" \/>\n\t<meta name=\"twitter:data2\" content=\"1 minut\" \/>\n<script type=\"application\/ld+json\" class=\"yoast-schema-graph\">{\"@context\":\"https:\/\/schema.org\",\"@graph\":[{\"@type\":\"Article\",\"@id\":\"https:\/\/mhf.ro\/mm\/se-reintroduce-stagiu-militar-pentru-toata-lumea\/#article\",\"isPartOf\":{\"@id\":\"https:\/\/mhf.ro\/mm\/se-reintroduce-stagiu-militar-pentru-toata-lumea\/\"},\"author\":{\"name\":\"Marius Marcu\",\"@id\":\"https:\/\/mhf.ro\/mm\/#\/schema\/person\/a3bebf7bdb4bf12f698aff73c7e46c21\"},\"headline\":\"Se reintroduce stagiu militar pentru toat\u0103 lumea?\",\"datePublished\":\"2020-12-11T20:58:15+00:00\",\"dateModified\":\"2020-12-11T21:00:10+00:00\",\"mainEntityOfPage\":{\"@id\":\"https:\/\/mhf.ro\/mm\/se-reintroduce-stagiu-militar-pentru-toata-lumea\/\"},\"wordCount\":138,\"commentCount\":0,\"publisher\":{\"@id\":\"https:\/\/mhf.ro\/mm\/#\/schema\/person\/a3bebf7bdb4bf12f698aff73c7e46c21\"},\"image\":{\"@id\":\"https:\/\/mhf.ro\/mm\/se-reintroduce-stagiu-militar-pentru-toata-lumea\/#primaryimage\"},\"thumbnailUrl\":\"https:\/\/mhf.ro\/mm\/wp-content\/uploads\/2020\/12\/soldati.jpg\",\"articleSection\":[\"Locale\"],\"inLanguage\":\"ro-RO\",\"potentialAction\":[{\"@type\":\"CommentAction\",\"name\":\"Comment\",\"target\":[\"https:\/\/mhf.ro\/mm\/se-reintroduce-stagiu-militar-pentru-toata-lumea\/#respond\"]}]},{\"@type\":\"WebPage\",\"@id\":\"https:\/\/mhf.ro\/mm\/se-reintroduce-stagiu-militar-pentru-toata-lumea\/\",\"url\":\"https:\/\/mhf.ro\/mm\/se-reintroduce-stagiu-militar-pentru-toata-lumea\/\",\"name\":\"Se reintroduce stagiu militar pentru toat\u0103 lumea? - MHF Photography\",\"isPartOf\":{\"@id\":\"https:\/\/mhf.ro\/mm\/#website\"},\"primaryImageOfPage\":{\"@id\":\"https:\/\/mhf.ro\/mm\/se-reintroduce-stagiu-militar-pentru-toata-lumea\/#primaryimage\"},\"image\":{\"@id\":\"https:\/\/mhf.ro\/mm\/se-reintroduce-stagiu-militar-pentru-toata-lumea\/#primaryimage\"},\"thumbnailUrl\":\"https:\/\/mhf.ro\/mm\/wp-content\/uploads\/2020\/12\/soldati.jpg\",\"datePublished\":\"2020-12-11T20:58:15+00:00\",\"dateModified\":\"2020-12-11T21:00:10+00:00\",\"description\":\"Copre\u0219edintele AUR, George Simion, a spus, vineri seara, c\u0103 va cere \u00een Parlament ca stagiul militar s\u0103 devin\u0103 obligatoriu.\",\"breadcrumb\":{\"@id\":\"https:\/\/mhf.ro\/mm\/se-reintroduce-stagiu-militar-pentru-toata-lumea\/#breadcrumb\"},\"inLanguage\":\"ro-RO\",\"potentialAction\":[{\"@type\":\"ReadAction\",\"target\":[\"https:\/\/mhf.ro\/mm\/se-reintroduce-stagiu-militar-pentru-toata-lumea\/\"]}]},{\"@type\":\"ImageObject\",\"inLanguage\":\"ro-RO\",\"@id\":\"https:\/\/mhf.ro\/mm\/se-reintroduce-stagiu-militar-pentru-toata-lumea\/#primaryimage\",\"url\":\"https:\/\/mhf.ro\/mm\/wp-content\/uploads\/2020\/12\/soldati.jpg\",\"contentUrl\":\"https:\/\/mhf.ro\/mm\/wp-content\/uploads\/2020\/12\/soldati.jpg\",\"width\":1280,\"height\":890},{\"@type\":\"BreadcrumbList\",\"@id\":\"https:\/\/mhf.ro\/mm\/se-reintroduce-stagiu-militar-pentru-toata-lumea\/#breadcrumb\",\"itemListElement\":[{\"@type\":\"ListItem\",\"position\":1,\"name\":\"Prima pagin\u0103\",\"item\":\"https:\/\/mhf.ro\/mm\/\"},{\"@type\":\"ListItem\",\"position\":2,\"name\":\"Se reintroduce stagiu militar pentru toat\u0103 lumea?\"}]},{\"@type\":\"WebSite\",\"@id\":\"https:\/\/mhf.ro\/mm\/#website\",\"url\":\"https:\/\/mhf.ro\/mm\/\",\"name\":\"MHF Photography \u2013 Blog de fotografie, natur\u0103 \u0219i tehnic\u0103 divers\u0103\",\"description\":\"Aventur\u0103 \u00een fiecare cadru.\",\"publisher\":{\"@id\":\"https:\/\/mhf.ro\/mm\/#\/schema\/person\/a3bebf7bdb4bf12f698aff73c7e46c21\"},\"potentialAction\":[{\"@type\":\"SearchAction\",\"target\":{\"@type\":\"EntryPoint\",\"urlTemplate\":\"https:\/\/mhf.ro\/mm\/?s={search_term_string}\"},\"query-input\":{\"@type\":\"PropertyValueSpecification\",\"valueRequired\":true,\"valueName\":\"search_term_string\"}}],\"inLanguage\":\"ro-RO\"},{\"@type\":[\"Person\",\"Organization\"],\"@id\":\"https:\/\/mhf.ro\/mm\/#\/schema\/person\/a3bebf7bdb4bf12f698aff73c7e46c21\",\"name\":\"Marius Marcu\",\"image\":{\"@type\":\"ImageObject\",\"inLanguage\":\"ro-RO\",\"@id\":\"https:\/\/mhf.ro\/mm\/#\/schema\/person\/image\/\",\"url\":\"https:\/\/mhf.ro\/mm\/wp-content\/uploads\/2025\/12\/cropped-logo_mhf_2.png\",\"contentUrl\":\"https:\/\/mhf.ro\/mm\/wp-content\/uploads\/2025\/12\/cropped-logo_mhf_2.png\",\"width\":1096,\"height\":457,\"caption\":\"Marius Marcu\"},\"logo\":{\"@id\":\"https:\/\/mhf.ro\/mm\/#\/schema\/person\/image\/\"},\"sameAs\":[\"https:\/\/mhf.ro\/mm\"],\"url\":\"https:\/\/mhf.ro\/mm\/author\/mihai\/\"}]}<\/script>\n<!-- \/ Yoast SEO plugin. -->","yoast_head_json":{"title":"Se reintroduce stagiu militar pentru toat\u0103 lumea? - MHF Photography","description":"Copre\u0219edintele AUR, George Simion, a spus, vineri seara, c\u0103 va cere \u00een Parlament ca stagiul militar s\u0103 devin\u0103 obligatoriu.","robots":{"index":"index","follow":"follow","max-snippet":"max-snippet:-1","max-image-preview":"max-image-preview:large","max-video-preview":"max-video-preview:-1"},"canonical":"https:\/\/mhf.ro\/mm\/se-reintroduce-stagiu-militar-pentru-toata-lumea\/","og_locale":"ro_RO","og_type":"article","og_title":"Se reintroduce stagiu militar pentru toat\u0103 lumea? - MHF Photography","og_description":"Copre\u0219edintele AUR, George Simion, a spus, vineri seara, c\u0103 va cere \u00een Parlament ca stagiul militar s\u0103 devin\u0103 obligatoriu.","og_url":"https:\/\/mhf.ro\/mm\/se-reintroduce-stagiu-militar-pentru-toata-lumea\/","og_site_name":"MHF Photography","article_published_time":"2020-12-11T20:58:15+00:00","article_modified_time":"2020-12-11T21:00:10+00:00","og_image":[{"width":1280,"height":890,"url":"https:\/\/mhf.ro\/mm\/wp-content\/uploads\/2020\/12\/soldati.jpg","type":"image\/jpeg"}],"author":"Marius Marcu","twitter_card":"summary_large_image","twitter_misc":{"Scris de":"Marius Marcu","Timp estimat pentru citire":"1 minut"},"schema":{"@context":"https:\/\/schema.org","@graph":[{"@type":"Article","@id":"https:\/\/mhf.ro\/mm\/se-reintroduce-stagiu-militar-pentru-toata-lumea\/#article","isPartOf":{"@id":"https:\/\/mhf.ro\/mm\/se-reintroduce-stagiu-militar-pentru-toata-lumea\/"},"author":{"name":"Marius Marcu","@id":"https:\/\/mhf.ro\/mm\/#\/schema\/person\/a3bebf7bdb4bf12f698aff73c7e46c21"},"headline":"Se reintroduce stagiu militar pentru toat\u0103 lumea?","datePublished":"2020-12-11T20:58:15+00:00","dateModified":"2020-12-11T21:00:10+00:00","mainEntityOfPage":{"@id":"https:\/\/mhf.ro\/mm\/se-reintroduce-stagiu-militar-pentru-toata-lumea\/"},"wordCount":138,"commentCount":0,"publisher":{"@id":"https:\/\/mhf.ro\/mm\/#\/schema\/person\/a3bebf7bdb4bf12f698aff73c7e46c21"},"image":{"@id":"https:\/\/mhf.ro\/mm\/se-reintroduce-stagiu-militar-pentru-toata-lumea\/#primaryimage"},"thumbnailUrl":"https:\/\/mhf.ro\/mm\/wp-content\/uploads\/2020\/12\/soldati.jpg","articleSection":["Locale"],"inLanguage":"ro-RO","potentialAction":[{"@type":"CommentAction","name":"Comment","target":["https:\/\/mhf.ro\/mm\/se-reintroduce-stagiu-militar-pentru-toata-lumea\/#respond"]}]},{"@type":"WebPage","@id":"https:\/\/mhf.ro\/mm\/se-reintroduce-stagiu-militar-pentru-toata-lumea\/","url":"https:\/\/mhf.ro\/mm\/se-reintroduce-stagiu-militar-pentru-toata-lumea\/","name":"Se reintroduce stagiu militar pentru toat\u0103 lumea? - MHF Photography","isPartOf":{"@id":"https:\/\/mhf.ro\/mm\/#website"},"primaryImageOfPage":{"@id":"https:\/\/mhf.ro\/mm\/se-reintroduce-stagiu-militar-pentru-toata-lumea\/#primaryimage"},"image":{"@id":"https:\/\/mhf.ro\/mm\/se-reintroduce-stagiu-militar-pentru-toata-lumea\/#primaryimage"},"thumbnailUrl":"https:\/\/mhf.ro\/mm\/wp-content\/uploads\/2020\/12\/soldati.jpg","datePublished":"2020-12-11T20:58:15+00:00","dateModified":"2020-12-11T21:00:10+00:00","description":"Copre\u0219edintele AUR, George Simion, a spus, vineri seara, c\u0103 va cere \u00een Parlament ca stagiul militar s\u0103 devin\u0103 obligatoriu.","breadcrumb":{"@id":"https:\/\/mhf.ro\/mm\/se-reintroduce-stagiu-militar-pentru-toata-lumea\/#breadcrumb"},"inLanguage":"ro-RO","potentialAction":[{"@type":"ReadAction","target":["https:\/\/mhf.ro\/mm\/se-reintroduce-stagiu-militar-pentru-toata-lumea\/"]}]},{"@type":"ImageObject","inLanguage":"ro-RO","@id":"https:\/\/mhf.ro\/mm\/se-reintroduce-stagiu-militar-pentru-toata-lumea\/#primaryimage","url":"https:\/\/mhf.ro\/mm\/wp-content\/uploads\/2020\/12\/soldati.jpg","contentUrl":"https:\/\/mhf.ro\/mm\/wp-content\/uploads\/2020\/12\/soldati.jpg","width":1280,"height":890},{"@type":"BreadcrumbList","@id":"https:\/\/mhf.ro\/mm\/se-reintroduce-stagiu-militar-pentru-toata-lumea\/#breadcrumb","itemListElement":[{"@type":"ListItem","position":1,"name":"Prima pagin\u0103","item":"https:\/\/mhf.ro\/mm\/"},{"@type":"ListItem","position":2,"name":"Se reintroduce stagiu militar pentru toat\u0103 lumea?"}]},{"@type":"WebSite","@id":"https:\/\/mhf.ro\/mm\/#website","url":"https:\/\/mhf.ro\/mm\/","name":"MHF Photography \u2013 Blog de fotografie, natur\u0103 \u0219i tehnic\u0103 divers\u0103","description":"Aventur\u0103 \u00een fiecare cadru.","publisher":{"@id":"https:\/\/mhf.ro\/mm\/#\/schema\/person\/a3bebf7bdb4bf12f698aff73c7e46c21"},"potentialAction":[{"@type":"SearchAction","target":{"@type":"EntryPoint","urlTemplate":"https:\/\/mhf.ro\/mm\/?s={search_term_string}"},"query-input":{"@type":"PropertyValueSpecification","valueRequired":true,"valueName":"search_term_string"}}],"inLanguage":"ro-RO"},{"@type":["Person","Organization"],"@id":"https:\/\/mhf.ro\/mm\/#\/schema\/person\/a3bebf7bdb4bf12f698aff73c7e46c21","name":"Marius Marcu","image":{"@type":"ImageObject","inLanguage":"ro-RO","@id":"https:\/\/mhf.ro\/mm\/#\/schema\/person\/image\/","url":"https:\/\/mhf.ro\/mm\/wp-content\/uploads\/2025\/12\/cropped-logo_mhf_2.png","contentUrl":"https:\/\/mhf.ro\/mm\/wp-content\/uploads\/2025\/12\/cropped-logo_mhf_2.png","width":1096,"height":457,"caption":"Marius Marcu"},"logo":{"@id":"https:\/\/mhf.ro\/mm\/#\/schema\/person\/image\/"},"sameAs":["https:\/\/mhf.ro\/mm"],"url":"https:\/\/mhf.ro\/mm\/author\/mihai\/"}]}},"_links":{"self":[{"href":"https:\/\/mhf.ro\/mm\/wp-json\/wp\/v2\/posts\/3021","targetHints":{"allow":["GET"]}}],"collection":[{"href":"https:\/\/mhf.ro\/mm\/wp-json\/wp\/v2\/posts"}],"about":[{"href":"https:\/\/mhf.ro\/mm\/wp-json\/wp\/v2\/types\/post"}],"author":[{"embeddable":true,"href":"https:\/\/mhf.ro\/mm\/wp-json\/wp\/v2\/users\/1"}],"replies":[{"embeddable":true,"href":"https:\/\/mhf.ro\/mm\/wp-json\/wp\/v2\/comments?post=3021"}],"version-history":[{"count":3,"href":"https:\/\/mhf.ro\/mm\/wp-json\/wp\/v2\/posts\/3021\/revisions"}],"predecessor-version":[{"id":3025,"href":"https:\/\/mhf.ro\/mm\/wp-json\/wp\/v2\/posts\/3021\/revisions\/3025"}],"wp:featuredmedia":[{"embeddable":true,"href":"https:\/\/mhf.ro\/mm\/wp-json\/wp\/v2\/media\/3022"}],"wp:attachment":[{"href":"https:\/\/mhf.ro\/mm\/wp-json\/wp\/v2\/media?parent=3021"}],"wp:term":[{"taxonomy":"category","embeddable":true,"href":"https:\/\/mhf.ro\/mm\/wp-json\/wp\/v2\/categories?post=3021"},{"taxonomy":"post_tag","embeddable":true,"href":"https:\/\/mhf.ro\/mm\/wp-json\/wp\/v2\/tags?post=3021"}],"curies":[{"name":"wp","href":"https:\/\/api.w.org\/{rel}","templated":true}]}}