{"id":3042,"date":"2020-12-13T17:22:35","date_gmt":"2020-12-13T15:22:35","guid":{"rendered":"https:\/\/mhf.ro\/mm\/?p=3042"},"modified":"2020-12-13T17:34:52","modified_gmt":"2020-12-13T15:34:52","slug":"masa-cea-de-piatra","status":"publish","type":"post","link":"https:\/\/mhf.ro\/mm\/masa-cea-de-piatra\/","title":{"rendered":"Masa de piatra"},"content":{"rendered":"<p>La mic\u0103 distan\u021b\u0103 de Municipiul Aiud, pe drumul ce duce spre Buru, se trece prin rezerva\u021bia natural\u0103 Cheile Aiudului. Este o zon\u0103 turistic\u0103 foarte frumoas\u0103, pe care am \u00eenceput s\u0103 o vizitez \u00eenc\u0103 din tinere\u021be. De foarte multe ori ne cazam cu corturile \u0219i participam la diverse concursuri de orientare turistica. Ast\u0103zi am fost pl\u0103cut surprins de ini\u021biativa celor care amenajeaz\u0103 \u0219i \u00eentre\u021bin acest minunat col\u021b de rai.<\/p>\n<div id=\"envira-gallery-wrap-3052\" class=\"envira-gallery-wrap envira-gallery-theme-base envira-lightbox-theme-base\" itemscope itemtype=\"https:\/\/schema.org\/ImageGallery\"><div data-row-height=\"150\" data-gallery-theme=\"normal\" id=\"envira-gallery-3052\" class=\"envira-gallery-public envira-gallery-justified-public envira-gallery-0-columns envira-clear enviratope envira-gallery-css-animations\" data-envira-columns=\"0\"><div id=\"envira-gallery-item-3047\" class=\"envira-gallery-item enviratope-item envira-gallery-item-1 envira-lazy-load\" style=\"padding-left: 5px; padding-bottom: 10px; padding-right: 5px;\"  itemscope itemtype=\"https:\/\/schema.org\/ImageObject\"><div class=\"envira-gallery-item-inner\"><div class=\"envira-gallery-position-overlay  envira-gallery-top-left\"><\/div><div class=\"envira-gallery-position-overlay  envira-gallery-top-right\"><\/div><div class=\"envira-gallery-position-overlay  envira-gallery-bottom-left\"><\/div><div class=\"envira-gallery-position-overlay  envira-gallery-bottom-right\"><\/div><a href=\"https:\/\/mhf.ro\/mm\/wp-content\/uploads\/2020\/12\/IMG_20201213_152825-scaled.jpg\" class=\"envira-gallery-3052 envira-gallery-link\" rel=\"enviragallery3052\" title=\"smart\" data-envira-caption=\"smart\" data-envira-retina=\"\" data-thumbnail=\"\"  itemprop=\"contentUrl\"><img decoding=\"async\" id=\"envira-gallery-image-3047\" class=\"envira-gallery-image envira-gallery-image-1 envira-normal envira-lazy\" data-envira-index=\"1\" src=\"https:\/\/mhf.ro\/mm\/wp-content\/uploads\/2020\/12\/IMG_20201213_152825-scaled-1024x768-640x480.jpg\" data-envira-src=\"https:\/\/mhf.ro\/mm\/wp-content\/uploads\/2020\/12\/IMG_20201213_152825-scaled-1024x768-640x480.jpg\" data-envira-gallery-id=\"3052\" data-envira-item-id=\"3047\" data-envira-caption=\"smart\" alt=\"\" title=\"smart\"  itemprop=\"thumbnailUrl\" data-envira-srcset=\"https:\/\/mhf.ro\/mm\/wp-content\/uploads\/2020\/12\/IMG_20201213_152825-scaled-1024x768-640x480.jpg 400w,https:\/\/mhf.ro\/mm\/wp-content\/uploads\/2020\/12\/IMG_20201213_152825-scaled-1024x768-640x480.jpg 2x\" data-envira-width=\"300\" data-envira-height=\"225\" srcset=\"data:image\/gif;base64,R0lGODlhAQABAIAAAP\/\/\/\/\/\/\/yH5BAEKAAEALAAAAAABAAEAAAICTAEAOw==\" data-safe-src=\"data:image\/gif;base64,R0lGODlhAQABAIAAAP\/\/\/\/\/\/\/yH5BAEKAAEALAAAAAABAAEAAAICTAEAOw==\" \/><\/a><\/div><\/div><div id=\"envira-gallery-item-3048\" class=\"envira-gallery-item enviratope-item envira-gallery-item-2 envira-lazy-load\" style=\"padding-left: 5px; padding-bottom: 10px; padding-right: 5px;\"  itemscope itemtype=\"https:\/\/schema.org\/ImageObject\"><div class=\"envira-gallery-item-inner\"><div class=\"envira-gallery-position-overlay  envira-gallery-top-left\"><\/div><div class=\"envira-gallery-position-overlay  envira-gallery-top-right\"><\/div><div class=\"envira-gallery-position-overlay  envira-gallery-bottom-left\"><\/div><div class=\"envira-gallery-position-overlay  envira-gallery-bottom-right\"><\/div><a href=\"https:\/\/mhf.ro\/mm\/wp-content\/uploads\/2020\/12\/IMG_20201213_152717-scaled.jpg\" class=\"envira-gallery-3052 envira-gallery-link\" rel=\"enviragallery3052\" title=\"smart\" data-envira-caption=\"smart\" data-envira-retina=\"\" data-thumbnail=\"\"  itemprop=\"contentUrl\"><img decoding=\"async\" id=\"envira-gallery-image-3048\" class=\"envira-gallery-image envira-gallery-image-2 envira-normal envira-lazy\" data-envira-index=\"2\" src=\"https:\/\/mhf.ro\/mm\/wp-content\/uploads\/2020\/12\/IMG_20201213_152717-scaled-1024x768-640x480.jpg\" data-envira-src=\"https:\/\/mhf.ro\/mm\/wp-content\/uploads\/2020\/12\/IMG_20201213_152717-scaled-1024x768-640x480.jpg\" data-envira-gallery-id=\"3052\" data-envira-item-id=\"3048\" data-envira-caption=\"smart\" alt=\"\" title=\"smart\"  itemprop=\"thumbnailUrl\" data-envira-srcset=\"https:\/\/mhf.ro\/mm\/wp-content\/uploads\/2020\/12\/IMG_20201213_152717-scaled-1024x768-640x480.jpg 400w,https:\/\/mhf.ro\/mm\/wp-content\/uploads\/2020\/12\/IMG_20201213_152717-scaled-1024x768-640x480.jpg 2x\" data-envira-width=\"300\" data-envira-height=\"225\" srcset=\"data:image\/gif;base64,R0lGODlhAQABAIAAAP\/\/\/\/\/\/\/yH5BAEKAAEALAAAAAABAAEAAAICTAEAOw==\" data-safe-src=\"data:image\/gif;base64,R0lGODlhAQABAIAAAP\/\/\/\/\/\/\/yH5BAEKAAEALAAAAAABAAEAAAICTAEAOw==\" \/><\/a><\/div><\/div><\/div><\/div><noscript><img decoding=\"async\" src=\"https:\/\/mhf.ro\/mm\/wp-content\/uploads\/2020\/12\/IMG_20201213_152825-scaled.jpg\" alt=\"\" \/><img decoding=\"async\" src=\"https:\/\/mhf.ro\/mm\/wp-content\/uploads\/2020\/12\/IMG_20201213_152717-scaled.jpg\" alt=\"\" \/><\/noscript>\n<p>Am v\u0103zut aceast\u0103 inedit\u0103 idee de a crea o mas\u0103 pentru turi\u0219ti, folosind un bolovan imens. V\u0103 invit c\u0103lduros s\u0103 vizita\u021bi aceast\u0103 zon\u0103.<\/p>\n<div class=\"mceTemp\"><\/div>\n","protected":false},"excerpt":{"rendered":"<p>La mic\u0103 distan\u021b\u0103 de Municipiul Aiud, pe drumul ce duce spre Buru, se trece prin rezerva\u021bia natural\u0103 Cheile Aiudului. Este<\/p>\n","protected":false},"author":1,"featured_media":3049,"comment_status":"open","ping_status":"open","sticky":false,"template":"","format":"standard","meta":{"colormag_page_container_layout":"default_layout","colormag_page_sidebar_layout":"default_layout","footnotes":""},"categories":[5],"tags":[],"class_list":["post-3042","post","type-post","status-publish","format-standard","has-post-thumbnail","hentry","category-locale"],"yoast_head":"<!-- This site is optimized with the Yoast SEO plugin v27.0 - https:\/\/yoast.com\/product\/yoast-seo-wordpress\/ -->\n<title>Masa de piatra - MHF Photography<\/title>\n<meta name=\"description\" content=\"O rezerva\u021bie naturala amplasata \u00eentr-o zona pitoreasca din apropierea Municipiului Aiud. \u00cen Mun\u021bii Apuseni.\" \/>\n<meta name=\"robots\" content=\"index, follow, max-snippet:-1, max-image-preview:large, max-video-preview:-1\" \/>\n<link rel=\"canonical\" href=\"https:\/\/mhf.ro\/mm\/masa-cea-de-piatra\/\" \/>\n<meta property=\"og:locale\" content=\"ro_RO\" \/>\n<meta property=\"og:type\" content=\"article\" \/>\n<meta property=\"og:title\" content=\"Masa de piatra - MHF Photography\" \/>\n<meta property=\"og:description\" content=\"O rezerva\u021bie naturala amplasata \u00eentr-o zona pitoreasca din apropierea Municipiului Aiud. \u00cen Mun\u021bii Apuseni.\" \/>\n<meta property=\"og:url\" content=\"https:\/\/mhf.ro\/mm\/masa-cea-de-piatra\/\" \/>\n<meta property=\"og:site_name\" content=\"MHF Photography\" \/>\n<meta property=\"article:published_time\" content=\"2020-12-13T15:22:35+00:00\" \/>\n<meta property=\"article:modified_time\" content=\"2020-12-13T15:34:52+00:00\" \/>\n<meta property=\"og:image\" content=\"https:\/\/mhf.ro\/mm\/wp-content\/uploads\/2020\/12\/IMG_20201213_152705-scaled.jpg\" \/>\n\t<meta property=\"og:image:width\" content=\"2560\" \/>\n\t<meta property=\"og:image:height\" content=\"1920\" \/>\n\t<meta property=\"og:image:type\" content=\"image\/jpeg\" \/>\n<meta name=\"author\" content=\"Marius Marcu\" \/>\n<meta name=\"twitter:card\" content=\"summary_large_image\" \/>\n<meta name=\"twitter:label1\" content=\"Scris de\" \/>\n\t<meta name=\"twitter:data1\" content=\"Marius Marcu\" \/>\n\t<meta name=\"twitter:label2\" content=\"Timp estimat pentru citire\" \/>\n\t<meta name=\"twitter:data2\" content=\"1 minut\" \/>\n<script type=\"application\/ld+json\" class=\"yoast-schema-graph\">{\"@context\":\"https:\/\/schema.org\",\"@graph\":[{\"@type\":\"Article\",\"@id\":\"https:\/\/mhf.ro\/mm\/masa-cea-de-piatra\/#article\",\"isPartOf\":{\"@id\":\"https:\/\/mhf.ro\/mm\/masa-cea-de-piatra\/\"},\"author\":{\"name\":\"Marius Marcu\",\"@id\":\"https:\/\/mhf.ro\/mm\/#\/schema\/person\/a3bebf7bdb4bf12f698aff73c7e46c21\"},\"headline\":\"Masa de piatra\",\"datePublished\":\"2020-12-13T15:22:35+00:00\",\"dateModified\":\"2020-12-13T15:34:52+00:00\",\"mainEntityOfPage\":{\"@id\":\"https:\/\/mhf.ro\/mm\/masa-cea-de-piatra\/\"},\"wordCount\":106,\"commentCount\":0,\"publisher\":{\"@id\":\"https:\/\/mhf.ro\/mm\/#\/schema\/person\/a3bebf7bdb4bf12f698aff73c7e46c21\"},\"image\":{\"@id\":\"https:\/\/mhf.ro\/mm\/masa-cea-de-piatra\/#primaryimage\"},\"thumbnailUrl\":\"https:\/\/mhf.ro\/mm\/wp-content\/uploads\/2020\/12\/IMG_20201213_152705-scaled.jpg\",\"articleSection\":[\"Locale\"],\"inLanguage\":\"ro-RO\",\"potentialAction\":[{\"@type\":\"CommentAction\",\"name\":\"Comment\",\"target\":[\"https:\/\/mhf.ro\/mm\/masa-cea-de-piatra\/#respond\"]}]},{\"@type\":\"WebPage\",\"@id\":\"https:\/\/mhf.ro\/mm\/masa-cea-de-piatra\/\",\"url\":\"https:\/\/mhf.ro\/mm\/masa-cea-de-piatra\/\",\"name\":\"Masa de piatra - MHF Photography\",\"isPartOf\":{\"@id\":\"https:\/\/mhf.ro\/mm\/#website\"},\"primaryImageOfPage\":{\"@id\":\"https:\/\/mhf.ro\/mm\/masa-cea-de-piatra\/#primaryimage\"},\"image\":{\"@id\":\"https:\/\/mhf.ro\/mm\/masa-cea-de-piatra\/#primaryimage\"},\"thumbnailUrl\":\"https:\/\/mhf.ro\/mm\/wp-content\/uploads\/2020\/12\/IMG_20201213_152705-scaled.jpg\",\"datePublished\":\"2020-12-13T15:22:35+00:00\",\"dateModified\":\"2020-12-13T15:34:52+00:00\",\"description\":\"O rezerva\u021bie naturala amplasata \u00eentr-o zona pitoreasca din apropierea Municipiului Aiud. \u00cen Mun\u021bii Apuseni.\",\"breadcrumb\":{\"@id\":\"https:\/\/mhf.ro\/mm\/masa-cea-de-piatra\/#breadcrumb\"},\"inLanguage\":\"ro-RO\",\"potentialAction\":[{\"@type\":\"ReadAction\",\"target\":[\"https:\/\/mhf.ro\/mm\/masa-cea-de-piatra\/\"]}]},{\"@type\":\"ImageObject\",\"inLanguage\":\"ro-RO\",\"@id\":\"https:\/\/mhf.ro\/mm\/masa-cea-de-piatra\/#primaryimage\",\"url\":\"https:\/\/mhf.ro\/mm\/wp-content\/uploads\/2020\/12\/IMG_20201213_152705-scaled.jpg\",\"contentUrl\":\"https:\/\/mhf.ro\/mm\/wp-content\/uploads\/2020\/12\/IMG_20201213_152705-scaled.jpg\",\"width\":2560,\"height\":1920,\"caption\":\"smart\"},{\"@type\":\"BreadcrumbList\",\"@id\":\"https:\/\/mhf.ro\/mm\/masa-cea-de-piatra\/#breadcrumb\",\"itemListElement\":[{\"@type\":\"ListItem\",\"position\":1,\"name\":\"Prima pagin\u0103\",\"item\":\"https:\/\/mhf.ro\/mm\/\"},{\"@type\":\"ListItem\",\"position\":2,\"name\":\"Masa de piatra\"}]},{\"@type\":\"WebSite\",\"@id\":\"https:\/\/mhf.ro\/mm\/#website\",\"url\":\"https:\/\/mhf.ro\/mm\/\",\"name\":\"MHF Photography \u2013 Blog de fotografie, natur\u0103 \u0219i tehnic\u0103 divers\u0103\",\"description\":\"Aventur\u0103 \u00een fiecare cadru.\",\"publisher\":{\"@id\":\"https:\/\/mhf.ro\/mm\/#\/schema\/person\/a3bebf7bdb4bf12f698aff73c7e46c21\"},\"potentialAction\":[{\"@type\":\"SearchAction\",\"target\":{\"@type\":\"EntryPoint\",\"urlTemplate\":\"https:\/\/mhf.ro\/mm\/?s={search_term_string}\"},\"query-input\":{\"@type\":\"PropertyValueSpecification\",\"valueRequired\":true,\"valueName\":\"search_term_string\"}}],\"inLanguage\":\"ro-RO\"},{\"@type\":[\"Person\",\"Organization\"],\"@id\":\"https:\/\/mhf.ro\/mm\/#\/schema\/person\/a3bebf7bdb4bf12f698aff73c7e46c21\",\"name\":\"Marius Marcu\",\"image\":{\"@type\":\"ImageObject\",\"inLanguage\":\"ro-RO\",\"@id\":\"https:\/\/mhf.ro\/mm\/#\/schema\/person\/image\/\",\"url\":\"https:\/\/mhf.ro\/mm\/wp-content\/uploads\/2025\/12\/cropped-logo_mhf_2.png\",\"contentUrl\":\"https:\/\/mhf.ro\/mm\/wp-content\/uploads\/2025\/12\/cropped-logo_mhf_2.png\",\"width\":1096,\"height\":457,\"caption\":\"Marius Marcu\"},\"logo\":{\"@id\":\"https:\/\/mhf.ro\/mm\/#\/schema\/person\/image\/\"},\"sameAs\":[\"https:\/\/mhf.ro\/mm\"],\"url\":\"https:\/\/mhf.ro\/mm\/author\/mihai\/\"}]}<\/script>\n<!-- \/ Yoast SEO plugin. -->","yoast_head_json":{"title":"Masa de piatra - MHF Photography","description":"O rezerva\u021bie naturala amplasata \u00eentr-o zona pitoreasca din apropierea Municipiului Aiud. \u00cen Mun\u021bii Apuseni.","robots":{"index":"index","follow":"follow","max-snippet":"max-snippet:-1","max-image-preview":"max-image-preview:large","max-video-preview":"max-video-preview:-1"},"canonical":"https:\/\/mhf.ro\/mm\/masa-cea-de-piatra\/","og_locale":"ro_RO","og_type":"article","og_title":"Masa de piatra - MHF Photography","og_description":"O rezerva\u021bie naturala amplasata \u00eentr-o zona pitoreasca din apropierea Municipiului Aiud. \u00cen Mun\u021bii Apuseni.","og_url":"https:\/\/mhf.ro\/mm\/masa-cea-de-piatra\/","og_site_name":"MHF Photography","article_published_time":"2020-12-13T15:22:35+00:00","article_modified_time":"2020-12-13T15:34:52+00:00","og_image":[{"width":2560,"height":1920,"url":"https:\/\/mhf.ro\/mm\/wp-content\/uploads\/2020\/12\/IMG_20201213_152705-scaled.jpg","type":"image\/jpeg"}],"author":"Marius Marcu","twitter_card":"summary_large_image","twitter_misc":{"Scris de":"Marius Marcu","Timp estimat pentru citire":"1 minut"},"schema":{"@context":"https:\/\/schema.org","@graph":[{"@type":"Article","@id":"https:\/\/mhf.ro\/mm\/masa-cea-de-piatra\/#article","isPartOf":{"@id":"https:\/\/mhf.ro\/mm\/masa-cea-de-piatra\/"},"author":{"name":"Marius Marcu","@id":"https:\/\/mhf.ro\/mm\/#\/schema\/person\/a3bebf7bdb4bf12f698aff73c7e46c21"},"headline":"Masa de piatra","datePublished":"2020-12-13T15:22:35+00:00","dateModified":"2020-12-13T15:34:52+00:00","mainEntityOfPage":{"@id":"https:\/\/mhf.ro\/mm\/masa-cea-de-piatra\/"},"wordCount":106,"commentCount":0,"publisher":{"@id":"https:\/\/mhf.ro\/mm\/#\/schema\/person\/a3bebf7bdb4bf12f698aff73c7e46c21"},"image":{"@id":"https:\/\/mhf.ro\/mm\/masa-cea-de-piatra\/#primaryimage"},"thumbnailUrl":"https:\/\/mhf.ro\/mm\/wp-content\/uploads\/2020\/12\/IMG_20201213_152705-scaled.jpg","articleSection":["Locale"],"inLanguage":"ro-RO","potentialAction":[{"@type":"CommentAction","name":"Comment","target":["https:\/\/mhf.ro\/mm\/masa-cea-de-piatra\/#respond"]}]},{"@type":"WebPage","@id":"https:\/\/mhf.ro\/mm\/masa-cea-de-piatra\/","url":"https:\/\/mhf.ro\/mm\/masa-cea-de-piatra\/","name":"Masa de piatra - MHF Photography","isPartOf":{"@id":"https:\/\/mhf.ro\/mm\/#website"},"primaryImageOfPage":{"@id":"https:\/\/mhf.ro\/mm\/masa-cea-de-piatra\/#primaryimage"},"image":{"@id":"https:\/\/mhf.ro\/mm\/masa-cea-de-piatra\/#primaryimage"},"thumbnailUrl":"https:\/\/mhf.ro\/mm\/wp-content\/uploads\/2020\/12\/IMG_20201213_152705-scaled.jpg","datePublished":"2020-12-13T15:22:35+00:00","dateModified":"2020-12-13T15:34:52+00:00","description":"O rezerva\u021bie naturala amplasata \u00eentr-o zona pitoreasca din apropierea Municipiului Aiud. \u00cen Mun\u021bii Apuseni.","breadcrumb":{"@id":"https:\/\/mhf.ro\/mm\/masa-cea-de-piatra\/#breadcrumb"},"inLanguage":"ro-RO","potentialAction":[{"@type":"ReadAction","target":["https:\/\/mhf.ro\/mm\/masa-cea-de-piatra\/"]}]},{"@type":"ImageObject","inLanguage":"ro-RO","@id":"https:\/\/mhf.ro\/mm\/masa-cea-de-piatra\/#primaryimage","url":"https:\/\/mhf.ro\/mm\/wp-content\/uploads\/2020\/12\/IMG_20201213_152705-scaled.jpg","contentUrl":"https:\/\/mhf.ro\/mm\/wp-content\/uploads\/2020\/12\/IMG_20201213_152705-scaled.jpg","width":2560,"height":1920,"caption":"smart"},{"@type":"BreadcrumbList","@id":"https:\/\/mhf.ro\/mm\/masa-cea-de-piatra\/#breadcrumb","itemListElement":[{"@type":"ListItem","position":1,"name":"Prima pagin\u0103","item":"https:\/\/mhf.ro\/mm\/"},{"@type":"ListItem","position":2,"name":"Masa de piatra"}]},{"@type":"WebSite","@id":"https:\/\/mhf.ro\/mm\/#website","url":"https:\/\/mhf.ro\/mm\/","name":"MHF Photography \u2013 Blog de fotografie, natur\u0103 \u0219i tehnic\u0103 divers\u0103","description":"Aventur\u0103 \u00een fiecare cadru.","publisher":{"@id":"https:\/\/mhf.ro\/mm\/#\/schema\/person\/a3bebf7bdb4bf12f698aff73c7e46c21"},"potentialAction":[{"@type":"SearchAction","target":{"@type":"EntryPoint","urlTemplate":"https:\/\/mhf.ro\/mm\/?s={search_term_string}"},"query-input":{"@type":"PropertyValueSpecification","valueRequired":true,"valueName":"search_term_string"}}],"inLanguage":"ro-RO"},{"@type":["Person","Organization"],"@id":"https:\/\/mhf.ro\/mm\/#\/schema\/person\/a3bebf7bdb4bf12f698aff73c7e46c21","name":"Marius Marcu","image":{"@type":"ImageObject","inLanguage":"ro-RO","@id":"https:\/\/mhf.ro\/mm\/#\/schema\/person\/image\/","url":"https:\/\/mhf.ro\/mm\/wp-content\/uploads\/2025\/12\/cropped-logo_mhf_2.png","contentUrl":"https:\/\/mhf.ro\/mm\/wp-content\/uploads\/2025\/12\/cropped-logo_mhf_2.png","width":1096,"height":457,"caption":"Marius Marcu"},"logo":{"@id":"https:\/\/mhf.ro\/mm\/#\/schema\/person\/image\/"},"sameAs":["https:\/\/mhf.ro\/mm"],"url":"https:\/\/mhf.ro\/mm\/author\/mihai\/"}]}},"_links":{"self":[{"href":"https:\/\/mhf.ro\/mm\/wp-json\/wp\/v2\/posts\/3042","targetHints":{"allow":["GET"]}}],"collection":[{"href":"https:\/\/mhf.ro\/mm\/wp-json\/wp\/v2\/posts"}],"about":[{"href":"https:\/\/mhf.ro\/mm\/wp-json\/wp\/v2\/types\/post"}],"author":[{"embeddable":true,"href":"https:\/\/mhf.ro\/mm\/wp-json\/wp\/v2\/users\/1"}],"replies":[{"embeddable":true,"href":"https:\/\/mhf.ro\/mm\/wp-json\/wp\/v2\/comments?post=3042"}],"version-history":[{"count":5,"href":"https:\/\/mhf.ro\/mm\/wp-json\/wp\/v2\/posts\/3042\/revisions"}],"predecessor-version":[{"id":3056,"href":"https:\/\/mhf.ro\/mm\/wp-json\/wp\/v2\/posts\/3042\/revisions\/3056"}],"wp:featuredmedia":[{"embeddable":true,"href":"https:\/\/mhf.ro\/mm\/wp-json\/wp\/v2\/media\/3049"}],"wp:attachment":[{"href":"https:\/\/mhf.ro\/mm\/wp-json\/wp\/v2\/media?parent=3042"}],"wp:term":[{"taxonomy":"category","embeddable":true,"href":"https:\/\/mhf.ro\/mm\/wp-json\/wp\/v2\/categories?post=3042"},{"taxonomy":"post_tag","embeddable":true,"href":"https:\/\/mhf.ro\/mm\/wp-json\/wp\/v2\/tags?post=3042"}],"curies":[{"name":"wp","href":"https:\/\/api.w.org\/{rel}","templated":true}]}}