{"id":3487,"date":"2020-12-22T08:52:49","date_gmt":"2020-12-22T06:52:49","guid":{"rendered":"https:\/\/mhf.ro\/mm\/?p=3487"},"modified":"2021-01-04T04:33:43","modified_gmt":"2021-01-04T02:33:43","slug":"la_gura_sobei","status":"publish","type":"post","link":"https:\/\/mhf.ro\/mm\/la_gura_sobei\/","title":{"rendered":"La gura sobei &#8211; Vasile Alecsandri"},"content":{"rendered":"\t\t<div data-elementor-type=\"wp-post\" data-elementor-id=\"3487\" class=\"elementor elementor-3487\">\n\t\t\t\t\t\t<section class=\"elementor-section elementor-top-section elementor-element elementor-element-a23f8a3 elementor-section-boxed elementor-section-height-default elementor-section-height-default\" data-id=\"a23f8a3\" data-element_type=\"section\" data-e-type=\"section\">\n\t\t\t\t\t\t<div class=\"elementor-container elementor-column-gap-default\">\n\t\t\t\t\t<div class=\"elementor-column elementor-col-100 elementor-top-column elementor-element elementor-element-fe68315\" data-id=\"fe68315\" data-element_type=\"column\" data-e-type=\"column\">\n\t\t\t<div class=\"elementor-widget-wrap elementor-element-populated\">\n\t\t\t\t\t\t<div class=\"elementor-element elementor-element-cd48d5c elementor-widget elementor-widget-heading\" data-id=\"cd48d5c\" data-element_type=\"widget\" data-e-type=\"widget\" data-widget_type=\"heading.default\">\n\t\t\t\t<div class=\"elementor-widget-container\">\n\t\t\t\t\t<h3 class=\"elementor-heading-title elementor-size-default\">La gura sobei<\/h3>\t\t\t\t<\/div>\n\t\t\t\t<\/div>\n\t\t\t\t\t<\/div>\n\t\t<\/div>\n\t\t\t\t\t<\/div>\n\t\t<\/section>\n\t\t\t\t<section class=\"elementor-section elementor-top-section elementor-element elementor-element-79bae10 elementor-section-boxed elementor-section-height-default elementor-section-height-default\" data-id=\"79bae10\" data-element_type=\"section\" data-e-type=\"section\">\n\t\t\t\t\t\t<div class=\"elementor-container elementor-column-gap-default\">\n\t\t\t\t\t<div class=\"elementor-column elementor-col-100 elementor-top-column elementor-element elementor-element-3218e2d\" data-id=\"3218e2d\" data-element_type=\"column\" data-e-type=\"column\">\n\t\t\t<div class=\"elementor-widget-wrap elementor-element-populated\">\n\t\t\t\t\t\t<div class=\"elementor-element elementor-element-543a2da elementor-widget elementor-widget-text-editor\" data-id=\"543a2da\" data-element_type=\"widget\" data-e-type=\"widget\" data-widget_type=\"text-editor.default\">\n\t\t\t\t<div class=\"elementor-widget-container\">\n\t\t\t\t\t\t\t\t\t<p>A\u015fezat la gura sobei noaptea pe c\u00e2nd viscole\u015fte<br \/>Privesc focul, scump tovar\u0103\u015f, care vesel p\u00e2lp\u00e2ie\u015fte.<br \/>\u015ei prin flac\u0103ra albastr\u0103 vreascurilor de aluni<br \/>V\u0103d trec\u00e2nd \u00een zbor fantastic a pove\u015ftilor minuni.<\/p><p>Iat\u0103-o pas\u0103re m\u0103iastr\u0103 prins\u0103-n lupt\u0103 c-un balaur;<br \/>Iat\u0103 cerbi cu stele-n frunte care trec pe pun\u0163i de aur;<br \/>Iat\u0103 cai ce fug ca g\u00e2ndul; iat\u0103 zmei \u00eenaripa\u0163i<br \/>Care-ascund \u00een mari palaturi m\u00e2ndre fete de-mp\u0103ra\u0163i.<\/p><p>Iat\u0103 pajuri n\u0103zdr\u0103vane care vin din neagra lume,<br \/>Aduc\u00e2nd pe lumea alb\u0103 fe\u0163i-frumo\u015fi cu falnic nume;<br \/>Iat\u0103-n lacul cel de lapte toate z\u00e2nele din rai&#8230;<br \/>Nu departe st\u0103 Pepelea, tupilat \u00een ilori de mai.<\/p><p>Dar pe mine ce m-atrage, dar pe mine ce m\u0103-nc\u00e2nt\u0103<br \/>E Ileana Cos\u00e2nzeana!&#8230; \u00een cosit\u0103 floarea-i c\u00e2nt\u0103.<br \/>P\u00e2n\u0103-n ziu\u0103 stau pe g\u00e2nduri \u015fi la ea privesc uimit,<br \/>C\u0103-mi aduce viu aminte de-o minune ce-am iubit!<\/p>\t\t\t\t\t\t\t\t<\/div>\n\t\t\t\t<\/div>\n\t\t\t\t\t<\/div>\n\t\t<\/div>\n\t\t\t\t\t<\/div>\n\t\t<\/section>\n\t\t\t\t<\/div>\n\t\t","protected":false},"excerpt":{"rendered":"<p>La gura sobei A\u015fezat la gura sobei noaptea pe c\u00e2nd viscole\u015fte Privesc focul, scump tovar\u0103\u015f, care vesel p\u00e2lp\u00e2ie\u015fte. \u015ei prin<\/p>\n","protected":false},"author":1,"featured_media":3493,"comment_status":"open","ping_status":"open","sticky":false,"template":"","format":"standard","meta":{"colormag_page_container_layout":"default_layout","colormag_page_sidebar_layout":"default_layout","footnotes":""},"categories":[5,35],"tags":[],"class_list":["post-3487","post","type-post","status-publish","format-standard","has-post-thumbnail","hentry","category-locale","category-poezie"],"yoast_head":"<!-- This site is optimized with the Yoast SEO plugin v27.0 - https:\/\/yoast.com\/product\/yoast-seo-wordpress\/ -->\n<title>La gura sobei - Vasile Alecsandri - MHF Photography<\/title>\n<meta name=\"description\" content=\"A\u015fezat la gura sobei noaptea pe c\u00e2nd viscole\u015fte, privesc focul, scump tovar\u0103\u015f, care vesel p\u00e2lp\u00e2ie\u015fte. \u015ei prin flac\u0103ra albastr\u0103 ...\" \/>\n<meta name=\"robots\" content=\"index, follow, max-snippet:-1, max-image-preview:large, max-video-preview:-1\" \/>\n<link rel=\"canonical\" href=\"https:\/\/mhf.ro\/mm\/la_gura_sobei\/\" \/>\n<meta property=\"og:locale\" content=\"ro_RO\" \/>\n<meta property=\"og:type\" content=\"article\" \/>\n<meta property=\"og:title\" content=\"La gura sobei - Vasile Alecsandri - MHF Photography\" \/>\n<meta property=\"og:description\" content=\"A\u015fezat la gura sobei noaptea pe c\u00e2nd viscole\u015fte, privesc focul, scump tovar\u0103\u015f, care vesel p\u00e2lp\u00e2ie\u015fte. \u015ei prin flac\u0103ra albastr\u0103 ...\" \/>\n<meta property=\"og:url\" content=\"https:\/\/mhf.ro\/mm\/la_gura_sobei\/\" \/>\n<meta property=\"og:site_name\" content=\"MHF Photography\" \/>\n<meta property=\"article:published_time\" content=\"2020-12-22T06:52:49+00:00\" \/>\n<meta property=\"article:modified_time\" content=\"2021-01-04T02:33:43+00:00\" \/>\n<meta property=\"og:image\" content=\"https:\/\/mhf.ro\/mm\/wp-content\/uploads\/2020\/12\/semineu_22.jpg\" \/>\n\t<meta property=\"og:image:width\" content=\"1280\" \/>\n\t<meta property=\"og:image:height\" content=\"960\" \/>\n\t<meta property=\"og:image:type\" content=\"image\/jpeg\" \/>\n<meta name=\"author\" content=\"Marius Marcu\" \/>\n<meta name=\"twitter:card\" content=\"summary_large_image\" \/>\n<meta name=\"twitter:label1\" content=\"Scris de\" \/>\n\t<meta name=\"twitter:data1\" content=\"Marius Marcu\" \/>\n\t<meta name=\"twitter:label2\" content=\"Timp estimat pentru citire\" \/>\n\t<meta name=\"twitter:data2\" content=\"1 minut\" \/>\n<script type=\"application\/ld+json\" class=\"yoast-schema-graph\">{\"@context\":\"https:\/\/schema.org\",\"@graph\":[{\"@type\":\"Article\",\"@id\":\"https:\/\/mhf.ro\/mm\/la_gura_sobei\/#article\",\"isPartOf\":{\"@id\":\"https:\/\/mhf.ro\/mm\/la_gura_sobei\/\"},\"author\":{\"name\":\"Marius Marcu\",\"@id\":\"https:\/\/mhf.ro\/mm\/#\/schema\/person\/a3bebf7bdb4bf12f698aff73c7e46c21\"},\"headline\":\"La gura sobei &#8211; Vasile Alecsandri\",\"datePublished\":\"2020-12-22T06:52:49+00:00\",\"dateModified\":\"2021-01-04T02:33:43+00:00\",\"mainEntityOfPage\":{\"@id\":\"https:\/\/mhf.ro\/mm\/la_gura_sobei\/\"},\"wordCount\":177,\"commentCount\":0,\"publisher\":{\"@id\":\"https:\/\/mhf.ro\/mm\/#\/schema\/person\/a3bebf7bdb4bf12f698aff73c7e46c21\"},\"image\":{\"@id\":\"https:\/\/mhf.ro\/mm\/la_gura_sobei\/#primaryimage\"},\"thumbnailUrl\":\"https:\/\/mhf.ro\/mm\/wp-content\/uploads\/2020\/12\/semineu_22.jpg\",\"articleSection\":[\"Locale\",\"Poezie\"],\"inLanguage\":\"ro-RO\",\"potentialAction\":[{\"@type\":\"CommentAction\",\"name\":\"Comment\",\"target\":[\"https:\/\/mhf.ro\/mm\/la_gura_sobei\/#respond\"]}]},{\"@type\":\"WebPage\",\"@id\":\"https:\/\/mhf.ro\/mm\/la_gura_sobei\/\",\"url\":\"https:\/\/mhf.ro\/mm\/la_gura_sobei\/\",\"name\":\"La gura sobei - Vasile Alecsandri - MHF Photography\",\"isPartOf\":{\"@id\":\"https:\/\/mhf.ro\/mm\/#website\"},\"primaryImageOfPage\":{\"@id\":\"https:\/\/mhf.ro\/mm\/la_gura_sobei\/#primaryimage\"},\"image\":{\"@id\":\"https:\/\/mhf.ro\/mm\/la_gura_sobei\/#primaryimage\"},\"thumbnailUrl\":\"https:\/\/mhf.ro\/mm\/wp-content\/uploads\/2020\/12\/semineu_22.jpg\",\"datePublished\":\"2020-12-22T06:52:49+00:00\",\"dateModified\":\"2021-01-04T02:33:43+00:00\",\"description\":\"A\u015fezat la gura sobei noaptea pe c\u00e2nd viscole\u015fte, privesc focul, scump tovar\u0103\u015f, care vesel p\u00e2lp\u00e2ie\u015fte. \u015ei prin flac\u0103ra albastr\u0103 ...\",\"breadcrumb\":{\"@id\":\"https:\/\/mhf.ro\/mm\/la_gura_sobei\/#breadcrumb\"},\"inLanguage\":\"ro-RO\",\"potentialAction\":[{\"@type\":\"ReadAction\",\"target\":[\"https:\/\/mhf.ro\/mm\/la_gura_sobei\/\"]}]},{\"@type\":\"ImageObject\",\"inLanguage\":\"ro-RO\",\"@id\":\"https:\/\/mhf.ro\/mm\/la_gura_sobei\/#primaryimage\",\"url\":\"https:\/\/mhf.ro\/mm\/wp-content\/uploads\/2020\/12\/semineu_22.jpg\",\"contentUrl\":\"https:\/\/mhf.ro\/mm\/wp-content\/uploads\/2020\/12\/semineu_22.jpg\",\"width\":1280,\"height\":960},{\"@type\":\"BreadcrumbList\",\"@id\":\"https:\/\/mhf.ro\/mm\/la_gura_sobei\/#breadcrumb\",\"itemListElement\":[{\"@type\":\"ListItem\",\"position\":1,\"name\":\"Prima pagin\u0103\",\"item\":\"https:\/\/mhf.ro\/mm\/\"},{\"@type\":\"ListItem\",\"position\":2,\"name\":\"La gura sobei &#8211; Vasile Alecsandri\"}]},{\"@type\":\"WebSite\",\"@id\":\"https:\/\/mhf.ro\/mm\/#website\",\"url\":\"https:\/\/mhf.ro\/mm\/\",\"name\":\"MHF Photography \u2013 Blog de fotografie, natur\u0103 \u0219i tehnic\u0103 divers\u0103\",\"description\":\"Aventur\u0103 \u00een fiecare cadru.\",\"publisher\":{\"@id\":\"https:\/\/mhf.ro\/mm\/#\/schema\/person\/a3bebf7bdb4bf12f698aff73c7e46c21\"},\"potentialAction\":[{\"@type\":\"SearchAction\",\"target\":{\"@type\":\"EntryPoint\",\"urlTemplate\":\"https:\/\/mhf.ro\/mm\/?s={search_term_string}\"},\"query-input\":{\"@type\":\"PropertyValueSpecification\",\"valueRequired\":true,\"valueName\":\"search_term_string\"}}],\"inLanguage\":\"ro-RO\"},{\"@type\":[\"Person\",\"Organization\"],\"@id\":\"https:\/\/mhf.ro\/mm\/#\/schema\/person\/a3bebf7bdb4bf12f698aff73c7e46c21\",\"name\":\"Marius Marcu\",\"image\":{\"@type\":\"ImageObject\",\"inLanguage\":\"ro-RO\",\"@id\":\"https:\/\/mhf.ro\/mm\/#\/schema\/person\/image\/\",\"url\":\"https:\/\/mhf.ro\/mm\/wp-content\/uploads\/2025\/12\/cropped-logo_mhf_2.png\",\"contentUrl\":\"https:\/\/mhf.ro\/mm\/wp-content\/uploads\/2025\/12\/cropped-logo_mhf_2.png\",\"width\":1096,\"height\":457,\"caption\":\"Marius Marcu\"},\"logo\":{\"@id\":\"https:\/\/mhf.ro\/mm\/#\/schema\/person\/image\/\"},\"sameAs\":[\"https:\/\/mhf.ro\/mm\"],\"url\":\"https:\/\/mhf.ro\/mm\/author\/mihai\/\"}]}<\/script>\n<!-- \/ Yoast SEO plugin. -->","yoast_head_json":{"title":"La gura sobei - Vasile Alecsandri - MHF Photography","description":"A\u015fezat la gura sobei noaptea pe c\u00e2nd viscole\u015fte, privesc focul, scump tovar\u0103\u015f, care vesel p\u00e2lp\u00e2ie\u015fte. \u015ei prin flac\u0103ra albastr\u0103 ...","robots":{"index":"index","follow":"follow","max-snippet":"max-snippet:-1","max-image-preview":"max-image-preview:large","max-video-preview":"max-video-preview:-1"},"canonical":"https:\/\/mhf.ro\/mm\/la_gura_sobei\/","og_locale":"ro_RO","og_type":"article","og_title":"La gura sobei - Vasile Alecsandri - MHF Photography","og_description":"A\u015fezat la gura sobei noaptea pe c\u00e2nd viscole\u015fte, privesc focul, scump tovar\u0103\u015f, care vesel p\u00e2lp\u00e2ie\u015fte. \u015ei prin flac\u0103ra albastr\u0103 ...","og_url":"https:\/\/mhf.ro\/mm\/la_gura_sobei\/","og_site_name":"MHF Photography","article_published_time":"2020-12-22T06:52:49+00:00","article_modified_time":"2021-01-04T02:33:43+00:00","og_image":[{"width":1280,"height":960,"url":"https:\/\/mhf.ro\/mm\/wp-content\/uploads\/2020\/12\/semineu_22.jpg","type":"image\/jpeg"}],"author":"Marius Marcu","twitter_card":"summary_large_image","twitter_misc":{"Scris de":"Marius Marcu","Timp estimat pentru citire":"1 minut"},"schema":{"@context":"https:\/\/schema.org","@graph":[{"@type":"Article","@id":"https:\/\/mhf.ro\/mm\/la_gura_sobei\/#article","isPartOf":{"@id":"https:\/\/mhf.ro\/mm\/la_gura_sobei\/"},"author":{"name":"Marius Marcu","@id":"https:\/\/mhf.ro\/mm\/#\/schema\/person\/a3bebf7bdb4bf12f698aff73c7e46c21"},"headline":"La gura sobei &#8211; Vasile Alecsandri","datePublished":"2020-12-22T06:52:49+00:00","dateModified":"2021-01-04T02:33:43+00:00","mainEntityOfPage":{"@id":"https:\/\/mhf.ro\/mm\/la_gura_sobei\/"},"wordCount":177,"commentCount":0,"publisher":{"@id":"https:\/\/mhf.ro\/mm\/#\/schema\/person\/a3bebf7bdb4bf12f698aff73c7e46c21"},"image":{"@id":"https:\/\/mhf.ro\/mm\/la_gura_sobei\/#primaryimage"},"thumbnailUrl":"https:\/\/mhf.ro\/mm\/wp-content\/uploads\/2020\/12\/semineu_22.jpg","articleSection":["Locale","Poezie"],"inLanguage":"ro-RO","potentialAction":[{"@type":"CommentAction","name":"Comment","target":["https:\/\/mhf.ro\/mm\/la_gura_sobei\/#respond"]}]},{"@type":"WebPage","@id":"https:\/\/mhf.ro\/mm\/la_gura_sobei\/","url":"https:\/\/mhf.ro\/mm\/la_gura_sobei\/","name":"La gura sobei - Vasile Alecsandri - MHF Photography","isPartOf":{"@id":"https:\/\/mhf.ro\/mm\/#website"},"primaryImageOfPage":{"@id":"https:\/\/mhf.ro\/mm\/la_gura_sobei\/#primaryimage"},"image":{"@id":"https:\/\/mhf.ro\/mm\/la_gura_sobei\/#primaryimage"},"thumbnailUrl":"https:\/\/mhf.ro\/mm\/wp-content\/uploads\/2020\/12\/semineu_22.jpg","datePublished":"2020-12-22T06:52:49+00:00","dateModified":"2021-01-04T02:33:43+00:00","description":"A\u015fezat la gura sobei noaptea pe c\u00e2nd viscole\u015fte, privesc focul, scump tovar\u0103\u015f, care vesel p\u00e2lp\u00e2ie\u015fte. \u015ei prin flac\u0103ra albastr\u0103 ...","breadcrumb":{"@id":"https:\/\/mhf.ro\/mm\/la_gura_sobei\/#breadcrumb"},"inLanguage":"ro-RO","potentialAction":[{"@type":"ReadAction","target":["https:\/\/mhf.ro\/mm\/la_gura_sobei\/"]}]},{"@type":"ImageObject","inLanguage":"ro-RO","@id":"https:\/\/mhf.ro\/mm\/la_gura_sobei\/#primaryimage","url":"https:\/\/mhf.ro\/mm\/wp-content\/uploads\/2020\/12\/semineu_22.jpg","contentUrl":"https:\/\/mhf.ro\/mm\/wp-content\/uploads\/2020\/12\/semineu_22.jpg","width":1280,"height":960},{"@type":"BreadcrumbList","@id":"https:\/\/mhf.ro\/mm\/la_gura_sobei\/#breadcrumb","itemListElement":[{"@type":"ListItem","position":1,"name":"Prima pagin\u0103","item":"https:\/\/mhf.ro\/mm\/"},{"@type":"ListItem","position":2,"name":"La gura sobei &#8211; Vasile Alecsandri"}]},{"@type":"WebSite","@id":"https:\/\/mhf.ro\/mm\/#website","url":"https:\/\/mhf.ro\/mm\/","name":"MHF Photography \u2013 Blog de fotografie, natur\u0103 \u0219i tehnic\u0103 divers\u0103","description":"Aventur\u0103 \u00een fiecare cadru.","publisher":{"@id":"https:\/\/mhf.ro\/mm\/#\/schema\/person\/a3bebf7bdb4bf12f698aff73c7e46c21"},"potentialAction":[{"@type":"SearchAction","target":{"@type":"EntryPoint","urlTemplate":"https:\/\/mhf.ro\/mm\/?s={search_term_string}"},"query-input":{"@type":"PropertyValueSpecification","valueRequired":true,"valueName":"search_term_string"}}],"inLanguage":"ro-RO"},{"@type":["Person","Organization"],"@id":"https:\/\/mhf.ro\/mm\/#\/schema\/person\/a3bebf7bdb4bf12f698aff73c7e46c21","name":"Marius Marcu","image":{"@type":"ImageObject","inLanguage":"ro-RO","@id":"https:\/\/mhf.ro\/mm\/#\/schema\/person\/image\/","url":"https:\/\/mhf.ro\/mm\/wp-content\/uploads\/2025\/12\/cropped-logo_mhf_2.png","contentUrl":"https:\/\/mhf.ro\/mm\/wp-content\/uploads\/2025\/12\/cropped-logo_mhf_2.png","width":1096,"height":457,"caption":"Marius Marcu"},"logo":{"@id":"https:\/\/mhf.ro\/mm\/#\/schema\/person\/image\/"},"sameAs":["https:\/\/mhf.ro\/mm"],"url":"https:\/\/mhf.ro\/mm\/author\/mihai\/"}]}},"_links":{"self":[{"href":"https:\/\/mhf.ro\/mm\/wp-json\/wp\/v2\/posts\/3487","targetHints":{"allow":["GET"]}}],"collection":[{"href":"https:\/\/mhf.ro\/mm\/wp-json\/wp\/v2\/posts"}],"about":[{"href":"https:\/\/mhf.ro\/mm\/wp-json\/wp\/v2\/types\/post"}],"author":[{"embeddable":true,"href":"https:\/\/mhf.ro\/mm\/wp-json\/wp\/v2\/users\/1"}],"replies":[{"embeddable":true,"href":"https:\/\/mhf.ro\/mm\/wp-json\/wp\/v2\/comments?post=3487"}],"version-history":[{"count":5,"href":"https:\/\/mhf.ro\/mm\/wp-json\/wp\/v2\/posts\/3487\/revisions"}],"predecessor-version":[{"id":3494,"href":"https:\/\/mhf.ro\/mm\/wp-json\/wp\/v2\/posts\/3487\/revisions\/3494"}],"wp:featuredmedia":[{"embeddable":true,"href":"https:\/\/mhf.ro\/mm\/wp-json\/wp\/v2\/media\/3493"}],"wp:attachment":[{"href":"https:\/\/mhf.ro\/mm\/wp-json\/wp\/v2\/media?parent=3487"}],"wp:term":[{"taxonomy":"category","embeddable":true,"href":"https:\/\/mhf.ro\/mm\/wp-json\/wp\/v2\/categories?post=3487"},{"taxonomy":"post_tag","embeddable":true,"href":"https:\/\/mhf.ro\/mm\/wp-json\/wp\/v2\/tags?post=3487"}],"curies":[{"name":"wp","href":"https:\/\/api.w.org\/{rel}","templated":true}]}}