{"id":3496,"date":"2020-12-23T19:25:24","date_gmt":"2020-12-23T17:25:24","guid":{"rendered":"https:\/\/mhf.ro\/mm\/?p=3496"},"modified":"2020-12-24T15:32:45","modified_gmt":"2020-12-24T13:32:45","slug":"plecand-de-la-betleem","status":"publish","type":"post","link":"https:\/\/mhf.ro\/mm\/plecand-de-la-betleem\/","title":{"rendered":"Plec\u00e2nd de la Betleem"},"content":{"rendered":"<p>\u00cen periplul prin \u021aara Sf\u00e2nt\u0103, \u00een ziua vizit\u0103rii locurilor na\u0219terii M\u00e2ntuitorului, ie\u0219ind din ora\u0219 ajungem \u00een Pustiul Iudeii, un pustiu \u00een adev\u0103ratul \u00een\u021beles al cuv\u00e2ntului, f\u0103r\u0103 nici un p\u00e2lc de vegeta\u021bie, pentru a vizita dou\u0103 m\u0103n\u0103stiri str\u0103vechi cu bogat\u0103 experien\u021b\u0103 duhovniceasc\u0103.<\/p>\n<p>Prima, \u00een ordine geografic\u0103, este M\u0103n\u0103stirea Sf\u00e2ntului Teodosie. Acest p\u0103rinte, tr\u0103itor la mijlocul sec. V, a fost deopotriv\u0103 un teolog \u0219i un p\u0103stor sufletesc. El a ap\u0103rat dreapta credin\u021b\u0103 de \u00eenv\u0103\u021b\u0103turile eretice ap\u0103rute \u00een vremea sa dar a \u0219i pov\u0103\u021buit pe ucenicii str\u00e2n\u0219i \u00een jurul lui, fiind \u00eentemeietorul vie\u021bii de ob\u0219te din Palestina. Aceast\u0103 m\u0103n\u0103stire este construit\u0103 deasupra pe\u0219terii unde s-au ad\u0103postit magii c\u00e2nd au plecat spre cas\u0103 pe drumul ocolitor prin pustiu evit\u00e2ndu-l pe Irod. Aici sunt \u0219i m\u0103icu\u021be din Rom\u00e2nia.<\/p>\n<p>De la Sf. Teodosie se coboar\u0103 cu taxiuri de 9 locuri, pe un drum \u00eengust \u0219i \u0219erpuit, la M\u0103n\u0103stirea Sf\u00e2ntului Sava. Acest p\u0103rinte, adormit la sf\u00e2r\u0219itul sec. V, deci contemporan cu Sf. Teodosie, s-a retras singur \u00eentr-o pe\u0219ter\u0103. Dar \u00eenmul\u021bindu-se ucenicii, intrarea pe\u0219terii a fost zidit\u0103 rezult\u00e2nd o biseric\u0103 unde se str\u00e2ngeau duminica pustnicii din \u00eemprejurimi. Cu timpul s-au construit chilii \u0219i biserica mare, ce ad\u0103poste\u0219te moa\u0219tele sf\u00e2ntului. Aceast\u0103 a\u0219ezare monahal\u0103 retras\u0103 s-a bucurat de un prestigiu imens, fiind un etalon al tr\u0103irii la intensitete maxim\u0103 a dragostei de Dumnezeu. De aceea c\u00e2nd un vie\u021buitor de aici moare, trupul lui nu \u00een\u021bepene\u0219te p\u00e2n\u0103 e a\u0219ezat \u00een gropni\u021ba de sub curte.<\/p>\n<p>Legat de moa\u0219tele Sf. Sava consemn\u0103m una din minuni. C\u00e2nd crucia\u021bii au p\u0103r\u0103sit Palestina, au dus cu ei \u00een Italia moa\u0219tele Sf. Sava. Era \u00eenceputul sec. XIII. Atunci smochinul multisecular, plantat de sf\u00e2ntul, s-a uscat. La mijlocul sec. XX, papa Romei a aprobat \u00eentoarcerea Sf. Sava ,,acas\u0103\u201d, \u00een Pustiul Iudeii. La scurt\u0103 vreme ciotul smochinului, uscat de secole, a \u00eenverzit din nou \u0219i d\u0103inuie p\u00e2n\u0103 azi. Cu ajutorul Sf. Sava multe familii care nu puteau avea copii, au avut bucuria na\u0219terii de prunci. Femeile nu intr\u0103 \u00een m\u0103n\u0103stire. Via\u021ba foarte auster\u0103 a c\u0103lug\u0103rilor de aici nu \u00eei \u00eempiedic\u0103 s\u0103 fie foarte ospitalieri cu to\u021bi pelerinii.<\/p>\n<p>\u00cen imagine este o parte din m\u0103n\u0103stirea Sf\u00e2ntului Sava \u0219i valea pustie. Se pot observa mici grote unde se ad\u0103posteau pustnicii.<\/p>\n","protected":false},"excerpt":{"rendered":"<p>\u00cen periplul prin \u021aara Sf\u00e2nt\u0103, \u00een ziua vizit\u0103rii locurilor na\u0219terii M\u00e2ntuitorului, ie\u0219ind din ora\u0219 ajungem \u00een Pustiul Iudeii, un pustiu<\/p>\n","protected":false},"author":4,"featured_media":3497,"comment_status":"open","ping_status":"open","sticky":false,"template":"","format":"standard","meta":{"colormag_page_container_layout":"default_layout","colormag_page_sidebar_layout":"default_layout","footnotes":""},"categories":[5,34],"tags":[],"class_list":["post-3496","post","type-post","status-publish","format-standard","has-post-thumbnail","hentry","category-locale","category-religie"],"yoast_head":"<!-- This site is optimized with the Yoast SEO plugin v27.0 - https:\/\/yoast.com\/product\/yoast-seo-wordpress\/ -->\n<title>Plec\u00e2nd de la Betleem - MHF Photography<\/title>\n<meta name=\"robots\" content=\"index, follow, max-snippet:-1, max-image-preview:large, max-video-preview:-1\" \/>\n<link rel=\"canonical\" href=\"https:\/\/mhf.ro\/mm\/plecand-de-la-betleem\/\" \/>\n<meta property=\"og:locale\" content=\"ro_RO\" \/>\n<meta property=\"og:type\" content=\"article\" \/>\n<meta property=\"og:title\" content=\"Plec\u00e2nd de la Betleem - MHF Photography\" \/>\n<meta property=\"og:description\" content=\"\u00cen periplul prin \u021aara Sf\u00e2nt\u0103, \u00een ziua vizit\u0103rii locurilor na\u0219terii M\u00e2ntuitorului, ie\u0219ind din ora\u0219 ajungem \u00een Pustiul Iudeii, un pustiu\" \/>\n<meta property=\"og:url\" content=\"https:\/\/mhf.ro\/mm\/plecand-de-la-betleem\/\" \/>\n<meta property=\"og:site_name\" content=\"MHF Photography\" \/>\n<meta property=\"article:published_time\" content=\"2020-12-23T17:25:24+00:00\" \/>\n<meta property=\"article:modified_time\" content=\"2020-12-24T13:32:45+00:00\" \/>\n<meta property=\"og:image\" content=\"https:\/\/mhf.ro\/mm\/wp-content\/uploads\/2020\/12\/692.jpg\" \/>\n\t<meta property=\"og:image:width\" content=\"1600\" \/>\n\t<meta property=\"og:image:height\" content=\"1200\" \/>\n\t<meta property=\"og:image:type\" content=\"image\/jpeg\" \/>\n<meta name=\"author\" content=\"Preot paroh Horvat Petru\" \/>\n<meta name=\"twitter:card\" content=\"summary_large_image\" \/>\n<meta name=\"twitter:label1\" content=\"Scris de\" \/>\n\t<meta name=\"twitter:data1\" content=\"Preot paroh Horvat Petru\" \/>\n\t<meta name=\"twitter:label2\" content=\"Timp estimat pentru citire\" \/>\n\t<meta name=\"twitter:data2\" content=\"2 minute\" \/>\n<script type=\"application\/ld+json\" class=\"yoast-schema-graph\">{\"@context\":\"https:\/\/schema.org\",\"@graph\":[{\"@type\":\"Article\",\"@id\":\"https:\/\/mhf.ro\/mm\/plecand-de-la-betleem\/#article\",\"isPartOf\":{\"@id\":\"https:\/\/mhf.ro\/mm\/plecand-de-la-betleem\/\"},\"author\":{\"name\":\"Preot paroh Horvat Petru\",\"@id\":\"https:\/\/mhf.ro\/mm\/#\/schema\/person\/4c8c06c801b7b666e81ed44550086900\"},\"headline\":\"Plec\u00e2nd de la Betleem\",\"datePublished\":\"2020-12-23T17:25:24+00:00\",\"dateModified\":\"2020-12-24T13:32:45+00:00\",\"mainEntityOfPage\":{\"@id\":\"https:\/\/mhf.ro\/mm\/plecand-de-la-betleem\/\"},\"wordCount\":445,\"commentCount\":0,\"publisher\":{\"@id\":\"https:\/\/mhf.ro\/mm\/#\/schema\/person\/a3bebf7bdb4bf12f698aff73c7e46c21\"},\"image\":{\"@id\":\"https:\/\/mhf.ro\/mm\/plecand-de-la-betleem\/#primaryimage\"},\"thumbnailUrl\":\"https:\/\/mhf.ro\/mm\/wp-content\/uploads\/2020\/12\/692.jpg\",\"articleSection\":[\"Locale\",\"Religie\"],\"inLanguage\":\"ro-RO\",\"potentialAction\":[{\"@type\":\"CommentAction\",\"name\":\"Comment\",\"target\":[\"https:\/\/mhf.ro\/mm\/plecand-de-la-betleem\/#respond\"]}]},{\"@type\":\"WebPage\",\"@id\":\"https:\/\/mhf.ro\/mm\/plecand-de-la-betleem\/\",\"url\":\"https:\/\/mhf.ro\/mm\/plecand-de-la-betleem\/\",\"name\":\"Plec\u00e2nd de la Betleem - MHF Photography\",\"isPartOf\":{\"@id\":\"https:\/\/mhf.ro\/mm\/#website\"},\"primaryImageOfPage\":{\"@id\":\"https:\/\/mhf.ro\/mm\/plecand-de-la-betleem\/#primaryimage\"},\"image\":{\"@id\":\"https:\/\/mhf.ro\/mm\/plecand-de-la-betleem\/#primaryimage\"},\"thumbnailUrl\":\"https:\/\/mhf.ro\/mm\/wp-content\/uploads\/2020\/12\/692.jpg\",\"datePublished\":\"2020-12-23T17:25:24+00:00\",\"dateModified\":\"2020-12-24T13:32:45+00:00\",\"breadcrumb\":{\"@id\":\"https:\/\/mhf.ro\/mm\/plecand-de-la-betleem\/#breadcrumb\"},\"inLanguage\":\"ro-RO\",\"potentialAction\":[{\"@type\":\"ReadAction\",\"target\":[\"https:\/\/mhf.ro\/mm\/plecand-de-la-betleem\/\"]}]},{\"@type\":\"ImageObject\",\"inLanguage\":\"ro-RO\",\"@id\":\"https:\/\/mhf.ro\/mm\/plecand-de-la-betleem\/#primaryimage\",\"url\":\"https:\/\/mhf.ro\/mm\/wp-content\/uploads\/2020\/12\/692.jpg\",\"contentUrl\":\"https:\/\/mhf.ro\/mm\/wp-content\/uploads\/2020\/12\/692.jpg\",\"width\":1600,\"height\":1200},{\"@type\":\"BreadcrumbList\",\"@id\":\"https:\/\/mhf.ro\/mm\/plecand-de-la-betleem\/#breadcrumb\",\"itemListElement\":[{\"@type\":\"ListItem\",\"position\":1,\"name\":\"Prima pagin\u0103\",\"item\":\"https:\/\/mhf.ro\/mm\/\"},{\"@type\":\"ListItem\",\"position\":2,\"name\":\"Plec\u00e2nd de la Betleem\"}]},{\"@type\":\"WebSite\",\"@id\":\"https:\/\/mhf.ro\/mm\/#website\",\"url\":\"https:\/\/mhf.ro\/mm\/\",\"name\":\"MHF Photography \u2013 Blog de fotografie, natur\u0103 \u0219i tehnic\u0103 divers\u0103\",\"description\":\"Aventur\u0103 \u00een fiecare cadru.\",\"publisher\":{\"@id\":\"https:\/\/mhf.ro\/mm\/#\/schema\/person\/a3bebf7bdb4bf12f698aff73c7e46c21\"},\"potentialAction\":[{\"@type\":\"SearchAction\",\"target\":{\"@type\":\"EntryPoint\",\"urlTemplate\":\"https:\/\/mhf.ro\/mm\/?s={search_term_string}\"},\"query-input\":{\"@type\":\"PropertyValueSpecification\",\"valueRequired\":true,\"valueName\":\"search_term_string\"}}],\"inLanguage\":\"ro-RO\"},{\"@type\":[\"Person\",\"Organization\"],\"@id\":\"https:\/\/mhf.ro\/mm\/#\/schema\/person\/a3bebf7bdb4bf12f698aff73c7e46c21\",\"name\":\"Marius Marcu\",\"image\":{\"@type\":\"ImageObject\",\"inLanguage\":\"ro-RO\",\"@id\":\"https:\/\/mhf.ro\/mm\/#\/schema\/person\/image\/\",\"url\":\"https:\/\/mhf.ro\/mm\/wp-content\/uploads\/2025\/12\/cropped-logo_mhf_2.png\",\"contentUrl\":\"https:\/\/mhf.ro\/mm\/wp-content\/uploads\/2025\/12\/cropped-logo_mhf_2.png\",\"width\":1096,\"height\":457,\"caption\":\"Marius Marcu\"},\"logo\":{\"@id\":\"https:\/\/mhf.ro\/mm\/#\/schema\/person\/image\/\"},\"sameAs\":[\"https:\/\/mhf.ro\/mm\"]},{\"@type\":\"Person\",\"@id\":\"https:\/\/mhf.ro\/mm\/#\/schema\/person\/4c8c06c801b7b666e81ed44550086900\",\"name\":\"Preot paroh Horvat Petru\",\"image\":{\"@type\":\"ImageObject\",\"inLanguage\":\"ro-RO\",\"@id\":\"https:\/\/mhf.ro\/mm\/#\/schema\/person\/image\/\",\"url\":\"https:\/\/secure.gravatar.com\/avatar\/c2d2dcdf21c6f41aad486d71768c144cd6e23cb7b63bae9bd6fab542b26ad321?s=96&d=monsterid&r=g\",\"contentUrl\":\"https:\/\/secure.gravatar.com\/avatar\/c2d2dcdf21c6f41aad486d71768c144cd6e23cb7b63bae9bd6fab542b26ad321?s=96&d=monsterid&r=g\",\"caption\":\"Preot paroh Horvat Petru\"},\"sameAs\":[\"https:\/\/mhf.ro\/mm\"],\"url\":\"https:\/\/mhf.ro\/mm\/author\/petrica\/\"}]}<\/script>\n<!-- \/ Yoast SEO plugin. -->","yoast_head_json":{"title":"Plec\u00e2nd de la Betleem - MHF Photography","robots":{"index":"index","follow":"follow","max-snippet":"max-snippet:-1","max-image-preview":"max-image-preview:large","max-video-preview":"max-video-preview:-1"},"canonical":"https:\/\/mhf.ro\/mm\/plecand-de-la-betleem\/","og_locale":"ro_RO","og_type":"article","og_title":"Plec\u00e2nd de la Betleem - MHF Photography","og_description":"\u00cen periplul prin \u021aara Sf\u00e2nt\u0103, \u00een ziua vizit\u0103rii locurilor na\u0219terii M\u00e2ntuitorului, ie\u0219ind din ora\u0219 ajungem \u00een Pustiul Iudeii, un pustiu","og_url":"https:\/\/mhf.ro\/mm\/plecand-de-la-betleem\/","og_site_name":"MHF Photography","article_published_time":"2020-12-23T17:25:24+00:00","article_modified_time":"2020-12-24T13:32:45+00:00","og_image":[{"width":1600,"height":1200,"url":"https:\/\/mhf.ro\/mm\/wp-content\/uploads\/2020\/12\/692.jpg","type":"image\/jpeg"}],"author":"Preot paroh Horvat Petru","twitter_card":"summary_large_image","twitter_misc":{"Scris de":"Preot paroh Horvat Petru","Timp estimat pentru citire":"2 minute"},"schema":{"@context":"https:\/\/schema.org","@graph":[{"@type":"Article","@id":"https:\/\/mhf.ro\/mm\/plecand-de-la-betleem\/#article","isPartOf":{"@id":"https:\/\/mhf.ro\/mm\/plecand-de-la-betleem\/"},"author":{"name":"Preot paroh Horvat Petru","@id":"https:\/\/mhf.ro\/mm\/#\/schema\/person\/4c8c06c801b7b666e81ed44550086900"},"headline":"Plec\u00e2nd de la Betleem","datePublished":"2020-12-23T17:25:24+00:00","dateModified":"2020-12-24T13:32:45+00:00","mainEntityOfPage":{"@id":"https:\/\/mhf.ro\/mm\/plecand-de-la-betleem\/"},"wordCount":445,"commentCount":0,"publisher":{"@id":"https:\/\/mhf.ro\/mm\/#\/schema\/person\/a3bebf7bdb4bf12f698aff73c7e46c21"},"image":{"@id":"https:\/\/mhf.ro\/mm\/plecand-de-la-betleem\/#primaryimage"},"thumbnailUrl":"https:\/\/mhf.ro\/mm\/wp-content\/uploads\/2020\/12\/692.jpg","articleSection":["Locale","Religie"],"inLanguage":"ro-RO","potentialAction":[{"@type":"CommentAction","name":"Comment","target":["https:\/\/mhf.ro\/mm\/plecand-de-la-betleem\/#respond"]}]},{"@type":"WebPage","@id":"https:\/\/mhf.ro\/mm\/plecand-de-la-betleem\/","url":"https:\/\/mhf.ro\/mm\/plecand-de-la-betleem\/","name":"Plec\u00e2nd de la Betleem - MHF Photography","isPartOf":{"@id":"https:\/\/mhf.ro\/mm\/#website"},"primaryImageOfPage":{"@id":"https:\/\/mhf.ro\/mm\/plecand-de-la-betleem\/#primaryimage"},"image":{"@id":"https:\/\/mhf.ro\/mm\/plecand-de-la-betleem\/#primaryimage"},"thumbnailUrl":"https:\/\/mhf.ro\/mm\/wp-content\/uploads\/2020\/12\/692.jpg","datePublished":"2020-12-23T17:25:24+00:00","dateModified":"2020-12-24T13:32:45+00:00","breadcrumb":{"@id":"https:\/\/mhf.ro\/mm\/plecand-de-la-betleem\/#breadcrumb"},"inLanguage":"ro-RO","potentialAction":[{"@type":"ReadAction","target":["https:\/\/mhf.ro\/mm\/plecand-de-la-betleem\/"]}]},{"@type":"ImageObject","inLanguage":"ro-RO","@id":"https:\/\/mhf.ro\/mm\/plecand-de-la-betleem\/#primaryimage","url":"https:\/\/mhf.ro\/mm\/wp-content\/uploads\/2020\/12\/692.jpg","contentUrl":"https:\/\/mhf.ro\/mm\/wp-content\/uploads\/2020\/12\/692.jpg","width":1600,"height":1200},{"@type":"BreadcrumbList","@id":"https:\/\/mhf.ro\/mm\/plecand-de-la-betleem\/#breadcrumb","itemListElement":[{"@type":"ListItem","position":1,"name":"Prima pagin\u0103","item":"https:\/\/mhf.ro\/mm\/"},{"@type":"ListItem","position":2,"name":"Plec\u00e2nd de la Betleem"}]},{"@type":"WebSite","@id":"https:\/\/mhf.ro\/mm\/#website","url":"https:\/\/mhf.ro\/mm\/","name":"MHF Photography \u2013 Blog de fotografie, natur\u0103 \u0219i tehnic\u0103 divers\u0103","description":"Aventur\u0103 \u00een fiecare cadru.","publisher":{"@id":"https:\/\/mhf.ro\/mm\/#\/schema\/person\/a3bebf7bdb4bf12f698aff73c7e46c21"},"potentialAction":[{"@type":"SearchAction","target":{"@type":"EntryPoint","urlTemplate":"https:\/\/mhf.ro\/mm\/?s={search_term_string}"},"query-input":{"@type":"PropertyValueSpecification","valueRequired":true,"valueName":"search_term_string"}}],"inLanguage":"ro-RO"},{"@type":["Person","Organization"],"@id":"https:\/\/mhf.ro\/mm\/#\/schema\/person\/a3bebf7bdb4bf12f698aff73c7e46c21","name":"Marius Marcu","image":{"@type":"ImageObject","inLanguage":"ro-RO","@id":"https:\/\/mhf.ro\/mm\/#\/schema\/person\/image\/","url":"https:\/\/mhf.ro\/mm\/wp-content\/uploads\/2025\/12\/cropped-logo_mhf_2.png","contentUrl":"https:\/\/mhf.ro\/mm\/wp-content\/uploads\/2025\/12\/cropped-logo_mhf_2.png","width":1096,"height":457,"caption":"Marius Marcu"},"logo":{"@id":"https:\/\/mhf.ro\/mm\/#\/schema\/person\/image\/"},"sameAs":["https:\/\/mhf.ro\/mm"]},{"@type":"Person","@id":"https:\/\/mhf.ro\/mm\/#\/schema\/person\/4c8c06c801b7b666e81ed44550086900","name":"Preot paroh Horvat Petru","image":{"@type":"ImageObject","inLanguage":"ro-RO","@id":"https:\/\/mhf.ro\/mm\/#\/schema\/person\/image\/","url":"https:\/\/secure.gravatar.com\/avatar\/c2d2dcdf21c6f41aad486d71768c144cd6e23cb7b63bae9bd6fab542b26ad321?s=96&d=monsterid&r=g","contentUrl":"https:\/\/secure.gravatar.com\/avatar\/c2d2dcdf21c6f41aad486d71768c144cd6e23cb7b63bae9bd6fab542b26ad321?s=96&d=monsterid&r=g","caption":"Preot paroh Horvat Petru"},"sameAs":["https:\/\/mhf.ro\/mm"],"url":"https:\/\/mhf.ro\/mm\/author\/petrica\/"}]}},"_links":{"self":[{"href":"https:\/\/mhf.ro\/mm\/wp-json\/wp\/v2\/posts\/3496","targetHints":{"allow":["GET"]}}],"collection":[{"href":"https:\/\/mhf.ro\/mm\/wp-json\/wp\/v2\/posts"}],"about":[{"href":"https:\/\/mhf.ro\/mm\/wp-json\/wp\/v2\/types\/post"}],"author":[{"embeddable":true,"href":"https:\/\/mhf.ro\/mm\/wp-json\/wp\/v2\/users\/4"}],"replies":[{"embeddable":true,"href":"https:\/\/mhf.ro\/mm\/wp-json\/wp\/v2\/comments?post=3496"}],"version-history":[{"count":4,"href":"https:\/\/mhf.ro\/mm\/wp-json\/wp\/v2\/posts\/3496\/revisions"}],"predecessor-version":[{"id":3527,"href":"https:\/\/mhf.ro\/mm\/wp-json\/wp\/v2\/posts\/3496\/revisions\/3527"}],"wp:featuredmedia":[{"embeddable":true,"href":"https:\/\/mhf.ro\/mm\/wp-json\/wp\/v2\/media\/3497"}],"wp:attachment":[{"href":"https:\/\/mhf.ro\/mm\/wp-json\/wp\/v2\/media?parent=3496"}],"wp:term":[{"taxonomy":"category","embeddable":true,"href":"https:\/\/mhf.ro\/mm\/wp-json\/wp\/v2\/categories?post=3496"},{"taxonomy":"post_tag","embeddable":true,"href":"https:\/\/mhf.ro\/mm\/wp-json\/wp\/v2\/tags?post=3496"}],"curies":[{"name":"wp","href":"https:\/\/api.w.org\/{rel}","templated":true}]}}