{"id":3561,"date":"2021-01-04T04:31:43","date_gmt":"2021-01-04T02:31:43","guid":{"rendered":"https:\/\/mhf.ro\/mm\/?p=3561"},"modified":"2021-01-04T04:31:43","modified_gmt":"2021-01-04T02:31:43","slug":"adevarul-si-minciuna-vasile-alecsandri","status":"publish","type":"post","link":"https:\/\/mhf.ro\/mm\/adevarul-si-minciuna-vasile-alecsandri\/","title":{"rendered":"Adev\u0103rul \u0219i minciuna &#8211; Vasile Alecsandri"},"content":{"rendered":"<p>\u021ai-a\u0219 zice c\u0103 e\u0219ti frumoas\u0103,<br \/>\nC\u0103 e\u0219ti pas\u0103re voioas\u0103,<br \/>\nC\u0103 ai glas melodios,<br \/>\n\u0219i c\u0103 oricine te vede<br \/>\nE ferice \u0219i te crede<br \/>\nDulce \u00eenger luminos.<\/p>\n<p>\u021ai-a\u0219 zice c\u0103 e\u0219ti o floare<br \/>\nCe luce\u0219ti mai viu la soare<br \/>\nDec\u00e2t celelalte flori,<br \/>\nC\u0103-a ta ginga\u0219\u0103 z\u00e2mbire,<br \/>\nCa un vis de fericire,<br \/>\nNa\u0219te-n inimi dulci fiori.<\/p>\n<p>Dar m\u0103 tem c\u0103 mi-ai r\u0103spunde<br \/>\nCu-al t\u0103u glas care p\u0103trunde<br \/>\n\u0219i c-un aer r\u00e2z\u0103tor:<br \/>\n\u201eO, poete, v\u0103d prea bine<br \/>\nC\u0103 minciuna pentru tine<br \/>\nE nepre\u021buit odor.<\/p>\n<p>Las\u0103 \u00eengerii \u00een pace,<br \/>\n\u0219i, de vrei pl\u0103cere a-mi face<br \/>\nCa poet adev\u0103rat,<br \/>\nF\u0103 \u00een via\u021b\u0103 o minune,<br \/>\nHot\u0103r\u00e2ndu-te a-mi spune<br \/>\nAdev\u0103r neprelucrat.\u201d<\/p>\n<p>\u00ce\u021bi spun dar c\u0103 e\u0219ti frumoas\u0103,<br \/>\nC\u0103 e\u0219ti pas\u0103re voioas\u0103,<br \/>\nC\u0103 ai glas \u00eenc\u00e2nt\u0103tor,<br \/>\n\u0219i c\u0103-n ve\u0219nic\u0103 fr\u0103\u021bie<br \/>\nSufletu-mi se-nchin\u0103 \u021bie<br \/>\nCa un frate iubitor.<\/p>\n","protected":false},"excerpt":{"rendered":"<p>\u021ai-a\u0219 zice c\u0103 e\u0219ti frumoas\u0103, C\u0103 e\u0219ti pas\u0103re voioas\u0103, C\u0103 ai glas melodios, \u0219i c\u0103 oricine te vede E ferice<\/p>\n","protected":false},"author":1,"featured_media":3562,"comment_status":"open","ping_status":"open","sticky":false,"template":"","format":"standard","meta":{"colormag_page_container_layout":"default_layout","colormag_page_sidebar_layout":"default_layout","footnotes":""},"categories":[5,35],"tags":[],"class_list":["post-3561","post","type-post","status-publish","format-standard","has-post-thumbnail","hentry","category-locale","category-poezie"],"yoast_head":"<!-- This site is optimized with the Yoast SEO plugin v27.0 - https:\/\/yoast.com\/product\/yoast-seo-wordpress\/ -->\n<title>Adev\u0103rul \u0219i minciuna - Vasile Alecsandri - MHF Photography<\/title>\n<meta name=\"robots\" content=\"index, follow, max-snippet:-1, max-image-preview:large, max-video-preview:-1\" \/>\n<link rel=\"canonical\" href=\"https:\/\/mhf.ro\/mm\/adevarul-si-minciuna-vasile-alecsandri\/\" \/>\n<meta property=\"og:locale\" content=\"ro_RO\" \/>\n<meta property=\"og:type\" content=\"article\" \/>\n<meta property=\"og:title\" content=\"Adev\u0103rul \u0219i minciuna - Vasile Alecsandri - MHF Photography\" \/>\n<meta property=\"og:description\" content=\"\u021ai-a\u0219 zice c\u0103 e\u0219ti frumoas\u0103, C\u0103 e\u0219ti pas\u0103re voioas\u0103, C\u0103 ai glas melodios, \u0219i c\u0103 oricine te vede E ferice\" \/>\n<meta property=\"og:url\" content=\"https:\/\/mhf.ro\/mm\/adevarul-si-minciuna-vasile-alecsandri\/\" \/>\n<meta property=\"og:site_name\" content=\"MHF Photography\" \/>\n<meta property=\"article:published_time\" content=\"2021-01-04T02:31:43+00:00\" \/>\n<meta property=\"og:image\" content=\"https:\/\/mhf.ro\/mm\/wp-content\/uploads\/2021\/01\/fantezie.jpg\" \/>\n\t<meta property=\"og:image:width\" content=\"640\" \/>\n\t<meta property=\"og:image:height\" content=\"428\" \/>\n\t<meta property=\"og:image:type\" content=\"image\/jpeg\" \/>\n<meta name=\"author\" content=\"Marius Marcu\" \/>\n<meta name=\"twitter:card\" content=\"summary_large_image\" \/>\n<meta name=\"twitter:label1\" content=\"Scris de\" \/>\n\t<meta name=\"twitter:data1\" content=\"Marius Marcu\" \/>\n\t<meta name=\"twitter:label2\" content=\"Timp estimat pentru citire\" \/>\n\t<meta name=\"twitter:data2\" content=\"1 minut\" \/>\n<script type=\"application\/ld+json\" class=\"yoast-schema-graph\">{\"@context\":\"https:\/\/schema.org\",\"@graph\":[{\"@type\":\"Article\",\"@id\":\"https:\/\/mhf.ro\/mm\/adevarul-si-minciuna-vasile-alecsandri\/#article\",\"isPartOf\":{\"@id\":\"https:\/\/mhf.ro\/mm\/adevarul-si-minciuna-vasile-alecsandri\/\"},\"author\":{\"name\":\"Marius Marcu\",\"@id\":\"https:\/\/mhf.ro\/mm\/#\/schema\/person\/a3bebf7bdb4bf12f698aff73c7e46c21\"},\"headline\":\"Adev\u0103rul \u0219i minciuna &#8211; Vasile Alecsandri\",\"datePublished\":\"2021-01-04T02:31:43+00:00\",\"mainEntityOfPage\":{\"@id\":\"https:\/\/mhf.ro\/mm\/adevarul-si-minciuna-vasile-alecsandri\/\"},\"wordCount\":165,\"commentCount\":0,\"publisher\":{\"@id\":\"https:\/\/mhf.ro\/mm\/#\/schema\/person\/a3bebf7bdb4bf12f698aff73c7e46c21\"},\"image\":{\"@id\":\"https:\/\/mhf.ro\/mm\/adevarul-si-minciuna-vasile-alecsandri\/#primaryimage\"},\"thumbnailUrl\":\"https:\/\/mhf.ro\/mm\/wp-content\/uploads\/2021\/01\/fantezie.jpg\",\"articleSection\":[\"Locale\",\"Poezie\"],\"inLanguage\":\"ro-RO\",\"potentialAction\":[{\"@type\":\"CommentAction\",\"name\":\"Comment\",\"target\":[\"https:\/\/mhf.ro\/mm\/adevarul-si-minciuna-vasile-alecsandri\/#respond\"]}]},{\"@type\":\"WebPage\",\"@id\":\"https:\/\/mhf.ro\/mm\/adevarul-si-minciuna-vasile-alecsandri\/\",\"url\":\"https:\/\/mhf.ro\/mm\/adevarul-si-minciuna-vasile-alecsandri\/\",\"name\":\"Adev\u0103rul \u0219i minciuna - Vasile Alecsandri - MHF Photography\",\"isPartOf\":{\"@id\":\"https:\/\/mhf.ro\/mm\/#website\"},\"primaryImageOfPage\":{\"@id\":\"https:\/\/mhf.ro\/mm\/adevarul-si-minciuna-vasile-alecsandri\/#primaryimage\"},\"image\":{\"@id\":\"https:\/\/mhf.ro\/mm\/adevarul-si-minciuna-vasile-alecsandri\/#primaryimage\"},\"thumbnailUrl\":\"https:\/\/mhf.ro\/mm\/wp-content\/uploads\/2021\/01\/fantezie.jpg\",\"datePublished\":\"2021-01-04T02:31:43+00:00\",\"breadcrumb\":{\"@id\":\"https:\/\/mhf.ro\/mm\/adevarul-si-minciuna-vasile-alecsandri\/#breadcrumb\"},\"inLanguage\":\"ro-RO\",\"potentialAction\":[{\"@type\":\"ReadAction\",\"target\":[\"https:\/\/mhf.ro\/mm\/adevarul-si-minciuna-vasile-alecsandri\/\"]}]},{\"@type\":\"ImageObject\",\"inLanguage\":\"ro-RO\",\"@id\":\"https:\/\/mhf.ro\/mm\/adevarul-si-minciuna-vasile-alecsandri\/#primaryimage\",\"url\":\"https:\/\/mhf.ro\/mm\/wp-content\/uploads\/2021\/01\/fantezie.jpg\",\"contentUrl\":\"https:\/\/mhf.ro\/mm\/wp-content\/uploads\/2021\/01\/fantezie.jpg\",\"width\":640,\"height\":428},{\"@type\":\"BreadcrumbList\",\"@id\":\"https:\/\/mhf.ro\/mm\/adevarul-si-minciuna-vasile-alecsandri\/#breadcrumb\",\"itemListElement\":[{\"@type\":\"ListItem\",\"position\":1,\"name\":\"Prima pagin\u0103\",\"item\":\"https:\/\/mhf.ro\/mm\/\"},{\"@type\":\"ListItem\",\"position\":2,\"name\":\"Adev\u0103rul \u0219i minciuna &#8211; Vasile Alecsandri\"}]},{\"@type\":\"WebSite\",\"@id\":\"https:\/\/mhf.ro\/mm\/#website\",\"url\":\"https:\/\/mhf.ro\/mm\/\",\"name\":\"MHF Photography \u2013 Blog de fotografie, natur\u0103 \u0219i tehnic\u0103 divers\u0103\",\"description\":\"Aventur\u0103 \u00een fiecare cadru.\",\"publisher\":{\"@id\":\"https:\/\/mhf.ro\/mm\/#\/schema\/person\/a3bebf7bdb4bf12f698aff73c7e46c21\"},\"potentialAction\":[{\"@type\":\"SearchAction\",\"target\":{\"@type\":\"EntryPoint\",\"urlTemplate\":\"https:\/\/mhf.ro\/mm\/?s={search_term_string}\"},\"query-input\":{\"@type\":\"PropertyValueSpecification\",\"valueRequired\":true,\"valueName\":\"search_term_string\"}}],\"inLanguage\":\"ro-RO\"},{\"@type\":[\"Person\",\"Organization\"],\"@id\":\"https:\/\/mhf.ro\/mm\/#\/schema\/person\/a3bebf7bdb4bf12f698aff73c7e46c21\",\"name\":\"Marius Marcu\",\"image\":{\"@type\":\"ImageObject\",\"inLanguage\":\"ro-RO\",\"@id\":\"https:\/\/mhf.ro\/mm\/#\/schema\/person\/image\/\",\"url\":\"https:\/\/mhf.ro\/mm\/wp-content\/uploads\/2025\/12\/cropped-logo_mhf_2.png\",\"contentUrl\":\"https:\/\/mhf.ro\/mm\/wp-content\/uploads\/2025\/12\/cropped-logo_mhf_2.png\",\"width\":1096,\"height\":457,\"caption\":\"Marius Marcu\"},\"logo\":{\"@id\":\"https:\/\/mhf.ro\/mm\/#\/schema\/person\/image\/\"},\"sameAs\":[\"https:\/\/mhf.ro\/mm\"],\"url\":\"https:\/\/mhf.ro\/mm\/author\/mihai\/\"}]}<\/script>\n<!-- \/ Yoast SEO plugin. -->","yoast_head_json":{"title":"Adev\u0103rul \u0219i minciuna - Vasile Alecsandri - MHF Photography","robots":{"index":"index","follow":"follow","max-snippet":"max-snippet:-1","max-image-preview":"max-image-preview:large","max-video-preview":"max-video-preview:-1"},"canonical":"https:\/\/mhf.ro\/mm\/adevarul-si-minciuna-vasile-alecsandri\/","og_locale":"ro_RO","og_type":"article","og_title":"Adev\u0103rul \u0219i minciuna - Vasile Alecsandri - MHF Photography","og_description":"\u021ai-a\u0219 zice c\u0103 e\u0219ti frumoas\u0103, C\u0103 e\u0219ti pas\u0103re voioas\u0103, C\u0103 ai glas melodios, \u0219i c\u0103 oricine te vede E ferice","og_url":"https:\/\/mhf.ro\/mm\/adevarul-si-minciuna-vasile-alecsandri\/","og_site_name":"MHF Photography","article_published_time":"2021-01-04T02:31:43+00:00","og_image":[{"width":640,"height":428,"url":"https:\/\/mhf.ro\/mm\/wp-content\/uploads\/2021\/01\/fantezie.jpg","type":"image\/jpeg"}],"author":"Marius Marcu","twitter_card":"summary_large_image","twitter_misc":{"Scris de":"Marius Marcu","Timp estimat pentru citire":"1 minut"},"schema":{"@context":"https:\/\/schema.org","@graph":[{"@type":"Article","@id":"https:\/\/mhf.ro\/mm\/adevarul-si-minciuna-vasile-alecsandri\/#article","isPartOf":{"@id":"https:\/\/mhf.ro\/mm\/adevarul-si-minciuna-vasile-alecsandri\/"},"author":{"name":"Marius Marcu","@id":"https:\/\/mhf.ro\/mm\/#\/schema\/person\/a3bebf7bdb4bf12f698aff73c7e46c21"},"headline":"Adev\u0103rul \u0219i minciuna &#8211; Vasile Alecsandri","datePublished":"2021-01-04T02:31:43+00:00","mainEntityOfPage":{"@id":"https:\/\/mhf.ro\/mm\/adevarul-si-minciuna-vasile-alecsandri\/"},"wordCount":165,"commentCount":0,"publisher":{"@id":"https:\/\/mhf.ro\/mm\/#\/schema\/person\/a3bebf7bdb4bf12f698aff73c7e46c21"},"image":{"@id":"https:\/\/mhf.ro\/mm\/adevarul-si-minciuna-vasile-alecsandri\/#primaryimage"},"thumbnailUrl":"https:\/\/mhf.ro\/mm\/wp-content\/uploads\/2021\/01\/fantezie.jpg","articleSection":["Locale","Poezie"],"inLanguage":"ro-RO","potentialAction":[{"@type":"CommentAction","name":"Comment","target":["https:\/\/mhf.ro\/mm\/adevarul-si-minciuna-vasile-alecsandri\/#respond"]}]},{"@type":"WebPage","@id":"https:\/\/mhf.ro\/mm\/adevarul-si-minciuna-vasile-alecsandri\/","url":"https:\/\/mhf.ro\/mm\/adevarul-si-minciuna-vasile-alecsandri\/","name":"Adev\u0103rul \u0219i minciuna - Vasile Alecsandri - MHF Photography","isPartOf":{"@id":"https:\/\/mhf.ro\/mm\/#website"},"primaryImageOfPage":{"@id":"https:\/\/mhf.ro\/mm\/adevarul-si-minciuna-vasile-alecsandri\/#primaryimage"},"image":{"@id":"https:\/\/mhf.ro\/mm\/adevarul-si-minciuna-vasile-alecsandri\/#primaryimage"},"thumbnailUrl":"https:\/\/mhf.ro\/mm\/wp-content\/uploads\/2021\/01\/fantezie.jpg","datePublished":"2021-01-04T02:31:43+00:00","breadcrumb":{"@id":"https:\/\/mhf.ro\/mm\/adevarul-si-minciuna-vasile-alecsandri\/#breadcrumb"},"inLanguage":"ro-RO","potentialAction":[{"@type":"ReadAction","target":["https:\/\/mhf.ro\/mm\/adevarul-si-minciuna-vasile-alecsandri\/"]}]},{"@type":"ImageObject","inLanguage":"ro-RO","@id":"https:\/\/mhf.ro\/mm\/adevarul-si-minciuna-vasile-alecsandri\/#primaryimage","url":"https:\/\/mhf.ro\/mm\/wp-content\/uploads\/2021\/01\/fantezie.jpg","contentUrl":"https:\/\/mhf.ro\/mm\/wp-content\/uploads\/2021\/01\/fantezie.jpg","width":640,"height":428},{"@type":"BreadcrumbList","@id":"https:\/\/mhf.ro\/mm\/adevarul-si-minciuna-vasile-alecsandri\/#breadcrumb","itemListElement":[{"@type":"ListItem","position":1,"name":"Prima pagin\u0103","item":"https:\/\/mhf.ro\/mm\/"},{"@type":"ListItem","position":2,"name":"Adev\u0103rul \u0219i minciuna &#8211; Vasile Alecsandri"}]},{"@type":"WebSite","@id":"https:\/\/mhf.ro\/mm\/#website","url":"https:\/\/mhf.ro\/mm\/","name":"MHF Photography \u2013 Blog de fotografie, natur\u0103 \u0219i tehnic\u0103 divers\u0103","description":"Aventur\u0103 \u00een fiecare cadru.","publisher":{"@id":"https:\/\/mhf.ro\/mm\/#\/schema\/person\/a3bebf7bdb4bf12f698aff73c7e46c21"},"potentialAction":[{"@type":"SearchAction","target":{"@type":"EntryPoint","urlTemplate":"https:\/\/mhf.ro\/mm\/?s={search_term_string}"},"query-input":{"@type":"PropertyValueSpecification","valueRequired":true,"valueName":"search_term_string"}}],"inLanguage":"ro-RO"},{"@type":["Person","Organization"],"@id":"https:\/\/mhf.ro\/mm\/#\/schema\/person\/a3bebf7bdb4bf12f698aff73c7e46c21","name":"Marius Marcu","image":{"@type":"ImageObject","inLanguage":"ro-RO","@id":"https:\/\/mhf.ro\/mm\/#\/schema\/person\/image\/","url":"https:\/\/mhf.ro\/mm\/wp-content\/uploads\/2025\/12\/cropped-logo_mhf_2.png","contentUrl":"https:\/\/mhf.ro\/mm\/wp-content\/uploads\/2025\/12\/cropped-logo_mhf_2.png","width":1096,"height":457,"caption":"Marius Marcu"},"logo":{"@id":"https:\/\/mhf.ro\/mm\/#\/schema\/person\/image\/"},"sameAs":["https:\/\/mhf.ro\/mm"],"url":"https:\/\/mhf.ro\/mm\/author\/mihai\/"}]}},"_links":{"self":[{"href":"https:\/\/mhf.ro\/mm\/wp-json\/wp\/v2\/posts\/3561","targetHints":{"allow":["GET"]}}],"collection":[{"href":"https:\/\/mhf.ro\/mm\/wp-json\/wp\/v2\/posts"}],"about":[{"href":"https:\/\/mhf.ro\/mm\/wp-json\/wp\/v2\/types\/post"}],"author":[{"embeddable":true,"href":"https:\/\/mhf.ro\/mm\/wp-json\/wp\/v2\/users\/1"}],"replies":[{"embeddable":true,"href":"https:\/\/mhf.ro\/mm\/wp-json\/wp\/v2\/comments?post=3561"}],"version-history":[{"count":1,"href":"https:\/\/mhf.ro\/mm\/wp-json\/wp\/v2\/posts\/3561\/revisions"}],"predecessor-version":[{"id":3563,"href":"https:\/\/mhf.ro\/mm\/wp-json\/wp\/v2\/posts\/3561\/revisions\/3563"}],"wp:featuredmedia":[{"embeddable":true,"href":"https:\/\/mhf.ro\/mm\/wp-json\/wp\/v2\/media\/3562"}],"wp:attachment":[{"href":"https:\/\/mhf.ro\/mm\/wp-json\/wp\/v2\/media?parent=3561"}],"wp:term":[{"taxonomy":"category","embeddable":true,"href":"https:\/\/mhf.ro\/mm\/wp-json\/wp\/v2\/categories?post=3561"},{"taxonomy":"post_tag","embeddable":true,"href":"https:\/\/mhf.ro\/mm\/wp-json\/wp\/v2\/tags?post=3561"}],"curies":[{"name":"wp","href":"https:\/\/api.w.org\/{rel}","templated":true}]}}