{"id":3569,"date":"2021-01-05T09:16:05","date_gmt":"2021-01-05T07:16:05","guid":{"rendered":"https:\/\/mhf.ro\/mm\/?p=3569"},"modified":"2021-01-05T10:52:48","modified_gmt":"2021-01-05T08:52:48","slug":"pacea-de-craciun","status":"publish","type":"post","link":"https:\/\/mhf.ro\/mm\/pacea-de-craciun\/","title":{"rendered":"PACEA DE CR\u0102CIUN"},"content":{"rendered":"<p>Nimic mai uman dec\u00e2t gestul solda\u021bilor englezi \u015fi germani din primul r\u0103zboi mondial, care au l\u0103sat deoparte pentru 24 de ore toat\u0103 ura, toate angoasele r\u0103zboiului \u015fi \u015fi-au str\u00e2ns m\u00e2inile! Se-nt\u00e2mpla exact \u00een ziua de Cr\u0103ciun, 1914. F\u0103r\u0103 \u015ftirea generalilor!&#8230; \u015ei au r\u0103mas surprin\u015fi s\u0103 vad\u0103 c\u00e2t de mult se aseam\u0103n\u0103 unii cu al\u021bii, c\u00e2t de multe griji \u015fi spaime comune \u00eei unesc. \u015ei-au ar\u0103tat unii altora poze cu cei dragi \u015fi poate \u00eentr-o str\u0103fulgerare de-o clip\u0103 au \u00een\u021beles c\u0103 r\u0103zboiul nu e niciodat\u0103 al oamenilor simpli, pentru c\u0103 ei n-au dec\u00e2t de suferit de pe urma acestuia, singurii care au de c\u00e2\u015ftigat fiind ace\u015fti tic\u0103lo\u015fi bolnavi care ne conduc \u015fi ne asmut pe unii \u00eempotriva altora.<\/p>\n<p>Unul dintre solda\u021bi scria acas\u0103 p\u0103rin\u021bilor: &#8222;R\u0103zboiul violeaz\u0103 sufletul. M-a f\u0103cut dintr-un om care avea groaz\u0103 de violen\u021b\u0103, s\u0103-mi plac\u0103 s\u0103 ucid! Am g\u0103sit o voluptate \u00een asta.&#8221;<\/p>\n<p>C\u0103pitanul Gross spunea \u00een P\u0103durea sp\u00e2nzura\u021bilor c\u0103, &#8222;dac\u0103 oamenii simpli \u015fi-ar da seama ce putere au \u015fi ar face o roat\u0103 mare, care s\u0103 cuprind\u0103 \u00eentreg p\u0103m\u00e2ntul, \u021bin\u00e2ndu-se de m\u00e2ini, \u00eempotriva r\u0103zboiului, niciun r\u0103zboi n-ar mai fi posibil&#8221;.<\/p>\n<p>Despre &#8222;Pacea de Cr\u0103ciun&#8221;, cum a fost numit\u0103 aceast\u0103 \u00eencetare a r\u0103zboiului din 1914 pentru 24 de ore, s-a vorbit pu\u021bin. A\u015fa ordonaser\u0103 generalii, ar fi putut s\u0103 le dea idei celorlal\u0163i solda\u0163i.<\/p>\n<p>Faptele au ajuns totu\u015fi p\u00e2n\u0103 la noi, dar se pare c\u0103 oamenilor simpli le plac c\u0103l\u0103ii, cei care \u00eei pun s\u0103 se ucid\u0103 unii pe al\u021bii, pentru c\u0103 a\u015fa vor ni\u015fte tic\u0103lo\u015fi bolnavi. Altfel e greu de explicat ceea ce a urmat.<\/p>\n<p>Poate c\u0103 \u00eentr-un t\u00e2rziu, oamenii de pretutindeni \u00ee\u015fi vor da m\u00e2na, ignor\u00e2ndu-i pe cei care se transform\u0103 \u00een mon\u015ftri, a\u015fa cum au f\u0103cut acei solda\u021bi \u015fi vor realiza o roat\u0103 a p\u0103cii care s\u0103 cuprind\u0103 \u00eentreaga omenire.<img fetchpriority=\"high\" decoding=\"async\" class=\"alignnone size-full wp-image-3570\" src=\"https:\/\/mhf.ro\/mm\/wp-content\/uploads\/2021\/01\/Pace-de-Craciun.jpg\" alt=\"\" width=\"300\" height=\"168\" \/><\/p>\n","protected":false},"excerpt":{"rendered":"<p>Nimic mai uman dec\u00e2t gestul solda\u021bilor englezi \u015fi germani din primul r\u0103zboi mondial, care au l\u0103sat deoparte pentru 24 de<\/p>\n","protected":false},"author":10,"featured_media":3576,"comment_status":"open","ping_status":"open","sticky":false,"template":"","format":"standard","meta":{"colormag_page_container_layout":"default_layout","colormag_page_sidebar_layout":"default_layout","footnotes":""},"categories":[8],"tags":[],"class_list":["post-3569","post","type-post","status-publish","format-standard","has-post-thumbnail","hentry","category-div"],"yoast_head":"<!-- This site is optimized with the Yoast SEO plugin v27.0 - https:\/\/yoast.com\/product\/yoast-seo-wordpress\/ -->\n<title>PACEA DE CR\u0102CIUN - MHF Photography<\/title>\n<meta name=\"robots\" content=\"index, follow, max-snippet:-1, max-image-preview:large, max-video-preview:-1\" \/>\n<link rel=\"canonical\" href=\"https:\/\/mhf.ro\/mm\/pacea-de-craciun\/\" \/>\n<meta property=\"og:locale\" content=\"ro_RO\" \/>\n<meta property=\"og:type\" content=\"article\" \/>\n<meta property=\"og:title\" content=\"PACEA DE CR\u0102CIUN - MHF Photography\" \/>\n<meta property=\"og:description\" content=\"Nimic mai uman dec\u00e2t gestul solda\u021bilor englezi \u015fi germani din primul r\u0103zboi mondial, care au l\u0103sat deoparte pentru 24 de\" \/>\n<meta property=\"og:url\" content=\"https:\/\/mhf.ro\/mm\/pacea-de-craciun\/\" \/>\n<meta property=\"og:site_name\" content=\"MHF Photography\" \/>\n<meta property=\"article:published_time\" content=\"2021-01-05T07:16:05+00:00\" \/>\n<meta property=\"article:modified_time\" content=\"2021-01-05T08:52:48+00:00\" \/>\n<meta property=\"og:image\" content=\"https:\/\/mhf.ro\/mm\/wp-content\/uploads\/2021\/01\/razboi_cavalerie.jpg\" \/>\n\t<meta property=\"og:image:width\" content=\"1280\" \/>\n\t<meta property=\"og:image:height\" content=\"853\" \/>\n\t<meta property=\"og:image:type\" content=\"image\/jpeg\" \/>\n<meta name=\"author\" content=\"Mitu Ion\" \/>\n<meta name=\"twitter:card\" content=\"summary_large_image\" \/>\n<meta name=\"twitter:label1\" content=\"Scris de\" \/>\n\t<meta name=\"twitter:data1\" content=\"Mitu Ion\" \/>\n\t<meta name=\"twitter:label2\" content=\"Timp estimat pentru citire\" \/>\n\t<meta name=\"twitter:data2\" content=\"2 minute\" \/>\n<script type=\"application\/ld+json\" class=\"yoast-schema-graph\">{\"@context\":\"https:\/\/schema.org\",\"@graph\":[{\"@type\":\"Article\",\"@id\":\"https:\/\/mhf.ro\/mm\/pacea-de-craciun\/#article\",\"isPartOf\":{\"@id\":\"https:\/\/mhf.ro\/mm\/pacea-de-craciun\/\"},\"author\":{\"name\":\"Mitu Ion\",\"@id\":\"https:\/\/mhf.ro\/mm\/#\/schema\/person\/ecde2c4d3c2298573c280821ab6d9965\"},\"headline\":\"PACEA DE CR\u0102CIUN\",\"datePublished\":\"2021-01-05T07:16:05+00:00\",\"dateModified\":\"2021-01-05T08:52:48+00:00\",\"mainEntityOfPage\":{\"@id\":\"https:\/\/mhf.ro\/mm\/pacea-de-craciun\/\"},\"wordCount\":360,\"commentCount\":0,\"publisher\":{\"@id\":\"https:\/\/mhf.ro\/mm\/#\/schema\/person\/a3bebf7bdb4bf12f698aff73c7e46c21\"},\"image\":{\"@id\":\"https:\/\/mhf.ro\/mm\/pacea-de-craciun\/#primaryimage\"},\"thumbnailUrl\":\"https:\/\/mhf.ro\/mm\/wp-content\/uploads\/2021\/01\/razboi_cavalerie.jpg\",\"articleSection\":[\"Diverse\"],\"inLanguage\":\"ro-RO\",\"potentialAction\":[{\"@type\":\"CommentAction\",\"name\":\"Comment\",\"target\":[\"https:\/\/mhf.ro\/mm\/pacea-de-craciun\/#respond\"]}]},{\"@type\":\"WebPage\",\"@id\":\"https:\/\/mhf.ro\/mm\/pacea-de-craciun\/\",\"url\":\"https:\/\/mhf.ro\/mm\/pacea-de-craciun\/\",\"name\":\"PACEA DE CR\u0102CIUN - MHF Photography\",\"isPartOf\":{\"@id\":\"https:\/\/mhf.ro\/mm\/#website\"},\"primaryImageOfPage\":{\"@id\":\"https:\/\/mhf.ro\/mm\/pacea-de-craciun\/#primaryimage\"},\"image\":{\"@id\":\"https:\/\/mhf.ro\/mm\/pacea-de-craciun\/#primaryimage\"},\"thumbnailUrl\":\"https:\/\/mhf.ro\/mm\/wp-content\/uploads\/2021\/01\/razboi_cavalerie.jpg\",\"datePublished\":\"2021-01-05T07:16:05+00:00\",\"dateModified\":\"2021-01-05T08:52:48+00:00\",\"breadcrumb\":{\"@id\":\"https:\/\/mhf.ro\/mm\/pacea-de-craciun\/#breadcrumb\"},\"inLanguage\":\"ro-RO\",\"potentialAction\":[{\"@type\":\"ReadAction\",\"target\":[\"https:\/\/mhf.ro\/mm\/pacea-de-craciun\/\"]}]},{\"@type\":\"ImageObject\",\"inLanguage\":\"ro-RO\",\"@id\":\"https:\/\/mhf.ro\/mm\/pacea-de-craciun\/#primaryimage\",\"url\":\"https:\/\/mhf.ro\/mm\/wp-content\/uploads\/2021\/01\/razboi_cavalerie.jpg\",\"contentUrl\":\"https:\/\/mhf.ro\/mm\/wp-content\/uploads\/2021\/01\/razboi_cavalerie.jpg\",\"width\":1280,\"height\":853},{\"@type\":\"BreadcrumbList\",\"@id\":\"https:\/\/mhf.ro\/mm\/pacea-de-craciun\/#breadcrumb\",\"itemListElement\":[{\"@type\":\"ListItem\",\"position\":1,\"name\":\"Prima pagin\u0103\",\"item\":\"https:\/\/mhf.ro\/mm\/\"},{\"@type\":\"ListItem\",\"position\":2,\"name\":\"PACEA DE CR\u0102CIUN\"}]},{\"@type\":\"WebSite\",\"@id\":\"https:\/\/mhf.ro\/mm\/#website\",\"url\":\"https:\/\/mhf.ro\/mm\/\",\"name\":\"MHF Photography \u2013 Blog de fotografie, natur\u0103 \u0219i tehnic\u0103 divers\u0103\",\"description\":\"Aventur\u0103 \u00een fiecare cadru.\",\"publisher\":{\"@id\":\"https:\/\/mhf.ro\/mm\/#\/schema\/person\/a3bebf7bdb4bf12f698aff73c7e46c21\"},\"potentialAction\":[{\"@type\":\"SearchAction\",\"target\":{\"@type\":\"EntryPoint\",\"urlTemplate\":\"https:\/\/mhf.ro\/mm\/?s={search_term_string}\"},\"query-input\":{\"@type\":\"PropertyValueSpecification\",\"valueRequired\":true,\"valueName\":\"search_term_string\"}}],\"inLanguage\":\"ro-RO\"},{\"@type\":[\"Person\",\"Organization\"],\"@id\":\"https:\/\/mhf.ro\/mm\/#\/schema\/person\/a3bebf7bdb4bf12f698aff73c7e46c21\",\"name\":\"Marius Marcu\",\"image\":{\"@type\":\"ImageObject\",\"inLanguage\":\"ro-RO\",\"@id\":\"https:\/\/mhf.ro\/mm\/#\/schema\/person\/image\/\",\"url\":\"https:\/\/mhf.ro\/mm\/wp-content\/uploads\/2025\/12\/cropped-logo_mhf_2.png\",\"contentUrl\":\"https:\/\/mhf.ro\/mm\/wp-content\/uploads\/2025\/12\/cropped-logo_mhf_2.png\",\"width\":1096,\"height\":457,\"caption\":\"Marius Marcu\"},\"logo\":{\"@id\":\"https:\/\/mhf.ro\/mm\/#\/schema\/person\/image\/\"},\"sameAs\":[\"https:\/\/mhf.ro\/mm\"]},{\"@type\":\"Person\",\"@id\":\"https:\/\/mhf.ro\/mm\/#\/schema\/person\/ecde2c4d3c2298573c280821ab6d9965\",\"name\":\"Mitu Ion\",\"image\":{\"@type\":\"ImageObject\",\"inLanguage\":\"ro-RO\",\"@id\":\"https:\/\/mhf.ro\/mm\/#\/schema\/person\/image\/\",\"url\":\"https:\/\/secure.gravatar.com\/avatar\/fb0a4d707f287178aadfb359603e2d946f49db0cd52072b1b6748bc111739ee5?s=96&d=monsterid&r=g\",\"contentUrl\":\"https:\/\/secure.gravatar.com\/avatar\/fb0a4d707f287178aadfb359603e2d946f49db0cd52072b1b6748bc111739ee5?s=96&d=monsterid&r=g\",\"caption\":\"Mitu Ion\"},\"sameAs\":[\"https:\/\/mhf.ro\/mm\"],\"url\":\"https:\/\/mhf.ro\/mm\/author\/mitu\/\"}]}<\/script>\n<!-- \/ Yoast SEO plugin. -->","yoast_head_json":{"title":"PACEA DE CR\u0102CIUN - MHF Photography","robots":{"index":"index","follow":"follow","max-snippet":"max-snippet:-1","max-image-preview":"max-image-preview:large","max-video-preview":"max-video-preview:-1"},"canonical":"https:\/\/mhf.ro\/mm\/pacea-de-craciun\/","og_locale":"ro_RO","og_type":"article","og_title":"PACEA DE CR\u0102CIUN - MHF Photography","og_description":"Nimic mai uman dec\u00e2t gestul solda\u021bilor englezi \u015fi germani din primul r\u0103zboi mondial, care au l\u0103sat deoparte pentru 24 de","og_url":"https:\/\/mhf.ro\/mm\/pacea-de-craciun\/","og_site_name":"MHF Photography","article_published_time":"2021-01-05T07:16:05+00:00","article_modified_time":"2021-01-05T08:52:48+00:00","og_image":[{"width":1280,"height":853,"url":"https:\/\/mhf.ro\/mm\/wp-content\/uploads\/2021\/01\/razboi_cavalerie.jpg","type":"image\/jpeg"}],"author":"Mitu Ion","twitter_card":"summary_large_image","twitter_misc":{"Scris de":"Mitu Ion","Timp estimat pentru citire":"2 minute"},"schema":{"@context":"https:\/\/schema.org","@graph":[{"@type":"Article","@id":"https:\/\/mhf.ro\/mm\/pacea-de-craciun\/#article","isPartOf":{"@id":"https:\/\/mhf.ro\/mm\/pacea-de-craciun\/"},"author":{"name":"Mitu Ion","@id":"https:\/\/mhf.ro\/mm\/#\/schema\/person\/ecde2c4d3c2298573c280821ab6d9965"},"headline":"PACEA DE CR\u0102CIUN","datePublished":"2021-01-05T07:16:05+00:00","dateModified":"2021-01-05T08:52:48+00:00","mainEntityOfPage":{"@id":"https:\/\/mhf.ro\/mm\/pacea-de-craciun\/"},"wordCount":360,"commentCount":0,"publisher":{"@id":"https:\/\/mhf.ro\/mm\/#\/schema\/person\/a3bebf7bdb4bf12f698aff73c7e46c21"},"image":{"@id":"https:\/\/mhf.ro\/mm\/pacea-de-craciun\/#primaryimage"},"thumbnailUrl":"https:\/\/mhf.ro\/mm\/wp-content\/uploads\/2021\/01\/razboi_cavalerie.jpg","articleSection":["Diverse"],"inLanguage":"ro-RO","potentialAction":[{"@type":"CommentAction","name":"Comment","target":["https:\/\/mhf.ro\/mm\/pacea-de-craciun\/#respond"]}]},{"@type":"WebPage","@id":"https:\/\/mhf.ro\/mm\/pacea-de-craciun\/","url":"https:\/\/mhf.ro\/mm\/pacea-de-craciun\/","name":"PACEA DE CR\u0102CIUN - MHF Photography","isPartOf":{"@id":"https:\/\/mhf.ro\/mm\/#website"},"primaryImageOfPage":{"@id":"https:\/\/mhf.ro\/mm\/pacea-de-craciun\/#primaryimage"},"image":{"@id":"https:\/\/mhf.ro\/mm\/pacea-de-craciun\/#primaryimage"},"thumbnailUrl":"https:\/\/mhf.ro\/mm\/wp-content\/uploads\/2021\/01\/razboi_cavalerie.jpg","datePublished":"2021-01-05T07:16:05+00:00","dateModified":"2021-01-05T08:52:48+00:00","breadcrumb":{"@id":"https:\/\/mhf.ro\/mm\/pacea-de-craciun\/#breadcrumb"},"inLanguage":"ro-RO","potentialAction":[{"@type":"ReadAction","target":["https:\/\/mhf.ro\/mm\/pacea-de-craciun\/"]}]},{"@type":"ImageObject","inLanguage":"ro-RO","@id":"https:\/\/mhf.ro\/mm\/pacea-de-craciun\/#primaryimage","url":"https:\/\/mhf.ro\/mm\/wp-content\/uploads\/2021\/01\/razboi_cavalerie.jpg","contentUrl":"https:\/\/mhf.ro\/mm\/wp-content\/uploads\/2021\/01\/razboi_cavalerie.jpg","width":1280,"height":853},{"@type":"BreadcrumbList","@id":"https:\/\/mhf.ro\/mm\/pacea-de-craciun\/#breadcrumb","itemListElement":[{"@type":"ListItem","position":1,"name":"Prima pagin\u0103","item":"https:\/\/mhf.ro\/mm\/"},{"@type":"ListItem","position":2,"name":"PACEA DE CR\u0102CIUN"}]},{"@type":"WebSite","@id":"https:\/\/mhf.ro\/mm\/#website","url":"https:\/\/mhf.ro\/mm\/","name":"MHF Photography \u2013 Blog de fotografie, natur\u0103 \u0219i tehnic\u0103 divers\u0103","description":"Aventur\u0103 \u00een fiecare cadru.","publisher":{"@id":"https:\/\/mhf.ro\/mm\/#\/schema\/person\/a3bebf7bdb4bf12f698aff73c7e46c21"},"potentialAction":[{"@type":"SearchAction","target":{"@type":"EntryPoint","urlTemplate":"https:\/\/mhf.ro\/mm\/?s={search_term_string}"},"query-input":{"@type":"PropertyValueSpecification","valueRequired":true,"valueName":"search_term_string"}}],"inLanguage":"ro-RO"},{"@type":["Person","Organization"],"@id":"https:\/\/mhf.ro\/mm\/#\/schema\/person\/a3bebf7bdb4bf12f698aff73c7e46c21","name":"Marius Marcu","image":{"@type":"ImageObject","inLanguage":"ro-RO","@id":"https:\/\/mhf.ro\/mm\/#\/schema\/person\/image\/","url":"https:\/\/mhf.ro\/mm\/wp-content\/uploads\/2025\/12\/cropped-logo_mhf_2.png","contentUrl":"https:\/\/mhf.ro\/mm\/wp-content\/uploads\/2025\/12\/cropped-logo_mhf_2.png","width":1096,"height":457,"caption":"Marius Marcu"},"logo":{"@id":"https:\/\/mhf.ro\/mm\/#\/schema\/person\/image\/"},"sameAs":["https:\/\/mhf.ro\/mm"]},{"@type":"Person","@id":"https:\/\/mhf.ro\/mm\/#\/schema\/person\/ecde2c4d3c2298573c280821ab6d9965","name":"Mitu Ion","image":{"@type":"ImageObject","inLanguage":"ro-RO","@id":"https:\/\/mhf.ro\/mm\/#\/schema\/person\/image\/","url":"https:\/\/secure.gravatar.com\/avatar\/fb0a4d707f287178aadfb359603e2d946f49db0cd52072b1b6748bc111739ee5?s=96&d=monsterid&r=g","contentUrl":"https:\/\/secure.gravatar.com\/avatar\/fb0a4d707f287178aadfb359603e2d946f49db0cd52072b1b6748bc111739ee5?s=96&d=monsterid&r=g","caption":"Mitu Ion"},"sameAs":["https:\/\/mhf.ro\/mm"],"url":"https:\/\/mhf.ro\/mm\/author\/mitu\/"}]}},"_links":{"self":[{"href":"https:\/\/mhf.ro\/mm\/wp-json\/wp\/v2\/posts\/3569","targetHints":{"allow":["GET"]}}],"collection":[{"href":"https:\/\/mhf.ro\/mm\/wp-json\/wp\/v2\/posts"}],"about":[{"href":"https:\/\/mhf.ro\/mm\/wp-json\/wp\/v2\/types\/post"}],"author":[{"embeddable":true,"href":"https:\/\/mhf.ro\/mm\/wp-json\/wp\/v2\/users\/10"}],"replies":[{"embeddable":true,"href":"https:\/\/mhf.ro\/mm\/wp-json\/wp\/v2\/comments?post=3569"}],"version-history":[{"count":1,"href":"https:\/\/mhf.ro\/mm\/wp-json\/wp\/v2\/posts\/3569\/revisions"}],"predecessor-version":[{"id":3571,"href":"https:\/\/mhf.ro\/mm\/wp-json\/wp\/v2\/posts\/3569\/revisions\/3571"}],"wp:featuredmedia":[{"embeddable":true,"href":"https:\/\/mhf.ro\/mm\/wp-json\/wp\/v2\/media\/3576"}],"wp:attachment":[{"href":"https:\/\/mhf.ro\/mm\/wp-json\/wp\/v2\/media?parent=3569"}],"wp:term":[{"taxonomy":"category","embeddable":true,"href":"https:\/\/mhf.ro\/mm\/wp-json\/wp\/v2\/categories?post=3569"},{"taxonomy":"post_tag","embeddable":true,"href":"https:\/\/mhf.ro\/mm\/wp-json\/wp\/v2\/tags?post=3569"}],"curies":[{"name":"wp","href":"https:\/\/api.w.org\/{rel}","templated":true}]}}