{"id":3572,"date":"2021-01-05T09:18:43","date_gmt":"2021-01-05T07:18:43","guid":{"rendered":"https:\/\/mhf.ro\/mm\/?p=3572"},"modified":"2021-01-05T10:54:57","modified_gmt":"2021-01-05T08:54:57","slug":"despre-genii","status":"publish","type":"post","link":"https:\/\/mhf.ro\/mm\/despre-genii\/","title":{"rendered":"DESPRE GENII"},"content":{"rendered":"<p>Am citat din Dostoievski zilele trecute. Un prieten de pe pagina mea spunea c\u0103 nu prea st\u0103tea bine cu capul. Dostoievski&#8230; Avea \u0219i prietenul dreptatea lui, p\u00e2n\u0103 la urm\u0103 epilepsia, boala de care suferea marele scriitor rus, este o boal\u0103 a creierului. \u00cens\u0103, \u00een perioadele dintre dou\u0103 crize, Dostoievski era mai s\u0103n\u0103tos la cap dec\u00e2t toat\u0103 omenirea la un loc! Spuneam \u00eentr-o postare anterioar\u0103 c\u0103 oamenii geniali sunt, cumva, pedepsi\u021bi de Natur\u0103, care, geloas\u0103 pe ei, le face via\u021ba imposibil\u0103. Sau, mai degrab\u0103, destinul lor tragic, \u00een cele mai multe cazuri, este dat de intensitatea cu care \u00ee\u0219i tr\u0103iesc via\u021ba, de faptul c\u0103 ard mai repede dec\u00e2t noi, muritorii de r\u00e2nd, c\u0103 intuiesc infinit mai bine dec\u00e2t noi z\u0103d\u0103rnicia vie\u021bii. A doua ipotez\u0103 pare, \u0219i chiar este, mai pu\u021bin poetic\u0103 dec\u00e2t prima.<\/p>\n<p>Indiferent de motive, cert este c\u0103 cei mai mul\u021bi dintre oamenii de geniu n-au avut un destin fericit \u0219i au murit \u00een floarea v\u00e2rstei. C\u00e2teva exemple: Shelley, marele poet englez moare, \u00eenecat accidental, la 29 de ani; Pu\u0219kin, marele poet rus, moare, stupid, \u00een urma unui duel pentru onoare, la 37 de ani; Esenin se sinucide, alcoolic fiind, \u00eentr-un hotel, la 33 de ani; Baudelaire, celebrul autor al &#8222;Florilor r\u0103ului&#8221;, volumul de versuri care a influen\u021bat nu numai poezia francez\u0103, moare la 46 de ani, consumator de ha\u0219i\u0219 \u0219i alcool, av\u00e2nd \u00een antecedente \u0219i dou\u0103 tentative de sinucidere, tentative pe care nu le-a dus p\u00e2n\u0103 la cap\u0103t doar pentru c\u0103 nu terminase volumul de poezie de care am vorbit . La noi avem un singur geniu \u0219i \u0219tim cu to\u021bii sau ar trebui s\u0103 \u0219tim, dincolo de specula\u021biile, ridicole \u00een cele mai multe cazuri, ce soart\u0103 tragic\u0103 \u0219i nedreapt\u0103 a avut Eminescu. Poate c\u0103 s-a smuls de prea multe ori de-acolo de sus, dintre a\u0219tri, amestec\u00e2ndu-se cu muritorii de r\u00e2nd.<\/p>\n<p>Am \u00eenceput postarea asta cu g\u00e2ndul s\u0103 spun c\u00e2teva cuvinte despre via\u021ba lui Dostoievski, poate cel mai mare scriitor din toate timpurile! M-am luat cu vorba \u0219i a ie\u0219it ce-a ie\u0219it.<\/p>\n<p>Post\u0103rile lungi plictisesc, v\u0103 spun din proprie experien\u021b\u0103, a\u0219a c\u0103 despre Dostoievski c\u00e2t de cur\u00e2nd&#8230;<img fetchpriority=\"high\" decoding=\"async\" class=\"alignnone size-medium wp-image-3573\" src=\"https:\/\/mhf.ro\/mm\/wp-content\/uploads\/2021\/01\/Dostoevsky_1872-240x300.jpg\" alt=\"\" width=\"240\" height=\"300\" srcset=\"https:\/\/mhf.ro\/mm\/wp-content\/uploads\/2021\/01\/Dostoevsky_1872-240x300.jpg 240w, https:\/\/mhf.ro\/mm\/wp-content\/uploads\/2021\/01\/Dostoevsky_1872-768x958.jpg 768w, https:\/\/mhf.ro\/mm\/wp-content\/uploads\/2021\/01\/Dostoevsky_1872.jpg 800w\" sizes=\"(max-width: 240px) 100vw, 240px\" \/><\/p>\n","protected":false},"excerpt":{"rendered":"<p>Am citat din Dostoievski zilele trecute. Un prieten de pe pagina mea spunea c\u0103 nu prea st\u0103tea bine cu capul.<\/p>\n","protected":false},"author":10,"featured_media":3573,"comment_status":"open","ping_status":"open","sticky":false,"template":"","format":"standard","meta":{"colormag_page_container_layout":"default_layout","colormag_page_sidebar_layout":"default_layout","footnotes":""},"categories":[8],"tags":[],"class_list":["post-3572","post","type-post","status-publish","format-standard","has-post-thumbnail","hentry","category-div"],"yoast_head":"<!-- This site is optimized with the Yoast SEO plugin v27.0 - https:\/\/yoast.com\/product\/yoast-seo-wordpress\/ -->\n<title>DESPRE GENII - MHF Photography<\/title>\n<meta name=\"robots\" content=\"index, follow, max-snippet:-1, max-image-preview:large, max-video-preview:-1\" \/>\n<link rel=\"canonical\" href=\"https:\/\/mhf.ro\/mm\/despre-genii\/\" \/>\n<meta property=\"og:locale\" content=\"ro_RO\" \/>\n<meta property=\"og:type\" content=\"article\" \/>\n<meta property=\"og:title\" content=\"DESPRE GENII - MHF Photography\" \/>\n<meta property=\"og:description\" content=\"Am citat din Dostoievski zilele trecute. Un prieten de pe pagina mea spunea c\u0103 nu prea st\u0103tea bine cu capul.\" \/>\n<meta property=\"og:url\" content=\"https:\/\/mhf.ro\/mm\/despre-genii\/\" \/>\n<meta property=\"og:site_name\" content=\"MHF Photography\" \/>\n<meta property=\"article:published_time\" content=\"2021-01-05T07:18:43+00:00\" \/>\n<meta property=\"article:modified_time\" content=\"2021-01-05T08:54:57+00:00\" \/>\n<meta property=\"og:image\" content=\"https:\/\/mhf.ro\/mm\/wp-content\/uploads\/2021\/01\/Dostoevsky_1872.jpg\" \/>\n\t<meta property=\"og:image:width\" content=\"800\" \/>\n\t<meta property=\"og:image:height\" content=\"998\" \/>\n\t<meta property=\"og:image:type\" content=\"image\/jpeg\" \/>\n<meta name=\"author\" content=\"Mitu Ion\" \/>\n<meta name=\"twitter:card\" content=\"summary_large_image\" \/>\n<meta name=\"twitter:label1\" content=\"Scris de\" \/>\n\t<meta name=\"twitter:data1\" content=\"Mitu Ion\" \/>\n\t<meta name=\"twitter:label2\" content=\"Timp estimat pentru citire\" \/>\n\t<meta name=\"twitter:data2\" content=\"2 minute\" \/>\n<script type=\"application\/ld+json\" class=\"yoast-schema-graph\">{\"@context\":\"https:\/\/schema.org\",\"@graph\":[{\"@type\":\"Article\",\"@id\":\"https:\/\/mhf.ro\/mm\/despre-genii\/#article\",\"isPartOf\":{\"@id\":\"https:\/\/mhf.ro\/mm\/despre-genii\/\"},\"author\":{\"name\":\"Mitu Ion\",\"@id\":\"https:\/\/mhf.ro\/mm\/#\/schema\/person\/ecde2c4d3c2298573c280821ab6d9965\"},\"headline\":\"DESPRE GENII\",\"datePublished\":\"2021-01-05T07:18:43+00:00\",\"dateModified\":\"2021-01-05T08:54:57+00:00\",\"mainEntityOfPage\":{\"@id\":\"https:\/\/mhf.ro\/mm\/despre-genii\/\"},\"wordCount\":386,\"commentCount\":0,\"publisher\":{\"@id\":\"https:\/\/mhf.ro\/mm\/#\/schema\/person\/a3bebf7bdb4bf12f698aff73c7e46c21\"},\"image\":{\"@id\":\"https:\/\/mhf.ro\/mm\/despre-genii\/#primaryimage\"},\"thumbnailUrl\":\"https:\/\/mhf.ro\/mm\/wp-content\/uploads\/2021\/01\/Dostoevsky_1872.jpg\",\"articleSection\":[\"Diverse\"],\"inLanguage\":\"ro-RO\",\"potentialAction\":[{\"@type\":\"CommentAction\",\"name\":\"Comment\",\"target\":[\"https:\/\/mhf.ro\/mm\/despre-genii\/#respond\"]}]},{\"@type\":\"WebPage\",\"@id\":\"https:\/\/mhf.ro\/mm\/despre-genii\/\",\"url\":\"https:\/\/mhf.ro\/mm\/despre-genii\/\",\"name\":\"DESPRE GENII - MHF Photography\",\"isPartOf\":{\"@id\":\"https:\/\/mhf.ro\/mm\/#website\"},\"primaryImageOfPage\":{\"@id\":\"https:\/\/mhf.ro\/mm\/despre-genii\/#primaryimage\"},\"image\":{\"@id\":\"https:\/\/mhf.ro\/mm\/despre-genii\/#primaryimage\"},\"thumbnailUrl\":\"https:\/\/mhf.ro\/mm\/wp-content\/uploads\/2021\/01\/Dostoevsky_1872.jpg\",\"datePublished\":\"2021-01-05T07:18:43+00:00\",\"dateModified\":\"2021-01-05T08:54:57+00:00\",\"breadcrumb\":{\"@id\":\"https:\/\/mhf.ro\/mm\/despre-genii\/#breadcrumb\"},\"inLanguage\":\"ro-RO\",\"potentialAction\":[{\"@type\":\"ReadAction\",\"target\":[\"https:\/\/mhf.ro\/mm\/despre-genii\/\"]}]},{\"@type\":\"ImageObject\",\"inLanguage\":\"ro-RO\",\"@id\":\"https:\/\/mhf.ro\/mm\/despre-genii\/#primaryimage\",\"url\":\"https:\/\/mhf.ro\/mm\/wp-content\/uploads\/2021\/01\/Dostoevsky_1872.jpg\",\"contentUrl\":\"https:\/\/mhf.ro\/mm\/wp-content\/uploads\/2021\/01\/Dostoevsky_1872.jpg\",\"width\":800,\"height\":998},{\"@type\":\"BreadcrumbList\",\"@id\":\"https:\/\/mhf.ro\/mm\/despre-genii\/#breadcrumb\",\"itemListElement\":[{\"@type\":\"ListItem\",\"position\":1,\"name\":\"Prima pagin\u0103\",\"item\":\"https:\/\/mhf.ro\/mm\/\"},{\"@type\":\"ListItem\",\"position\":2,\"name\":\"DESPRE GENII\"}]},{\"@type\":\"WebSite\",\"@id\":\"https:\/\/mhf.ro\/mm\/#website\",\"url\":\"https:\/\/mhf.ro\/mm\/\",\"name\":\"MHF Photography \u2013 Blog de fotografie, natur\u0103 \u0219i tehnic\u0103 divers\u0103\",\"description\":\"Aventur\u0103 \u00een fiecare cadru.\",\"publisher\":{\"@id\":\"https:\/\/mhf.ro\/mm\/#\/schema\/person\/a3bebf7bdb4bf12f698aff73c7e46c21\"},\"potentialAction\":[{\"@type\":\"SearchAction\",\"target\":{\"@type\":\"EntryPoint\",\"urlTemplate\":\"https:\/\/mhf.ro\/mm\/?s={search_term_string}\"},\"query-input\":{\"@type\":\"PropertyValueSpecification\",\"valueRequired\":true,\"valueName\":\"search_term_string\"}}],\"inLanguage\":\"ro-RO\"},{\"@type\":[\"Person\",\"Organization\"],\"@id\":\"https:\/\/mhf.ro\/mm\/#\/schema\/person\/a3bebf7bdb4bf12f698aff73c7e46c21\",\"name\":\"Marius Marcu\",\"image\":{\"@type\":\"ImageObject\",\"inLanguage\":\"ro-RO\",\"@id\":\"https:\/\/mhf.ro\/mm\/#\/schema\/person\/image\/\",\"url\":\"https:\/\/mhf.ro\/mm\/wp-content\/uploads\/2025\/12\/cropped-logo_mhf_2.png\",\"contentUrl\":\"https:\/\/mhf.ro\/mm\/wp-content\/uploads\/2025\/12\/cropped-logo_mhf_2.png\",\"width\":1096,\"height\":457,\"caption\":\"Marius Marcu\"},\"logo\":{\"@id\":\"https:\/\/mhf.ro\/mm\/#\/schema\/person\/image\/\"},\"sameAs\":[\"https:\/\/mhf.ro\/mm\"]},{\"@type\":\"Person\",\"@id\":\"https:\/\/mhf.ro\/mm\/#\/schema\/person\/ecde2c4d3c2298573c280821ab6d9965\",\"name\":\"Mitu Ion\",\"image\":{\"@type\":\"ImageObject\",\"inLanguage\":\"ro-RO\",\"@id\":\"https:\/\/mhf.ro\/mm\/#\/schema\/person\/image\/\",\"url\":\"https:\/\/secure.gravatar.com\/avatar\/fb0a4d707f287178aadfb359603e2d946f49db0cd52072b1b6748bc111739ee5?s=96&d=monsterid&r=g\",\"contentUrl\":\"https:\/\/secure.gravatar.com\/avatar\/fb0a4d707f287178aadfb359603e2d946f49db0cd52072b1b6748bc111739ee5?s=96&d=monsterid&r=g\",\"caption\":\"Mitu Ion\"},\"sameAs\":[\"https:\/\/mhf.ro\/mm\"],\"url\":\"https:\/\/mhf.ro\/mm\/author\/mitu\/\"}]}<\/script>\n<!-- \/ Yoast SEO plugin. -->","yoast_head_json":{"title":"DESPRE GENII - MHF Photography","robots":{"index":"index","follow":"follow","max-snippet":"max-snippet:-1","max-image-preview":"max-image-preview:large","max-video-preview":"max-video-preview:-1"},"canonical":"https:\/\/mhf.ro\/mm\/despre-genii\/","og_locale":"ro_RO","og_type":"article","og_title":"DESPRE GENII - MHF Photography","og_description":"Am citat din Dostoievski zilele trecute. Un prieten de pe pagina mea spunea c\u0103 nu prea st\u0103tea bine cu capul.","og_url":"https:\/\/mhf.ro\/mm\/despre-genii\/","og_site_name":"MHF Photography","article_published_time":"2021-01-05T07:18:43+00:00","article_modified_time":"2021-01-05T08:54:57+00:00","og_image":[{"width":800,"height":998,"url":"https:\/\/mhf.ro\/mm\/wp-content\/uploads\/2021\/01\/Dostoevsky_1872.jpg","type":"image\/jpeg"}],"author":"Mitu Ion","twitter_card":"summary_large_image","twitter_misc":{"Scris de":"Mitu Ion","Timp estimat pentru citire":"2 minute"},"schema":{"@context":"https:\/\/schema.org","@graph":[{"@type":"Article","@id":"https:\/\/mhf.ro\/mm\/despre-genii\/#article","isPartOf":{"@id":"https:\/\/mhf.ro\/mm\/despre-genii\/"},"author":{"name":"Mitu Ion","@id":"https:\/\/mhf.ro\/mm\/#\/schema\/person\/ecde2c4d3c2298573c280821ab6d9965"},"headline":"DESPRE GENII","datePublished":"2021-01-05T07:18:43+00:00","dateModified":"2021-01-05T08:54:57+00:00","mainEntityOfPage":{"@id":"https:\/\/mhf.ro\/mm\/despre-genii\/"},"wordCount":386,"commentCount":0,"publisher":{"@id":"https:\/\/mhf.ro\/mm\/#\/schema\/person\/a3bebf7bdb4bf12f698aff73c7e46c21"},"image":{"@id":"https:\/\/mhf.ro\/mm\/despre-genii\/#primaryimage"},"thumbnailUrl":"https:\/\/mhf.ro\/mm\/wp-content\/uploads\/2021\/01\/Dostoevsky_1872.jpg","articleSection":["Diverse"],"inLanguage":"ro-RO","potentialAction":[{"@type":"CommentAction","name":"Comment","target":["https:\/\/mhf.ro\/mm\/despre-genii\/#respond"]}]},{"@type":"WebPage","@id":"https:\/\/mhf.ro\/mm\/despre-genii\/","url":"https:\/\/mhf.ro\/mm\/despre-genii\/","name":"DESPRE GENII - MHF Photography","isPartOf":{"@id":"https:\/\/mhf.ro\/mm\/#website"},"primaryImageOfPage":{"@id":"https:\/\/mhf.ro\/mm\/despre-genii\/#primaryimage"},"image":{"@id":"https:\/\/mhf.ro\/mm\/despre-genii\/#primaryimage"},"thumbnailUrl":"https:\/\/mhf.ro\/mm\/wp-content\/uploads\/2021\/01\/Dostoevsky_1872.jpg","datePublished":"2021-01-05T07:18:43+00:00","dateModified":"2021-01-05T08:54:57+00:00","breadcrumb":{"@id":"https:\/\/mhf.ro\/mm\/despre-genii\/#breadcrumb"},"inLanguage":"ro-RO","potentialAction":[{"@type":"ReadAction","target":["https:\/\/mhf.ro\/mm\/despre-genii\/"]}]},{"@type":"ImageObject","inLanguage":"ro-RO","@id":"https:\/\/mhf.ro\/mm\/despre-genii\/#primaryimage","url":"https:\/\/mhf.ro\/mm\/wp-content\/uploads\/2021\/01\/Dostoevsky_1872.jpg","contentUrl":"https:\/\/mhf.ro\/mm\/wp-content\/uploads\/2021\/01\/Dostoevsky_1872.jpg","width":800,"height":998},{"@type":"BreadcrumbList","@id":"https:\/\/mhf.ro\/mm\/despre-genii\/#breadcrumb","itemListElement":[{"@type":"ListItem","position":1,"name":"Prima pagin\u0103","item":"https:\/\/mhf.ro\/mm\/"},{"@type":"ListItem","position":2,"name":"DESPRE GENII"}]},{"@type":"WebSite","@id":"https:\/\/mhf.ro\/mm\/#website","url":"https:\/\/mhf.ro\/mm\/","name":"MHF Photography \u2013 Blog de fotografie, natur\u0103 \u0219i tehnic\u0103 divers\u0103","description":"Aventur\u0103 \u00een fiecare cadru.","publisher":{"@id":"https:\/\/mhf.ro\/mm\/#\/schema\/person\/a3bebf7bdb4bf12f698aff73c7e46c21"},"potentialAction":[{"@type":"SearchAction","target":{"@type":"EntryPoint","urlTemplate":"https:\/\/mhf.ro\/mm\/?s={search_term_string}"},"query-input":{"@type":"PropertyValueSpecification","valueRequired":true,"valueName":"search_term_string"}}],"inLanguage":"ro-RO"},{"@type":["Person","Organization"],"@id":"https:\/\/mhf.ro\/mm\/#\/schema\/person\/a3bebf7bdb4bf12f698aff73c7e46c21","name":"Marius Marcu","image":{"@type":"ImageObject","inLanguage":"ro-RO","@id":"https:\/\/mhf.ro\/mm\/#\/schema\/person\/image\/","url":"https:\/\/mhf.ro\/mm\/wp-content\/uploads\/2025\/12\/cropped-logo_mhf_2.png","contentUrl":"https:\/\/mhf.ro\/mm\/wp-content\/uploads\/2025\/12\/cropped-logo_mhf_2.png","width":1096,"height":457,"caption":"Marius Marcu"},"logo":{"@id":"https:\/\/mhf.ro\/mm\/#\/schema\/person\/image\/"},"sameAs":["https:\/\/mhf.ro\/mm"]},{"@type":"Person","@id":"https:\/\/mhf.ro\/mm\/#\/schema\/person\/ecde2c4d3c2298573c280821ab6d9965","name":"Mitu Ion","image":{"@type":"ImageObject","inLanguage":"ro-RO","@id":"https:\/\/mhf.ro\/mm\/#\/schema\/person\/image\/","url":"https:\/\/secure.gravatar.com\/avatar\/fb0a4d707f287178aadfb359603e2d946f49db0cd52072b1b6748bc111739ee5?s=96&d=monsterid&r=g","contentUrl":"https:\/\/secure.gravatar.com\/avatar\/fb0a4d707f287178aadfb359603e2d946f49db0cd52072b1b6748bc111739ee5?s=96&d=monsterid&r=g","caption":"Mitu Ion"},"sameAs":["https:\/\/mhf.ro\/mm"],"url":"https:\/\/mhf.ro\/mm\/author\/mitu\/"}]}},"_links":{"self":[{"href":"https:\/\/mhf.ro\/mm\/wp-json\/wp\/v2\/posts\/3572","targetHints":{"allow":["GET"]}}],"collection":[{"href":"https:\/\/mhf.ro\/mm\/wp-json\/wp\/v2\/posts"}],"about":[{"href":"https:\/\/mhf.ro\/mm\/wp-json\/wp\/v2\/types\/post"}],"author":[{"embeddable":true,"href":"https:\/\/mhf.ro\/mm\/wp-json\/wp\/v2\/users\/10"}],"replies":[{"embeddable":true,"href":"https:\/\/mhf.ro\/mm\/wp-json\/wp\/v2\/comments?post=3572"}],"version-history":[{"count":1,"href":"https:\/\/mhf.ro\/mm\/wp-json\/wp\/v2\/posts\/3572\/revisions"}],"predecessor-version":[{"id":3574,"href":"https:\/\/mhf.ro\/mm\/wp-json\/wp\/v2\/posts\/3572\/revisions\/3574"}],"wp:featuredmedia":[{"embeddable":true,"href":"https:\/\/mhf.ro\/mm\/wp-json\/wp\/v2\/media\/3573"}],"wp:attachment":[{"href":"https:\/\/mhf.ro\/mm\/wp-json\/wp\/v2\/media?parent=3572"}],"wp:term":[{"taxonomy":"category","embeddable":true,"href":"https:\/\/mhf.ro\/mm\/wp-json\/wp\/v2\/categories?post=3572"},{"taxonomy":"post_tag","embeddable":true,"href":"https:\/\/mhf.ro\/mm\/wp-json\/wp\/v2\/tags?post=3572"}],"curies":[{"name":"wp","href":"https:\/\/api.w.org\/{rel}","templated":true}]}}