{"id":3581,"date":"2021-01-06T10:23:02","date_gmt":"2021-01-06T08:23:02","guid":{"rendered":"https:\/\/mhf.ro\/mm\/?p=3581"},"modified":"2021-01-06T10:23:02","modified_gmt":"2021-01-06T08:23:02","slug":"proiectele-planurilor-cadru-pentru-invatamantul-liceal-si-profesional-lansate-in-dezbatere-publica","status":"publish","type":"post","link":"https:\/\/mhf.ro\/mm\/proiectele-planurilor-cadru-pentru-invatamantul-liceal-si-profesional-lansate-in-dezbatere-publica\/","title":{"rendered":"Proiectele planurilor-cadru pentru \u00eenv\u0103\u021b\u0103m\u00e2ntul liceal \u0219i profesional, lansate \u00een dezbatere public\u0103"},"content":{"rendered":"<div class=\"field field-name-body field-type-text-with-summary field-label-hidden\">\n<div class=\"field-items\">\n<div class=\"field-item even\">\n<p class=\"rtejustify\">Ministerul Educa\u021biei, prin Centrul Na\u021bional de Politici \u0219i Evaluare \u00een Educa\u021bie, lanseaz\u0103 \u00een dezbatere public\u0103 proiectele planurilor-cadru pentru \u00eenv\u0103\u021b\u0103m\u00e2ntul liceal \u0219i profesional, care vor intra \u00een vigoare gradual, \u00eencep\u00e2nd cu clasa a IX-a a anului \u0219colar 2021 &#8211; 2022.<\/p>\n<p class=\"rtejustify\">Acestea au fost elaborate \u00een cadrul grupurilor de lucru constituite prin ordinul de ministru 3.261\/14.02.2020, cu modific\u0103rile \u0219i complet\u0103rile ulterioare. Din aceste grupuri de lucru au f\u0103cut parte speciali\u0219ti din cadrul ministerului \u0219i din cadrul Centrului Na\u021bional de Evaluare \u0219i Examinare, cercet\u0103tori ai Institutului de \u0218tiin\u021be ale Educa\u021biei \u0219i cadre didactice de prestigiu din \u00eenv\u0103\u021b\u0103m\u00e2ntul preuniversitar.<\/p>\n<p class=\"rtejustify\">\u00cen cazul proiectelor planurilor-cadru pentru filiera tehnologic\u0103 \u0219i \u00eenv\u0103\u021b\u0103m\u00e2nt profesional au fost coopta\u021bi speciali\u0219ti din Centrul Na\u021bional de Dezvoltare a \u00cenv\u0103\u021b\u0103m\u00e2ntului Profesional \u0219i Tehnic, Autoritatea Na\u021bional\u0103 pentru Calific\u0103ri, dar \u0219i ai unor entit\u0103\u021bi reprezentative pentru mediul privat \u0219i asociativ.<\/p>\n<p class=\"rtejustify\">Comisia de validare a proiectelor planurilor-cadru a avut \u00een componen\u021b\u0103 reprezentan\u021bi ai tuturor partenerilor sociali: federa\u021biile sindicale, federa\u021biile\/asocia\u021biile de p\u0103rin\u021bi, mediul universitar, Academia Rom\u00e2n\u0103, Consiliul Na\u021bional al Elevilor, ARACIP, organiza\u021bii nonguvernamentale \u0219i al\u021bi parteneri cu experien\u021b\u0103 \u00een domeniu (exemple: Banca Mondial\u0103, UNICEF).<\/p>\n<p class=\"rtejustify\">Desf\u0103\u0219urarea anului \u0219colar 2020-2021 \u00een condi\u021bii de pandemie a \u00eengreunat procesul de preg\u0103tire a lans\u0103rii \u00een dezbatere public\u0103 a planurilor-cadru pentru \u00eenv\u0103\u021b\u0103m\u00e2ntul liceal \u0219i profesional, din cauza provoc\u0103rilor \u0219i restric\u021biilor specifice acestei perioade. Se impune \u00eens\u0103 urgentarea lans\u0103rii \u00een consultare public\u0103 pentru a nu creste \u00eenc\u0103 \u0219i mai mult riscul inexisten\u021bei manualelor de clasa a IX-a la \u00eenceputul anului \u0219colar 2021 &#8211; 2022.<\/p>\n<p class=\"rtejustify\">Fiind con\u0219tien\u021bi de importan\u021ba acestui demers, a\u0219tept\u0103m propuneri de \u00eembun\u0103t\u0103\u021bire din partea tuturor factorilor interesa\u021bi, la adresa de e-mail <a href=\"mailto:planuri_cadru@rocnee.eu\">planuri_cadru@rocnee.eu<\/a>, p\u00e2n\u0103 la data 31.01.2021.<\/p>\n<p class=\"rtejustify\">Ne dorim ca, \u00een urma acestor propuneri de \u00eembun\u0103t\u0103\u021bire, planurile-cadru s\u0103 fie un fundament pentru materializarea profilului absolventului, reflect\u00e2nd astfel nevoile societ\u0103\u021bii, dar \u0219i cele mai bune practici documentate \u0219tiin\u021bific privind procesul de proiectare curricular\u0103. Ne a\u0219tept\u0103m ca forma final\u0103 a acestor planuri-cadru s\u0103 reflecte principiile agreate prin cel mai amplu proces de consultare public\u0103 \u00een cadrul proiectului Rom\u00e2nia Educat\u0103.<\/p>\n<p style=\"text-align: right;\">(conf. edu.ro)<\/p>\n<\/div>\n<\/div>\n<\/div>\n","protected":false},"excerpt":{"rendered":"<p>Ministerul Educa\u021biei, prin Centrul Na\u021bional de Politici \u0219i Evaluare \u00een Educa\u021bie, lanseaz\u0103 \u00een dezbatere public\u0103 proiectele planurilor-cadru pentru \u00eenv\u0103\u021b\u0103m\u00e2ntul liceal<\/p>\n","protected":false},"author":1,"featured_media":3582,"comment_status":"open","ping_status":"open","sticky":false,"template":"","format":"standard","meta":{"colormag_page_container_layout":"default_layout","colormag_page_sidebar_layout":"default_layout","footnotes":""},"categories":[32,5],"tags":[],"class_list":["post-3581","post","type-post","status-publish","format-standard","has-post-thumbnail","hentry","category-comunicate","category-locale"],"yoast_head":"<!-- This site is optimized with the Yoast SEO plugin v27.0 - https:\/\/yoast.com\/product\/yoast-seo-wordpress\/ -->\n<title>Proiectele planurilor-cadru pentru \u00eenv\u0103\u021b\u0103m\u00e2ntul liceal \u0219i profesional, lansate \u00een dezbatere public\u0103 - MHF Photography<\/title>\n<meta name=\"robots\" content=\"index, follow, max-snippet:-1, max-image-preview:large, max-video-preview:-1\" \/>\n<link rel=\"canonical\" href=\"https:\/\/mhf.ro\/mm\/proiectele-planurilor-cadru-pentru-invatamantul-liceal-si-profesional-lansate-in-dezbatere-publica\/\" \/>\n<meta property=\"og:locale\" content=\"ro_RO\" \/>\n<meta property=\"og:type\" content=\"article\" \/>\n<meta property=\"og:title\" content=\"Proiectele planurilor-cadru pentru \u00eenv\u0103\u021b\u0103m\u00e2ntul liceal \u0219i profesional, lansate \u00een dezbatere public\u0103 - MHF Photography\" \/>\n<meta property=\"og:description\" content=\"Ministerul Educa\u021biei, prin Centrul Na\u021bional de Politici \u0219i Evaluare \u00een Educa\u021bie, lanseaz\u0103 \u00een dezbatere public\u0103 proiectele planurilor-cadru pentru \u00eenv\u0103\u021b\u0103m\u00e2ntul liceal\" \/>\n<meta property=\"og:url\" content=\"https:\/\/mhf.ro\/mm\/proiectele-planurilor-cadru-pentru-invatamantul-liceal-si-profesional-lansate-in-dezbatere-publica\/\" \/>\n<meta property=\"og:site_name\" content=\"MHF Photography\" \/>\n<meta property=\"article:published_time\" content=\"2021-01-06T08:23:02+00:00\" \/>\n<meta property=\"og:image\" content=\"https:\/\/mhf.ro\/mm\/wp-content\/uploads\/2021\/01\/foarfeci.jpg\" \/>\n\t<meta property=\"og:image:width\" content=\"1280\" \/>\n\t<meta property=\"og:image:height\" content=\"853\" \/>\n\t<meta property=\"og:image:type\" content=\"image\/jpeg\" \/>\n<meta name=\"author\" content=\"Marius Marcu\" \/>\n<meta name=\"twitter:card\" content=\"summary_large_image\" \/>\n<meta name=\"twitter:label1\" content=\"Scris de\" \/>\n\t<meta name=\"twitter:data1\" content=\"Marius Marcu\" \/>\n\t<meta name=\"twitter:label2\" content=\"Timp estimat pentru citire\" \/>\n\t<meta name=\"twitter:data2\" content=\"2 minute\" \/>\n<script type=\"application\/ld+json\" class=\"yoast-schema-graph\">{\"@context\":\"https:\/\/schema.org\",\"@graph\":[{\"@type\":\"Article\",\"@id\":\"https:\/\/mhf.ro\/mm\/proiectele-planurilor-cadru-pentru-invatamantul-liceal-si-profesional-lansate-in-dezbatere-publica\/#article\",\"isPartOf\":{\"@id\":\"https:\/\/mhf.ro\/mm\/proiectele-planurilor-cadru-pentru-invatamantul-liceal-si-profesional-lansate-in-dezbatere-publica\/\"},\"author\":{\"name\":\"Marius Marcu\",\"@id\":\"https:\/\/mhf.ro\/mm\/#\/schema\/person\/a3bebf7bdb4bf12f698aff73c7e46c21\"},\"headline\":\"Proiectele planurilor-cadru pentru \u00eenv\u0103\u021b\u0103m\u00e2ntul liceal \u0219i profesional, lansate \u00een dezbatere public\u0103\",\"datePublished\":\"2021-01-06T08:23:02+00:00\",\"mainEntityOfPage\":{\"@id\":\"https:\/\/mhf.ro\/mm\/proiectele-planurilor-cadru-pentru-invatamantul-liceal-si-profesional-lansate-in-dezbatere-publica\/\"},\"wordCount\":400,\"commentCount\":0,\"publisher\":{\"@id\":\"https:\/\/mhf.ro\/mm\/#\/schema\/person\/a3bebf7bdb4bf12f698aff73c7e46c21\"},\"image\":{\"@id\":\"https:\/\/mhf.ro\/mm\/proiectele-planurilor-cadru-pentru-invatamantul-liceal-si-profesional-lansate-in-dezbatere-publica\/#primaryimage\"},\"thumbnailUrl\":\"https:\/\/mhf.ro\/mm\/wp-content\/uploads\/2021\/01\/foarfeci.jpg\",\"articleSection\":[\"Comunicate\",\"Locale\"],\"inLanguage\":\"ro-RO\",\"potentialAction\":[{\"@type\":\"CommentAction\",\"name\":\"Comment\",\"target\":[\"https:\/\/mhf.ro\/mm\/proiectele-planurilor-cadru-pentru-invatamantul-liceal-si-profesional-lansate-in-dezbatere-publica\/#respond\"]}]},{\"@type\":\"WebPage\",\"@id\":\"https:\/\/mhf.ro\/mm\/proiectele-planurilor-cadru-pentru-invatamantul-liceal-si-profesional-lansate-in-dezbatere-publica\/\",\"url\":\"https:\/\/mhf.ro\/mm\/proiectele-planurilor-cadru-pentru-invatamantul-liceal-si-profesional-lansate-in-dezbatere-publica\/\",\"name\":\"Proiectele planurilor-cadru pentru \u00eenv\u0103\u021b\u0103m\u00e2ntul liceal \u0219i profesional, lansate \u00een dezbatere public\u0103 - MHF Photography\",\"isPartOf\":{\"@id\":\"https:\/\/mhf.ro\/mm\/#website\"},\"primaryImageOfPage\":{\"@id\":\"https:\/\/mhf.ro\/mm\/proiectele-planurilor-cadru-pentru-invatamantul-liceal-si-profesional-lansate-in-dezbatere-publica\/#primaryimage\"},\"image\":{\"@id\":\"https:\/\/mhf.ro\/mm\/proiectele-planurilor-cadru-pentru-invatamantul-liceal-si-profesional-lansate-in-dezbatere-publica\/#primaryimage\"},\"thumbnailUrl\":\"https:\/\/mhf.ro\/mm\/wp-content\/uploads\/2021\/01\/foarfeci.jpg\",\"datePublished\":\"2021-01-06T08:23:02+00:00\",\"breadcrumb\":{\"@id\":\"https:\/\/mhf.ro\/mm\/proiectele-planurilor-cadru-pentru-invatamantul-liceal-si-profesional-lansate-in-dezbatere-publica\/#breadcrumb\"},\"inLanguage\":\"ro-RO\",\"potentialAction\":[{\"@type\":\"ReadAction\",\"target\":[\"https:\/\/mhf.ro\/mm\/proiectele-planurilor-cadru-pentru-invatamantul-liceal-si-profesional-lansate-in-dezbatere-publica\/\"]}]},{\"@type\":\"ImageObject\",\"inLanguage\":\"ro-RO\",\"@id\":\"https:\/\/mhf.ro\/mm\/proiectele-planurilor-cadru-pentru-invatamantul-liceal-si-profesional-lansate-in-dezbatere-publica\/#primaryimage\",\"url\":\"https:\/\/mhf.ro\/mm\/wp-content\/uploads\/2021\/01\/foarfeci.jpg\",\"contentUrl\":\"https:\/\/mhf.ro\/mm\/wp-content\/uploads\/2021\/01\/foarfeci.jpg\",\"width\":1280,\"height\":853},{\"@type\":\"BreadcrumbList\",\"@id\":\"https:\/\/mhf.ro\/mm\/proiectele-planurilor-cadru-pentru-invatamantul-liceal-si-profesional-lansate-in-dezbatere-publica\/#breadcrumb\",\"itemListElement\":[{\"@type\":\"ListItem\",\"position\":1,\"name\":\"Prima pagin\u0103\",\"item\":\"https:\/\/mhf.ro\/mm\/\"},{\"@type\":\"ListItem\",\"position\":2,\"name\":\"Proiectele planurilor-cadru pentru \u00eenv\u0103\u021b\u0103m\u00e2ntul liceal \u0219i profesional, lansate \u00een dezbatere public\u0103\"}]},{\"@type\":\"WebSite\",\"@id\":\"https:\/\/mhf.ro\/mm\/#website\",\"url\":\"https:\/\/mhf.ro\/mm\/\",\"name\":\"MHF Photography \u2013 Blog de fotografie, natur\u0103 \u0219i tehnic\u0103 divers\u0103\",\"description\":\"Aventur\u0103 \u00een fiecare cadru.\",\"publisher\":{\"@id\":\"https:\/\/mhf.ro\/mm\/#\/schema\/person\/a3bebf7bdb4bf12f698aff73c7e46c21\"},\"potentialAction\":[{\"@type\":\"SearchAction\",\"target\":{\"@type\":\"EntryPoint\",\"urlTemplate\":\"https:\/\/mhf.ro\/mm\/?s={search_term_string}\"},\"query-input\":{\"@type\":\"PropertyValueSpecification\",\"valueRequired\":true,\"valueName\":\"search_term_string\"}}],\"inLanguage\":\"ro-RO\"},{\"@type\":[\"Person\",\"Organization\"],\"@id\":\"https:\/\/mhf.ro\/mm\/#\/schema\/person\/a3bebf7bdb4bf12f698aff73c7e46c21\",\"name\":\"Marius Marcu\",\"image\":{\"@type\":\"ImageObject\",\"inLanguage\":\"ro-RO\",\"@id\":\"https:\/\/mhf.ro\/mm\/#\/schema\/person\/image\/\",\"url\":\"https:\/\/mhf.ro\/mm\/wp-content\/uploads\/2025\/12\/cropped-logo_mhf_2.png\",\"contentUrl\":\"https:\/\/mhf.ro\/mm\/wp-content\/uploads\/2025\/12\/cropped-logo_mhf_2.png\",\"width\":1096,\"height\":457,\"caption\":\"Marius Marcu\"},\"logo\":{\"@id\":\"https:\/\/mhf.ro\/mm\/#\/schema\/person\/image\/\"},\"sameAs\":[\"https:\/\/mhf.ro\/mm\"],\"url\":\"https:\/\/mhf.ro\/mm\/author\/mihai\/\"}]}<\/script>\n<!-- \/ Yoast SEO plugin. -->","yoast_head_json":{"title":"Proiectele planurilor-cadru pentru \u00eenv\u0103\u021b\u0103m\u00e2ntul liceal \u0219i profesional, lansate \u00een dezbatere public\u0103 - MHF Photography","robots":{"index":"index","follow":"follow","max-snippet":"max-snippet:-1","max-image-preview":"max-image-preview:large","max-video-preview":"max-video-preview:-1"},"canonical":"https:\/\/mhf.ro\/mm\/proiectele-planurilor-cadru-pentru-invatamantul-liceal-si-profesional-lansate-in-dezbatere-publica\/","og_locale":"ro_RO","og_type":"article","og_title":"Proiectele planurilor-cadru pentru \u00eenv\u0103\u021b\u0103m\u00e2ntul liceal \u0219i profesional, lansate \u00een dezbatere public\u0103 - MHF Photography","og_description":"Ministerul Educa\u021biei, prin Centrul Na\u021bional de Politici \u0219i Evaluare \u00een Educa\u021bie, lanseaz\u0103 \u00een dezbatere public\u0103 proiectele planurilor-cadru pentru \u00eenv\u0103\u021b\u0103m\u00e2ntul liceal","og_url":"https:\/\/mhf.ro\/mm\/proiectele-planurilor-cadru-pentru-invatamantul-liceal-si-profesional-lansate-in-dezbatere-publica\/","og_site_name":"MHF Photography","article_published_time":"2021-01-06T08:23:02+00:00","og_image":[{"width":1280,"height":853,"url":"https:\/\/mhf.ro\/mm\/wp-content\/uploads\/2021\/01\/foarfeci.jpg","type":"image\/jpeg"}],"author":"Marius Marcu","twitter_card":"summary_large_image","twitter_misc":{"Scris de":"Marius Marcu","Timp estimat pentru citire":"2 minute"},"schema":{"@context":"https:\/\/schema.org","@graph":[{"@type":"Article","@id":"https:\/\/mhf.ro\/mm\/proiectele-planurilor-cadru-pentru-invatamantul-liceal-si-profesional-lansate-in-dezbatere-publica\/#article","isPartOf":{"@id":"https:\/\/mhf.ro\/mm\/proiectele-planurilor-cadru-pentru-invatamantul-liceal-si-profesional-lansate-in-dezbatere-publica\/"},"author":{"name":"Marius Marcu","@id":"https:\/\/mhf.ro\/mm\/#\/schema\/person\/a3bebf7bdb4bf12f698aff73c7e46c21"},"headline":"Proiectele planurilor-cadru pentru \u00eenv\u0103\u021b\u0103m\u00e2ntul liceal \u0219i profesional, lansate \u00een dezbatere public\u0103","datePublished":"2021-01-06T08:23:02+00:00","mainEntityOfPage":{"@id":"https:\/\/mhf.ro\/mm\/proiectele-planurilor-cadru-pentru-invatamantul-liceal-si-profesional-lansate-in-dezbatere-publica\/"},"wordCount":400,"commentCount":0,"publisher":{"@id":"https:\/\/mhf.ro\/mm\/#\/schema\/person\/a3bebf7bdb4bf12f698aff73c7e46c21"},"image":{"@id":"https:\/\/mhf.ro\/mm\/proiectele-planurilor-cadru-pentru-invatamantul-liceal-si-profesional-lansate-in-dezbatere-publica\/#primaryimage"},"thumbnailUrl":"https:\/\/mhf.ro\/mm\/wp-content\/uploads\/2021\/01\/foarfeci.jpg","articleSection":["Comunicate","Locale"],"inLanguage":"ro-RO","potentialAction":[{"@type":"CommentAction","name":"Comment","target":["https:\/\/mhf.ro\/mm\/proiectele-planurilor-cadru-pentru-invatamantul-liceal-si-profesional-lansate-in-dezbatere-publica\/#respond"]}]},{"@type":"WebPage","@id":"https:\/\/mhf.ro\/mm\/proiectele-planurilor-cadru-pentru-invatamantul-liceal-si-profesional-lansate-in-dezbatere-publica\/","url":"https:\/\/mhf.ro\/mm\/proiectele-planurilor-cadru-pentru-invatamantul-liceal-si-profesional-lansate-in-dezbatere-publica\/","name":"Proiectele planurilor-cadru pentru \u00eenv\u0103\u021b\u0103m\u00e2ntul liceal \u0219i profesional, lansate \u00een dezbatere public\u0103 - MHF Photography","isPartOf":{"@id":"https:\/\/mhf.ro\/mm\/#website"},"primaryImageOfPage":{"@id":"https:\/\/mhf.ro\/mm\/proiectele-planurilor-cadru-pentru-invatamantul-liceal-si-profesional-lansate-in-dezbatere-publica\/#primaryimage"},"image":{"@id":"https:\/\/mhf.ro\/mm\/proiectele-planurilor-cadru-pentru-invatamantul-liceal-si-profesional-lansate-in-dezbatere-publica\/#primaryimage"},"thumbnailUrl":"https:\/\/mhf.ro\/mm\/wp-content\/uploads\/2021\/01\/foarfeci.jpg","datePublished":"2021-01-06T08:23:02+00:00","breadcrumb":{"@id":"https:\/\/mhf.ro\/mm\/proiectele-planurilor-cadru-pentru-invatamantul-liceal-si-profesional-lansate-in-dezbatere-publica\/#breadcrumb"},"inLanguage":"ro-RO","potentialAction":[{"@type":"ReadAction","target":["https:\/\/mhf.ro\/mm\/proiectele-planurilor-cadru-pentru-invatamantul-liceal-si-profesional-lansate-in-dezbatere-publica\/"]}]},{"@type":"ImageObject","inLanguage":"ro-RO","@id":"https:\/\/mhf.ro\/mm\/proiectele-planurilor-cadru-pentru-invatamantul-liceal-si-profesional-lansate-in-dezbatere-publica\/#primaryimage","url":"https:\/\/mhf.ro\/mm\/wp-content\/uploads\/2021\/01\/foarfeci.jpg","contentUrl":"https:\/\/mhf.ro\/mm\/wp-content\/uploads\/2021\/01\/foarfeci.jpg","width":1280,"height":853},{"@type":"BreadcrumbList","@id":"https:\/\/mhf.ro\/mm\/proiectele-planurilor-cadru-pentru-invatamantul-liceal-si-profesional-lansate-in-dezbatere-publica\/#breadcrumb","itemListElement":[{"@type":"ListItem","position":1,"name":"Prima pagin\u0103","item":"https:\/\/mhf.ro\/mm\/"},{"@type":"ListItem","position":2,"name":"Proiectele planurilor-cadru pentru \u00eenv\u0103\u021b\u0103m\u00e2ntul liceal \u0219i profesional, lansate \u00een dezbatere public\u0103"}]},{"@type":"WebSite","@id":"https:\/\/mhf.ro\/mm\/#website","url":"https:\/\/mhf.ro\/mm\/","name":"MHF Photography \u2013 Blog de fotografie, natur\u0103 \u0219i tehnic\u0103 divers\u0103","description":"Aventur\u0103 \u00een fiecare cadru.","publisher":{"@id":"https:\/\/mhf.ro\/mm\/#\/schema\/person\/a3bebf7bdb4bf12f698aff73c7e46c21"},"potentialAction":[{"@type":"SearchAction","target":{"@type":"EntryPoint","urlTemplate":"https:\/\/mhf.ro\/mm\/?s={search_term_string}"},"query-input":{"@type":"PropertyValueSpecification","valueRequired":true,"valueName":"search_term_string"}}],"inLanguage":"ro-RO"},{"@type":["Person","Organization"],"@id":"https:\/\/mhf.ro\/mm\/#\/schema\/person\/a3bebf7bdb4bf12f698aff73c7e46c21","name":"Marius Marcu","image":{"@type":"ImageObject","inLanguage":"ro-RO","@id":"https:\/\/mhf.ro\/mm\/#\/schema\/person\/image\/","url":"https:\/\/mhf.ro\/mm\/wp-content\/uploads\/2025\/12\/cropped-logo_mhf_2.png","contentUrl":"https:\/\/mhf.ro\/mm\/wp-content\/uploads\/2025\/12\/cropped-logo_mhf_2.png","width":1096,"height":457,"caption":"Marius Marcu"},"logo":{"@id":"https:\/\/mhf.ro\/mm\/#\/schema\/person\/image\/"},"sameAs":["https:\/\/mhf.ro\/mm"],"url":"https:\/\/mhf.ro\/mm\/author\/mihai\/"}]}},"_links":{"self":[{"href":"https:\/\/mhf.ro\/mm\/wp-json\/wp\/v2\/posts\/3581","targetHints":{"allow":["GET"]}}],"collection":[{"href":"https:\/\/mhf.ro\/mm\/wp-json\/wp\/v2\/posts"}],"about":[{"href":"https:\/\/mhf.ro\/mm\/wp-json\/wp\/v2\/types\/post"}],"author":[{"embeddable":true,"href":"https:\/\/mhf.ro\/mm\/wp-json\/wp\/v2\/users\/1"}],"replies":[{"embeddable":true,"href":"https:\/\/mhf.ro\/mm\/wp-json\/wp\/v2\/comments?post=3581"}],"version-history":[{"count":1,"href":"https:\/\/mhf.ro\/mm\/wp-json\/wp\/v2\/posts\/3581\/revisions"}],"predecessor-version":[{"id":3583,"href":"https:\/\/mhf.ro\/mm\/wp-json\/wp\/v2\/posts\/3581\/revisions\/3583"}],"wp:featuredmedia":[{"embeddable":true,"href":"https:\/\/mhf.ro\/mm\/wp-json\/wp\/v2\/media\/3582"}],"wp:attachment":[{"href":"https:\/\/mhf.ro\/mm\/wp-json\/wp\/v2\/media?parent=3581"}],"wp:term":[{"taxonomy":"category","embeddable":true,"href":"https:\/\/mhf.ro\/mm\/wp-json\/wp\/v2\/categories?post=3581"},{"taxonomy":"post_tag","embeddable":true,"href":"https:\/\/mhf.ro\/mm\/wp-json\/wp\/v2\/tags?post=3581"}],"curies":[{"name":"wp","href":"https:\/\/api.w.org\/{rel}","templated":true}]}}