{"id":3585,"date":"2021-01-06T21:48:49","date_gmt":"2021-01-06T19:48:49","guid":{"rendered":"https:\/\/mhf.ro\/mm\/?p=3585"},"modified":"2021-01-06T21:48:49","modified_gmt":"2021-01-06T19:48:49","slug":"atentie-soferi-cod-galben-de-vreme-rea-in-zonele-montane","status":"publish","type":"post","link":"https:\/\/mhf.ro\/mm\/atentie-soferi-cod-galben-de-vreme-rea-in-zonele-montane\/","title":{"rendered":"Aten\u021bie \u0219oferi, cod galben de vreme rea \u00een zonele montane!"},"content":{"rendered":"<div class=\"field field-name-body field-type-text-with-summary field-label-hidden\">\n<div class=\"field-items\">\n<div class=\"field-item even\">\n<p>Administra\u021bia Na\u021bional\u0103 de Meteorologie\u00a0a emis o avertizare de <strong>cod galben pentru perioada<\/strong><strong> 06.01<\/strong><strong>, ora 18:00 \u2013 07.01.2021, ora 10:00, ce vizeaz<\/strong><strong>\u0103<\/strong> <strong>ninsori \u00eensemnate cantitativ, intensific\u0103ri ale v\u00e2ntului \u0219i viscol \u00een Mun\u021bii Banatului \u0219i \u00een Carpa\u021bii Meridionali<\/strong><strong>, <\/strong><strong>la peste 1400 m altitudine, pe raza jude\u021belor Cara\u0219 \u2013 Severin, Gorj, V\u00e2lcea, Arge\u0219, D\u00e2mbovi\u021ba, Prahova, Bra\u0219ov, Sibiu, Alba \u0219i Hunedoara.<\/strong><\/p>\n<p>Facem apel la conduc\u0103torii auto care se deplaseaz\u0103 \u00een aceast\u0103 perioad\u0103, \u00een special \u00een zonele montane, s\u0103 circule prudent, s\u0103 adapteze viteza la condi\u021biile din trafic, s\u0103 plece la drum doar dac\u0103 au autovehiculele echipate corespunz\u0103tor pentru condi\u021bii de iarn\u0103 \u0219i s\u0103 se informeze \u00een prealabil cu privire la condi\u021biile de trafic din zonele tranzitate.<\/p>\n<p>Preciz\u0103m c\u0103 toate direc\u021biile regionale ale CNAIR sunt mobilizate \u0219i vor interveni unde este cazul pentru ca traficul rutier s\u0103 se desf\u0103\u0219oare \u00een condi\u021bii de siguran\u021b\u0103.<\/p>\n<p>Imagini de la interven\u021biile Regionalelor CNAIR pute\u021bi vedea pe pagina de facebook a companiei: <a href=\"https:\/\/www.facebook.com\/cnadnr\">https:\/\/www.facebook.com\/cnadnr<\/a>.<\/p>\n<p><strong>Informa\u0163ii suplimentare privind starea re\u0163elei de drumuri na\u0163ionale pot fi ob\u0163inute de la Dispeceratul Companiei Na\u0163ionale de Administrare a Infrastructurii Rutiere S.A., la numerele de telefon 021\/264.33.33; 021\/9360 \u0219i pot accesa pe prima pagina \u00een caseta din st\u00e2nga:\u00a0<\/strong><a href=\"http:\/\/www.cnadnr.ro\/\"><strong>www.cnadnr.ro<\/strong><\/a><strong>\u00a0&#8211; DISPECERAT &#8211; Situatia Drumurilor Na\u0163ionale, dar \u0219i pagina de FB\u00a0<\/strong><a href=\"https:\/\/www.facebook.com\/cnadnr\/\"><strong>https:\/\/www.facebook.com\/cnadnr\/<\/strong><\/a><strong>\u00a0\u0219i de TWITTER, @CNADNR.<\/strong><\/p>\n<p style=\"text-align: right;\">(preluat cnadnr.ro)<\/p>\n<\/div>\n<\/div>\n<\/div>\n","protected":false},"excerpt":{"rendered":"<p>Administra\u021bia Na\u021bional\u0103 de Meteorologie\u00a0a emis o avertizare de cod galben pentru perioada 06.01, ora 18:00 \u2013 07.01.2021, ora 10:00, ce<\/p>\n","protected":false},"author":1,"featured_media":3586,"comment_status":"open","ping_status":"open","sticky":false,"template":"","format":"standard","meta":{"colormag_page_container_layout":"default_layout","colormag_page_sidebar_layout":"default_layout","footnotes":""},"categories":[32,8],"tags":[],"class_list":["post-3585","post","type-post","status-publish","format-standard","has-post-thumbnail","hentry","category-comunicate","category-div"],"yoast_head":"<!-- This site is optimized with the Yoast SEO plugin v27.0 - https:\/\/yoast.com\/product\/yoast-seo-wordpress\/ -->\n<title>Aten\u021bie \u0219oferi, cod galben de vreme rea \u00een zonele montane! - MHF Photography<\/title>\n<meta name=\"description\" content=\"Administra\u021bia Na\u021bional\u0103 de Meteorologie\u00a0a emis o avertizare de cod galben pentru perioada 06.01, ora 18:00 \u2013 07.01.2021, ora 10:00\" \/>\n<meta name=\"robots\" content=\"index, follow, max-snippet:-1, max-image-preview:large, max-video-preview:-1\" \/>\n<link rel=\"canonical\" href=\"https:\/\/mhf.ro\/mm\/atentie-soferi-cod-galben-de-vreme-rea-in-zonele-montane\/\" \/>\n<meta property=\"og:locale\" content=\"ro_RO\" \/>\n<meta property=\"og:type\" content=\"article\" \/>\n<meta property=\"og:title\" content=\"Aten\u021bie \u0219oferi, cod galben de vreme rea \u00een zonele montane! - MHF Photography\" \/>\n<meta property=\"og:description\" content=\"Administra\u021bia Na\u021bional\u0103 de Meteorologie\u00a0a emis o avertizare de cod galben pentru perioada 06.01, ora 18:00 \u2013 07.01.2021, ora 10:00\" \/>\n<meta property=\"og:url\" content=\"https:\/\/mhf.ro\/mm\/atentie-soferi-cod-galben-de-vreme-rea-in-zonele-montane\/\" \/>\n<meta property=\"og:site_name\" content=\"MHF Photography\" \/>\n<meta property=\"article:published_time\" content=\"2021-01-06T19:48:49+00:00\" \/>\n<meta property=\"og:image\" content=\"https:\/\/mhf.ro\/mm\/wp-content\/uploads\/2021\/01\/zapada_drum.jpg\" \/>\n\t<meta property=\"og:image:width\" content=\"1280\" \/>\n\t<meta property=\"og:image:height\" content=\"685\" \/>\n\t<meta property=\"og:image:type\" content=\"image\/jpeg\" \/>\n<meta name=\"author\" content=\"Marius Marcu\" \/>\n<meta name=\"twitter:card\" content=\"summary_large_image\" \/>\n<meta name=\"twitter:label1\" content=\"Scris de\" \/>\n\t<meta name=\"twitter:data1\" content=\"Marius Marcu\" \/>\n\t<meta name=\"twitter:label2\" content=\"Timp estimat pentru citire\" \/>\n\t<meta name=\"twitter:data2\" content=\"1 minut\" \/>\n<script type=\"application\/ld+json\" class=\"yoast-schema-graph\">{\"@context\":\"https:\/\/schema.org\",\"@graph\":[{\"@type\":\"Article\",\"@id\":\"https:\/\/mhf.ro\/mm\/atentie-soferi-cod-galben-de-vreme-rea-in-zonele-montane\/#article\",\"isPartOf\":{\"@id\":\"https:\/\/mhf.ro\/mm\/atentie-soferi-cod-galben-de-vreme-rea-in-zonele-montane\/\"},\"author\":{\"name\":\"Marius Marcu\",\"@id\":\"https:\/\/mhf.ro\/mm\/#\/schema\/person\/a3bebf7bdb4bf12f698aff73c7e46c21\"},\"headline\":\"Aten\u021bie \u0219oferi, cod galben de vreme rea \u00een zonele montane!\",\"datePublished\":\"2021-01-06T19:48:49+00:00\",\"mainEntityOfPage\":{\"@id\":\"https:\/\/mhf.ro\/mm\/atentie-soferi-cod-galben-de-vreme-rea-in-zonele-montane\/\"},\"wordCount\":254,\"commentCount\":0,\"publisher\":{\"@id\":\"https:\/\/mhf.ro\/mm\/#\/schema\/person\/a3bebf7bdb4bf12f698aff73c7e46c21\"},\"image\":{\"@id\":\"https:\/\/mhf.ro\/mm\/atentie-soferi-cod-galben-de-vreme-rea-in-zonele-montane\/#primaryimage\"},\"thumbnailUrl\":\"https:\/\/mhf.ro\/mm\/wp-content\/uploads\/2021\/01\/zapada_drum.jpg\",\"articleSection\":[\"Comunicate\",\"Diverse\"],\"inLanguage\":\"ro-RO\",\"potentialAction\":[{\"@type\":\"CommentAction\",\"name\":\"Comment\",\"target\":[\"https:\/\/mhf.ro\/mm\/atentie-soferi-cod-galben-de-vreme-rea-in-zonele-montane\/#respond\"]}]},{\"@type\":\"WebPage\",\"@id\":\"https:\/\/mhf.ro\/mm\/atentie-soferi-cod-galben-de-vreme-rea-in-zonele-montane\/\",\"url\":\"https:\/\/mhf.ro\/mm\/atentie-soferi-cod-galben-de-vreme-rea-in-zonele-montane\/\",\"name\":\"Aten\u021bie \u0219oferi, cod galben de vreme rea \u00een zonele montane! - MHF Photography\",\"isPartOf\":{\"@id\":\"https:\/\/mhf.ro\/mm\/#website\"},\"primaryImageOfPage\":{\"@id\":\"https:\/\/mhf.ro\/mm\/atentie-soferi-cod-galben-de-vreme-rea-in-zonele-montane\/#primaryimage\"},\"image\":{\"@id\":\"https:\/\/mhf.ro\/mm\/atentie-soferi-cod-galben-de-vreme-rea-in-zonele-montane\/#primaryimage\"},\"thumbnailUrl\":\"https:\/\/mhf.ro\/mm\/wp-content\/uploads\/2021\/01\/zapada_drum.jpg\",\"datePublished\":\"2021-01-06T19:48:49+00:00\",\"description\":\"Administra\u021bia Na\u021bional\u0103 de Meteorologie\u00a0a emis o avertizare de cod galben pentru perioada 06.01, ora 18:00 \u2013 07.01.2021, ora 10:00\",\"breadcrumb\":{\"@id\":\"https:\/\/mhf.ro\/mm\/atentie-soferi-cod-galben-de-vreme-rea-in-zonele-montane\/#breadcrumb\"},\"inLanguage\":\"ro-RO\",\"potentialAction\":[{\"@type\":\"ReadAction\",\"target\":[\"https:\/\/mhf.ro\/mm\/atentie-soferi-cod-galben-de-vreme-rea-in-zonele-montane\/\"]}]},{\"@type\":\"ImageObject\",\"inLanguage\":\"ro-RO\",\"@id\":\"https:\/\/mhf.ro\/mm\/atentie-soferi-cod-galben-de-vreme-rea-in-zonele-montane\/#primaryimage\",\"url\":\"https:\/\/mhf.ro\/mm\/wp-content\/uploads\/2021\/01\/zapada_drum.jpg\",\"contentUrl\":\"https:\/\/mhf.ro\/mm\/wp-content\/uploads\/2021\/01\/zapada_drum.jpg\",\"width\":1280,\"height\":685},{\"@type\":\"BreadcrumbList\",\"@id\":\"https:\/\/mhf.ro\/mm\/atentie-soferi-cod-galben-de-vreme-rea-in-zonele-montane\/#breadcrumb\",\"itemListElement\":[{\"@type\":\"ListItem\",\"position\":1,\"name\":\"Prima pagin\u0103\",\"item\":\"https:\/\/mhf.ro\/mm\/\"},{\"@type\":\"ListItem\",\"position\":2,\"name\":\"Aten\u021bie \u0219oferi, cod galben de vreme rea \u00een zonele montane!\"}]},{\"@type\":\"WebSite\",\"@id\":\"https:\/\/mhf.ro\/mm\/#website\",\"url\":\"https:\/\/mhf.ro\/mm\/\",\"name\":\"MHF Photography \u2013 Blog de fotografie, natur\u0103 \u0219i tehnic\u0103 divers\u0103\",\"description\":\"Aventur\u0103 \u00een fiecare cadru.\",\"publisher\":{\"@id\":\"https:\/\/mhf.ro\/mm\/#\/schema\/person\/a3bebf7bdb4bf12f698aff73c7e46c21\"},\"potentialAction\":[{\"@type\":\"SearchAction\",\"target\":{\"@type\":\"EntryPoint\",\"urlTemplate\":\"https:\/\/mhf.ro\/mm\/?s={search_term_string}\"},\"query-input\":{\"@type\":\"PropertyValueSpecification\",\"valueRequired\":true,\"valueName\":\"search_term_string\"}}],\"inLanguage\":\"ro-RO\"},{\"@type\":[\"Person\",\"Organization\"],\"@id\":\"https:\/\/mhf.ro\/mm\/#\/schema\/person\/a3bebf7bdb4bf12f698aff73c7e46c21\",\"name\":\"Marius Marcu\",\"image\":{\"@type\":\"ImageObject\",\"inLanguage\":\"ro-RO\",\"@id\":\"https:\/\/mhf.ro\/mm\/#\/schema\/person\/image\/\",\"url\":\"https:\/\/mhf.ro\/mm\/wp-content\/uploads\/2025\/12\/cropped-logo_mhf_2.png\",\"contentUrl\":\"https:\/\/mhf.ro\/mm\/wp-content\/uploads\/2025\/12\/cropped-logo_mhf_2.png\",\"width\":1096,\"height\":457,\"caption\":\"Marius Marcu\"},\"logo\":{\"@id\":\"https:\/\/mhf.ro\/mm\/#\/schema\/person\/image\/\"},\"sameAs\":[\"https:\/\/mhf.ro\/mm\"],\"url\":\"https:\/\/mhf.ro\/mm\/author\/mihai\/\"}]}<\/script>\n<!-- \/ Yoast SEO plugin. -->","yoast_head_json":{"title":"Aten\u021bie \u0219oferi, cod galben de vreme rea \u00een zonele montane! - MHF Photography","description":"Administra\u021bia Na\u021bional\u0103 de Meteorologie\u00a0a emis o avertizare de cod galben pentru perioada 06.01, ora 18:00 \u2013 07.01.2021, ora 10:00","robots":{"index":"index","follow":"follow","max-snippet":"max-snippet:-1","max-image-preview":"max-image-preview:large","max-video-preview":"max-video-preview:-1"},"canonical":"https:\/\/mhf.ro\/mm\/atentie-soferi-cod-galben-de-vreme-rea-in-zonele-montane\/","og_locale":"ro_RO","og_type":"article","og_title":"Aten\u021bie \u0219oferi, cod galben de vreme rea \u00een zonele montane! - MHF Photography","og_description":"Administra\u021bia Na\u021bional\u0103 de Meteorologie\u00a0a emis o avertizare de cod galben pentru perioada 06.01, ora 18:00 \u2013 07.01.2021, ora 10:00","og_url":"https:\/\/mhf.ro\/mm\/atentie-soferi-cod-galben-de-vreme-rea-in-zonele-montane\/","og_site_name":"MHF Photography","article_published_time":"2021-01-06T19:48:49+00:00","og_image":[{"width":1280,"height":685,"url":"https:\/\/mhf.ro\/mm\/wp-content\/uploads\/2021\/01\/zapada_drum.jpg","type":"image\/jpeg"}],"author":"Marius Marcu","twitter_card":"summary_large_image","twitter_misc":{"Scris de":"Marius Marcu","Timp estimat pentru citire":"1 minut"},"schema":{"@context":"https:\/\/schema.org","@graph":[{"@type":"Article","@id":"https:\/\/mhf.ro\/mm\/atentie-soferi-cod-galben-de-vreme-rea-in-zonele-montane\/#article","isPartOf":{"@id":"https:\/\/mhf.ro\/mm\/atentie-soferi-cod-galben-de-vreme-rea-in-zonele-montane\/"},"author":{"name":"Marius Marcu","@id":"https:\/\/mhf.ro\/mm\/#\/schema\/person\/a3bebf7bdb4bf12f698aff73c7e46c21"},"headline":"Aten\u021bie \u0219oferi, cod galben de vreme rea \u00een zonele montane!","datePublished":"2021-01-06T19:48:49+00:00","mainEntityOfPage":{"@id":"https:\/\/mhf.ro\/mm\/atentie-soferi-cod-galben-de-vreme-rea-in-zonele-montane\/"},"wordCount":254,"commentCount":0,"publisher":{"@id":"https:\/\/mhf.ro\/mm\/#\/schema\/person\/a3bebf7bdb4bf12f698aff73c7e46c21"},"image":{"@id":"https:\/\/mhf.ro\/mm\/atentie-soferi-cod-galben-de-vreme-rea-in-zonele-montane\/#primaryimage"},"thumbnailUrl":"https:\/\/mhf.ro\/mm\/wp-content\/uploads\/2021\/01\/zapada_drum.jpg","articleSection":["Comunicate","Diverse"],"inLanguage":"ro-RO","potentialAction":[{"@type":"CommentAction","name":"Comment","target":["https:\/\/mhf.ro\/mm\/atentie-soferi-cod-galben-de-vreme-rea-in-zonele-montane\/#respond"]}]},{"@type":"WebPage","@id":"https:\/\/mhf.ro\/mm\/atentie-soferi-cod-galben-de-vreme-rea-in-zonele-montane\/","url":"https:\/\/mhf.ro\/mm\/atentie-soferi-cod-galben-de-vreme-rea-in-zonele-montane\/","name":"Aten\u021bie \u0219oferi, cod galben de vreme rea \u00een zonele montane! - MHF Photography","isPartOf":{"@id":"https:\/\/mhf.ro\/mm\/#website"},"primaryImageOfPage":{"@id":"https:\/\/mhf.ro\/mm\/atentie-soferi-cod-galben-de-vreme-rea-in-zonele-montane\/#primaryimage"},"image":{"@id":"https:\/\/mhf.ro\/mm\/atentie-soferi-cod-galben-de-vreme-rea-in-zonele-montane\/#primaryimage"},"thumbnailUrl":"https:\/\/mhf.ro\/mm\/wp-content\/uploads\/2021\/01\/zapada_drum.jpg","datePublished":"2021-01-06T19:48:49+00:00","description":"Administra\u021bia Na\u021bional\u0103 de Meteorologie\u00a0a emis o avertizare de cod galben pentru perioada 06.01, ora 18:00 \u2013 07.01.2021, ora 10:00","breadcrumb":{"@id":"https:\/\/mhf.ro\/mm\/atentie-soferi-cod-galben-de-vreme-rea-in-zonele-montane\/#breadcrumb"},"inLanguage":"ro-RO","potentialAction":[{"@type":"ReadAction","target":["https:\/\/mhf.ro\/mm\/atentie-soferi-cod-galben-de-vreme-rea-in-zonele-montane\/"]}]},{"@type":"ImageObject","inLanguage":"ro-RO","@id":"https:\/\/mhf.ro\/mm\/atentie-soferi-cod-galben-de-vreme-rea-in-zonele-montane\/#primaryimage","url":"https:\/\/mhf.ro\/mm\/wp-content\/uploads\/2021\/01\/zapada_drum.jpg","contentUrl":"https:\/\/mhf.ro\/mm\/wp-content\/uploads\/2021\/01\/zapada_drum.jpg","width":1280,"height":685},{"@type":"BreadcrumbList","@id":"https:\/\/mhf.ro\/mm\/atentie-soferi-cod-galben-de-vreme-rea-in-zonele-montane\/#breadcrumb","itemListElement":[{"@type":"ListItem","position":1,"name":"Prima pagin\u0103","item":"https:\/\/mhf.ro\/mm\/"},{"@type":"ListItem","position":2,"name":"Aten\u021bie \u0219oferi, cod galben de vreme rea \u00een zonele montane!"}]},{"@type":"WebSite","@id":"https:\/\/mhf.ro\/mm\/#website","url":"https:\/\/mhf.ro\/mm\/","name":"MHF Photography \u2013 Blog de fotografie, natur\u0103 \u0219i tehnic\u0103 divers\u0103","description":"Aventur\u0103 \u00een fiecare cadru.","publisher":{"@id":"https:\/\/mhf.ro\/mm\/#\/schema\/person\/a3bebf7bdb4bf12f698aff73c7e46c21"},"potentialAction":[{"@type":"SearchAction","target":{"@type":"EntryPoint","urlTemplate":"https:\/\/mhf.ro\/mm\/?s={search_term_string}"},"query-input":{"@type":"PropertyValueSpecification","valueRequired":true,"valueName":"search_term_string"}}],"inLanguage":"ro-RO"},{"@type":["Person","Organization"],"@id":"https:\/\/mhf.ro\/mm\/#\/schema\/person\/a3bebf7bdb4bf12f698aff73c7e46c21","name":"Marius Marcu","image":{"@type":"ImageObject","inLanguage":"ro-RO","@id":"https:\/\/mhf.ro\/mm\/#\/schema\/person\/image\/","url":"https:\/\/mhf.ro\/mm\/wp-content\/uploads\/2025\/12\/cropped-logo_mhf_2.png","contentUrl":"https:\/\/mhf.ro\/mm\/wp-content\/uploads\/2025\/12\/cropped-logo_mhf_2.png","width":1096,"height":457,"caption":"Marius Marcu"},"logo":{"@id":"https:\/\/mhf.ro\/mm\/#\/schema\/person\/image\/"},"sameAs":["https:\/\/mhf.ro\/mm"],"url":"https:\/\/mhf.ro\/mm\/author\/mihai\/"}]}},"_links":{"self":[{"href":"https:\/\/mhf.ro\/mm\/wp-json\/wp\/v2\/posts\/3585","targetHints":{"allow":["GET"]}}],"collection":[{"href":"https:\/\/mhf.ro\/mm\/wp-json\/wp\/v2\/posts"}],"about":[{"href":"https:\/\/mhf.ro\/mm\/wp-json\/wp\/v2\/types\/post"}],"author":[{"embeddable":true,"href":"https:\/\/mhf.ro\/mm\/wp-json\/wp\/v2\/users\/1"}],"replies":[{"embeddable":true,"href":"https:\/\/mhf.ro\/mm\/wp-json\/wp\/v2\/comments?post=3585"}],"version-history":[{"count":1,"href":"https:\/\/mhf.ro\/mm\/wp-json\/wp\/v2\/posts\/3585\/revisions"}],"predecessor-version":[{"id":3587,"href":"https:\/\/mhf.ro\/mm\/wp-json\/wp\/v2\/posts\/3585\/revisions\/3587"}],"wp:featuredmedia":[{"embeddable":true,"href":"https:\/\/mhf.ro\/mm\/wp-json\/wp\/v2\/media\/3586"}],"wp:attachment":[{"href":"https:\/\/mhf.ro\/mm\/wp-json\/wp\/v2\/media?parent=3585"}],"wp:term":[{"taxonomy":"category","embeddable":true,"href":"https:\/\/mhf.ro\/mm\/wp-json\/wp\/v2\/categories?post=3585"},{"taxonomy":"post_tag","embeddable":true,"href":"https:\/\/mhf.ro\/mm\/wp-json\/wp\/v2\/tags?post=3585"}],"curies":[{"name":"wp","href":"https:\/\/api.w.org\/{rel}","templated":true}]}}