{"id":3588,"date":"2021-01-08T17:25:28","date_gmt":"2021-01-08T15:25:28","guid":{"rendered":"https:\/\/mhf.ro\/mm\/?p=3588"},"modified":"2021-01-08T17:25:28","modified_gmt":"2021-01-08T15:25:28","slug":"concluziile-intalnirilor-pe-care-conducerea-ministerului-educatiei-le-a-avut-joi-7-ianuarie-cu-partenerii-educationali","status":"publish","type":"post","link":"https:\/\/mhf.ro\/mm\/concluziile-intalnirilor-pe-care-conducerea-ministerului-educatiei-le-a-avut-joi-7-ianuarie-cu-partenerii-educationali\/","title":{"rendered":"Concluziile \u00eent\u00e2lnirilor pe care conducerea Ministerului Educa\u021biei le-a avut joi, 7 ianuarie, cu partenerii educa\u021bionali"},"content":{"rendered":"<div class=\"field field-name-body field-type-text-with-summary field-label-hidden\">\n<div class=\"field-items\">\n<div class=\"field-item even\">\n<p class=\"rtejustify\">Ast\u0103zi, 7 ianuarie, pentru continuarea \u0219i completarea consult\u0103rilor din cadrul Proiectului \u201eRom\u00e2nia Educat\u0103\u201d, ministrul Educa\u021biei, Sorin Mihai C\u00eempeanu, a avut o serie de 4 \u00eent\u00e2lniri succesive cu partenerii de dialog social: Federa\u021bia Sindicatelor Libere din \u00cenv\u0103\u021b\u0103m\u00e2nt, Federa\u021bia Sindicatelor din Educa\u021bie \u201eSpiru Haret\u201d, Federa\u021bia Na\u021bional\u0103 Sindical\u0103 \u201eAlma Mater\u201d, apoi cu Federa\u021bia Na\u021bional\u0103 a Asocia\u021biilor de P\u0103rin\u021bi, ulterior\u00a0Consiliul Na\u021bional al Elevilor, respectiv Alian\u021ba Na\u021bional\u0103 a Organiza\u021biilor Studen\u021be\u0219ti din Rom\u00e2nia (ANOSR), Uniunea Studen\u021bilor din Rom\u00e2nia (USR)\u00a0\u0219i Uniunea Na\u021bional\u0103 a Studen\u021bilor din Rom\u00e2nia (UNSR).<\/p>\n<p class=\"rtejustify\"><strong>\u00cen cadrul reuniunii s-au definit \u0219i validat 3 abord\u0103ri comune (Ministerul Educa\u021biei &#8211; Sindicate &#8211; Elevi\/Parin\u021bi\/Studen\u021bi), pe urm\u0103toarele teme de interes general:<\/strong><\/p>\n<p class=\"rtejustify\">1. S-a reiterat dorin\u021ba de deschidere \u00een format clasic a semestrului al II-lea, pe 8 februarie, sub rezerva evolu\u021biei epidemiologice \u0219i a evolu\u021biei campaniei de vaccinare, \u00een\u021beleg\u00e2ndu-se importan\u021ba prioritiz\u0103rii st\u0103rii de s\u0103n\u0103tate a elevilor \u0219i profesorilor prin diminuarea riscurilor, f\u0103r\u0103 a neglija importan\u021ba procesului educa\u021bional, inclusiv necesitatea imperativ\u0103 a organiz\u0103rii unor ac\u021biuni remediale. Nu se va exclude niciun scenariu care va rezulta \u00een urma unei analize responsabile realizate \u00een ultima decad\u0103 a lunii Ianuarie, de c\u0103tre factorii decizionali \u00eendrept\u0103\u021bi\u021bi, referitor la modalitatea de derulare a activit\u0103\u021bilor didactice \u00een semestrul II.<\/p>\n<p class=\"rtejustify\">2. Sus\u021binerea cre\u0219terii \u00een valoare absolut\u0103 a bugetului educa\u021biei, astfel \u00eenc\u00e2t s\u0103 se poat\u0103 sus\u021bine m\u0103surile existente \u00een Programul de Guvernare 2021-2024\/Buget Na\u021bional 2021, \u00een concordan\u021b\u0103 cu principiile Proiectului \u201eRomania Educat\u0103\u201d.<\/p>\n<p class=\"rtejustify\">3. Sus\u021binerea unei inform\u0103ri corecte \u0219i complete asupra necesit\u0103\u021bii \u0219i importan\u021bei actului de vaccinare, f\u0103r\u0103 a exista obligativitatea vaccin\u0103rii.<\/p>\n<p class=\"rtejustify\"><strong>Al\u0103turi de Federa\u021bia Sindicatelor Libere din \u00cenv\u0103\u021b\u0103m\u00e2nt (FSLI), de Federa\u021bia Sindicatelor din Educa\u021bie \u201eSpiru Haret\u201d \u0219i de Federa\u021bia Na\u021bional\u0103 Sindical\u0103 \u201eAlma Mater\u201d, s-au validat prin consens urm\u0103toarele:<\/strong><\/p>\n<p class=\"rtejustify\"><img fetchpriority=\"high\" decoding=\"async\" src=\"https:\/\/www.edu.ro\/sites\/default\/files\/_imagini\/comunicate\/2021\/ilustratii%20comunicate%20presa\/consultari03_07.01.2021.jpg\" alt=\"\" width=\"500\" height=\"282\" \/><\/p>\n<p class=\"rtejustify\">1. Continuarea \u0219i dezvoltarea proiectului strategiei de digitalizare a educa\u021biei din Rom\u00e2nia \u2013 SMART-Edu.<\/p>\n<p class=\"rtejustify\">2. Necesitatea ini\u021bierii urgente a unor consult\u0103ri \u00een vederea adopt\u0103rii celor mai eficiente m\u0103suri de profesionalizare a managementului unit\u0103\u021bilor de \u00eenv\u0103\u021b\u0103m\u00e2nt \u0219i a tuturor structurilor din sistemul preuniversitar, \u00een conformitate cu principiile \u201eRom\u00e2nia Educat\u0103\u201d.<\/p>\n<p class=\"rtejustify\">3. Sus\u021binerea examenelor na\u021bionale, cu prezen\u021b\u0103 fizic\u0103, la datele planificate, pe baza unor tematici de examen adaptate\/corelate cu materia predat\u0103 \u0219i sus\u021binerea unor evalu\u0103ri premerg\u0103toare examenelor, astfel \u00eenc\u00e2t s\u0103 existe suficient timp pentru ac\u021biuni remediale, focusate pe rezultatele analizelor\/evalu\u0103rilor\/simul\u0103rilor. Identificarea surselor de finan\u021bare a ac\u021biunilor remediale. Sindicatele din \u00eenv\u0103\u021b\u0103m\u00e2ntul preuniversitar au solicitat ME elaborarea unor seturi de subiecte pentru a veni \u00een sprijinul elevilor care vor sus\u021bine examenele na\u021bionale.<\/p>\n<p class=\"rtejustify\">4. Sus\u021binerea finan\u021b\u0103rii institu\u021bionale a cercet\u0103rii din universit\u0103\u021bi \u0219i asigurarea resurselor financiare pentru investi\u021bii \u00een infrastructura din sistemul de educa\u021bie.<\/p>\n<p class=\"rtejustify\">5. Identificarea resurselor financiare pentru motivarea personalului din \u00eenv\u0103\u021b\u0103m\u00e2nt.<\/p>\n<p class=\"rtejustify\">6. \u00cembun\u0103t\u0103\u021birea proiectului planurilor-cadru pentru liceu prin receptivitatea ME \u00een raport cu propunerile care se vor primi \u00een perioada de consultare public\u0103 (extins\u0103 de la minim\u00a0legal de 10 zile la 25 zile).<\/p>\n<p class=\"rtejustify\"><strong>Al\u0103turi de Federa\u021bia Na\u021bional\u0103 a Asocia\u021biilor de P\u0103rin\u021bi, s-au validat prin consens urm\u0103toarele:<\/strong><\/p>\n<p class=\"rtejustify\"><strong><img decoding=\"async\" src=\"https:\/\/www.edu.ro\/sites\/default\/files\/_imagini\/comunicate\/2021\/ilustratii%20comunicate%20presa\/consultari01_07.01.2021.jpg\" alt=\"\" width=\"500\" height=\"272\" \/><\/strong><\/p>\n<p class=\"rtejustify\">1. Sus\u021binerea prioritar\u0103 a unei cre\u0219teri semnificative a costului standard\/elev &#8211; component\u0103 destinat\u0103 cheltuielilor materiale.<\/p>\n<p class=\"rtejustify\">2. Consolidarea cadrului legal care s\u0103 faciliteze dialogul \u00eentre \u0219coal\u0103 \u0219i societatea civil\u0103.<\/p>\n<p class=\"rtejustify\">3. Sus\u021binerea examenelor na\u021bionale, cu prezen\u021b\u0103 fizic\u0103, la datele planificate, pe baza unor tematici de examen adaptate\/corelate cu materia predat\u0103 \u0219i sus\u021binerea unor evalu\u0103ri premerg\u0103toare examenelor, astfel \u00eenc\u00e2t s\u0103 existe suficient timp pentru ac\u021biuni remediale, focusate pe rezultatele analizelor\/evalu\u0103rilor\/simul\u0103rilor din care s\u0103 rezulte nivelul cuno\u0219tin\u021belor asimilate de c\u0103tre elevi. Identificarea surselor de finan\u021bare a ac\u021biunilor remediale. Necesitatea ini\u021bierii urgente a unor consult\u0103ri \u00een vederea adopt\u0103rii celor mai eficiente m\u0103suri de profesionalizare a managementului unit\u0103\u021bilor de \u00eenv\u0103\u021b\u0103m\u00e2nt \u0219i a tuturor structurilor din sistemul preuniversitar, \u00een vederea privilegierii competen\u021bei \u0219i eliminarea politiz\u0103rii sistemului de educa\u021bie.<\/p>\n<p><strong>Al\u0103turi de Consiliul Na\u021bional al Elevilor, s-au validat prin consens urm\u0103toarele:<\/strong><\/p>\n<p><strong><img decoding=\"async\" src=\"https:\/\/www.edu.ro\/sites\/default\/files\/_imagini\/comunicate\/2021\/ilustratii%20comunicate%20presa\/consultari02_07.01.2021.jpg\" alt=\"\" width=\"450\" height=\"242\" \/><img loading=\"lazy\" decoding=\"async\" src=\"https:\/\/www.edu.ro\/sites\/default\/files\/_imagini\/comunicate\/2021\/ilustratii%20comunicate%20presa\/consultari04_07.01.2021.jpeg\" alt=\"\" width=\"450\" height=\"240\" \/><\/strong><\/p>\n<p><strong><img loading=\"lazy\" decoding=\"async\" src=\"https:\/\/www.edu.ro\/sites\/default\/files\/_imagini\/comunicate\/2021\/ilustratii%20comunicate%20presa\/consultari05_07.01.2021.jpg\" alt=\"\" width=\"450\" height=\"328\" \/><\/strong><\/p>\n<p>1. Sus\u021binerea examenelor na\u021bionale, cu prezen\u021b\u0103 fizic\u0103, la datele planificate, pe baza unor tematici de examen adaptate\/corelate cu materia predat\u0103 \u0219i sus\u021binerea unor evalu\u0103ri premerg\u0103toare examenelor, astfel \u00eenc\u00e2t s\u0103 existe suficient timp pentru ac\u021biuni remediale, focusate pe rezultatele analizelor\/evalu\u0103rilor\/simul\u0103rilor din care s\u0103 rezulte nivelul cuno\u0219tin\u021belor asimilate de c\u0103tre elevi. Identificarea surselor de finan\u021bare a ac\u021biunilor remediale.<\/p>\n<p>2. Sus\u021binerea supliment\u0103rii bugetului dedicat educa\u021biei \u00een anul 2021, \u00een vederea cre\u0219terii cuantumului minim obligatoriu al burselor elevilor (conform HG 1064\/2020).<\/p>\n<p>3. Opera\u021bionalizarea Legii 226\/2020 decont\u0103rii transportului prin reglementarea tarifelor maximale prin ANRSC (Autoritatea Na\u021bional\u0103 pentru Reglementarea Serviciilor Comunitare).<\/p>\n<p>4. \u00cembun\u0103t\u0103\u021birea proiectului planurilor-cadru pentru liceu prin receptivitatea ME \u00een raport cu propunerile care se vor primi \u00een perioada de consultare public\u0103 (extins\u0103 de la minim legal de 10 zile la 25 zile). Se dore\u0219te astfel ob\u021binerea\/aprobarea unor variante finale adecvate din perspectiva educa\u021biei, dar \u0219i a a\u0219tept\u0103rilor societ\u0103\u021bii \u0219i a nevoilor pie\u021bei muncii. \u00cen mod special CNE a solicitat flexibilizarea\/particularizarea c\u00e2t mai pronun\u021bat\u0103 posibil, \u00eendeosebi pentru ciclul liceal superior.<\/p>\n<p>5. CNE a solicitat identificarea unui \u201enumitor comun\u201d pentru metodologia de feedback semestrial\/evaluarea profesorilor de c\u0103tre elevi.<\/p>\n<p class=\"rtejustify\"><strong>Al\u0103turi de asocia\u021biile studen\u021bilor (ANOSR, UNSR \u0219i USR), s-au validat prin consens urm\u0103toarele:<\/strong><\/p>\n<p class=\"rtejustify\">1. Sus\u021binerea \u0219i urgentarea \u00eenfiin\u021b\u0103rii Registrului Unic Na\u0163ional Integrat al Diplomelor \u015fi Actelor de Studii (RUNIDAS).<\/p>\n<p class=\"rtejustify\">2. Sus\u021binerea financiar\u0103 a accesului studen\u021bilor la publica\u021bii de specialitate necesare preg\u0103tirii universitare.<\/p>\n<p class=\"rtejustify\">3. Asigurarea resurselor financiare pentru sustinerea investi\u021biilor \u00een infrastructura social\u0103, de educa\u021bie \u0219i cercetare din sistemul de \u00eenv\u0103\u021b\u0103m\u00e2nt superior, precum \u0219i sus\u021binerea finan\u021b\u0103rii institu\u021bionale a cercet\u0103rii din universit\u0103\u021bi.<\/p>\n<p class=\"rtejustify\">4. Dezvoltarea unei platforme unice la nivel na\u021bional pentru \u00eenscrierea \u0219i admiterea \u00een facultate.<\/p>\n<p class=\"rtejustify\">5. Opera\u021bionalizarea \u0219i consolidarea accesului studen\u021bilor la asigur\u0103ri de s\u0103n\u0103tate.<\/p>\n<p style=\"text-align: right;\">(conf. edu.ro)<\/p>\n<\/div>\n<\/div>\n<\/div>\n","protected":false},"excerpt":{"rendered":"<p>Ast\u0103zi, 7 ianuarie, pentru continuarea \u0219i completarea consult\u0103rilor din cadrul Proiectului \u201eRom\u00e2nia Educat\u0103\u201d, ministrul Educa\u021biei, Sorin Mihai C\u00eempeanu, a avut<\/p>\n","protected":false},"author":1,"featured_media":3589,"comment_status":"open","ping_status":"open","sticky":false,"template":"","format":"standard","meta":{"colormag_page_container_layout":"default_layout","colormag_page_sidebar_layout":"default_layout","footnotes":""},"categories":[32,5],"tags":[],"class_list":["post-3588","post","type-post","status-publish","format-standard","has-post-thumbnail","hentry","category-comunicate","category-locale"],"yoast_head":"<!-- This site is optimized with the Yoast SEO plugin v27.0 - https:\/\/yoast.com\/product\/yoast-seo-wordpress\/ -->\n<title>Concluziile \u00eent\u00e2lnirilor pe care conducerea Ministerului Educa\u021biei le-a avut joi, 7 ianuarie, cu partenerii educa\u021bionali - MHF Photography<\/title>\n<meta name=\"robots\" content=\"index, follow, max-snippet:-1, max-image-preview:large, max-video-preview:-1\" \/>\n<link rel=\"canonical\" href=\"https:\/\/mhf.ro\/mm\/concluziile-intalnirilor-pe-care-conducerea-ministerului-educatiei-le-a-avut-joi-7-ianuarie-cu-partenerii-educationali\/\" \/>\n<meta property=\"og:locale\" content=\"ro_RO\" \/>\n<meta property=\"og:type\" content=\"article\" \/>\n<meta property=\"og:title\" content=\"Concluziile \u00eent\u00e2lnirilor pe care conducerea Ministerului Educa\u021biei le-a avut joi, 7 ianuarie, cu partenerii educa\u021bionali - MHF Photography\" \/>\n<meta property=\"og:description\" content=\"Ast\u0103zi, 7 ianuarie, pentru continuarea \u0219i completarea consult\u0103rilor din cadrul Proiectului \u201eRom\u00e2nia Educat\u0103\u201d, ministrul Educa\u021biei, Sorin Mihai C\u00eempeanu, a avut\" \/>\n<meta property=\"og:url\" content=\"https:\/\/mhf.ro\/mm\/concluziile-intalnirilor-pe-care-conducerea-ministerului-educatiei-le-a-avut-joi-7-ianuarie-cu-partenerii-educationali\/\" \/>\n<meta property=\"og:site_name\" content=\"MHF Photography\" \/>\n<meta property=\"article:published_time\" content=\"2021-01-08T15:25:28+00:00\" \/>\n<meta property=\"og:image\" content=\"https:\/\/mhf.ro\/mm\/wp-content\/uploads\/2021\/01\/consultari04_07.01.2021.jpg\" \/>\n\t<meta property=\"og:image:width\" content=\"1599\" \/>\n\t<meta property=\"og:image:height\" content=\"854\" \/>\n\t<meta property=\"og:image:type\" content=\"image\/jpeg\" \/>\n<meta name=\"author\" content=\"Marius Marcu\" \/>\n<meta name=\"twitter:card\" content=\"summary_large_image\" \/>\n<meta name=\"twitter:label1\" content=\"Scris de\" \/>\n\t<meta name=\"twitter:data1\" content=\"Marius Marcu\" \/>\n\t<meta name=\"twitter:label2\" content=\"Timp estimat pentru citire\" \/>\n\t<meta name=\"twitter:data2\" content=\"5 minute\" \/>\n<script type=\"application\/ld+json\" class=\"yoast-schema-graph\">{\"@context\":\"https:\/\/schema.org\",\"@graph\":[{\"@type\":\"Article\",\"@id\":\"https:\/\/mhf.ro\/mm\/concluziile-intalnirilor-pe-care-conducerea-ministerului-educatiei-le-a-avut-joi-7-ianuarie-cu-partenerii-educationali\/#article\",\"isPartOf\":{\"@id\":\"https:\/\/mhf.ro\/mm\/concluziile-intalnirilor-pe-care-conducerea-ministerului-educatiei-le-a-avut-joi-7-ianuarie-cu-partenerii-educationali\/\"},\"author\":{\"name\":\"Marius Marcu\",\"@id\":\"https:\/\/mhf.ro\/mm\/#\/schema\/person\/a3bebf7bdb4bf12f698aff73c7e46c21\"},\"headline\":\"Concluziile \u00eent\u00e2lnirilor pe care conducerea Ministerului Educa\u021biei le-a avut joi, 7 ianuarie, cu partenerii educa\u021bionali\",\"datePublished\":\"2021-01-08T15:25:28+00:00\",\"mainEntityOfPage\":{\"@id\":\"https:\/\/mhf.ro\/mm\/concluziile-intalnirilor-pe-care-conducerea-ministerului-educatiei-le-a-avut-joi-7-ianuarie-cu-partenerii-educationali\/\"},\"wordCount\":1079,\"commentCount\":0,\"publisher\":{\"@id\":\"https:\/\/mhf.ro\/mm\/#\/schema\/person\/a3bebf7bdb4bf12f698aff73c7e46c21\"},\"image\":{\"@id\":\"https:\/\/mhf.ro\/mm\/concluziile-intalnirilor-pe-care-conducerea-ministerului-educatiei-le-a-avut-joi-7-ianuarie-cu-partenerii-educationali\/#primaryimage\"},\"thumbnailUrl\":\"https:\/\/mhf.ro\/mm\/wp-content\/uploads\/2021\/01\/consultari04_07.01.2021.jpg\",\"articleSection\":[\"Comunicate\",\"Locale\"],\"inLanguage\":\"ro-RO\",\"potentialAction\":[{\"@type\":\"CommentAction\",\"name\":\"Comment\",\"target\":[\"https:\/\/mhf.ro\/mm\/concluziile-intalnirilor-pe-care-conducerea-ministerului-educatiei-le-a-avut-joi-7-ianuarie-cu-partenerii-educationali\/#respond\"]}]},{\"@type\":\"WebPage\",\"@id\":\"https:\/\/mhf.ro\/mm\/concluziile-intalnirilor-pe-care-conducerea-ministerului-educatiei-le-a-avut-joi-7-ianuarie-cu-partenerii-educationali\/\",\"url\":\"https:\/\/mhf.ro\/mm\/concluziile-intalnirilor-pe-care-conducerea-ministerului-educatiei-le-a-avut-joi-7-ianuarie-cu-partenerii-educationali\/\",\"name\":\"Concluziile \u00eent\u00e2lnirilor pe care conducerea Ministerului Educa\u021biei le-a avut joi, 7 ianuarie, cu partenerii educa\u021bionali - MHF Photography\",\"isPartOf\":{\"@id\":\"https:\/\/mhf.ro\/mm\/#website\"},\"primaryImageOfPage\":{\"@id\":\"https:\/\/mhf.ro\/mm\/concluziile-intalnirilor-pe-care-conducerea-ministerului-educatiei-le-a-avut-joi-7-ianuarie-cu-partenerii-educationali\/#primaryimage\"},\"image\":{\"@id\":\"https:\/\/mhf.ro\/mm\/concluziile-intalnirilor-pe-care-conducerea-ministerului-educatiei-le-a-avut-joi-7-ianuarie-cu-partenerii-educationali\/#primaryimage\"},\"thumbnailUrl\":\"https:\/\/mhf.ro\/mm\/wp-content\/uploads\/2021\/01\/consultari04_07.01.2021.jpg\",\"datePublished\":\"2021-01-08T15:25:28+00:00\",\"breadcrumb\":{\"@id\":\"https:\/\/mhf.ro\/mm\/concluziile-intalnirilor-pe-care-conducerea-ministerului-educatiei-le-a-avut-joi-7-ianuarie-cu-partenerii-educationali\/#breadcrumb\"},\"inLanguage\":\"ro-RO\",\"potentialAction\":[{\"@type\":\"ReadAction\",\"target\":[\"https:\/\/mhf.ro\/mm\/concluziile-intalnirilor-pe-care-conducerea-ministerului-educatiei-le-a-avut-joi-7-ianuarie-cu-partenerii-educationali\/\"]}]},{\"@type\":\"ImageObject\",\"inLanguage\":\"ro-RO\",\"@id\":\"https:\/\/mhf.ro\/mm\/concluziile-intalnirilor-pe-care-conducerea-ministerului-educatiei-le-a-avut-joi-7-ianuarie-cu-partenerii-educationali\/#primaryimage\",\"url\":\"https:\/\/mhf.ro\/mm\/wp-content\/uploads\/2021\/01\/consultari04_07.01.2021.jpg\",\"contentUrl\":\"https:\/\/mhf.ro\/mm\/wp-content\/uploads\/2021\/01\/consultari04_07.01.2021.jpg\",\"width\":1599,\"height\":854},{\"@type\":\"BreadcrumbList\",\"@id\":\"https:\/\/mhf.ro\/mm\/concluziile-intalnirilor-pe-care-conducerea-ministerului-educatiei-le-a-avut-joi-7-ianuarie-cu-partenerii-educationali\/#breadcrumb\",\"itemListElement\":[{\"@type\":\"ListItem\",\"position\":1,\"name\":\"Prima pagin\u0103\",\"item\":\"https:\/\/mhf.ro\/mm\/\"},{\"@type\":\"ListItem\",\"position\":2,\"name\":\"Concluziile \u00eent\u00e2lnirilor pe care conducerea Ministerului Educa\u021biei le-a avut joi, 7 ianuarie, cu partenerii educa\u021bionali\"}]},{\"@type\":\"WebSite\",\"@id\":\"https:\/\/mhf.ro\/mm\/#website\",\"url\":\"https:\/\/mhf.ro\/mm\/\",\"name\":\"MHF Photography \u2013 Blog de fotografie, natur\u0103 \u0219i tehnic\u0103 divers\u0103\",\"description\":\"Aventur\u0103 \u00een fiecare cadru.\",\"publisher\":{\"@id\":\"https:\/\/mhf.ro\/mm\/#\/schema\/person\/a3bebf7bdb4bf12f698aff73c7e46c21\"},\"potentialAction\":[{\"@type\":\"SearchAction\",\"target\":{\"@type\":\"EntryPoint\",\"urlTemplate\":\"https:\/\/mhf.ro\/mm\/?s={search_term_string}\"},\"query-input\":{\"@type\":\"PropertyValueSpecification\",\"valueRequired\":true,\"valueName\":\"search_term_string\"}}],\"inLanguage\":\"ro-RO\"},{\"@type\":[\"Person\",\"Organization\"],\"@id\":\"https:\/\/mhf.ro\/mm\/#\/schema\/person\/a3bebf7bdb4bf12f698aff73c7e46c21\",\"name\":\"Marius Marcu\",\"image\":{\"@type\":\"ImageObject\",\"inLanguage\":\"ro-RO\",\"@id\":\"https:\/\/mhf.ro\/mm\/#\/schema\/person\/image\/\",\"url\":\"https:\/\/mhf.ro\/mm\/wp-content\/uploads\/2025\/12\/cropped-logo_mhf_2.png\",\"contentUrl\":\"https:\/\/mhf.ro\/mm\/wp-content\/uploads\/2025\/12\/cropped-logo_mhf_2.png\",\"width\":1096,\"height\":457,\"caption\":\"Marius Marcu\"},\"logo\":{\"@id\":\"https:\/\/mhf.ro\/mm\/#\/schema\/person\/image\/\"},\"sameAs\":[\"https:\/\/mhf.ro\/mm\"],\"url\":\"https:\/\/mhf.ro\/mm\/author\/mihai\/\"}]}<\/script>\n<!-- \/ Yoast SEO plugin. -->","yoast_head_json":{"title":"Concluziile \u00eent\u00e2lnirilor pe care conducerea Ministerului Educa\u021biei le-a avut joi, 7 ianuarie, cu partenerii educa\u021bionali - MHF Photography","robots":{"index":"index","follow":"follow","max-snippet":"max-snippet:-1","max-image-preview":"max-image-preview:large","max-video-preview":"max-video-preview:-1"},"canonical":"https:\/\/mhf.ro\/mm\/concluziile-intalnirilor-pe-care-conducerea-ministerului-educatiei-le-a-avut-joi-7-ianuarie-cu-partenerii-educationali\/","og_locale":"ro_RO","og_type":"article","og_title":"Concluziile \u00eent\u00e2lnirilor pe care conducerea Ministerului Educa\u021biei le-a avut joi, 7 ianuarie, cu partenerii educa\u021bionali - MHF Photography","og_description":"Ast\u0103zi, 7 ianuarie, pentru continuarea \u0219i completarea consult\u0103rilor din cadrul Proiectului \u201eRom\u00e2nia Educat\u0103\u201d, ministrul Educa\u021biei, Sorin Mihai C\u00eempeanu, a avut","og_url":"https:\/\/mhf.ro\/mm\/concluziile-intalnirilor-pe-care-conducerea-ministerului-educatiei-le-a-avut-joi-7-ianuarie-cu-partenerii-educationali\/","og_site_name":"MHF Photography","article_published_time":"2021-01-08T15:25:28+00:00","og_image":[{"width":1599,"height":854,"url":"https:\/\/mhf.ro\/mm\/wp-content\/uploads\/2021\/01\/consultari04_07.01.2021.jpg","type":"image\/jpeg"}],"author":"Marius Marcu","twitter_card":"summary_large_image","twitter_misc":{"Scris de":"Marius Marcu","Timp estimat pentru citire":"5 minute"},"schema":{"@context":"https:\/\/schema.org","@graph":[{"@type":"Article","@id":"https:\/\/mhf.ro\/mm\/concluziile-intalnirilor-pe-care-conducerea-ministerului-educatiei-le-a-avut-joi-7-ianuarie-cu-partenerii-educationali\/#article","isPartOf":{"@id":"https:\/\/mhf.ro\/mm\/concluziile-intalnirilor-pe-care-conducerea-ministerului-educatiei-le-a-avut-joi-7-ianuarie-cu-partenerii-educationali\/"},"author":{"name":"Marius Marcu","@id":"https:\/\/mhf.ro\/mm\/#\/schema\/person\/a3bebf7bdb4bf12f698aff73c7e46c21"},"headline":"Concluziile \u00eent\u00e2lnirilor pe care conducerea Ministerului Educa\u021biei le-a avut joi, 7 ianuarie, cu partenerii educa\u021bionali","datePublished":"2021-01-08T15:25:28+00:00","mainEntityOfPage":{"@id":"https:\/\/mhf.ro\/mm\/concluziile-intalnirilor-pe-care-conducerea-ministerului-educatiei-le-a-avut-joi-7-ianuarie-cu-partenerii-educationali\/"},"wordCount":1079,"commentCount":0,"publisher":{"@id":"https:\/\/mhf.ro\/mm\/#\/schema\/person\/a3bebf7bdb4bf12f698aff73c7e46c21"},"image":{"@id":"https:\/\/mhf.ro\/mm\/concluziile-intalnirilor-pe-care-conducerea-ministerului-educatiei-le-a-avut-joi-7-ianuarie-cu-partenerii-educationali\/#primaryimage"},"thumbnailUrl":"https:\/\/mhf.ro\/mm\/wp-content\/uploads\/2021\/01\/consultari04_07.01.2021.jpg","articleSection":["Comunicate","Locale"],"inLanguage":"ro-RO","potentialAction":[{"@type":"CommentAction","name":"Comment","target":["https:\/\/mhf.ro\/mm\/concluziile-intalnirilor-pe-care-conducerea-ministerului-educatiei-le-a-avut-joi-7-ianuarie-cu-partenerii-educationali\/#respond"]}]},{"@type":"WebPage","@id":"https:\/\/mhf.ro\/mm\/concluziile-intalnirilor-pe-care-conducerea-ministerului-educatiei-le-a-avut-joi-7-ianuarie-cu-partenerii-educationali\/","url":"https:\/\/mhf.ro\/mm\/concluziile-intalnirilor-pe-care-conducerea-ministerului-educatiei-le-a-avut-joi-7-ianuarie-cu-partenerii-educationali\/","name":"Concluziile \u00eent\u00e2lnirilor pe care conducerea Ministerului Educa\u021biei le-a avut joi, 7 ianuarie, cu partenerii educa\u021bionali - MHF Photography","isPartOf":{"@id":"https:\/\/mhf.ro\/mm\/#website"},"primaryImageOfPage":{"@id":"https:\/\/mhf.ro\/mm\/concluziile-intalnirilor-pe-care-conducerea-ministerului-educatiei-le-a-avut-joi-7-ianuarie-cu-partenerii-educationali\/#primaryimage"},"image":{"@id":"https:\/\/mhf.ro\/mm\/concluziile-intalnirilor-pe-care-conducerea-ministerului-educatiei-le-a-avut-joi-7-ianuarie-cu-partenerii-educationali\/#primaryimage"},"thumbnailUrl":"https:\/\/mhf.ro\/mm\/wp-content\/uploads\/2021\/01\/consultari04_07.01.2021.jpg","datePublished":"2021-01-08T15:25:28+00:00","breadcrumb":{"@id":"https:\/\/mhf.ro\/mm\/concluziile-intalnirilor-pe-care-conducerea-ministerului-educatiei-le-a-avut-joi-7-ianuarie-cu-partenerii-educationali\/#breadcrumb"},"inLanguage":"ro-RO","potentialAction":[{"@type":"ReadAction","target":["https:\/\/mhf.ro\/mm\/concluziile-intalnirilor-pe-care-conducerea-ministerului-educatiei-le-a-avut-joi-7-ianuarie-cu-partenerii-educationali\/"]}]},{"@type":"ImageObject","inLanguage":"ro-RO","@id":"https:\/\/mhf.ro\/mm\/concluziile-intalnirilor-pe-care-conducerea-ministerului-educatiei-le-a-avut-joi-7-ianuarie-cu-partenerii-educationali\/#primaryimage","url":"https:\/\/mhf.ro\/mm\/wp-content\/uploads\/2021\/01\/consultari04_07.01.2021.jpg","contentUrl":"https:\/\/mhf.ro\/mm\/wp-content\/uploads\/2021\/01\/consultari04_07.01.2021.jpg","width":1599,"height":854},{"@type":"BreadcrumbList","@id":"https:\/\/mhf.ro\/mm\/concluziile-intalnirilor-pe-care-conducerea-ministerului-educatiei-le-a-avut-joi-7-ianuarie-cu-partenerii-educationali\/#breadcrumb","itemListElement":[{"@type":"ListItem","position":1,"name":"Prima pagin\u0103","item":"https:\/\/mhf.ro\/mm\/"},{"@type":"ListItem","position":2,"name":"Concluziile \u00eent\u00e2lnirilor pe care conducerea Ministerului Educa\u021biei le-a avut joi, 7 ianuarie, cu partenerii educa\u021bionali"}]},{"@type":"WebSite","@id":"https:\/\/mhf.ro\/mm\/#website","url":"https:\/\/mhf.ro\/mm\/","name":"MHF Photography \u2013 Blog de fotografie, natur\u0103 \u0219i tehnic\u0103 divers\u0103","description":"Aventur\u0103 \u00een fiecare cadru.","publisher":{"@id":"https:\/\/mhf.ro\/mm\/#\/schema\/person\/a3bebf7bdb4bf12f698aff73c7e46c21"},"potentialAction":[{"@type":"SearchAction","target":{"@type":"EntryPoint","urlTemplate":"https:\/\/mhf.ro\/mm\/?s={search_term_string}"},"query-input":{"@type":"PropertyValueSpecification","valueRequired":true,"valueName":"search_term_string"}}],"inLanguage":"ro-RO"},{"@type":["Person","Organization"],"@id":"https:\/\/mhf.ro\/mm\/#\/schema\/person\/a3bebf7bdb4bf12f698aff73c7e46c21","name":"Marius Marcu","image":{"@type":"ImageObject","inLanguage":"ro-RO","@id":"https:\/\/mhf.ro\/mm\/#\/schema\/person\/image\/","url":"https:\/\/mhf.ro\/mm\/wp-content\/uploads\/2025\/12\/cropped-logo_mhf_2.png","contentUrl":"https:\/\/mhf.ro\/mm\/wp-content\/uploads\/2025\/12\/cropped-logo_mhf_2.png","width":1096,"height":457,"caption":"Marius Marcu"},"logo":{"@id":"https:\/\/mhf.ro\/mm\/#\/schema\/person\/image\/"},"sameAs":["https:\/\/mhf.ro\/mm"],"url":"https:\/\/mhf.ro\/mm\/author\/mihai\/"}]}},"_links":{"self":[{"href":"https:\/\/mhf.ro\/mm\/wp-json\/wp\/v2\/posts\/3588","targetHints":{"allow":["GET"]}}],"collection":[{"href":"https:\/\/mhf.ro\/mm\/wp-json\/wp\/v2\/posts"}],"about":[{"href":"https:\/\/mhf.ro\/mm\/wp-json\/wp\/v2\/types\/post"}],"author":[{"embeddable":true,"href":"https:\/\/mhf.ro\/mm\/wp-json\/wp\/v2\/users\/1"}],"replies":[{"embeddable":true,"href":"https:\/\/mhf.ro\/mm\/wp-json\/wp\/v2\/comments?post=3588"}],"version-history":[{"count":1,"href":"https:\/\/mhf.ro\/mm\/wp-json\/wp\/v2\/posts\/3588\/revisions"}],"predecessor-version":[{"id":3590,"href":"https:\/\/mhf.ro\/mm\/wp-json\/wp\/v2\/posts\/3588\/revisions\/3590"}],"wp:featuredmedia":[{"embeddable":true,"href":"https:\/\/mhf.ro\/mm\/wp-json\/wp\/v2\/media\/3589"}],"wp:attachment":[{"href":"https:\/\/mhf.ro\/mm\/wp-json\/wp\/v2\/media?parent=3588"}],"wp:term":[{"taxonomy":"category","embeddable":true,"href":"https:\/\/mhf.ro\/mm\/wp-json\/wp\/v2\/categories?post=3588"},{"taxonomy":"post_tag","embeddable":true,"href":"https:\/\/mhf.ro\/mm\/wp-json\/wp\/v2\/tags?post=3588"}],"curies":[{"name":"wp","href":"https:\/\/api.w.org\/{rel}","templated":true}]}}