{"id":3594,"date":"2021-01-12T12:32:32","date_gmt":"2021-01-12T10:32:32","guid":{"rendered":"https:\/\/mhf.ro\/mm\/?p=3594"},"modified":"2021-01-12T12:32:32","modified_gmt":"2021-01-12T10:32:32","slug":"masuri-privind-asigurarea-cadrului-legal-flexibil-in-vederea-incheierii-situatiei-scolare-la-finalul-semestrului-i","status":"publish","type":"post","link":"https:\/\/mhf.ro\/mm\/masuri-privind-asigurarea-cadrului-legal-flexibil-in-vederea-incheierii-situatiei-scolare-la-finalul-semestrului-i\/","title":{"rendered":"M\u0103suri privind asigurarea cadrului legal flexibil \u00een vederea \u00eencheierii situa\u021biei \u0219colare la finalul semestrului I"},"content":{"rendered":"<div class=\"field field-name-body field-type-text-with-summary field-label-hidden\">\n<div class=\"field-items\">\n<div class=\"field-item even\">\n<p class=\"rtejustify\">Ast\u0103zi, 11 ianuarie 2021, ministrul Educa\u021biei,\u00a0Sorin Mihai C\u00eempeanu, a organizat o videoconferin\u021b\u0103 cu inspectorii \u0219colari generali, tema principal\u0103 fiind identificarea num\u0103rului de elevi afla\u021bi \u00een situa\u021bie de risc cu privire la ne\u00eencheierea situa\u021biei \u0219colare pentru semestrul I, precum \u0219i m\u0103surile ce se impun \u00een aceast\u0103 situa\u021bie.<\/p>\n<blockquote>\n<p class=\"rtejustify\">La acest moment, conform datelor transmise de c\u0103tre unit\u0103\u021bile \u0219colare, prin intermediul inspectoratelor \u0219colare jude\u021bene\/ISMB,<strong> se estimeaz\u0103 c\u0103 un num\u0103r de cca.65.000 de elevi se afl\u0103 \u00een situa\u021bie de risc cu privire la ne\u00eencheierea mediei pe semestrul I din cauza imposibilit\u0103\u021bii de acces la resursele tehnologice &#8211; factor principal, la care se adaug\u0103 \u0219i alte motive precum neparticiparea la cursuri, situa\u021bii medicale etc. <\/strong>Trebuie avut \u00een vedere c\u0103, \u00een ultimii ani, num\u0103rul elevilor care se aflau anual \u00een aceast\u0103 situa\u021bie era de aproximativ 15.000.<\/p>\n<\/blockquote>\n<p class=\"rtejustify\">M\u0103surile necesare identificate p\u00e2n\u0103 \u00een\u00a0acest moment sunt:<\/p>\n<p class=\"rtejustify\">1. Desf\u0103\u0219urarea de activit\u0103\u021bi remediale pe parcursul semestrului al II-lea, cu identificarea surselor de finan\u021bare pentru plata cadrelor didactice.<\/p>\n<p class=\"rtejustify\">2. Prelungirea perioadei de \u00eencheiere a situa\u021biilor \u0219colare ne\u00eencheiate \u00een semestrul I, de la patru p\u00e2n\u0103 la opt s\u0103pt\u0103m\u00e2ni de la revenirea la cursuri \u00een semestrul al II-lea.<\/p>\n<p class=\"rtejustify\">3. Posibilitatea \u00eencheierii mediilor cu minimum dou\u0103 note, indiferent de num\u0103rul orelor alocate s\u0103pt\u0103m\u00e2nal fiec\u0103rei discipline.<\/p>\n<p style=\"text-align: right\">(conf edu.ro)<\/p>\n<\/div>\n<\/div>\n<\/div>\n","protected":false},"excerpt":{"rendered":"<p>Ast\u0103zi, 11 ianuarie 2021, ministrul Educa\u021biei,\u00a0Sorin Mihai C\u00eempeanu, a organizat o videoconferin\u021b\u0103 cu inspectorii \u0219colari generali, tema principal\u0103 fiind identificarea<\/p>\n","protected":false},"author":11,"featured_media":3595,"comment_status":"open","ping_status":"open","sticky":false,"template":"","format":"standard","meta":{"colormag_page_container_layout":"default_layout","colormag_page_sidebar_layout":"default_layout","footnotes":""},"categories":[32,5],"tags":[],"class_list":["post-3594","post","type-post","status-publish","format-standard","has-post-thumbnail","hentry","category-comunicate","category-locale"],"yoast_head":"<!-- This site is optimized with the Yoast SEO plugin v27.0 - https:\/\/yoast.com\/product\/yoast-seo-wordpress\/ -->\n<title>M\u0103suri privind asigurarea cadrului legal flexibil \u00een vederea \u00eencheierii situa\u021biei \u0219colare la finalul semestrului I - MHF Photography<\/title>\n<meta name=\"robots\" content=\"index, follow, max-snippet:-1, max-image-preview:large, max-video-preview:-1\" \/>\n<link rel=\"canonical\" href=\"https:\/\/mhf.ro\/mm\/masuri-privind-asigurarea-cadrului-legal-flexibil-in-vederea-incheierii-situatiei-scolare-la-finalul-semestrului-i\/\" \/>\n<meta property=\"og:locale\" content=\"ro_RO\" \/>\n<meta property=\"og:type\" content=\"article\" \/>\n<meta property=\"og:title\" content=\"M\u0103suri privind asigurarea cadrului legal flexibil \u00een vederea \u00eencheierii situa\u021biei \u0219colare la finalul semestrului I - MHF Photography\" \/>\n<meta property=\"og:description\" content=\"Ast\u0103zi, 11 ianuarie 2021, ministrul Educa\u021biei,\u00a0Sorin Mihai C\u00eempeanu, a organizat o videoconferin\u021b\u0103 cu inspectorii \u0219colari generali, tema principal\u0103 fiind identificarea\" \/>\n<meta property=\"og:url\" content=\"https:\/\/mhf.ro\/mm\/masuri-privind-asigurarea-cadrului-legal-flexibil-in-vederea-incheierii-situatiei-scolare-la-finalul-semestrului-i\/\" \/>\n<meta property=\"og:site_name\" content=\"MHF Photography\" \/>\n<meta property=\"article:published_time\" content=\"2021-01-12T10:32:32+00:00\" \/>\n<meta property=\"og:image\" content=\"https:\/\/mhf.ro\/mm\/wp-content\/uploads\/2021\/01\/Creion_ascutitoare.jpg\" \/>\n\t<meta property=\"og:image:width\" content=\"1280\" \/>\n\t<meta property=\"og:image:height\" content=\"853\" \/>\n\t<meta property=\"og:image:type\" content=\"image\/jpeg\" \/>\n<meta name=\"author\" content=\"Fodrea Iuliana Reve\" \/>\n<meta name=\"twitter:card\" content=\"summary_large_image\" \/>\n<meta name=\"twitter:label1\" content=\"Scris de\" \/>\n\t<meta name=\"twitter:data1\" content=\"Fodrea Iuliana Reve\" \/>\n\t<meta name=\"twitter:label2\" content=\"Timp estimat pentru citire\" \/>\n\t<meta name=\"twitter:data2\" content=\"1 minut\" \/>\n<script type=\"application\/ld+json\" class=\"yoast-schema-graph\">{\"@context\":\"https:\/\/schema.org\",\"@graph\":[{\"@type\":\"Article\",\"@id\":\"https:\/\/mhf.ro\/mm\/masuri-privind-asigurarea-cadrului-legal-flexibil-in-vederea-incheierii-situatiei-scolare-la-finalul-semestrului-i\/#article\",\"isPartOf\":{\"@id\":\"https:\/\/mhf.ro\/mm\/masuri-privind-asigurarea-cadrului-legal-flexibil-in-vederea-incheierii-situatiei-scolare-la-finalul-semestrului-i\/\"},\"author\":{\"name\":\"Fodrea Iuliana Reve\",\"@id\":\"https:\/\/mhf.ro\/mm\/#\/schema\/person\/17f3fed455503130cb08cdc1421f8001\"},\"headline\":\"M\u0103suri privind asigurarea cadrului legal flexibil \u00een vederea \u00eencheierii situa\u021biei \u0219colare la finalul semestrului I\",\"datePublished\":\"2021-01-12T10:32:32+00:00\",\"mainEntityOfPage\":{\"@id\":\"https:\/\/mhf.ro\/mm\/masuri-privind-asigurarea-cadrului-legal-flexibil-in-vederea-incheierii-situatiei-scolare-la-finalul-semestrului-i\/\"},\"wordCount\":253,\"commentCount\":0,\"publisher\":{\"@id\":\"https:\/\/mhf.ro\/mm\/#\/schema\/person\/a3bebf7bdb4bf12f698aff73c7e46c21\"},\"image\":{\"@id\":\"https:\/\/mhf.ro\/mm\/masuri-privind-asigurarea-cadrului-legal-flexibil-in-vederea-incheierii-situatiei-scolare-la-finalul-semestrului-i\/#primaryimage\"},\"thumbnailUrl\":\"https:\/\/mhf.ro\/mm\/wp-content\/uploads\/2021\/01\/Creion_ascutitoare.jpg\",\"articleSection\":[\"Comunicate\",\"Locale\"],\"inLanguage\":\"ro-RO\",\"potentialAction\":[{\"@type\":\"CommentAction\",\"name\":\"Comment\",\"target\":[\"https:\/\/mhf.ro\/mm\/masuri-privind-asigurarea-cadrului-legal-flexibil-in-vederea-incheierii-situatiei-scolare-la-finalul-semestrului-i\/#respond\"]}]},{\"@type\":\"WebPage\",\"@id\":\"https:\/\/mhf.ro\/mm\/masuri-privind-asigurarea-cadrului-legal-flexibil-in-vederea-incheierii-situatiei-scolare-la-finalul-semestrului-i\/\",\"url\":\"https:\/\/mhf.ro\/mm\/masuri-privind-asigurarea-cadrului-legal-flexibil-in-vederea-incheierii-situatiei-scolare-la-finalul-semestrului-i\/\",\"name\":\"M\u0103suri privind asigurarea cadrului legal flexibil \u00een vederea \u00eencheierii situa\u021biei \u0219colare la finalul semestrului I - MHF Photography\",\"isPartOf\":{\"@id\":\"https:\/\/mhf.ro\/mm\/#website\"},\"primaryImageOfPage\":{\"@id\":\"https:\/\/mhf.ro\/mm\/masuri-privind-asigurarea-cadrului-legal-flexibil-in-vederea-incheierii-situatiei-scolare-la-finalul-semestrului-i\/#primaryimage\"},\"image\":{\"@id\":\"https:\/\/mhf.ro\/mm\/masuri-privind-asigurarea-cadrului-legal-flexibil-in-vederea-incheierii-situatiei-scolare-la-finalul-semestrului-i\/#primaryimage\"},\"thumbnailUrl\":\"https:\/\/mhf.ro\/mm\/wp-content\/uploads\/2021\/01\/Creion_ascutitoare.jpg\",\"datePublished\":\"2021-01-12T10:32:32+00:00\",\"breadcrumb\":{\"@id\":\"https:\/\/mhf.ro\/mm\/masuri-privind-asigurarea-cadrului-legal-flexibil-in-vederea-incheierii-situatiei-scolare-la-finalul-semestrului-i\/#breadcrumb\"},\"inLanguage\":\"ro-RO\",\"potentialAction\":[{\"@type\":\"ReadAction\",\"target\":[\"https:\/\/mhf.ro\/mm\/masuri-privind-asigurarea-cadrului-legal-flexibil-in-vederea-incheierii-situatiei-scolare-la-finalul-semestrului-i\/\"]}]},{\"@type\":\"ImageObject\",\"inLanguage\":\"ro-RO\",\"@id\":\"https:\/\/mhf.ro\/mm\/masuri-privind-asigurarea-cadrului-legal-flexibil-in-vederea-incheierii-situatiei-scolare-la-finalul-semestrului-i\/#primaryimage\",\"url\":\"https:\/\/mhf.ro\/mm\/wp-content\/uploads\/2021\/01\/Creion_ascutitoare.jpg\",\"contentUrl\":\"https:\/\/mhf.ro\/mm\/wp-content\/uploads\/2021\/01\/Creion_ascutitoare.jpg\",\"width\":1280,\"height\":853},{\"@type\":\"BreadcrumbList\",\"@id\":\"https:\/\/mhf.ro\/mm\/masuri-privind-asigurarea-cadrului-legal-flexibil-in-vederea-incheierii-situatiei-scolare-la-finalul-semestrului-i\/#breadcrumb\",\"itemListElement\":[{\"@type\":\"ListItem\",\"position\":1,\"name\":\"Prima pagin\u0103\",\"item\":\"https:\/\/mhf.ro\/mm\/\"},{\"@type\":\"ListItem\",\"position\":2,\"name\":\"M\u0103suri privind asigurarea cadrului legal flexibil \u00een vederea \u00eencheierii situa\u021biei \u0219colare la finalul semestrului I\"}]},{\"@type\":\"WebSite\",\"@id\":\"https:\/\/mhf.ro\/mm\/#website\",\"url\":\"https:\/\/mhf.ro\/mm\/\",\"name\":\"MHF Photography \u2013 Blog de fotografie, natur\u0103 \u0219i tehnic\u0103 divers\u0103\",\"description\":\"Aventur\u0103 \u00een fiecare cadru.\",\"publisher\":{\"@id\":\"https:\/\/mhf.ro\/mm\/#\/schema\/person\/a3bebf7bdb4bf12f698aff73c7e46c21\"},\"potentialAction\":[{\"@type\":\"SearchAction\",\"target\":{\"@type\":\"EntryPoint\",\"urlTemplate\":\"https:\/\/mhf.ro\/mm\/?s={search_term_string}\"},\"query-input\":{\"@type\":\"PropertyValueSpecification\",\"valueRequired\":true,\"valueName\":\"search_term_string\"}}],\"inLanguage\":\"ro-RO\"},{\"@type\":[\"Person\",\"Organization\"],\"@id\":\"https:\/\/mhf.ro\/mm\/#\/schema\/person\/a3bebf7bdb4bf12f698aff73c7e46c21\",\"name\":\"Marius Marcu\",\"image\":{\"@type\":\"ImageObject\",\"inLanguage\":\"ro-RO\",\"@id\":\"https:\/\/mhf.ro\/mm\/#\/schema\/person\/image\/\",\"url\":\"https:\/\/mhf.ro\/mm\/wp-content\/uploads\/2025\/12\/cropped-logo_mhf_2.png\",\"contentUrl\":\"https:\/\/mhf.ro\/mm\/wp-content\/uploads\/2025\/12\/cropped-logo_mhf_2.png\",\"width\":1096,\"height\":457,\"caption\":\"Marius Marcu\"},\"logo\":{\"@id\":\"https:\/\/mhf.ro\/mm\/#\/schema\/person\/image\/\"},\"sameAs\":[\"https:\/\/mhf.ro\/mm\"]},{\"@type\":\"Person\",\"@id\":\"https:\/\/mhf.ro\/mm\/#\/schema\/person\/17f3fed455503130cb08cdc1421f8001\",\"name\":\"Fodrea Iuliana Reve\",\"image\":{\"@type\":\"ImageObject\",\"inLanguage\":\"ro-RO\",\"@id\":\"https:\/\/mhf.ro\/mm\/#\/schema\/person\/image\/\",\"url\":\"https:\/\/secure.gravatar.com\/avatar\/f6a66b0b93f1a25e8049c1c4e66e60a1a6809ab11ad60f8dcc2eaafeb7ca1580?s=96&d=monsterid&r=g\",\"contentUrl\":\"https:\/\/secure.gravatar.com\/avatar\/f6a66b0b93f1a25e8049c1c4e66e60a1a6809ab11ad60f8dcc2eaafeb7ca1580?s=96&d=monsterid&r=g\",\"caption\":\"Fodrea Iuliana Reve\"},\"sameAs\":[\"https:\/\/mhf.ro\/mm\"],\"url\":\"https:\/\/mhf.ro\/mm\/author\/iuliana\/\"}]}<\/script>\n<!-- \/ Yoast SEO plugin. -->","yoast_head_json":{"title":"M\u0103suri privind asigurarea cadrului legal flexibil \u00een vederea \u00eencheierii situa\u021biei \u0219colare la finalul semestrului I - MHF Photography","robots":{"index":"index","follow":"follow","max-snippet":"max-snippet:-1","max-image-preview":"max-image-preview:large","max-video-preview":"max-video-preview:-1"},"canonical":"https:\/\/mhf.ro\/mm\/masuri-privind-asigurarea-cadrului-legal-flexibil-in-vederea-incheierii-situatiei-scolare-la-finalul-semestrului-i\/","og_locale":"ro_RO","og_type":"article","og_title":"M\u0103suri privind asigurarea cadrului legal flexibil \u00een vederea \u00eencheierii situa\u021biei \u0219colare la finalul semestrului I - MHF Photography","og_description":"Ast\u0103zi, 11 ianuarie 2021, ministrul Educa\u021biei,\u00a0Sorin Mihai C\u00eempeanu, a organizat o videoconferin\u021b\u0103 cu inspectorii \u0219colari generali, tema principal\u0103 fiind identificarea","og_url":"https:\/\/mhf.ro\/mm\/masuri-privind-asigurarea-cadrului-legal-flexibil-in-vederea-incheierii-situatiei-scolare-la-finalul-semestrului-i\/","og_site_name":"MHF Photography","article_published_time":"2021-01-12T10:32:32+00:00","og_image":[{"width":1280,"height":853,"url":"https:\/\/mhf.ro\/mm\/wp-content\/uploads\/2021\/01\/Creion_ascutitoare.jpg","type":"image\/jpeg"}],"author":"Fodrea Iuliana Reve","twitter_card":"summary_large_image","twitter_misc":{"Scris de":"Fodrea Iuliana Reve","Timp estimat pentru citire":"1 minut"},"schema":{"@context":"https:\/\/schema.org","@graph":[{"@type":"Article","@id":"https:\/\/mhf.ro\/mm\/masuri-privind-asigurarea-cadrului-legal-flexibil-in-vederea-incheierii-situatiei-scolare-la-finalul-semestrului-i\/#article","isPartOf":{"@id":"https:\/\/mhf.ro\/mm\/masuri-privind-asigurarea-cadrului-legal-flexibil-in-vederea-incheierii-situatiei-scolare-la-finalul-semestrului-i\/"},"author":{"name":"Fodrea Iuliana Reve","@id":"https:\/\/mhf.ro\/mm\/#\/schema\/person\/17f3fed455503130cb08cdc1421f8001"},"headline":"M\u0103suri privind asigurarea cadrului legal flexibil \u00een vederea \u00eencheierii situa\u021biei \u0219colare la finalul semestrului I","datePublished":"2021-01-12T10:32:32+00:00","mainEntityOfPage":{"@id":"https:\/\/mhf.ro\/mm\/masuri-privind-asigurarea-cadrului-legal-flexibil-in-vederea-incheierii-situatiei-scolare-la-finalul-semestrului-i\/"},"wordCount":253,"commentCount":0,"publisher":{"@id":"https:\/\/mhf.ro\/mm\/#\/schema\/person\/a3bebf7bdb4bf12f698aff73c7e46c21"},"image":{"@id":"https:\/\/mhf.ro\/mm\/masuri-privind-asigurarea-cadrului-legal-flexibil-in-vederea-incheierii-situatiei-scolare-la-finalul-semestrului-i\/#primaryimage"},"thumbnailUrl":"https:\/\/mhf.ro\/mm\/wp-content\/uploads\/2021\/01\/Creion_ascutitoare.jpg","articleSection":["Comunicate","Locale"],"inLanguage":"ro-RO","potentialAction":[{"@type":"CommentAction","name":"Comment","target":["https:\/\/mhf.ro\/mm\/masuri-privind-asigurarea-cadrului-legal-flexibil-in-vederea-incheierii-situatiei-scolare-la-finalul-semestrului-i\/#respond"]}]},{"@type":"WebPage","@id":"https:\/\/mhf.ro\/mm\/masuri-privind-asigurarea-cadrului-legal-flexibil-in-vederea-incheierii-situatiei-scolare-la-finalul-semestrului-i\/","url":"https:\/\/mhf.ro\/mm\/masuri-privind-asigurarea-cadrului-legal-flexibil-in-vederea-incheierii-situatiei-scolare-la-finalul-semestrului-i\/","name":"M\u0103suri privind asigurarea cadrului legal flexibil \u00een vederea \u00eencheierii situa\u021biei \u0219colare la finalul semestrului I - MHF Photography","isPartOf":{"@id":"https:\/\/mhf.ro\/mm\/#website"},"primaryImageOfPage":{"@id":"https:\/\/mhf.ro\/mm\/masuri-privind-asigurarea-cadrului-legal-flexibil-in-vederea-incheierii-situatiei-scolare-la-finalul-semestrului-i\/#primaryimage"},"image":{"@id":"https:\/\/mhf.ro\/mm\/masuri-privind-asigurarea-cadrului-legal-flexibil-in-vederea-incheierii-situatiei-scolare-la-finalul-semestrului-i\/#primaryimage"},"thumbnailUrl":"https:\/\/mhf.ro\/mm\/wp-content\/uploads\/2021\/01\/Creion_ascutitoare.jpg","datePublished":"2021-01-12T10:32:32+00:00","breadcrumb":{"@id":"https:\/\/mhf.ro\/mm\/masuri-privind-asigurarea-cadrului-legal-flexibil-in-vederea-incheierii-situatiei-scolare-la-finalul-semestrului-i\/#breadcrumb"},"inLanguage":"ro-RO","potentialAction":[{"@type":"ReadAction","target":["https:\/\/mhf.ro\/mm\/masuri-privind-asigurarea-cadrului-legal-flexibil-in-vederea-incheierii-situatiei-scolare-la-finalul-semestrului-i\/"]}]},{"@type":"ImageObject","inLanguage":"ro-RO","@id":"https:\/\/mhf.ro\/mm\/masuri-privind-asigurarea-cadrului-legal-flexibil-in-vederea-incheierii-situatiei-scolare-la-finalul-semestrului-i\/#primaryimage","url":"https:\/\/mhf.ro\/mm\/wp-content\/uploads\/2021\/01\/Creion_ascutitoare.jpg","contentUrl":"https:\/\/mhf.ro\/mm\/wp-content\/uploads\/2021\/01\/Creion_ascutitoare.jpg","width":1280,"height":853},{"@type":"BreadcrumbList","@id":"https:\/\/mhf.ro\/mm\/masuri-privind-asigurarea-cadrului-legal-flexibil-in-vederea-incheierii-situatiei-scolare-la-finalul-semestrului-i\/#breadcrumb","itemListElement":[{"@type":"ListItem","position":1,"name":"Prima pagin\u0103","item":"https:\/\/mhf.ro\/mm\/"},{"@type":"ListItem","position":2,"name":"M\u0103suri privind asigurarea cadrului legal flexibil \u00een vederea \u00eencheierii situa\u021biei \u0219colare la finalul semestrului I"}]},{"@type":"WebSite","@id":"https:\/\/mhf.ro\/mm\/#website","url":"https:\/\/mhf.ro\/mm\/","name":"MHF Photography \u2013 Blog de fotografie, natur\u0103 \u0219i tehnic\u0103 divers\u0103","description":"Aventur\u0103 \u00een fiecare cadru.","publisher":{"@id":"https:\/\/mhf.ro\/mm\/#\/schema\/person\/a3bebf7bdb4bf12f698aff73c7e46c21"},"potentialAction":[{"@type":"SearchAction","target":{"@type":"EntryPoint","urlTemplate":"https:\/\/mhf.ro\/mm\/?s={search_term_string}"},"query-input":{"@type":"PropertyValueSpecification","valueRequired":true,"valueName":"search_term_string"}}],"inLanguage":"ro-RO"},{"@type":["Person","Organization"],"@id":"https:\/\/mhf.ro\/mm\/#\/schema\/person\/a3bebf7bdb4bf12f698aff73c7e46c21","name":"Marius Marcu","image":{"@type":"ImageObject","inLanguage":"ro-RO","@id":"https:\/\/mhf.ro\/mm\/#\/schema\/person\/image\/","url":"https:\/\/mhf.ro\/mm\/wp-content\/uploads\/2025\/12\/cropped-logo_mhf_2.png","contentUrl":"https:\/\/mhf.ro\/mm\/wp-content\/uploads\/2025\/12\/cropped-logo_mhf_2.png","width":1096,"height":457,"caption":"Marius Marcu"},"logo":{"@id":"https:\/\/mhf.ro\/mm\/#\/schema\/person\/image\/"},"sameAs":["https:\/\/mhf.ro\/mm"]},{"@type":"Person","@id":"https:\/\/mhf.ro\/mm\/#\/schema\/person\/17f3fed455503130cb08cdc1421f8001","name":"Fodrea Iuliana Reve","image":{"@type":"ImageObject","inLanguage":"ro-RO","@id":"https:\/\/mhf.ro\/mm\/#\/schema\/person\/image\/","url":"https:\/\/secure.gravatar.com\/avatar\/f6a66b0b93f1a25e8049c1c4e66e60a1a6809ab11ad60f8dcc2eaafeb7ca1580?s=96&d=monsterid&r=g","contentUrl":"https:\/\/secure.gravatar.com\/avatar\/f6a66b0b93f1a25e8049c1c4e66e60a1a6809ab11ad60f8dcc2eaafeb7ca1580?s=96&d=monsterid&r=g","caption":"Fodrea Iuliana Reve"},"sameAs":["https:\/\/mhf.ro\/mm"],"url":"https:\/\/mhf.ro\/mm\/author\/iuliana\/"}]}},"_links":{"self":[{"href":"https:\/\/mhf.ro\/mm\/wp-json\/wp\/v2\/posts\/3594","targetHints":{"allow":["GET"]}}],"collection":[{"href":"https:\/\/mhf.ro\/mm\/wp-json\/wp\/v2\/posts"}],"about":[{"href":"https:\/\/mhf.ro\/mm\/wp-json\/wp\/v2\/types\/post"}],"author":[{"embeddable":true,"href":"https:\/\/mhf.ro\/mm\/wp-json\/wp\/v2\/users\/11"}],"replies":[{"embeddable":true,"href":"https:\/\/mhf.ro\/mm\/wp-json\/wp\/v2\/comments?post=3594"}],"version-history":[{"count":1,"href":"https:\/\/mhf.ro\/mm\/wp-json\/wp\/v2\/posts\/3594\/revisions"}],"predecessor-version":[{"id":3596,"href":"https:\/\/mhf.ro\/mm\/wp-json\/wp\/v2\/posts\/3594\/revisions\/3596"}],"wp:featuredmedia":[{"embeddable":true,"href":"https:\/\/mhf.ro\/mm\/wp-json\/wp\/v2\/media\/3595"}],"wp:attachment":[{"href":"https:\/\/mhf.ro\/mm\/wp-json\/wp\/v2\/media?parent=3594"}],"wp:term":[{"taxonomy":"category","embeddable":true,"href":"https:\/\/mhf.ro\/mm\/wp-json\/wp\/v2\/categories?post=3594"},{"taxonomy":"post_tag","embeddable":true,"href":"https:\/\/mhf.ro\/mm\/wp-json\/wp\/v2\/tags?post=3594"}],"curies":[{"name":"wp","href":"https:\/\/api.w.org\/{rel}","templated":true}]}}