{"id":3604,"date":"2021-01-12T13:37:19","date_gmt":"2021-01-12T11:37:19","guid":{"rendered":"https:\/\/mhf.ro\/mm\/?p=3604"},"modified":"2021-01-12T13:40:15","modified_gmt":"2021-01-12T11:40:15","slug":"mare-bataie-pe-posturi-la-politia-animalelor","status":"publish","type":"post","link":"https:\/\/mhf.ro\/mm\/mare-bataie-pe-posturi-la-politia-animalelor\/","title":{"rendered":"Mare b\u0103taie pe posturi la Politia Animalelor"},"content":{"rendered":"<h4>287.000 de elevi nu au acces la internet \u0219i 237.000 de elevi nu au dispozitive pentru a participa la \u0219coala online.<\/h4>\n<p>Prioritate zero &#8211; <strong>Poli\u021bia Animalelor<\/strong>, \u00eenfiin\u021bat\u0103 de fostul ministru Marcel Vela.\u00a0 Ce noroc pe noi, acum avem \u0219i Politia Animalelor, exact \u00eenc\u0103 o politie ne mai lipsea, \u00een rest avem de toate. Priorit\u0103\u021bi atent stabilite de edili. Conteaz\u0103 c\u0103 elevii nu au cele necesare pentru orele online ? Conteaz\u0103 c\u0103 nu avem suficiente paturi la terapie intensiv\u0103? Conteaz\u0103 ca nu avem spitale?\u00a0 Conteaz\u0103 c\u0103 nu avem autostr\u0103zi? Conteaz\u0103 c\u0103 pensionarii dup\u0103 zeci de ani de munc\u0103 nu se ajung cu banii? Lista poate continua.<\/p>\n<h4>Un nou loc c\u0103ldu\u021b \u0219i bine pl\u0103tit!<\/h4>\n<p>Se pare c\u0103 pentru posturile de la Poli\u021bia Animalelor, avem o concurenta mai mare dec\u00e2t pentru posturile de la medicin\u0103. Cred \u0219i eu, salarii mari, posibil s\u0103 ias\u0103 la pensie la 43 ani, nu e necesar\u0103 prezen\u021ba, r\u0103spundere c\u00e2t cuprinde, etc. De ce nu, doar e munc\u0103 grea. Tam-tam politic, restr\u00e2ngerea cheltuielilor \u0219i eficientizarea aparatului bugetar! Dup\u0103 ce pl\u0103tim majorarea aloca\u021biilor \u0219i a pensiilor r\u0103m\u00e2n bani care trebuie cheltui\u021bi.<\/p>\n<p><a href=\"http:\/\/riz.ro\" target=\"_blank\" rel=\"noopener noreferrer\"><img decoding=\"async\" class=\"alignright wp-image-1187\" src=\"https:\/\/mhf.ro\/mm\/wp-content\/uploads\/2020\/05\/ReclamaRiz_1-150x150.png\" alt=\"Profile din polistiren\" width=\"110\" height=\"41\" srcset=\"https:\/\/mhf.ro\/mm\/wp-content\/uploads\/2020\/05\/ReclamaRiz_1-300x111.png 300w, https:\/\/mhf.ro\/mm\/wp-content\/uploads\/2020\/05\/ReclamaRiz_1-1024x377.png 1024w, https:\/\/mhf.ro\/mm\/wp-content\/uploads\/2020\/05\/ReclamaRiz_1-768x283.png 768w, https:\/\/mhf.ro\/mm\/wp-content\/uploads\/2020\/05\/ReclamaRiz_1.png 1295w\" sizes=\"(max-width: 110px) 100vw, 110px\" \/><\/a><\/p>\n","protected":false},"excerpt":{"rendered":"<p>287.000 de elevi nu au acces la internet \u0219i 237.000 de elevi nu au dispozitive pentru a participa la \u0219coala<\/p>\n","protected":false},"author":1,"featured_media":3605,"comment_status":"open","ping_status":"open","sticky":false,"template":"","format":"standard","meta":{"colormag_page_container_layout":"default_layout","colormag_page_sidebar_layout":"default_layout","footnotes":""},"categories":[5],"tags":[],"class_list":["post-3604","post","type-post","status-publish","format-standard","has-post-thumbnail","hentry","category-locale"],"yoast_head":"<!-- This site is optimized with the Yoast SEO plugin v27.0 - https:\/\/yoast.com\/product\/yoast-seo-wordpress\/ -->\n<title>Mare b\u0103taie pe posturi la Politia Animalelor - MHF Photography<\/title>\n<meta name=\"description\" content=\"Prioritate zero - Poli\u021bia Animalelor, \u00eenfiin\u021bat\u0103 de fostul ministru Marcel Vela.\u00a0 Ce noroc pe noi, acum avem \u0219i Politia Animalelor.\" \/>\n<meta name=\"robots\" content=\"index, follow, max-snippet:-1, max-image-preview:large, max-video-preview:-1\" \/>\n<link rel=\"canonical\" href=\"https:\/\/mhf.ro\/mm\/mare-bataie-pe-posturi-la-politia-animalelor\/\" \/>\n<meta property=\"og:locale\" content=\"ro_RO\" \/>\n<meta property=\"og:type\" content=\"article\" \/>\n<meta property=\"og:title\" content=\"Mare b\u0103taie pe posturi la Politia Animalelor - MHF Photography\" \/>\n<meta property=\"og:description\" content=\"Prioritate zero - Poli\u021bia Animalelor, \u00eenfiin\u021bat\u0103 de fostul ministru Marcel Vela.\u00a0 Ce noroc pe noi, acum avem \u0219i Politia Animalelor.\" \/>\n<meta property=\"og:url\" content=\"https:\/\/mhf.ro\/mm\/mare-bataie-pe-posturi-la-politia-animalelor\/\" \/>\n<meta property=\"og:site_name\" content=\"MHF Photography\" \/>\n<meta property=\"article:published_time\" content=\"2021-01-12T11:37:19+00:00\" \/>\n<meta property=\"article:modified_time\" content=\"2021-01-12T11:40:15+00:00\" \/>\n<meta property=\"og:image\" content=\"https:\/\/mhf.ro\/mm\/wp-content\/uploads\/2021\/01\/cai.jpg\" \/>\n\t<meta property=\"og:image:width\" content=\"1280\" \/>\n\t<meta property=\"og:image:height\" content=\"724\" \/>\n\t<meta property=\"og:image:type\" content=\"image\/jpeg\" \/>\n<meta name=\"author\" content=\"Marius Marcu\" \/>\n<meta name=\"twitter:card\" content=\"summary_large_image\" \/>\n<meta name=\"twitter:label1\" content=\"Scris de\" \/>\n\t<meta name=\"twitter:data1\" content=\"Marius Marcu\" \/>\n\t<meta name=\"twitter:label2\" content=\"Timp estimat pentru citire\" \/>\n\t<meta name=\"twitter:data2\" content=\"1 minut\" \/>\n<script type=\"application\/ld+json\" class=\"yoast-schema-graph\">{\"@context\":\"https:\/\/schema.org\",\"@graph\":[{\"@type\":\"Article\",\"@id\":\"https:\/\/mhf.ro\/mm\/mare-bataie-pe-posturi-la-politia-animalelor\/#article\",\"isPartOf\":{\"@id\":\"https:\/\/mhf.ro\/mm\/mare-bataie-pe-posturi-la-politia-animalelor\/\"},\"author\":{\"name\":\"Marius Marcu\",\"@id\":\"https:\/\/mhf.ro\/mm\/#\/schema\/person\/a3bebf7bdb4bf12f698aff73c7e46c21\"},\"headline\":\"Mare b\u0103taie pe posturi la Politia Animalelor\",\"datePublished\":\"2021-01-12T11:37:19+00:00\",\"dateModified\":\"2021-01-12T11:40:15+00:00\",\"mainEntityOfPage\":{\"@id\":\"https:\/\/mhf.ro\/mm\/mare-bataie-pe-posturi-la-politia-animalelor\/\"},\"wordCount\":202,\"commentCount\":0,\"publisher\":{\"@id\":\"https:\/\/mhf.ro\/mm\/#\/schema\/person\/a3bebf7bdb4bf12f698aff73c7e46c21\"},\"image\":{\"@id\":\"https:\/\/mhf.ro\/mm\/mare-bataie-pe-posturi-la-politia-animalelor\/#primaryimage\"},\"thumbnailUrl\":\"https:\/\/mhf.ro\/mm\/wp-content\/uploads\/2021\/01\/cai.jpg\",\"articleSection\":[\"Locale\"],\"inLanguage\":\"ro-RO\",\"potentialAction\":[{\"@type\":\"CommentAction\",\"name\":\"Comment\",\"target\":[\"https:\/\/mhf.ro\/mm\/mare-bataie-pe-posturi-la-politia-animalelor\/#respond\"]}]},{\"@type\":\"WebPage\",\"@id\":\"https:\/\/mhf.ro\/mm\/mare-bataie-pe-posturi-la-politia-animalelor\/\",\"url\":\"https:\/\/mhf.ro\/mm\/mare-bataie-pe-posturi-la-politia-animalelor\/\",\"name\":\"Mare b\u0103taie pe posturi la Politia Animalelor - MHF Photography\",\"isPartOf\":{\"@id\":\"https:\/\/mhf.ro\/mm\/#website\"},\"primaryImageOfPage\":{\"@id\":\"https:\/\/mhf.ro\/mm\/mare-bataie-pe-posturi-la-politia-animalelor\/#primaryimage\"},\"image\":{\"@id\":\"https:\/\/mhf.ro\/mm\/mare-bataie-pe-posturi-la-politia-animalelor\/#primaryimage\"},\"thumbnailUrl\":\"https:\/\/mhf.ro\/mm\/wp-content\/uploads\/2021\/01\/cai.jpg\",\"datePublished\":\"2021-01-12T11:37:19+00:00\",\"dateModified\":\"2021-01-12T11:40:15+00:00\",\"description\":\"Prioritate zero - Poli\u021bia Animalelor, \u00eenfiin\u021bat\u0103 de fostul ministru Marcel Vela.\u00a0 Ce noroc pe noi, acum avem \u0219i Politia Animalelor.\",\"breadcrumb\":{\"@id\":\"https:\/\/mhf.ro\/mm\/mare-bataie-pe-posturi-la-politia-animalelor\/#breadcrumb\"},\"inLanguage\":\"ro-RO\",\"potentialAction\":[{\"@type\":\"ReadAction\",\"target\":[\"https:\/\/mhf.ro\/mm\/mare-bataie-pe-posturi-la-politia-animalelor\/\"]}]},{\"@type\":\"ImageObject\",\"inLanguage\":\"ro-RO\",\"@id\":\"https:\/\/mhf.ro\/mm\/mare-bataie-pe-posturi-la-politia-animalelor\/#primaryimage\",\"url\":\"https:\/\/mhf.ro\/mm\/wp-content\/uploads\/2021\/01\/cai.jpg\",\"contentUrl\":\"https:\/\/mhf.ro\/mm\/wp-content\/uploads\/2021\/01\/cai.jpg\",\"width\":1280,\"height\":724},{\"@type\":\"BreadcrumbList\",\"@id\":\"https:\/\/mhf.ro\/mm\/mare-bataie-pe-posturi-la-politia-animalelor\/#breadcrumb\",\"itemListElement\":[{\"@type\":\"ListItem\",\"position\":1,\"name\":\"Prima pagin\u0103\",\"item\":\"https:\/\/mhf.ro\/mm\/\"},{\"@type\":\"ListItem\",\"position\":2,\"name\":\"Mare b\u0103taie pe posturi la Politia Animalelor\"}]},{\"@type\":\"WebSite\",\"@id\":\"https:\/\/mhf.ro\/mm\/#website\",\"url\":\"https:\/\/mhf.ro\/mm\/\",\"name\":\"MHF Photography \u2013 Blog de fotografie, natur\u0103 \u0219i tehnic\u0103 divers\u0103\",\"description\":\"Aventur\u0103 \u00een fiecare cadru.\",\"publisher\":{\"@id\":\"https:\/\/mhf.ro\/mm\/#\/schema\/person\/a3bebf7bdb4bf12f698aff73c7e46c21\"},\"potentialAction\":[{\"@type\":\"SearchAction\",\"target\":{\"@type\":\"EntryPoint\",\"urlTemplate\":\"https:\/\/mhf.ro\/mm\/?s={search_term_string}\"},\"query-input\":{\"@type\":\"PropertyValueSpecification\",\"valueRequired\":true,\"valueName\":\"search_term_string\"}}],\"inLanguage\":\"ro-RO\"},{\"@type\":[\"Person\",\"Organization\"],\"@id\":\"https:\/\/mhf.ro\/mm\/#\/schema\/person\/a3bebf7bdb4bf12f698aff73c7e46c21\",\"name\":\"Marius Marcu\",\"image\":{\"@type\":\"ImageObject\",\"inLanguage\":\"ro-RO\",\"@id\":\"https:\/\/mhf.ro\/mm\/#\/schema\/person\/image\/\",\"url\":\"https:\/\/mhf.ro\/mm\/wp-content\/uploads\/2025\/12\/cropped-logo_mhf_2.png\",\"contentUrl\":\"https:\/\/mhf.ro\/mm\/wp-content\/uploads\/2025\/12\/cropped-logo_mhf_2.png\",\"width\":1096,\"height\":457,\"caption\":\"Marius Marcu\"},\"logo\":{\"@id\":\"https:\/\/mhf.ro\/mm\/#\/schema\/person\/image\/\"},\"sameAs\":[\"https:\/\/mhf.ro\/mm\"],\"url\":\"https:\/\/mhf.ro\/mm\/author\/mihai\/\"}]}<\/script>\n<!-- \/ Yoast SEO plugin. -->","yoast_head_json":{"title":"Mare b\u0103taie pe posturi la Politia Animalelor - MHF Photography","description":"Prioritate zero - Poli\u021bia Animalelor, \u00eenfiin\u021bat\u0103 de fostul ministru Marcel Vela.\u00a0 Ce noroc pe noi, acum avem \u0219i Politia Animalelor.","robots":{"index":"index","follow":"follow","max-snippet":"max-snippet:-1","max-image-preview":"max-image-preview:large","max-video-preview":"max-video-preview:-1"},"canonical":"https:\/\/mhf.ro\/mm\/mare-bataie-pe-posturi-la-politia-animalelor\/","og_locale":"ro_RO","og_type":"article","og_title":"Mare b\u0103taie pe posturi la Politia Animalelor - MHF Photography","og_description":"Prioritate zero - Poli\u021bia Animalelor, \u00eenfiin\u021bat\u0103 de fostul ministru Marcel Vela.\u00a0 Ce noroc pe noi, acum avem \u0219i Politia Animalelor.","og_url":"https:\/\/mhf.ro\/mm\/mare-bataie-pe-posturi-la-politia-animalelor\/","og_site_name":"MHF Photography","article_published_time":"2021-01-12T11:37:19+00:00","article_modified_time":"2021-01-12T11:40:15+00:00","og_image":[{"width":1280,"height":724,"url":"https:\/\/mhf.ro\/mm\/wp-content\/uploads\/2021\/01\/cai.jpg","type":"image\/jpeg"}],"author":"Marius Marcu","twitter_card":"summary_large_image","twitter_misc":{"Scris de":"Marius Marcu","Timp estimat pentru citire":"1 minut"},"schema":{"@context":"https:\/\/schema.org","@graph":[{"@type":"Article","@id":"https:\/\/mhf.ro\/mm\/mare-bataie-pe-posturi-la-politia-animalelor\/#article","isPartOf":{"@id":"https:\/\/mhf.ro\/mm\/mare-bataie-pe-posturi-la-politia-animalelor\/"},"author":{"name":"Marius Marcu","@id":"https:\/\/mhf.ro\/mm\/#\/schema\/person\/a3bebf7bdb4bf12f698aff73c7e46c21"},"headline":"Mare b\u0103taie pe posturi la Politia Animalelor","datePublished":"2021-01-12T11:37:19+00:00","dateModified":"2021-01-12T11:40:15+00:00","mainEntityOfPage":{"@id":"https:\/\/mhf.ro\/mm\/mare-bataie-pe-posturi-la-politia-animalelor\/"},"wordCount":202,"commentCount":0,"publisher":{"@id":"https:\/\/mhf.ro\/mm\/#\/schema\/person\/a3bebf7bdb4bf12f698aff73c7e46c21"},"image":{"@id":"https:\/\/mhf.ro\/mm\/mare-bataie-pe-posturi-la-politia-animalelor\/#primaryimage"},"thumbnailUrl":"https:\/\/mhf.ro\/mm\/wp-content\/uploads\/2021\/01\/cai.jpg","articleSection":["Locale"],"inLanguage":"ro-RO","potentialAction":[{"@type":"CommentAction","name":"Comment","target":["https:\/\/mhf.ro\/mm\/mare-bataie-pe-posturi-la-politia-animalelor\/#respond"]}]},{"@type":"WebPage","@id":"https:\/\/mhf.ro\/mm\/mare-bataie-pe-posturi-la-politia-animalelor\/","url":"https:\/\/mhf.ro\/mm\/mare-bataie-pe-posturi-la-politia-animalelor\/","name":"Mare b\u0103taie pe posturi la Politia Animalelor - MHF Photography","isPartOf":{"@id":"https:\/\/mhf.ro\/mm\/#website"},"primaryImageOfPage":{"@id":"https:\/\/mhf.ro\/mm\/mare-bataie-pe-posturi-la-politia-animalelor\/#primaryimage"},"image":{"@id":"https:\/\/mhf.ro\/mm\/mare-bataie-pe-posturi-la-politia-animalelor\/#primaryimage"},"thumbnailUrl":"https:\/\/mhf.ro\/mm\/wp-content\/uploads\/2021\/01\/cai.jpg","datePublished":"2021-01-12T11:37:19+00:00","dateModified":"2021-01-12T11:40:15+00:00","description":"Prioritate zero - Poli\u021bia Animalelor, \u00eenfiin\u021bat\u0103 de fostul ministru Marcel Vela.\u00a0 Ce noroc pe noi, acum avem \u0219i Politia Animalelor.","breadcrumb":{"@id":"https:\/\/mhf.ro\/mm\/mare-bataie-pe-posturi-la-politia-animalelor\/#breadcrumb"},"inLanguage":"ro-RO","potentialAction":[{"@type":"ReadAction","target":["https:\/\/mhf.ro\/mm\/mare-bataie-pe-posturi-la-politia-animalelor\/"]}]},{"@type":"ImageObject","inLanguage":"ro-RO","@id":"https:\/\/mhf.ro\/mm\/mare-bataie-pe-posturi-la-politia-animalelor\/#primaryimage","url":"https:\/\/mhf.ro\/mm\/wp-content\/uploads\/2021\/01\/cai.jpg","contentUrl":"https:\/\/mhf.ro\/mm\/wp-content\/uploads\/2021\/01\/cai.jpg","width":1280,"height":724},{"@type":"BreadcrumbList","@id":"https:\/\/mhf.ro\/mm\/mare-bataie-pe-posturi-la-politia-animalelor\/#breadcrumb","itemListElement":[{"@type":"ListItem","position":1,"name":"Prima pagin\u0103","item":"https:\/\/mhf.ro\/mm\/"},{"@type":"ListItem","position":2,"name":"Mare b\u0103taie pe posturi la Politia Animalelor"}]},{"@type":"WebSite","@id":"https:\/\/mhf.ro\/mm\/#website","url":"https:\/\/mhf.ro\/mm\/","name":"MHF Photography \u2013 Blog de fotografie, natur\u0103 \u0219i tehnic\u0103 divers\u0103","description":"Aventur\u0103 \u00een fiecare cadru.","publisher":{"@id":"https:\/\/mhf.ro\/mm\/#\/schema\/person\/a3bebf7bdb4bf12f698aff73c7e46c21"},"potentialAction":[{"@type":"SearchAction","target":{"@type":"EntryPoint","urlTemplate":"https:\/\/mhf.ro\/mm\/?s={search_term_string}"},"query-input":{"@type":"PropertyValueSpecification","valueRequired":true,"valueName":"search_term_string"}}],"inLanguage":"ro-RO"},{"@type":["Person","Organization"],"@id":"https:\/\/mhf.ro\/mm\/#\/schema\/person\/a3bebf7bdb4bf12f698aff73c7e46c21","name":"Marius Marcu","image":{"@type":"ImageObject","inLanguage":"ro-RO","@id":"https:\/\/mhf.ro\/mm\/#\/schema\/person\/image\/","url":"https:\/\/mhf.ro\/mm\/wp-content\/uploads\/2025\/12\/cropped-logo_mhf_2.png","contentUrl":"https:\/\/mhf.ro\/mm\/wp-content\/uploads\/2025\/12\/cropped-logo_mhf_2.png","width":1096,"height":457,"caption":"Marius Marcu"},"logo":{"@id":"https:\/\/mhf.ro\/mm\/#\/schema\/person\/image\/"},"sameAs":["https:\/\/mhf.ro\/mm"],"url":"https:\/\/mhf.ro\/mm\/author\/mihai\/"}]}},"_links":{"self":[{"href":"https:\/\/mhf.ro\/mm\/wp-json\/wp\/v2\/posts\/3604","targetHints":{"allow":["GET"]}}],"collection":[{"href":"https:\/\/mhf.ro\/mm\/wp-json\/wp\/v2\/posts"}],"about":[{"href":"https:\/\/mhf.ro\/mm\/wp-json\/wp\/v2\/types\/post"}],"author":[{"embeddable":true,"href":"https:\/\/mhf.ro\/mm\/wp-json\/wp\/v2\/users\/1"}],"replies":[{"embeddable":true,"href":"https:\/\/mhf.ro\/mm\/wp-json\/wp\/v2\/comments?post=3604"}],"version-history":[{"count":2,"href":"https:\/\/mhf.ro\/mm\/wp-json\/wp\/v2\/posts\/3604\/revisions"}],"predecessor-version":[{"id":3607,"href":"https:\/\/mhf.ro\/mm\/wp-json\/wp\/v2\/posts\/3604\/revisions\/3607"}],"wp:featuredmedia":[{"embeddable":true,"href":"https:\/\/mhf.ro\/mm\/wp-json\/wp\/v2\/media\/3605"}],"wp:attachment":[{"href":"https:\/\/mhf.ro\/mm\/wp-json\/wp\/v2\/media?parent=3604"}],"wp:term":[{"taxonomy":"category","embeddable":true,"href":"https:\/\/mhf.ro\/mm\/wp-json\/wp\/v2\/categories?post=3604"},{"taxonomy":"post_tag","embeddable":true,"href":"https:\/\/mhf.ro\/mm\/wp-json\/wp\/v2\/tags?post=3604"}],"curies":[{"name":"wp","href":"https:\/\/api.w.org\/{rel}","templated":true}]}}