{"id":3608,"date":"2021-01-13T04:56:35","date_gmt":"2021-01-13T02:56:35","guid":{"rendered":"https:\/\/mhf.ro\/mm\/?p=3608"},"modified":"2021-01-12T22:45:01","modified_gmt":"2021-01-12T20:45:01","slug":"starea-de-alerta-prelungita-cu-30-zile","status":"publish","type":"post","link":"https:\/\/mhf.ro\/mm\/starea-de-alerta-prelungita-cu-30-zile\/","title":{"rendered":"Starea de alert\u0103 prelungit\u0103 cu 30 zile"},"content":{"rendered":"<p>Guvernul a aprobat \u00een \u0219edin\u021ba de ast\u0103zi, prelungirea cu 30 de zile a st\u0103rii de alert\u0103 pe teritoriul Rom\u00e2niei, \u00eencep\u00e2nd cu data de 13 ianuarie 2021.<\/p>\n<p>Hot\u0103r\u00e2rea privind prelungirea st\u0103rii de alert\u0103 pe teritoriul Rom\u00e2niei \u00eencep\u00e2nd cu data de 13 ianuarie 2021, precum \u0219i stabilirea m\u0103surilor care se aplic\u0103 pe durata acesteia pentru prevenirea \u0219i combaterea efectelor pandemiei de COVID-19 a fost adoptat\u0103 \u00een forma introdus\u0103 pe agenda \u0219edin\u021bei de Guvern.<\/p>\n","protected":false},"excerpt":{"rendered":"<p>Guvernul a aprobat \u00een \u0219edin\u021ba de ast\u0103zi, prelungirea cu 30 de zile a st\u0103rii de alert\u0103 pe teritoriul Rom\u00e2niei, \u00eencep\u00e2nd<\/p>\n","protected":false},"author":1,"featured_media":956,"comment_status":"open","ping_status":"open","sticky":false,"template":"","format":"standard","meta":{"colormag_page_container_layout":"default_layout","colormag_page_sidebar_layout":"default_layout","footnotes":""},"categories":[32,8],"tags":[],"class_list":["post-3608","post","type-post","status-publish","format-standard","has-post-thumbnail","hentry","category-comunicate","category-div"],"yoast_head":"<!-- This site is optimized with the Yoast SEO plugin v27.0 - https:\/\/yoast.com\/product\/yoast-seo-wordpress\/ -->\n<title>Starea de alert\u0103 prelungit\u0103 cu 30 zile - MHF Photography<\/title>\n<meta name=\"robots\" content=\"index, follow, max-snippet:-1, max-image-preview:large, max-video-preview:-1\" \/>\n<link rel=\"canonical\" href=\"https:\/\/mhf.ro\/mm\/starea-de-alerta-prelungita-cu-30-zile\/\" \/>\n<meta property=\"og:locale\" content=\"ro_RO\" \/>\n<meta property=\"og:type\" content=\"article\" \/>\n<meta property=\"og:title\" content=\"Starea de alert\u0103 prelungit\u0103 cu 30 zile - MHF Photography\" \/>\n<meta property=\"og:description\" content=\"Guvernul a aprobat \u00een \u0219edin\u021ba de ast\u0103zi, prelungirea cu 30 de zile a st\u0103rii de alert\u0103 pe teritoriul Rom\u00e2niei, \u00eencep\u00e2nd\" \/>\n<meta property=\"og:url\" content=\"https:\/\/mhf.ro\/mm\/starea-de-alerta-prelungita-cu-30-zile\/\" \/>\n<meta property=\"og:site_name\" content=\"MHF Photography\" \/>\n<meta property=\"article:published_time\" content=\"2021-01-13T02:56:35+00:00\" \/>\n<meta property=\"og:image\" content=\"https:\/\/mhf.ro\/mm\/wp-content\/uploads\/2020\/04\/masca.jpg\" \/>\n\t<meta property=\"og:image:width\" content=\"225\" \/>\n\t<meta property=\"og:image:height\" content=\"225\" \/>\n\t<meta property=\"og:image:type\" content=\"image\/jpeg\" \/>\n<meta name=\"author\" content=\"Marius Marcu\" \/>\n<meta name=\"twitter:card\" content=\"summary_large_image\" \/>\n<meta name=\"twitter:label1\" content=\"Scris de\" \/>\n\t<meta name=\"twitter:data1\" content=\"Marius Marcu\" \/>\n\t<meta name=\"twitter:label2\" content=\"Timp estimat pentru citire\" \/>\n\t<meta name=\"twitter:data2\" content=\"1 minut\" \/>\n<script type=\"application\/ld+json\" class=\"yoast-schema-graph\">{\"@context\":\"https:\/\/schema.org\",\"@graph\":[{\"@type\":\"Article\",\"@id\":\"https:\/\/mhf.ro\/mm\/starea-de-alerta-prelungita-cu-30-zile\/#article\",\"isPartOf\":{\"@id\":\"https:\/\/mhf.ro\/mm\/starea-de-alerta-prelungita-cu-30-zile\/\"},\"author\":{\"name\":\"Marius Marcu\",\"@id\":\"https:\/\/mhf.ro\/mm\/#\/schema\/person\/a3bebf7bdb4bf12f698aff73c7e46c21\"},\"headline\":\"Starea de alert\u0103 prelungit\u0103 cu 30 zile\",\"datePublished\":\"2021-01-13T02:56:35+00:00\",\"mainEntityOfPage\":{\"@id\":\"https:\/\/mhf.ro\/mm\/starea-de-alerta-prelungita-cu-30-zile\/\"},\"wordCount\":84,\"commentCount\":0,\"publisher\":{\"@id\":\"https:\/\/mhf.ro\/mm\/#\/schema\/person\/a3bebf7bdb4bf12f698aff73c7e46c21\"},\"image\":{\"@id\":\"https:\/\/mhf.ro\/mm\/starea-de-alerta-prelungita-cu-30-zile\/#primaryimage\"},\"thumbnailUrl\":\"https:\/\/mhf.ro\/mm\/wp-content\/uploads\/2020\/04\/masca.jpg\",\"articleSection\":[\"Comunicate\",\"Diverse\"],\"inLanguage\":\"ro-RO\",\"potentialAction\":[{\"@type\":\"CommentAction\",\"name\":\"Comment\",\"target\":[\"https:\/\/mhf.ro\/mm\/starea-de-alerta-prelungita-cu-30-zile\/#respond\"]}]},{\"@type\":\"WebPage\",\"@id\":\"https:\/\/mhf.ro\/mm\/starea-de-alerta-prelungita-cu-30-zile\/\",\"url\":\"https:\/\/mhf.ro\/mm\/starea-de-alerta-prelungita-cu-30-zile\/\",\"name\":\"Starea de alert\u0103 prelungit\u0103 cu 30 zile - MHF Photography\",\"isPartOf\":{\"@id\":\"https:\/\/mhf.ro\/mm\/#website\"},\"primaryImageOfPage\":{\"@id\":\"https:\/\/mhf.ro\/mm\/starea-de-alerta-prelungita-cu-30-zile\/#primaryimage\"},\"image\":{\"@id\":\"https:\/\/mhf.ro\/mm\/starea-de-alerta-prelungita-cu-30-zile\/#primaryimage\"},\"thumbnailUrl\":\"https:\/\/mhf.ro\/mm\/wp-content\/uploads\/2020\/04\/masca.jpg\",\"datePublished\":\"2021-01-13T02:56:35+00:00\",\"breadcrumb\":{\"@id\":\"https:\/\/mhf.ro\/mm\/starea-de-alerta-prelungita-cu-30-zile\/#breadcrumb\"},\"inLanguage\":\"ro-RO\",\"potentialAction\":[{\"@type\":\"ReadAction\",\"target\":[\"https:\/\/mhf.ro\/mm\/starea-de-alerta-prelungita-cu-30-zile\/\"]}]},{\"@type\":\"ImageObject\",\"inLanguage\":\"ro-RO\",\"@id\":\"https:\/\/mhf.ro\/mm\/starea-de-alerta-prelungita-cu-30-zile\/#primaryimage\",\"url\":\"https:\/\/mhf.ro\/mm\/wp-content\/uploads\/2020\/04\/masca.jpg\",\"contentUrl\":\"https:\/\/mhf.ro\/mm\/wp-content\/uploads\/2020\/04\/masca.jpg\",\"width\":225,\"height\":225},{\"@type\":\"BreadcrumbList\",\"@id\":\"https:\/\/mhf.ro\/mm\/starea-de-alerta-prelungita-cu-30-zile\/#breadcrumb\",\"itemListElement\":[{\"@type\":\"ListItem\",\"position\":1,\"name\":\"Prima pagin\u0103\",\"item\":\"https:\/\/mhf.ro\/mm\/\"},{\"@type\":\"ListItem\",\"position\":2,\"name\":\"Starea de alert\u0103 prelungit\u0103 cu 30 zile\"}]},{\"@type\":\"WebSite\",\"@id\":\"https:\/\/mhf.ro\/mm\/#website\",\"url\":\"https:\/\/mhf.ro\/mm\/\",\"name\":\"MHF Photography \u2013 Blog de fotografie, natur\u0103 \u0219i tehnic\u0103 divers\u0103\",\"description\":\"Aventur\u0103 \u00een fiecare cadru.\",\"publisher\":{\"@id\":\"https:\/\/mhf.ro\/mm\/#\/schema\/person\/a3bebf7bdb4bf12f698aff73c7e46c21\"},\"potentialAction\":[{\"@type\":\"SearchAction\",\"target\":{\"@type\":\"EntryPoint\",\"urlTemplate\":\"https:\/\/mhf.ro\/mm\/?s={search_term_string}\"},\"query-input\":{\"@type\":\"PropertyValueSpecification\",\"valueRequired\":true,\"valueName\":\"search_term_string\"}}],\"inLanguage\":\"ro-RO\"},{\"@type\":[\"Person\",\"Organization\"],\"@id\":\"https:\/\/mhf.ro\/mm\/#\/schema\/person\/a3bebf7bdb4bf12f698aff73c7e46c21\",\"name\":\"Marius Marcu\",\"image\":{\"@type\":\"ImageObject\",\"inLanguage\":\"ro-RO\",\"@id\":\"https:\/\/mhf.ro\/mm\/#\/schema\/person\/image\/\",\"url\":\"https:\/\/mhf.ro\/mm\/wp-content\/uploads\/2025\/12\/cropped-logo_mhf_2.png\",\"contentUrl\":\"https:\/\/mhf.ro\/mm\/wp-content\/uploads\/2025\/12\/cropped-logo_mhf_2.png\",\"width\":1096,\"height\":457,\"caption\":\"Marius Marcu\"},\"logo\":{\"@id\":\"https:\/\/mhf.ro\/mm\/#\/schema\/person\/image\/\"},\"sameAs\":[\"https:\/\/mhf.ro\/mm\"],\"url\":\"https:\/\/mhf.ro\/mm\/author\/mihai\/\"}]}<\/script>\n<!-- \/ Yoast SEO plugin. -->","yoast_head_json":{"title":"Starea de alert\u0103 prelungit\u0103 cu 30 zile - MHF Photography","robots":{"index":"index","follow":"follow","max-snippet":"max-snippet:-1","max-image-preview":"max-image-preview:large","max-video-preview":"max-video-preview:-1"},"canonical":"https:\/\/mhf.ro\/mm\/starea-de-alerta-prelungita-cu-30-zile\/","og_locale":"ro_RO","og_type":"article","og_title":"Starea de alert\u0103 prelungit\u0103 cu 30 zile - MHF Photography","og_description":"Guvernul a aprobat \u00een \u0219edin\u021ba de ast\u0103zi, prelungirea cu 30 de zile a st\u0103rii de alert\u0103 pe teritoriul Rom\u00e2niei, \u00eencep\u00e2nd","og_url":"https:\/\/mhf.ro\/mm\/starea-de-alerta-prelungita-cu-30-zile\/","og_site_name":"MHF Photography","article_published_time":"2021-01-13T02:56:35+00:00","og_image":[{"width":225,"height":225,"url":"https:\/\/mhf.ro\/mm\/wp-content\/uploads\/2020\/04\/masca.jpg","type":"image\/jpeg"}],"author":"Marius Marcu","twitter_card":"summary_large_image","twitter_misc":{"Scris de":"Marius Marcu","Timp estimat pentru citire":"1 minut"},"schema":{"@context":"https:\/\/schema.org","@graph":[{"@type":"Article","@id":"https:\/\/mhf.ro\/mm\/starea-de-alerta-prelungita-cu-30-zile\/#article","isPartOf":{"@id":"https:\/\/mhf.ro\/mm\/starea-de-alerta-prelungita-cu-30-zile\/"},"author":{"name":"Marius Marcu","@id":"https:\/\/mhf.ro\/mm\/#\/schema\/person\/a3bebf7bdb4bf12f698aff73c7e46c21"},"headline":"Starea de alert\u0103 prelungit\u0103 cu 30 zile","datePublished":"2021-01-13T02:56:35+00:00","mainEntityOfPage":{"@id":"https:\/\/mhf.ro\/mm\/starea-de-alerta-prelungita-cu-30-zile\/"},"wordCount":84,"commentCount":0,"publisher":{"@id":"https:\/\/mhf.ro\/mm\/#\/schema\/person\/a3bebf7bdb4bf12f698aff73c7e46c21"},"image":{"@id":"https:\/\/mhf.ro\/mm\/starea-de-alerta-prelungita-cu-30-zile\/#primaryimage"},"thumbnailUrl":"https:\/\/mhf.ro\/mm\/wp-content\/uploads\/2020\/04\/masca.jpg","articleSection":["Comunicate","Diverse"],"inLanguage":"ro-RO","potentialAction":[{"@type":"CommentAction","name":"Comment","target":["https:\/\/mhf.ro\/mm\/starea-de-alerta-prelungita-cu-30-zile\/#respond"]}]},{"@type":"WebPage","@id":"https:\/\/mhf.ro\/mm\/starea-de-alerta-prelungita-cu-30-zile\/","url":"https:\/\/mhf.ro\/mm\/starea-de-alerta-prelungita-cu-30-zile\/","name":"Starea de alert\u0103 prelungit\u0103 cu 30 zile - MHF Photography","isPartOf":{"@id":"https:\/\/mhf.ro\/mm\/#website"},"primaryImageOfPage":{"@id":"https:\/\/mhf.ro\/mm\/starea-de-alerta-prelungita-cu-30-zile\/#primaryimage"},"image":{"@id":"https:\/\/mhf.ro\/mm\/starea-de-alerta-prelungita-cu-30-zile\/#primaryimage"},"thumbnailUrl":"https:\/\/mhf.ro\/mm\/wp-content\/uploads\/2020\/04\/masca.jpg","datePublished":"2021-01-13T02:56:35+00:00","breadcrumb":{"@id":"https:\/\/mhf.ro\/mm\/starea-de-alerta-prelungita-cu-30-zile\/#breadcrumb"},"inLanguage":"ro-RO","potentialAction":[{"@type":"ReadAction","target":["https:\/\/mhf.ro\/mm\/starea-de-alerta-prelungita-cu-30-zile\/"]}]},{"@type":"ImageObject","inLanguage":"ro-RO","@id":"https:\/\/mhf.ro\/mm\/starea-de-alerta-prelungita-cu-30-zile\/#primaryimage","url":"https:\/\/mhf.ro\/mm\/wp-content\/uploads\/2020\/04\/masca.jpg","contentUrl":"https:\/\/mhf.ro\/mm\/wp-content\/uploads\/2020\/04\/masca.jpg","width":225,"height":225},{"@type":"BreadcrumbList","@id":"https:\/\/mhf.ro\/mm\/starea-de-alerta-prelungita-cu-30-zile\/#breadcrumb","itemListElement":[{"@type":"ListItem","position":1,"name":"Prima pagin\u0103","item":"https:\/\/mhf.ro\/mm\/"},{"@type":"ListItem","position":2,"name":"Starea de alert\u0103 prelungit\u0103 cu 30 zile"}]},{"@type":"WebSite","@id":"https:\/\/mhf.ro\/mm\/#website","url":"https:\/\/mhf.ro\/mm\/","name":"MHF Photography \u2013 Blog de fotografie, natur\u0103 \u0219i tehnic\u0103 divers\u0103","description":"Aventur\u0103 \u00een fiecare cadru.","publisher":{"@id":"https:\/\/mhf.ro\/mm\/#\/schema\/person\/a3bebf7bdb4bf12f698aff73c7e46c21"},"potentialAction":[{"@type":"SearchAction","target":{"@type":"EntryPoint","urlTemplate":"https:\/\/mhf.ro\/mm\/?s={search_term_string}"},"query-input":{"@type":"PropertyValueSpecification","valueRequired":true,"valueName":"search_term_string"}}],"inLanguage":"ro-RO"},{"@type":["Person","Organization"],"@id":"https:\/\/mhf.ro\/mm\/#\/schema\/person\/a3bebf7bdb4bf12f698aff73c7e46c21","name":"Marius Marcu","image":{"@type":"ImageObject","inLanguage":"ro-RO","@id":"https:\/\/mhf.ro\/mm\/#\/schema\/person\/image\/","url":"https:\/\/mhf.ro\/mm\/wp-content\/uploads\/2025\/12\/cropped-logo_mhf_2.png","contentUrl":"https:\/\/mhf.ro\/mm\/wp-content\/uploads\/2025\/12\/cropped-logo_mhf_2.png","width":1096,"height":457,"caption":"Marius Marcu"},"logo":{"@id":"https:\/\/mhf.ro\/mm\/#\/schema\/person\/image\/"},"sameAs":["https:\/\/mhf.ro\/mm"],"url":"https:\/\/mhf.ro\/mm\/author\/mihai\/"}]}},"_links":{"self":[{"href":"https:\/\/mhf.ro\/mm\/wp-json\/wp\/v2\/posts\/3608","targetHints":{"allow":["GET"]}}],"collection":[{"href":"https:\/\/mhf.ro\/mm\/wp-json\/wp\/v2\/posts"}],"about":[{"href":"https:\/\/mhf.ro\/mm\/wp-json\/wp\/v2\/types\/post"}],"author":[{"embeddable":true,"href":"https:\/\/mhf.ro\/mm\/wp-json\/wp\/v2\/users\/1"}],"replies":[{"embeddable":true,"href":"https:\/\/mhf.ro\/mm\/wp-json\/wp\/v2\/comments?post=3608"}],"version-history":[{"count":1,"href":"https:\/\/mhf.ro\/mm\/wp-json\/wp\/v2\/posts\/3608\/revisions"}],"predecessor-version":[{"id":3609,"href":"https:\/\/mhf.ro\/mm\/wp-json\/wp\/v2\/posts\/3608\/revisions\/3609"}],"wp:featuredmedia":[{"embeddable":true,"href":"https:\/\/mhf.ro\/mm\/wp-json\/wp\/v2\/media\/956"}],"wp:attachment":[{"href":"https:\/\/mhf.ro\/mm\/wp-json\/wp\/v2\/media?parent=3608"}],"wp:term":[{"taxonomy":"category","embeddable":true,"href":"https:\/\/mhf.ro\/mm\/wp-json\/wp\/v2\/categories?post=3608"},{"taxonomy":"post_tag","embeddable":true,"href":"https:\/\/mhf.ro\/mm\/wp-json\/wp\/v2\/tags?post=3608"}],"curies":[{"name":"wp","href":"https:\/\/api.w.org\/{rel}","templated":true}]}}