{"id":3613,"date":"2021-01-12T22:58:17","date_gmt":"2021-01-12T20:58:17","guid":{"rendered":"https:\/\/mhf.ro\/mm\/?p=3613"},"modified":"2021-01-12T22:58:17","modified_gmt":"2021-01-12T20:58:17","slug":"soarta-lui-tariceanu-in-mainile-lui-iohannis","status":"publish","type":"post","link":"https:\/\/mhf.ro\/mm\/soarta-lui-tariceanu-in-mainile-lui-iohannis\/","title":{"rendered":"Soarta lui T\u0103riceanu, \u00een m\u00e2inile lui Iohannis"},"content":{"rendered":"<p>Direc\u0163ia Na\u0163ional\u0103 Anticorup\u0163ie (DNA) cere Parchetului General sesizarea pre\u015fedintelui Klaus Iohannis pentru \u00eenceperea urm\u0103ririi penale pe numele lui C\u0103lin Popescu T\u0103riceanu pentru luare de mit\u0103 pe vremea c\u00e2nd acesta ocupa func\u0163ia de prim-ministru.<\/p>\n<p>Cel mai probabil, \u0219eful statului va \u00eencuviin\u021ba urm\u0103rirea penal\u0103 a acestuia, la fel cum a f\u0103cut \u0219i \u00een cazul lui Costel Alexe.<\/p>\n<p>Amintim c\u0103 T\u0103riceanu este\u00a0acuzat c\u0103 \u00een perioada 2007-2008, c\u00e2nd era premier, ar fi primit de la reprezentan\u021bii unei companii austriece foloase materiale \u00een valoare de 800.000 de dolari, const\u00e2nd \u00een plata unor servicii de consultan\u021b\u0103. \u00cen schimb, T\u0103riceanu \u0219i-ar fi exercitat atribu\u021biile, astfel \u00eenc\u00e2t s\u0103 fie adoptate o serie de hot\u0103r\u00e2ri de guvern \u00een favoarea companiei.<\/p>\n<p>\u201ePersoana respectiv\u0103 ar fi primit, \u00een mod indirect, \u00een perioada 2007-2008, de la reprezentan\u021bii unei companii austriece,\u00a0 foloase materiale \u00een valoare de 800.000 USD, const\u00e2nd \u00een plata unor servicii de consultan\u021b\u0103.<\/p>\n<p>\u00cen schimb,\u00a0 acesta \u0219i-ar fi exercitat atribu\u021biile, astfel \u00eenc\u00e2t s\u0103 fie adoptate o serie de hot\u0103r\u00e2ri de guvern \u00een favoarea companiei. Suma de\u00a0 800.000 USD, reprezent\u00e2nd un comision din valoarea pl\u0103\u021bilor f\u0103cute de statul roman c\u0103tre companie, ar fi fost folosit\u0103 \u00een beneficiul demnitarului,\u00a0 pentru acoperirea unor cheltuieli de campanie electoral\u0103, fiind transferat\u0103 \u00een baza unor contracte fictive \u00eencheiate cu mai multe companii offshore\u201d, precizeaz\u0103 procurorii\u00a0DNA, \u00eentr-un comunicat de pres\u0103.<\/p>\n<p style=\"text-align: right;\">(conf. jurnalist.ro)<\/p>\n","protected":false},"excerpt":{"rendered":"<p>Direc\u0163ia Na\u0163ional\u0103 Anticorup\u0163ie (DNA) cere Parchetului General sesizarea pre\u015fedintelui Klaus Iohannis pentru \u00eenceperea urm\u0103ririi penale pe numele lui C\u0103lin Popescu<\/p>\n","protected":false},"author":1,"featured_media":3614,"comment_status":"open","ping_status":"open","sticky":false,"template":"","format":"standard","meta":{"colormag_page_container_layout":"default_layout","colormag_page_sidebar_layout":"default_layout","footnotes":""},"categories":[8],"tags":[],"class_list":["post-3613","post","type-post","status-publish","format-standard","has-post-thumbnail","hentry","category-div"],"yoast_head":"<!-- This site is optimized with the Yoast SEO plugin v27.0 - https:\/\/yoast.com\/product\/yoast-seo-wordpress\/ -->\n<title>Soarta lui T\u0103riceanu, \u00een m\u00e2inile lui Iohannis - MHF Photography<\/title>\n<meta name=\"description\" content=\"DNA cere Parchetului General sesizarea pre\u015fedintelui Klaus Iohannis pentru \u00eenceperea urm\u0103ririi penale pe numele lui C\u0103lin Popescu T\u0103riceanu\" \/>\n<meta name=\"robots\" content=\"index, follow, max-snippet:-1, max-image-preview:large, max-video-preview:-1\" \/>\n<link rel=\"canonical\" href=\"https:\/\/mhf.ro\/mm\/soarta-lui-tariceanu-in-mainile-lui-iohannis\/\" \/>\n<meta property=\"og:locale\" content=\"ro_RO\" \/>\n<meta property=\"og:type\" content=\"article\" \/>\n<meta property=\"og:title\" content=\"Soarta lui T\u0103riceanu, \u00een m\u00e2inile lui Iohannis - MHF Photography\" \/>\n<meta property=\"og:description\" content=\"DNA cere Parchetului General sesizarea pre\u015fedintelui Klaus Iohannis pentru \u00eenceperea urm\u0103ririi penale pe numele lui C\u0103lin Popescu T\u0103riceanu\" \/>\n<meta property=\"og:url\" content=\"https:\/\/mhf.ro\/mm\/soarta-lui-tariceanu-in-mainile-lui-iohannis\/\" \/>\n<meta property=\"og:site_name\" content=\"MHF Photography\" \/>\n<meta property=\"article:published_time\" content=\"2021-01-12T20:58:17+00:00\" \/>\n<meta property=\"og:image\" content=\"https:\/\/mhf.ro\/mm\/wp-content\/uploads\/2021\/01\/tariceanu-844x445-1.jpg\" \/>\n\t<meta property=\"og:image:width\" content=\"844\" \/>\n\t<meta property=\"og:image:height\" content=\"445\" \/>\n\t<meta property=\"og:image:type\" content=\"image\/jpeg\" \/>\n<meta name=\"author\" content=\"Marius Marcu\" \/>\n<meta name=\"twitter:card\" content=\"summary_large_image\" \/>\n<meta name=\"twitter:label1\" content=\"Scris de\" \/>\n\t<meta name=\"twitter:data1\" content=\"Marius Marcu\" \/>\n\t<meta name=\"twitter:label2\" content=\"Timp estimat pentru citire\" \/>\n\t<meta name=\"twitter:data2\" content=\"1 minut\" \/>\n<script type=\"application\/ld+json\" class=\"yoast-schema-graph\">{\"@context\":\"https:\/\/schema.org\",\"@graph\":[{\"@type\":\"Article\",\"@id\":\"https:\/\/mhf.ro\/mm\/soarta-lui-tariceanu-in-mainile-lui-iohannis\/#article\",\"isPartOf\":{\"@id\":\"https:\/\/mhf.ro\/mm\/soarta-lui-tariceanu-in-mainile-lui-iohannis\/\"},\"author\":{\"name\":\"Marius Marcu\",\"@id\":\"https:\/\/mhf.ro\/mm\/#\/schema\/person\/a3bebf7bdb4bf12f698aff73c7e46c21\"},\"headline\":\"Soarta lui T\u0103riceanu, \u00een m\u00e2inile lui Iohannis\",\"datePublished\":\"2021-01-12T20:58:17+00:00\",\"mainEntityOfPage\":{\"@id\":\"https:\/\/mhf.ro\/mm\/soarta-lui-tariceanu-in-mainile-lui-iohannis\/\"},\"wordCount\":254,\"commentCount\":0,\"publisher\":{\"@id\":\"https:\/\/mhf.ro\/mm\/#\/schema\/person\/a3bebf7bdb4bf12f698aff73c7e46c21\"},\"image\":{\"@id\":\"https:\/\/mhf.ro\/mm\/soarta-lui-tariceanu-in-mainile-lui-iohannis\/#primaryimage\"},\"thumbnailUrl\":\"https:\/\/mhf.ro\/mm\/wp-content\/uploads\/2021\/01\/tariceanu-844x445-1.jpg\",\"articleSection\":[\"Diverse\"],\"inLanguage\":\"ro-RO\",\"potentialAction\":[{\"@type\":\"CommentAction\",\"name\":\"Comment\",\"target\":[\"https:\/\/mhf.ro\/mm\/soarta-lui-tariceanu-in-mainile-lui-iohannis\/#respond\"]}]},{\"@type\":\"WebPage\",\"@id\":\"https:\/\/mhf.ro\/mm\/soarta-lui-tariceanu-in-mainile-lui-iohannis\/\",\"url\":\"https:\/\/mhf.ro\/mm\/soarta-lui-tariceanu-in-mainile-lui-iohannis\/\",\"name\":\"Soarta lui T\u0103riceanu, \u00een m\u00e2inile lui Iohannis - MHF Photography\",\"isPartOf\":{\"@id\":\"https:\/\/mhf.ro\/mm\/#website\"},\"primaryImageOfPage\":{\"@id\":\"https:\/\/mhf.ro\/mm\/soarta-lui-tariceanu-in-mainile-lui-iohannis\/#primaryimage\"},\"image\":{\"@id\":\"https:\/\/mhf.ro\/mm\/soarta-lui-tariceanu-in-mainile-lui-iohannis\/#primaryimage\"},\"thumbnailUrl\":\"https:\/\/mhf.ro\/mm\/wp-content\/uploads\/2021\/01\/tariceanu-844x445-1.jpg\",\"datePublished\":\"2021-01-12T20:58:17+00:00\",\"description\":\"DNA cere Parchetului General sesizarea pre\u015fedintelui Klaus Iohannis pentru \u00eenceperea urm\u0103ririi penale pe numele lui C\u0103lin Popescu T\u0103riceanu\",\"breadcrumb\":{\"@id\":\"https:\/\/mhf.ro\/mm\/soarta-lui-tariceanu-in-mainile-lui-iohannis\/#breadcrumb\"},\"inLanguage\":\"ro-RO\",\"potentialAction\":[{\"@type\":\"ReadAction\",\"target\":[\"https:\/\/mhf.ro\/mm\/soarta-lui-tariceanu-in-mainile-lui-iohannis\/\"]}]},{\"@type\":\"ImageObject\",\"inLanguage\":\"ro-RO\",\"@id\":\"https:\/\/mhf.ro\/mm\/soarta-lui-tariceanu-in-mainile-lui-iohannis\/#primaryimage\",\"url\":\"https:\/\/mhf.ro\/mm\/wp-content\/uploads\/2021\/01\/tariceanu-844x445-1.jpg\",\"contentUrl\":\"https:\/\/mhf.ro\/mm\/wp-content\/uploads\/2021\/01\/tariceanu-844x445-1.jpg\",\"width\":844,\"height\":445},{\"@type\":\"BreadcrumbList\",\"@id\":\"https:\/\/mhf.ro\/mm\/soarta-lui-tariceanu-in-mainile-lui-iohannis\/#breadcrumb\",\"itemListElement\":[{\"@type\":\"ListItem\",\"position\":1,\"name\":\"Prima pagin\u0103\",\"item\":\"https:\/\/mhf.ro\/mm\/\"},{\"@type\":\"ListItem\",\"position\":2,\"name\":\"Soarta lui T\u0103riceanu, \u00een m\u00e2inile lui Iohannis\"}]},{\"@type\":\"WebSite\",\"@id\":\"https:\/\/mhf.ro\/mm\/#website\",\"url\":\"https:\/\/mhf.ro\/mm\/\",\"name\":\"MHF Photography \u2013 Blog de fotografie, natur\u0103 \u0219i tehnic\u0103 divers\u0103\",\"description\":\"Aventur\u0103 \u00een fiecare cadru.\",\"publisher\":{\"@id\":\"https:\/\/mhf.ro\/mm\/#\/schema\/person\/a3bebf7bdb4bf12f698aff73c7e46c21\"},\"potentialAction\":[{\"@type\":\"SearchAction\",\"target\":{\"@type\":\"EntryPoint\",\"urlTemplate\":\"https:\/\/mhf.ro\/mm\/?s={search_term_string}\"},\"query-input\":{\"@type\":\"PropertyValueSpecification\",\"valueRequired\":true,\"valueName\":\"search_term_string\"}}],\"inLanguage\":\"ro-RO\"},{\"@type\":[\"Person\",\"Organization\"],\"@id\":\"https:\/\/mhf.ro\/mm\/#\/schema\/person\/a3bebf7bdb4bf12f698aff73c7e46c21\",\"name\":\"Marius Marcu\",\"image\":{\"@type\":\"ImageObject\",\"inLanguage\":\"ro-RO\",\"@id\":\"https:\/\/mhf.ro\/mm\/#\/schema\/person\/image\/\",\"url\":\"https:\/\/mhf.ro\/mm\/wp-content\/uploads\/2025\/12\/cropped-logo_mhf_2.png\",\"contentUrl\":\"https:\/\/mhf.ro\/mm\/wp-content\/uploads\/2025\/12\/cropped-logo_mhf_2.png\",\"width\":1096,\"height\":457,\"caption\":\"Marius Marcu\"},\"logo\":{\"@id\":\"https:\/\/mhf.ro\/mm\/#\/schema\/person\/image\/\"},\"sameAs\":[\"https:\/\/mhf.ro\/mm\"],\"url\":\"https:\/\/mhf.ro\/mm\/author\/mihai\/\"}]}<\/script>\n<!-- \/ Yoast SEO plugin. -->","yoast_head_json":{"title":"Soarta lui T\u0103riceanu, \u00een m\u00e2inile lui Iohannis - MHF Photography","description":"DNA cere Parchetului General sesizarea pre\u015fedintelui Klaus Iohannis pentru \u00eenceperea urm\u0103ririi penale pe numele lui C\u0103lin Popescu T\u0103riceanu","robots":{"index":"index","follow":"follow","max-snippet":"max-snippet:-1","max-image-preview":"max-image-preview:large","max-video-preview":"max-video-preview:-1"},"canonical":"https:\/\/mhf.ro\/mm\/soarta-lui-tariceanu-in-mainile-lui-iohannis\/","og_locale":"ro_RO","og_type":"article","og_title":"Soarta lui T\u0103riceanu, \u00een m\u00e2inile lui Iohannis - MHF Photography","og_description":"DNA cere Parchetului General sesizarea pre\u015fedintelui Klaus Iohannis pentru \u00eenceperea urm\u0103ririi penale pe numele lui C\u0103lin Popescu T\u0103riceanu","og_url":"https:\/\/mhf.ro\/mm\/soarta-lui-tariceanu-in-mainile-lui-iohannis\/","og_site_name":"MHF Photography","article_published_time":"2021-01-12T20:58:17+00:00","og_image":[{"width":844,"height":445,"url":"https:\/\/mhf.ro\/mm\/wp-content\/uploads\/2021\/01\/tariceanu-844x445-1.jpg","type":"image\/jpeg"}],"author":"Marius Marcu","twitter_card":"summary_large_image","twitter_misc":{"Scris de":"Marius Marcu","Timp estimat pentru citire":"1 minut"},"schema":{"@context":"https:\/\/schema.org","@graph":[{"@type":"Article","@id":"https:\/\/mhf.ro\/mm\/soarta-lui-tariceanu-in-mainile-lui-iohannis\/#article","isPartOf":{"@id":"https:\/\/mhf.ro\/mm\/soarta-lui-tariceanu-in-mainile-lui-iohannis\/"},"author":{"name":"Marius Marcu","@id":"https:\/\/mhf.ro\/mm\/#\/schema\/person\/a3bebf7bdb4bf12f698aff73c7e46c21"},"headline":"Soarta lui T\u0103riceanu, \u00een m\u00e2inile lui Iohannis","datePublished":"2021-01-12T20:58:17+00:00","mainEntityOfPage":{"@id":"https:\/\/mhf.ro\/mm\/soarta-lui-tariceanu-in-mainile-lui-iohannis\/"},"wordCount":254,"commentCount":0,"publisher":{"@id":"https:\/\/mhf.ro\/mm\/#\/schema\/person\/a3bebf7bdb4bf12f698aff73c7e46c21"},"image":{"@id":"https:\/\/mhf.ro\/mm\/soarta-lui-tariceanu-in-mainile-lui-iohannis\/#primaryimage"},"thumbnailUrl":"https:\/\/mhf.ro\/mm\/wp-content\/uploads\/2021\/01\/tariceanu-844x445-1.jpg","articleSection":["Diverse"],"inLanguage":"ro-RO","potentialAction":[{"@type":"CommentAction","name":"Comment","target":["https:\/\/mhf.ro\/mm\/soarta-lui-tariceanu-in-mainile-lui-iohannis\/#respond"]}]},{"@type":"WebPage","@id":"https:\/\/mhf.ro\/mm\/soarta-lui-tariceanu-in-mainile-lui-iohannis\/","url":"https:\/\/mhf.ro\/mm\/soarta-lui-tariceanu-in-mainile-lui-iohannis\/","name":"Soarta lui T\u0103riceanu, \u00een m\u00e2inile lui Iohannis - MHF Photography","isPartOf":{"@id":"https:\/\/mhf.ro\/mm\/#website"},"primaryImageOfPage":{"@id":"https:\/\/mhf.ro\/mm\/soarta-lui-tariceanu-in-mainile-lui-iohannis\/#primaryimage"},"image":{"@id":"https:\/\/mhf.ro\/mm\/soarta-lui-tariceanu-in-mainile-lui-iohannis\/#primaryimage"},"thumbnailUrl":"https:\/\/mhf.ro\/mm\/wp-content\/uploads\/2021\/01\/tariceanu-844x445-1.jpg","datePublished":"2021-01-12T20:58:17+00:00","description":"DNA cere Parchetului General sesizarea pre\u015fedintelui Klaus Iohannis pentru \u00eenceperea urm\u0103ririi penale pe numele lui C\u0103lin Popescu T\u0103riceanu","breadcrumb":{"@id":"https:\/\/mhf.ro\/mm\/soarta-lui-tariceanu-in-mainile-lui-iohannis\/#breadcrumb"},"inLanguage":"ro-RO","potentialAction":[{"@type":"ReadAction","target":["https:\/\/mhf.ro\/mm\/soarta-lui-tariceanu-in-mainile-lui-iohannis\/"]}]},{"@type":"ImageObject","inLanguage":"ro-RO","@id":"https:\/\/mhf.ro\/mm\/soarta-lui-tariceanu-in-mainile-lui-iohannis\/#primaryimage","url":"https:\/\/mhf.ro\/mm\/wp-content\/uploads\/2021\/01\/tariceanu-844x445-1.jpg","contentUrl":"https:\/\/mhf.ro\/mm\/wp-content\/uploads\/2021\/01\/tariceanu-844x445-1.jpg","width":844,"height":445},{"@type":"BreadcrumbList","@id":"https:\/\/mhf.ro\/mm\/soarta-lui-tariceanu-in-mainile-lui-iohannis\/#breadcrumb","itemListElement":[{"@type":"ListItem","position":1,"name":"Prima pagin\u0103","item":"https:\/\/mhf.ro\/mm\/"},{"@type":"ListItem","position":2,"name":"Soarta lui T\u0103riceanu, \u00een m\u00e2inile lui Iohannis"}]},{"@type":"WebSite","@id":"https:\/\/mhf.ro\/mm\/#website","url":"https:\/\/mhf.ro\/mm\/","name":"MHF Photography \u2013 Blog de fotografie, natur\u0103 \u0219i tehnic\u0103 divers\u0103","description":"Aventur\u0103 \u00een fiecare cadru.","publisher":{"@id":"https:\/\/mhf.ro\/mm\/#\/schema\/person\/a3bebf7bdb4bf12f698aff73c7e46c21"},"potentialAction":[{"@type":"SearchAction","target":{"@type":"EntryPoint","urlTemplate":"https:\/\/mhf.ro\/mm\/?s={search_term_string}"},"query-input":{"@type":"PropertyValueSpecification","valueRequired":true,"valueName":"search_term_string"}}],"inLanguage":"ro-RO"},{"@type":["Person","Organization"],"@id":"https:\/\/mhf.ro\/mm\/#\/schema\/person\/a3bebf7bdb4bf12f698aff73c7e46c21","name":"Marius Marcu","image":{"@type":"ImageObject","inLanguage":"ro-RO","@id":"https:\/\/mhf.ro\/mm\/#\/schema\/person\/image\/","url":"https:\/\/mhf.ro\/mm\/wp-content\/uploads\/2025\/12\/cropped-logo_mhf_2.png","contentUrl":"https:\/\/mhf.ro\/mm\/wp-content\/uploads\/2025\/12\/cropped-logo_mhf_2.png","width":1096,"height":457,"caption":"Marius Marcu"},"logo":{"@id":"https:\/\/mhf.ro\/mm\/#\/schema\/person\/image\/"},"sameAs":["https:\/\/mhf.ro\/mm"],"url":"https:\/\/mhf.ro\/mm\/author\/mihai\/"}]}},"_links":{"self":[{"href":"https:\/\/mhf.ro\/mm\/wp-json\/wp\/v2\/posts\/3613","targetHints":{"allow":["GET"]}}],"collection":[{"href":"https:\/\/mhf.ro\/mm\/wp-json\/wp\/v2\/posts"}],"about":[{"href":"https:\/\/mhf.ro\/mm\/wp-json\/wp\/v2\/types\/post"}],"author":[{"embeddable":true,"href":"https:\/\/mhf.ro\/mm\/wp-json\/wp\/v2\/users\/1"}],"replies":[{"embeddable":true,"href":"https:\/\/mhf.ro\/mm\/wp-json\/wp\/v2\/comments?post=3613"}],"version-history":[{"count":1,"href":"https:\/\/mhf.ro\/mm\/wp-json\/wp\/v2\/posts\/3613\/revisions"}],"predecessor-version":[{"id":3615,"href":"https:\/\/mhf.ro\/mm\/wp-json\/wp\/v2\/posts\/3613\/revisions\/3615"}],"wp:featuredmedia":[{"embeddable":true,"href":"https:\/\/mhf.ro\/mm\/wp-json\/wp\/v2\/media\/3614"}],"wp:attachment":[{"href":"https:\/\/mhf.ro\/mm\/wp-json\/wp\/v2\/media?parent=3613"}],"wp:term":[{"taxonomy":"category","embeddable":true,"href":"https:\/\/mhf.ro\/mm\/wp-json\/wp\/v2\/categories?post=3613"},{"taxonomy":"post_tag","embeddable":true,"href":"https:\/\/mhf.ro\/mm\/wp-json\/wp\/v2\/tags?post=3613"}],"curies":[{"name":"wp","href":"https:\/\/api.w.org\/{rel}","templated":true}]}}