{"id":3616,"date":"2021-01-13T10:12:14","date_gmt":"2021-01-13T08:12:14","guid":{"rendered":"https:\/\/mhf.ro\/mm\/?p=3616"},"modified":"2021-01-13T10:13:36","modified_gmt":"2021-01-13T08:13:36","slug":"pretul-curentului-electric-incotro","status":"publish","type":"post","link":"https:\/\/mhf.ro\/mm\/pretul-curentului-electric-incotro\/","title":{"rendered":"Pre\u021bul curentului electric, \u00eencotro?"},"content":{"rendered":"<h4>Cozi \u0219i cet\u0103\u021beni dezorienta\u021bi pe la ghi\u0219ee<\/h4>\n<p style=\"text-align: left;\">Am ajuns a\u0219a cum e normal \u00eentr-o democra\u021bie, la liberalizarea pre\u021bului la energia electric\u0103. Dac\u0103 p\u00e2n\u0103 acum pre\u021bul era f\u0103cut din pix, pe genunchi de c\u0103tre ANRE, acum pre\u021bul este \u0219i urmeaz\u0103 a fi dictat de furnizori, probabil \u0219i de c\u0103tre consumatori. Speciali\u0219tii de la ANRE au preg\u0103tit lucrurile astfel \u00eenc\u00e2t trecerea s\u0103 fie lin\u0103, f\u0103r\u0103 tensiuni pentru popula\u021bie.<\/p>\n<h4>Chiar a-\u021bi crezut?<\/h4>\n<p>La noi nu se poate, noi pl\u0103tim salarii regesti unor a\u0219a zi\u0219i speciali\u0219ti care numai interesul nostru nu \u00eel reprezint\u0103. Noi, cet\u0103\u021benii suntem prost obi\u0219nui\u021bi s\u0103 nu avem preten\u021bii de la cei pl\u0103ti\u021bi din banul public. Ar fi cazul sa ne schimbam mentalitatea, sa cerem performan\u021b\u0103 \u0219i responsabilitate de la angaja\u021bii statului dac\u0103 vrem sa ne fie mai bine.<\/p>\n<p>Urmeaz\u0103 liberalizarea pre\u021bului la gaze, care prev\u0103d c\u0103 tot nepreg\u0103ti\u021bi ne va g\u0103si.<\/p>\n<p><a href=\"http:\/\/riz.ro\" target=\"_blank\" rel=\"noopener noreferrer\"><img decoding=\"async\" class=\"alignright wp-image-1187\" src=\"https:\/\/mhf.ro\/mm\/wp-content\/uploads\/2020\/05\/ReclamaRiz_1-150x150.png\" alt=\"Profile din polistiren\" width=\"110\" height=\"41\" srcset=\"https:\/\/mhf.ro\/mm\/wp-content\/uploads\/2020\/05\/ReclamaRiz_1-300x111.png 300w, https:\/\/mhf.ro\/mm\/wp-content\/uploads\/2020\/05\/ReclamaRiz_1-1024x377.png 1024w, https:\/\/mhf.ro\/mm\/wp-content\/uploads\/2020\/05\/ReclamaRiz_1-768x283.png 768w, https:\/\/mhf.ro\/mm\/wp-content\/uploads\/2020\/05\/ReclamaRiz_1.png 1295w\" sizes=\"(max-width: 110px) 100vw, 110px\" \/><\/a><\/p>\n","protected":false},"excerpt":{"rendered":"<p>Cozi \u0219i cet\u0103\u021beni dezorienta\u021bi pe la ghi\u0219ee Am ajuns a\u0219a cum e normal \u00eentr-o democra\u021bie, la liberalizarea pre\u021bului la energia<\/p>\n","protected":false},"author":1,"featured_media":3619,"comment_status":"open","ping_status":"open","sticky":false,"template":"","format":"standard","meta":{"colormag_page_container_layout":"default_layout","colormag_page_sidebar_layout":"default_layout","footnotes":""},"categories":[32,5],"tags":[],"class_list":["post-3616","post","type-post","status-publish","format-standard","has-post-thumbnail","hentry","category-comunicate","category-locale"],"yoast_head":"<!-- This site is optimized with the Yoast SEO plugin v27.0 - https:\/\/yoast.com\/product\/yoast-seo-wordpress\/ -->\n<title>Pre\u021bul curentului electric, \u00eencotro? - MHF Photography<\/title>\n<meta name=\"description\" content=\"Am ajuns a\u0219a cum e normal \u00eentr-o democra\u021bie, la liberalizarea pre\u021bului la energia electric\u0103. Dac\u0103 p\u00e2n\u0103 acum pre\u021bul era f\u0103cut din pix...\" \/>\n<meta name=\"robots\" content=\"index, follow, max-snippet:-1, max-image-preview:large, max-video-preview:-1\" \/>\n<link rel=\"canonical\" href=\"https:\/\/mhf.ro\/mm\/pretul-curentului-electric-incotro\/\" \/>\n<meta property=\"og:locale\" content=\"ro_RO\" \/>\n<meta property=\"og:type\" content=\"article\" \/>\n<meta property=\"og:title\" content=\"Pre\u021bul curentului electric, \u00eencotro? - MHF Photography\" \/>\n<meta property=\"og:description\" content=\"Am ajuns a\u0219a cum e normal \u00eentr-o democra\u021bie, la liberalizarea pre\u021bului la energia electric\u0103. Dac\u0103 p\u00e2n\u0103 acum pre\u021bul era f\u0103cut din pix...\" \/>\n<meta property=\"og:url\" content=\"https:\/\/mhf.ro\/mm\/pretul-curentului-electric-incotro\/\" \/>\n<meta property=\"og:site_name\" content=\"MHF Photography\" \/>\n<meta property=\"article:published_time\" content=\"2021-01-13T08:12:14+00:00\" \/>\n<meta property=\"article:modified_time\" content=\"2021-01-13T08:13:36+00:00\" \/>\n<meta property=\"og:image\" content=\"https:\/\/mhf.ro\/mm\/wp-content\/uploads\/2021\/01\/bec_filament.jpg\" \/>\n\t<meta property=\"og:image:width\" content=\"1280\" \/>\n\t<meta property=\"og:image:height\" content=\"844\" \/>\n\t<meta property=\"og:image:type\" content=\"image\/jpeg\" \/>\n<meta name=\"author\" content=\"Marius Marcu\" \/>\n<meta name=\"twitter:card\" content=\"summary_large_image\" \/>\n<meta name=\"twitter:label1\" content=\"Scris de\" \/>\n\t<meta name=\"twitter:data1\" content=\"Marius Marcu\" \/>\n\t<meta name=\"twitter:label2\" content=\"Timp estimat pentru citire\" \/>\n\t<meta name=\"twitter:data2\" content=\"1 minut\" \/>\n<script type=\"application\/ld+json\" class=\"yoast-schema-graph\">{\"@context\":\"https:\/\/schema.org\",\"@graph\":[{\"@type\":\"Article\",\"@id\":\"https:\/\/mhf.ro\/mm\/pretul-curentului-electric-incotro\/#article\",\"isPartOf\":{\"@id\":\"https:\/\/mhf.ro\/mm\/pretul-curentului-electric-incotro\/\"},\"author\":{\"name\":\"Marius Marcu\",\"@id\":\"https:\/\/mhf.ro\/mm\/#\/schema\/person\/a3bebf7bdb4bf12f698aff73c7e46c21\"},\"headline\":\"Pre\u021bul curentului electric, \u00eencotro?\",\"datePublished\":\"2021-01-13T08:12:14+00:00\",\"dateModified\":\"2021-01-13T08:13:36+00:00\",\"mainEntityOfPage\":{\"@id\":\"https:\/\/mhf.ro\/mm\/pretul-curentului-electric-incotro\/\"},\"wordCount\":180,\"commentCount\":0,\"publisher\":{\"@id\":\"https:\/\/mhf.ro\/mm\/#\/schema\/person\/a3bebf7bdb4bf12f698aff73c7e46c21\"},\"image\":{\"@id\":\"https:\/\/mhf.ro\/mm\/pretul-curentului-electric-incotro\/#primaryimage\"},\"thumbnailUrl\":\"https:\/\/mhf.ro\/mm\/wp-content\/uploads\/2021\/01\/bec_filament.jpg\",\"articleSection\":[\"Comunicate\",\"Locale\"],\"inLanguage\":\"ro-RO\",\"potentialAction\":[{\"@type\":\"CommentAction\",\"name\":\"Comment\",\"target\":[\"https:\/\/mhf.ro\/mm\/pretul-curentului-electric-incotro\/#respond\"]}]},{\"@type\":\"WebPage\",\"@id\":\"https:\/\/mhf.ro\/mm\/pretul-curentului-electric-incotro\/\",\"url\":\"https:\/\/mhf.ro\/mm\/pretul-curentului-electric-incotro\/\",\"name\":\"Pre\u021bul curentului electric, \u00eencotro? - MHF Photography\",\"isPartOf\":{\"@id\":\"https:\/\/mhf.ro\/mm\/#website\"},\"primaryImageOfPage\":{\"@id\":\"https:\/\/mhf.ro\/mm\/pretul-curentului-electric-incotro\/#primaryimage\"},\"image\":{\"@id\":\"https:\/\/mhf.ro\/mm\/pretul-curentului-electric-incotro\/#primaryimage\"},\"thumbnailUrl\":\"https:\/\/mhf.ro\/mm\/wp-content\/uploads\/2021\/01\/bec_filament.jpg\",\"datePublished\":\"2021-01-13T08:12:14+00:00\",\"dateModified\":\"2021-01-13T08:13:36+00:00\",\"description\":\"Am ajuns a\u0219a cum e normal \u00eentr-o democra\u021bie, la liberalizarea pre\u021bului la energia electric\u0103. Dac\u0103 p\u00e2n\u0103 acum pre\u021bul era f\u0103cut din pix...\",\"breadcrumb\":{\"@id\":\"https:\/\/mhf.ro\/mm\/pretul-curentului-electric-incotro\/#breadcrumb\"},\"inLanguage\":\"ro-RO\",\"potentialAction\":[{\"@type\":\"ReadAction\",\"target\":[\"https:\/\/mhf.ro\/mm\/pretul-curentului-electric-incotro\/\"]}]},{\"@type\":\"ImageObject\",\"inLanguage\":\"ro-RO\",\"@id\":\"https:\/\/mhf.ro\/mm\/pretul-curentului-electric-incotro\/#primaryimage\",\"url\":\"https:\/\/mhf.ro\/mm\/wp-content\/uploads\/2021\/01\/bec_filament.jpg\",\"contentUrl\":\"https:\/\/mhf.ro\/mm\/wp-content\/uploads\/2021\/01\/bec_filament.jpg\",\"width\":1280,\"height\":844},{\"@type\":\"BreadcrumbList\",\"@id\":\"https:\/\/mhf.ro\/mm\/pretul-curentului-electric-incotro\/#breadcrumb\",\"itemListElement\":[{\"@type\":\"ListItem\",\"position\":1,\"name\":\"Prima pagin\u0103\",\"item\":\"https:\/\/mhf.ro\/mm\/\"},{\"@type\":\"ListItem\",\"position\":2,\"name\":\"Pre\u021bul curentului electric, \u00eencotro?\"}]},{\"@type\":\"WebSite\",\"@id\":\"https:\/\/mhf.ro\/mm\/#website\",\"url\":\"https:\/\/mhf.ro\/mm\/\",\"name\":\"MHF Photography \u2013 Blog de fotografie, natur\u0103 \u0219i tehnic\u0103 divers\u0103\",\"description\":\"Aventur\u0103 \u00een fiecare cadru.\",\"publisher\":{\"@id\":\"https:\/\/mhf.ro\/mm\/#\/schema\/person\/a3bebf7bdb4bf12f698aff73c7e46c21\"},\"potentialAction\":[{\"@type\":\"SearchAction\",\"target\":{\"@type\":\"EntryPoint\",\"urlTemplate\":\"https:\/\/mhf.ro\/mm\/?s={search_term_string}\"},\"query-input\":{\"@type\":\"PropertyValueSpecification\",\"valueRequired\":true,\"valueName\":\"search_term_string\"}}],\"inLanguage\":\"ro-RO\"},{\"@type\":[\"Person\",\"Organization\"],\"@id\":\"https:\/\/mhf.ro\/mm\/#\/schema\/person\/a3bebf7bdb4bf12f698aff73c7e46c21\",\"name\":\"Marius Marcu\",\"image\":{\"@type\":\"ImageObject\",\"inLanguage\":\"ro-RO\",\"@id\":\"https:\/\/mhf.ro\/mm\/#\/schema\/person\/image\/\",\"url\":\"https:\/\/mhf.ro\/mm\/wp-content\/uploads\/2025\/12\/cropped-logo_mhf_2.png\",\"contentUrl\":\"https:\/\/mhf.ro\/mm\/wp-content\/uploads\/2025\/12\/cropped-logo_mhf_2.png\",\"width\":1096,\"height\":457,\"caption\":\"Marius Marcu\"},\"logo\":{\"@id\":\"https:\/\/mhf.ro\/mm\/#\/schema\/person\/image\/\"},\"sameAs\":[\"https:\/\/mhf.ro\/mm\"],\"url\":\"https:\/\/mhf.ro\/mm\/author\/mihai\/\"}]}<\/script>\n<!-- \/ Yoast SEO plugin. -->","yoast_head_json":{"title":"Pre\u021bul curentului electric, \u00eencotro? - MHF Photography","description":"Am ajuns a\u0219a cum e normal \u00eentr-o democra\u021bie, la liberalizarea pre\u021bului la energia electric\u0103. Dac\u0103 p\u00e2n\u0103 acum pre\u021bul era f\u0103cut din pix...","robots":{"index":"index","follow":"follow","max-snippet":"max-snippet:-1","max-image-preview":"max-image-preview:large","max-video-preview":"max-video-preview:-1"},"canonical":"https:\/\/mhf.ro\/mm\/pretul-curentului-electric-incotro\/","og_locale":"ro_RO","og_type":"article","og_title":"Pre\u021bul curentului electric, \u00eencotro? - MHF Photography","og_description":"Am ajuns a\u0219a cum e normal \u00eentr-o democra\u021bie, la liberalizarea pre\u021bului la energia electric\u0103. Dac\u0103 p\u00e2n\u0103 acum pre\u021bul era f\u0103cut din pix...","og_url":"https:\/\/mhf.ro\/mm\/pretul-curentului-electric-incotro\/","og_site_name":"MHF Photography","article_published_time":"2021-01-13T08:12:14+00:00","article_modified_time":"2021-01-13T08:13:36+00:00","og_image":[{"width":1280,"height":844,"url":"https:\/\/mhf.ro\/mm\/wp-content\/uploads\/2021\/01\/bec_filament.jpg","type":"image\/jpeg"}],"author":"Marius Marcu","twitter_card":"summary_large_image","twitter_misc":{"Scris de":"Marius Marcu","Timp estimat pentru citire":"1 minut"},"schema":{"@context":"https:\/\/schema.org","@graph":[{"@type":"Article","@id":"https:\/\/mhf.ro\/mm\/pretul-curentului-electric-incotro\/#article","isPartOf":{"@id":"https:\/\/mhf.ro\/mm\/pretul-curentului-electric-incotro\/"},"author":{"name":"Marius Marcu","@id":"https:\/\/mhf.ro\/mm\/#\/schema\/person\/a3bebf7bdb4bf12f698aff73c7e46c21"},"headline":"Pre\u021bul curentului electric, \u00eencotro?","datePublished":"2021-01-13T08:12:14+00:00","dateModified":"2021-01-13T08:13:36+00:00","mainEntityOfPage":{"@id":"https:\/\/mhf.ro\/mm\/pretul-curentului-electric-incotro\/"},"wordCount":180,"commentCount":0,"publisher":{"@id":"https:\/\/mhf.ro\/mm\/#\/schema\/person\/a3bebf7bdb4bf12f698aff73c7e46c21"},"image":{"@id":"https:\/\/mhf.ro\/mm\/pretul-curentului-electric-incotro\/#primaryimage"},"thumbnailUrl":"https:\/\/mhf.ro\/mm\/wp-content\/uploads\/2021\/01\/bec_filament.jpg","articleSection":["Comunicate","Locale"],"inLanguage":"ro-RO","potentialAction":[{"@type":"CommentAction","name":"Comment","target":["https:\/\/mhf.ro\/mm\/pretul-curentului-electric-incotro\/#respond"]}]},{"@type":"WebPage","@id":"https:\/\/mhf.ro\/mm\/pretul-curentului-electric-incotro\/","url":"https:\/\/mhf.ro\/mm\/pretul-curentului-electric-incotro\/","name":"Pre\u021bul curentului electric, \u00eencotro? - MHF Photography","isPartOf":{"@id":"https:\/\/mhf.ro\/mm\/#website"},"primaryImageOfPage":{"@id":"https:\/\/mhf.ro\/mm\/pretul-curentului-electric-incotro\/#primaryimage"},"image":{"@id":"https:\/\/mhf.ro\/mm\/pretul-curentului-electric-incotro\/#primaryimage"},"thumbnailUrl":"https:\/\/mhf.ro\/mm\/wp-content\/uploads\/2021\/01\/bec_filament.jpg","datePublished":"2021-01-13T08:12:14+00:00","dateModified":"2021-01-13T08:13:36+00:00","description":"Am ajuns a\u0219a cum e normal \u00eentr-o democra\u021bie, la liberalizarea pre\u021bului la energia electric\u0103. Dac\u0103 p\u00e2n\u0103 acum pre\u021bul era f\u0103cut din pix...","breadcrumb":{"@id":"https:\/\/mhf.ro\/mm\/pretul-curentului-electric-incotro\/#breadcrumb"},"inLanguage":"ro-RO","potentialAction":[{"@type":"ReadAction","target":["https:\/\/mhf.ro\/mm\/pretul-curentului-electric-incotro\/"]}]},{"@type":"ImageObject","inLanguage":"ro-RO","@id":"https:\/\/mhf.ro\/mm\/pretul-curentului-electric-incotro\/#primaryimage","url":"https:\/\/mhf.ro\/mm\/wp-content\/uploads\/2021\/01\/bec_filament.jpg","contentUrl":"https:\/\/mhf.ro\/mm\/wp-content\/uploads\/2021\/01\/bec_filament.jpg","width":1280,"height":844},{"@type":"BreadcrumbList","@id":"https:\/\/mhf.ro\/mm\/pretul-curentului-electric-incotro\/#breadcrumb","itemListElement":[{"@type":"ListItem","position":1,"name":"Prima pagin\u0103","item":"https:\/\/mhf.ro\/mm\/"},{"@type":"ListItem","position":2,"name":"Pre\u021bul curentului electric, \u00eencotro?"}]},{"@type":"WebSite","@id":"https:\/\/mhf.ro\/mm\/#website","url":"https:\/\/mhf.ro\/mm\/","name":"MHF Photography \u2013 Blog de fotografie, natur\u0103 \u0219i tehnic\u0103 divers\u0103","description":"Aventur\u0103 \u00een fiecare cadru.","publisher":{"@id":"https:\/\/mhf.ro\/mm\/#\/schema\/person\/a3bebf7bdb4bf12f698aff73c7e46c21"},"potentialAction":[{"@type":"SearchAction","target":{"@type":"EntryPoint","urlTemplate":"https:\/\/mhf.ro\/mm\/?s={search_term_string}"},"query-input":{"@type":"PropertyValueSpecification","valueRequired":true,"valueName":"search_term_string"}}],"inLanguage":"ro-RO"},{"@type":["Person","Organization"],"@id":"https:\/\/mhf.ro\/mm\/#\/schema\/person\/a3bebf7bdb4bf12f698aff73c7e46c21","name":"Marius Marcu","image":{"@type":"ImageObject","inLanguage":"ro-RO","@id":"https:\/\/mhf.ro\/mm\/#\/schema\/person\/image\/","url":"https:\/\/mhf.ro\/mm\/wp-content\/uploads\/2025\/12\/cropped-logo_mhf_2.png","contentUrl":"https:\/\/mhf.ro\/mm\/wp-content\/uploads\/2025\/12\/cropped-logo_mhf_2.png","width":1096,"height":457,"caption":"Marius Marcu"},"logo":{"@id":"https:\/\/mhf.ro\/mm\/#\/schema\/person\/image\/"},"sameAs":["https:\/\/mhf.ro\/mm"],"url":"https:\/\/mhf.ro\/mm\/author\/mihai\/"}]}},"_links":{"self":[{"href":"https:\/\/mhf.ro\/mm\/wp-json\/wp\/v2\/posts\/3616","targetHints":{"allow":["GET"]}}],"collection":[{"href":"https:\/\/mhf.ro\/mm\/wp-json\/wp\/v2\/posts"}],"about":[{"href":"https:\/\/mhf.ro\/mm\/wp-json\/wp\/v2\/types\/post"}],"author":[{"embeddable":true,"href":"https:\/\/mhf.ro\/mm\/wp-json\/wp\/v2\/users\/1"}],"replies":[{"embeddable":true,"href":"https:\/\/mhf.ro\/mm\/wp-json\/wp\/v2\/comments?post=3616"}],"version-history":[{"count":3,"href":"https:\/\/mhf.ro\/mm\/wp-json\/wp\/v2\/posts\/3616\/revisions"}],"predecessor-version":[{"id":3620,"href":"https:\/\/mhf.ro\/mm\/wp-json\/wp\/v2\/posts\/3616\/revisions\/3620"}],"wp:featuredmedia":[{"embeddable":true,"href":"https:\/\/mhf.ro\/mm\/wp-json\/wp\/v2\/media\/3619"}],"wp:attachment":[{"href":"https:\/\/mhf.ro\/mm\/wp-json\/wp\/v2\/media?parent=3616"}],"wp:term":[{"taxonomy":"category","embeddable":true,"href":"https:\/\/mhf.ro\/mm\/wp-json\/wp\/v2\/categories?post=3616"},{"taxonomy":"post_tag","embeddable":true,"href":"https:\/\/mhf.ro\/mm\/wp-json\/wp\/v2\/tags?post=3616"}],"curies":[{"name":"wp","href":"https:\/\/api.w.org\/{rel}","templated":true}]}}