{"id":3624,"date":"2021-01-13T16:03:31","date_gmt":"2021-01-13T14:03:31","guid":{"rendered":"https:\/\/mhf.ro\/mm\/?p=3624"},"modified":"2021-01-13T16:04:14","modified_gmt":"2021-01-13T14:04:14","slug":"primarul-care-a-sarit-randul-pentru-a-se-vaccina-anti-covid","status":"publish","type":"post","link":"https:\/\/mhf.ro\/mm\/primarul-care-a-sarit-randul-pentru-a-se-vaccina-anti-covid\/","title":{"rendered":"Primarul care \u2018a s\u0103rit\u2019 r\u00e2ndul pentru a se vaccina anti-COVID"},"content":{"rendered":"<p class=\"western\"><span lang=\"ro-RO\">\u201eA r\u0103mas o doz\u0103 disponibil\u0103 \u0219i m-a vaccinat\u201d. Aceasta este explica\u021bia unui primar din C\u0103l\u0103ra\u0219i pentru faptul c\u0103 \u2018a s\u0103rit\u2019 r\u00e2ndul \u0219i s-a vaccinat \u00een prima etap\u0103 de\u0219i nu \u00eendeplinea condi\u021biile.<\/span><\/p>\n<p><span lang=\"ro-RO\">Este vorba despre edilul<\/span><span lang=\"ro-RO\"> liberal al localit\u0103\u021bii Alexandru Odobescu din jude\u021bul C\u0103l\u0103ra\u0219i, Niculae Eremia.<\/span><\/p>\n<p><span lang=\"ro-RO\">Eramia nu era inclus \u00een prima etap\u0103 de vaccinare \u0219i nici m\u0103car \u00een a doua, care \u00eencepe pe 15 ianuarie. Probabil, speriat de boal\u0103 \u0219i <\/span><span lang=\"ro-RO\">profit\u00e2nd de func\u021bia sa, politicianul a intrat \u2018\u00een fa\u021b\u0103\u2019.<\/span><\/p>\n<p><span lang=\"ro-RO\">\u201eRESPONSABILITATE! Prima doza de vaccin\u201d, a scris pe Facebook primarul. Niculae Eremia a postat \u0219i o fotografie cu el \u00een timp ce se vaccineaz\u0103.<\/span><\/p>\n<p><span lang=\"ro-RO\">Contactat de HotNews\u00a0pentru a explica cum a fost posibil s\u0103 se vaccineze, <\/span><span lang=\"ro-RO\">\u021bin\u00e2nd cont de cele scrise mai sus, <\/span><span lang=\"ro-RO\">primarul a sus\u021binut c\u0103 a mers la centrul de vaccinare \u0219i a a\u0219teptat s\u0103 vad\u0103 dac\u0103 r\u0103m\u00e2ne vreo doz\u0103.<\/span><\/p>\n<p><span lang=\"ro-RO\">\u201eA fost programat asistentul medical de la noi (de la dispensarul din comun\u0103 -n.r.) s\u0103 \u00ee\u0219i fac\u0103 vaccinul. Mi s-a spus c\u0103 eu nu pot s\u0103 \u00eel fac acum, c\u0103 nu m\u0103 \u00eencadrez, \u0219i am zis c\u0103 dac\u0103 exist\u0103 posibilitatea \u0219i r\u0103m\u00e2ne vreun vaccin pot s\u0103 stau s\u0103 m\u0103 vaccineze \u0219i pe mine. \u0218i a r\u0103mas \u0219i m-am vaccinat\u201d, a declarat Eremia.<\/span><\/p>\n<p><span lang=\"ro-RO\">\u00centre timp, sute de mii de rom\u00e2ni cu boli cronice \u00ee\u0219i a\u0219teapt\u0103 r\u00e2ndul pentru a se vaccina \u00eempotriva temutului virus <\/span><span lang=\"ro-RO\">SARS-CoV-<\/span><span lang=\"ro-RO\">2.<\/span><\/p>\n<p style=\"text-align: right;\">(conf. jurnalist.ro)<\/p>\n<p style=\"text-align: right;\"><a href=\"https:\/\/riz.ro\/wp\/\">PROFILE POLISTIREN FATADA<\/a><\/p>\n","protected":false},"excerpt":{"rendered":"<p>\u201eA r\u0103mas o doz\u0103 disponibil\u0103 \u0219i m-a vaccinat\u201d. Aceasta este explica\u021bia unui primar din C\u0103l\u0103ra\u0219i pentru faptul c\u0103 \u2018a s\u0103rit\u2019<\/p>\n","protected":false},"author":1,"featured_media":3625,"comment_status":"open","ping_status":"open","sticky":false,"template":"","format":"standard","meta":{"colormag_page_container_layout":"default_layout","colormag_page_sidebar_layout":"default_layout","footnotes":""},"categories":[32,5],"tags":[36],"class_list":["post-3624","post","type-post","status-publish","format-standard","has-post-thumbnail","hentry","category-comunicate","category-locale","tag-abuz"],"yoast_head":"<!-- This site is optimized with the Yoast SEO plugin v27.0 - https:\/\/yoast.com\/product\/yoast-seo-wordpress\/ -->\n<title>Primarul care \u2018a s\u0103rit\u2019 r\u00e2ndul pentru a se vaccina - MHF Photography<\/title>\n<meta name=\"description\" content=\"Este vorba despre edilul liberal al localit\u0103\u021bii Alexandru Odobescu din jude\u021bul C\u0103l\u0103ra\u0219i, Niculae Eremia. \u201eA r\u0103mas o doz\u0103 disponibil\u0103 ...\" \/>\n<meta name=\"robots\" content=\"index, follow, max-snippet:-1, max-image-preview:large, max-video-preview:-1\" \/>\n<link rel=\"canonical\" href=\"https:\/\/mhf.ro\/mm\/primarul-care-a-sarit-randul-pentru-a-se-vaccina-anti-covid\/\" \/>\n<meta property=\"og:locale\" content=\"ro_RO\" \/>\n<meta property=\"og:type\" content=\"article\" \/>\n<meta property=\"og:title\" content=\"Primarul care \u2018a s\u0103rit\u2019 r\u00e2ndul pentru a se vaccina - MHF Photography\" \/>\n<meta property=\"og:description\" content=\"Este vorba despre edilul liberal al localit\u0103\u021bii Alexandru Odobescu din jude\u021bul C\u0103l\u0103ra\u0219i, Niculae Eremia. \u201eA r\u0103mas o doz\u0103 disponibil\u0103 ...\" \/>\n<meta property=\"og:url\" content=\"https:\/\/mhf.ro\/mm\/primarul-care-a-sarit-randul-pentru-a-se-vaccina-anti-covid\/\" \/>\n<meta property=\"og:site_name\" content=\"MHF Photography\" \/>\n<meta property=\"article:published_time\" content=\"2021-01-13T14:03:31+00:00\" \/>\n<meta property=\"article:modified_time\" content=\"2021-01-13T14:04:14+00:00\" \/>\n<meta property=\"og:image\" content=\"https:\/\/mhf.ro\/mm\/wp-content\/uploads\/2021\/01\/vaccin-866x445-1.jpg\" \/>\n\t<meta property=\"og:image:width\" content=\"866\" \/>\n\t<meta property=\"og:image:height\" content=\"445\" \/>\n\t<meta property=\"og:image:type\" content=\"image\/jpeg\" \/>\n<meta name=\"author\" content=\"Marius Marcu\" \/>\n<meta name=\"twitter:card\" content=\"summary_large_image\" \/>\n<meta name=\"twitter:label1\" content=\"Scris de\" \/>\n\t<meta name=\"twitter:data1\" content=\"Marius Marcu\" \/>\n\t<meta name=\"twitter:label2\" content=\"Timp estimat pentru citire\" \/>\n\t<meta name=\"twitter:data2\" content=\"2 minute\" \/>\n<script type=\"application\/ld+json\" class=\"yoast-schema-graph\">{\"@context\":\"https:\/\/schema.org\",\"@graph\":[{\"@type\":\"Article\",\"@id\":\"https:\/\/mhf.ro\/mm\/primarul-care-a-sarit-randul-pentru-a-se-vaccina-anti-covid\/#article\",\"isPartOf\":{\"@id\":\"https:\/\/mhf.ro\/mm\/primarul-care-a-sarit-randul-pentru-a-se-vaccina-anti-covid\/\"},\"author\":{\"name\":\"Marius Marcu\",\"@id\":\"https:\/\/mhf.ro\/mm\/#\/schema\/person\/a3bebf7bdb4bf12f698aff73c7e46c21\"},\"headline\":\"Primarul care \u2018a s\u0103rit\u2019 r\u00e2ndul pentru a se vaccina anti-COVID\",\"datePublished\":\"2021-01-13T14:03:31+00:00\",\"dateModified\":\"2021-01-13T14:04:14+00:00\",\"mainEntityOfPage\":{\"@id\":\"https:\/\/mhf.ro\/mm\/primarul-care-a-sarit-randul-pentru-a-se-vaccina-anti-covid\/\"},\"wordCount\":271,\"commentCount\":0,\"publisher\":{\"@id\":\"https:\/\/mhf.ro\/mm\/#\/schema\/person\/a3bebf7bdb4bf12f698aff73c7e46c21\"},\"image\":{\"@id\":\"https:\/\/mhf.ro\/mm\/primarul-care-a-sarit-randul-pentru-a-se-vaccina-anti-covid\/#primaryimage\"},\"thumbnailUrl\":\"https:\/\/mhf.ro\/mm\/wp-content\/uploads\/2021\/01\/vaccin-866x445-1.jpg\",\"keywords\":[\"abuz\"],\"articleSection\":[\"Comunicate\",\"Locale\"],\"inLanguage\":\"ro-RO\",\"potentialAction\":[{\"@type\":\"CommentAction\",\"name\":\"Comment\",\"target\":[\"https:\/\/mhf.ro\/mm\/primarul-care-a-sarit-randul-pentru-a-se-vaccina-anti-covid\/#respond\"]}]},{\"@type\":\"WebPage\",\"@id\":\"https:\/\/mhf.ro\/mm\/primarul-care-a-sarit-randul-pentru-a-se-vaccina-anti-covid\/\",\"url\":\"https:\/\/mhf.ro\/mm\/primarul-care-a-sarit-randul-pentru-a-se-vaccina-anti-covid\/\",\"name\":\"Primarul care \u2018a s\u0103rit\u2019 r\u00e2ndul pentru a se vaccina - MHF Photography\",\"isPartOf\":{\"@id\":\"https:\/\/mhf.ro\/mm\/#website\"},\"primaryImageOfPage\":{\"@id\":\"https:\/\/mhf.ro\/mm\/primarul-care-a-sarit-randul-pentru-a-se-vaccina-anti-covid\/#primaryimage\"},\"image\":{\"@id\":\"https:\/\/mhf.ro\/mm\/primarul-care-a-sarit-randul-pentru-a-se-vaccina-anti-covid\/#primaryimage\"},\"thumbnailUrl\":\"https:\/\/mhf.ro\/mm\/wp-content\/uploads\/2021\/01\/vaccin-866x445-1.jpg\",\"datePublished\":\"2021-01-13T14:03:31+00:00\",\"dateModified\":\"2021-01-13T14:04:14+00:00\",\"description\":\"Este vorba despre edilul liberal al localit\u0103\u021bii Alexandru Odobescu din jude\u021bul C\u0103l\u0103ra\u0219i, Niculae Eremia. \u201eA r\u0103mas o doz\u0103 disponibil\u0103 ...\",\"breadcrumb\":{\"@id\":\"https:\/\/mhf.ro\/mm\/primarul-care-a-sarit-randul-pentru-a-se-vaccina-anti-covid\/#breadcrumb\"},\"inLanguage\":\"ro-RO\",\"potentialAction\":[{\"@type\":\"ReadAction\",\"target\":[\"https:\/\/mhf.ro\/mm\/primarul-care-a-sarit-randul-pentru-a-se-vaccina-anti-covid\/\"]}]},{\"@type\":\"ImageObject\",\"inLanguage\":\"ro-RO\",\"@id\":\"https:\/\/mhf.ro\/mm\/primarul-care-a-sarit-randul-pentru-a-se-vaccina-anti-covid\/#primaryimage\",\"url\":\"https:\/\/mhf.ro\/mm\/wp-content\/uploads\/2021\/01\/vaccin-866x445-1.jpg\",\"contentUrl\":\"https:\/\/mhf.ro\/mm\/wp-content\/uploads\/2021\/01\/vaccin-866x445-1.jpg\",\"width\":866,\"height\":445},{\"@type\":\"BreadcrumbList\",\"@id\":\"https:\/\/mhf.ro\/mm\/primarul-care-a-sarit-randul-pentru-a-se-vaccina-anti-covid\/#breadcrumb\",\"itemListElement\":[{\"@type\":\"ListItem\",\"position\":1,\"name\":\"Prima pagin\u0103\",\"item\":\"https:\/\/mhf.ro\/mm\/\"},{\"@type\":\"ListItem\",\"position\":2,\"name\":\"Primarul care \u2018a s\u0103rit\u2019 r\u00e2ndul pentru a se vaccina anti-COVID\"}]},{\"@type\":\"WebSite\",\"@id\":\"https:\/\/mhf.ro\/mm\/#website\",\"url\":\"https:\/\/mhf.ro\/mm\/\",\"name\":\"MHF Photography \u2013 Blog de fotografie, natur\u0103 \u0219i tehnic\u0103 divers\u0103\",\"description\":\"Aventur\u0103 \u00een fiecare cadru.\",\"publisher\":{\"@id\":\"https:\/\/mhf.ro\/mm\/#\/schema\/person\/a3bebf7bdb4bf12f698aff73c7e46c21\"},\"potentialAction\":[{\"@type\":\"SearchAction\",\"target\":{\"@type\":\"EntryPoint\",\"urlTemplate\":\"https:\/\/mhf.ro\/mm\/?s={search_term_string}\"},\"query-input\":{\"@type\":\"PropertyValueSpecification\",\"valueRequired\":true,\"valueName\":\"search_term_string\"}}],\"inLanguage\":\"ro-RO\"},{\"@type\":[\"Person\",\"Organization\"],\"@id\":\"https:\/\/mhf.ro\/mm\/#\/schema\/person\/a3bebf7bdb4bf12f698aff73c7e46c21\",\"name\":\"Marius Marcu\",\"image\":{\"@type\":\"ImageObject\",\"inLanguage\":\"ro-RO\",\"@id\":\"https:\/\/mhf.ro\/mm\/#\/schema\/person\/image\/\",\"url\":\"https:\/\/mhf.ro\/mm\/wp-content\/uploads\/2025\/12\/cropped-logo_mhf_2.png\",\"contentUrl\":\"https:\/\/mhf.ro\/mm\/wp-content\/uploads\/2025\/12\/cropped-logo_mhf_2.png\",\"width\":1096,\"height\":457,\"caption\":\"Marius Marcu\"},\"logo\":{\"@id\":\"https:\/\/mhf.ro\/mm\/#\/schema\/person\/image\/\"},\"sameAs\":[\"https:\/\/mhf.ro\/mm\"],\"url\":\"https:\/\/mhf.ro\/mm\/author\/mihai\/\"}]}<\/script>\n<!-- \/ Yoast SEO plugin. -->","yoast_head_json":{"title":"Primarul care \u2018a s\u0103rit\u2019 r\u00e2ndul pentru a se vaccina - MHF Photography","description":"Este vorba despre edilul liberal al localit\u0103\u021bii Alexandru Odobescu din jude\u021bul C\u0103l\u0103ra\u0219i, Niculae Eremia. \u201eA r\u0103mas o doz\u0103 disponibil\u0103 ...","robots":{"index":"index","follow":"follow","max-snippet":"max-snippet:-1","max-image-preview":"max-image-preview:large","max-video-preview":"max-video-preview:-1"},"canonical":"https:\/\/mhf.ro\/mm\/primarul-care-a-sarit-randul-pentru-a-se-vaccina-anti-covid\/","og_locale":"ro_RO","og_type":"article","og_title":"Primarul care \u2018a s\u0103rit\u2019 r\u00e2ndul pentru a se vaccina - MHF Photography","og_description":"Este vorba despre edilul liberal al localit\u0103\u021bii Alexandru Odobescu din jude\u021bul C\u0103l\u0103ra\u0219i, Niculae Eremia. \u201eA r\u0103mas o doz\u0103 disponibil\u0103 ...","og_url":"https:\/\/mhf.ro\/mm\/primarul-care-a-sarit-randul-pentru-a-se-vaccina-anti-covid\/","og_site_name":"MHF Photography","article_published_time":"2021-01-13T14:03:31+00:00","article_modified_time":"2021-01-13T14:04:14+00:00","og_image":[{"width":866,"height":445,"url":"https:\/\/mhf.ro\/mm\/wp-content\/uploads\/2021\/01\/vaccin-866x445-1.jpg","type":"image\/jpeg"}],"author":"Marius Marcu","twitter_card":"summary_large_image","twitter_misc":{"Scris de":"Marius Marcu","Timp estimat pentru citire":"2 minute"},"schema":{"@context":"https:\/\/schema.org","@graph":[{"@type":"Article","@id":"https:\/\/mhf.ro\/mm\/primarul-care-a-sarit-randul-pentru-a-se-vaccina-anti-covid\/#article","isPartOf":{"@id":"https:\/\/mhf.ro\/mm\/primarul-care-a-sarit-randul-pentru-a-se-vaccina-anti-covid\/"},"author":{"name":"Marius Marcu","@id":"https:\/\/mhf.ro\/mm\/#\/schema\/person\/a3bebf7bdb4bf12f698aff73c7e46c21"},"headline":"Primarul care \u2018a s\u0103rit\u2019 r\u00e2ndul pentru a se vaccina anti-COVID","datePublished":"2021-01-13T14:03:31+00:00","dateModified":"2021-01-13T14:04:14+00:00","mainEntityOfPage":{"@id":"https:\/\/mhf.ro\/mm\/primarul-care-a-sarit-randul-pentru-a-se-vaccina-anti-covid\/"},"wordCount":271,"commentCount":0,"publisher":{"@id":"https:\/\/mhf.ro\/mm\/#\/schema\/person\/a3bebf7bdb4bf12f698aff73c7e46c21"},"image":{"@id":"https:\/\/mhf.ro\/mm\/primarul-care-a-sarit-randul-pentru-a-se-vaccina-anti-covid\/#primaryimage"},"thumbnailUrl":"https:\/\/mhf.ro\/mm\/wp-content\/uploads\/2021\/01\/vaccin-866x445-1.jpg","keywords":["abuz"],"articleSection":["Comunicate","Locale"],"inLanguage":"ro-RO","potentialAction":[{"@type":"CommentAction","name":"Comment","target":["https:\/\/mhf.ro\/mm\/primarul-care-a-sarit-randul-pentru-a-se-vaccina-anti-covid\/#respond"]}]},{"@type":"WebPage","@id":"https:\/\/mhf.ro\/mm\/primarul-care-a-sarit-randul-pentru-a-se-vaccina-anti-covid\/","url":"https:\/\/mhf.ro\/mm\/primarul-care-a-sarit-randul-pentru-a-se-vaccina-anti-covid\/","name":"Primarul care \u2018a s\u0103rit\u2019 r\u00e2ndul pentru a se vaccina - MHF Photography","isPartOf":{"@id":"https:\/\/mhf.ro\/mm\/#website"},"primaryImageOfPage":{"@id":"https:\/\/mhf.ro\/mm\/primarul-care-a-sarit-randul-pentru-a-se-vaccina-anti-covid\/#primaryimage"},"image":{"@id":"https:\/\/mhf.ro\/mm\/primarul-care-a-sarit-randul-pentru-a-se-vaccina-anti-covid\/#primaryimage"},"thumbnailUrl":"https:\/\/mhf.ro\/mm\/wp-content\/uploads\/2021\/01\/vaccin-866x445-1.jpg","datePublished":"2021-01-13T14:03:31+00:00","dateModified":"2021-01-13T14:04:14+00:00","description":"Este vorba despre edilul liberal al localit\u0103\u021bii Alexandru Odobescu din jude\u021bul C\u0103l\u0103ra\u0219i, Niculae Eremia. \u201eA r\u0103mas o doz\u0103 disponibil\u0103 ...","breadcrumb":{"@id":"https:\/\/mhf.ro\/mm\/primarul-care-a-sarit-randul-pentru-a-se-vaccina-anti-covid\/#breadcrumb"},"inLanguage":"ro-RO","potentialAction":[{"@type":"ReadAction","target":["https:\/\/mhf.ro\/mm\/primarul-care-a-sarit-randul-pentru-a-se-vaccina-anti-covid\/"]}]},{"@type":"ImageObject","inLanguage":"ro-RO","@id":"https:\/\/mhf.ro\/mm\/primarul-care-a-sarit-randul-pentru-a-se-vaccina-anti-covid\/#primaryimage","url":"https:\/\/mhf.ro\/mm\/wp-content\/uploads\/2021\/01\/vaccin-866x445-1.jpg","contentUrl":"https:\/\/mhf.ro\/mm\/wp-content\/uploads\/2021\/01\/vaccin-866x445-1.jpg","width":866,"height":445},{"@type":"BreadcrumbList","@id":"https:\/\/mhf.ro\/mm\/primarul-care-a-sarit-randul-pentru-a-se-vaccina-anti-covid\/#breadcrumb","itemListElement":[{"@type":"ListItem","position":1,"name":"Prima pagin\u0103","item":"https:\/\/mhf.ro\/mm\/"},{"@type":"ListItem","position":2,"name":"Primarul care \u2018a s\u0103rit\u2019 r\u00e2ndul pentru a se vaccina anti-COVID"}]},{"@type":"WebSite","@id":"https:\/\/mhf.ro\/mm\/#website","url":"https:\/\/mhf.ro\/mm\/","name":"MHF Photography \u2013 Blog de fotografie, natur\u0103 \u0219i tehnic\u0103 divers\u0103","description":"Aventur\u0103 \u00een fiecare cadru.","publisher":{"@id":"https:\/\/mhf.ro\/mm\/#\/schema\/person\/a3bebf7bdb4bf12f698aff73c7e46c21"},"potentialAction":[{"@type":"SearchAction","target":{"@type":"EntryPoint","urlTemplate":"https:\/\/mhf.ro\/mm\/?s={search_term_string}"},"query-input":{"@type":"PropertyValueSpecification","valueRequired":true,"valueName":"search_term_string"}}],"inLanguage":"ro-RO"},{"@type":["Person","Organization"],"@id":"https:\/\/mhf.ro\/mm\/#\/schema\/person\/a3bebf7bdb4bf12f698aff73c7e46c21","name":"Marius Marcu","image":{"@type":"ImageObject","inLanguage":"ro-RO","@id":"https:\/\/mhf.ro\/mm\/#\/schema\/person\/image\/","url":"https:\/\/mhf.ro\/mm\/wp-content\/uploads\/2025\/12\/cropped-logo_mhf_2.png","contentUrl":"https:\/\/mhf.ro\/mm\/wp-content\/uploads\/2025\/12\/cropped-logo_mhf_2.png","width":1096,"height":457,"caption":"Marius Marcu"},"logo":{"@id":"https:\/\/mhf.ro\/mm\/#\/schema\/person\/image\/"},"sameAs":["https:\/\/mhf.ro\/mm"],"url":"https:\/\/mhf.ro\/mm\/author\/mihai\/"}]}},"_links":{"self":[{"href":"https:\/\/mhf.ro\/mm\/wp-json\/wp\/v2\/posts\/3624","targetHints":{"allow":["GET"]}}],"collection":[{"href":"https:\/\/mhf.ro\/mm\/wp-json\/wp\/v2\/posts"}],"about":[{"href":"https:\/\/mhf.ro\/mm\/wp-json\/wp\/v2\/types\/post"}],"author":[{"embeddable":true,"href":"https:\/\/mhf.ro\/mm\/wp-json\/wp\/v2\/users\/1"}],"replies":[{"embeddable":true,"href":"https:\/\/mhf.ro\/mm\/wp-json\/wp\/v2\/comments?post=3624"}],"version-history":[{"count":1,"href":"https:\/\/mhf.ro\/mm\/wp-json\/wp\/v2\/posts\/3624\/revisions"}],"predecessor-version":[{"id":3626,"href":"https:\/\/mhf.ro\/mm\/wp-json\/wp\/v2\/posts\/3624\/revisions\/3626"}],"wp:featuredmedia":[{"embeddable":true,"href":"https:\/\/mhf.ro\/mm\/wp-json\/wp\/v2\/media\/3625"}],"wp:attachment":[{"href":"https:\/\/mhf.ro\/mm\/wp-json\/wp\/v2\/media?parent=3624"}],"wp:term":[{"taxonomy":"category","embeddable":true,"href":"https:\/\/mhf.ro\/mm\/wp-json\/wp\/v2\/categories?post=3624"},{"taxonomy":"post_tag","embeddable":true,"href":"https:\/\/mhf.ro\/mm\/wp-json\/wp\/v2\/tags?post=3624"}],"curies":[{"name":"wp","href":"https:\/\/api.w.org\/{rel}","templated":true}]}}