{"id":3630,"date":"2021-01-14T08:50:05","date_gmt":"2021-01-14T06:50:05","guid":{"rendered":"https:\/\/mhf.ro\/mm\/?p=3630"},"modified":"2021-01-14T09:53:22","modified_gmt":"2021-01-14T07:53:22","slug":"ministerul-educatiei-multumeste-invatamantului-superior-medical-romanesc","status":"publish","type":"post","link":"https:\/\/mhf.ro\/mm\/ministerul-educatiei-multumeste-invatamantului-superior-medical-romanesc\/","title":{"rendered":"Ministerul Educa\u021biei mul\u021bume\u0219te \u00eenv\u0103\u021b\u0103m\u00e2ntului superior medical rom\u00e2nesc"},"content":{"rendered":"<h4 id=\"page-title\" class=\"title\">Ministerul Educa\u021biei mul\u021bume\u0219te \u00eenv\u0103\u021b\u0103m\u00e2ntului superior medical rom\u00e2nesc pentru implicarea \u00een promovarea informa\u021biilor corecte \u00een leg\u0103tur\u0103 cu vaccinarea anti-Covid-19, precum \u0219i universit\u0103\u021bilor care \u0219i-au oferit sprijinul (organizare centre de vaccinare)<\/h4>\n<div class=\"field field-name-body field-type-text-with-summary field-label-hidden\">\n<div class=\"field-items\">\n<div class=\"field-item even\">\n<p class=\"rtejustify\">Prin prisma importan\u021bei reprezentate de corecta informare privind vaccinarea\u00a0\u00een scopul cre\u0219terii siguran\u021bei sanitare \u00een \u0219coli,<strong> universit\u0103\u021bile de medicin\u0103 \u0219i farmacie \u0219i universit\u0103\u021bile care au \u00een structur\u0103 facult\u0103\u021bi de medicin\u0103 \u0219i farmacie \u00ee\u0219i declar\u0103 disponibilitatea de organizare \u0219i participare \u00een webinarii \u0219i sesiuni de informare destinate personalului din sistemul na\u021bional de educa\u021bie.<\/strong><\/p>\n<p class=\"rtejustify\"><strong>Ministerul Educa\u021biei apreciaz\u0103 disponibilitatea \u0219i responsabilitatea \u00eenv\u0103\u021b\u0103m\u00e2ntului superior medical\u00a0<\/strong>prin punerea la dispozi\u021bie a resurselor de informare \u00een sprijinul comunit\u0103\u021bii \u00eentregului sistem de \u00eenv\u0103\u021b\u0103m\u00e2nt cu privire la clarificarea \u00eentreb\u0103rilor legate de beneficiile vaccin\u0103rii anti-COVID-19 \u0219i campania de vaccinare. Prin manifestarea disponibilit\u0103\u021bii \u0219i deschiderii facult\u0103\u021bilor de medicin\u0103 \u0219i farmacie din \u021bar\u0103 \u0219i a Colegiului Medicilor din Rom\u00e2nia de a organiza webinarii \u0219i sesiuni de \u00eentreb\u0103ri \u0219i r\u0103spunsuri privind temele campaniei de vaccinare, personalul din \u00eenv\u0103\u021b\u0103m\u00e2nt va beneficia de un plus important\u00a0\u00een procesul de informare profesionist\u0103 \u0219i credibil\u0103.<\/p>\n<p class=\"rtejustify\">Ministerul Educa\u021biei consider\u0103 prioritar\u0103 sprijinirea inform\u0103rii privind vaccinarea \u0219i a solicitat tuturor \u0219colilor, inspectoratelor \u0219colare \u0219i universit\u0103\u021bilor, publicarea pe pagina web proprie a linkului c\u0103tre <a href=\"https:\/\/vaccinare-covid.gov.ro\/\" target=\"_blank\" rel=\"noopener\"><strong>Platforma na\u021bional\u0103 de informare<\/strong><\/a> cu privire la vaccinarea \u00eempotriva COVID-19.<\/p>\n<p class=\"rtejustify\">De asemenea, mul\u021bumim pentru disponibilitatea manifestat\u0103 de c\u0103tre universit\u0103\u021bile rom\u00e2ne\u0219ti cu privire la identificarea unor loca\u021bii adecvate pentru organizarea de centre de vaccinare.<\/p>\n<p style=\"text-align: right\">(conf . edu.ro)<\/p>\n<\/div>\n<\/div>\n<\/div>\n","protected":false},"excerpt":{"rendered":"<p>Ministerul Educa\u021biei mul\u021bume\u0219te \u00eenv\u0103\u021b\u0103m\u00e2ntului superior medical rom\u00e2nesc pentru implicarea \u00een promovarea informa\u021biilor corecte \u00een leg\u0103tur\u0103 cu vaccinarea anti-Covid-19, precum \u0219i<\/p>\n","protected":false},"author":11,"featured_media":3631,"comment_status":"open","ping_status":"open","sticky":false,"template":"","format":"standard","meta":{"colormag_page_container_layout":"default_layout","colormag_page_sidebar_layout":"default_layout","footnotes":""},"categories":[32,5],"tags":[],"class_list":["post-3630","post","type-post","status-publish","format-standard","has-post-thumbnail","hentry","category-comunicate","category-locale"],"yoast_head":"<!-- This site is optimized with the Yoast SEO plugin v27.0 - https:\/\/yoast.com\/product\/yoast-seo-wordpress\/ -->\n<title>Ministerul Educa\u021biei mul\u021bume\u0219te \u00eenv\u0103\u021b\u0103m\u00e2ntului superior medical rom\u00e2nesc - MHF Photography<\/title>\n<meta name=\"robots\" content=\"index, follow, max-snippet:-1, max-image-preview:large, max-video-preview:-1\" \/>\n<link rel=\"canonical\" href=\"https:\/\/mhf.ro\/mm\/ministerul-educatiei-multumeste-invatamantului-superior-medical-romanesc\/\" \/>\n<meta property=\"og:locale\" content=\"ro_RO\" \/>\n<meta property=\"og:type\" content=\"article\" \/>\n<meta property=\"og:title\" content=\"Ministerul Educa\u021biei mul\u021bume\u0219te \u00eenv\u0103\u021b\u0103m\u00e2ntului superior medical rom\u00e2nesc - MHF Photography\" \/>\n<meta property=\"og:description\" content=\"Ministerul Educa\u021biei mul\u021bume\u0219te \u00eenv\u0103\u021b\u0103m\u00e2ntului superior medical rom\u00e2nesc pentru implicarea \u00een promovarea informa\u021biilor corecte \u00een leg\u0103tur\u0103 cu vaccinarea anti-Covid-19, precum \u0219i\" \/>\n<meta property=\"og:url\" content=\"https:\/\/mhf.ro\/mm\/ministerul-educatiei-multumeste-invatamantului-superior-medical-romanesc\/\" \/>\n<meta property=\"og:site_name\" content=\"MHF Photography\" \/>\n<meta property=\"article:published_time\" content=\"2021-01-14T06:50:05+00:00\" \/>\n<meta property=\"article:modified_time\" content=\"2021-01-14T07:53:22+00:00\" \/>\n<meta property=\"og:image\" content=\"https:\/\/mhf.ro\/mm\/wp-content\/uploads\/2021\/01\/laborator_mic.jpg\" \/>\n\t<meta property=\"og:image:width\" content=\"1280\" \/>\n\t<meta property=\"og:image:height\" content=\"822\" \/>\n\t<meta property=\"og:image:type\" content=\"image\/jpeg\" \/>\n<meta name=\"author\" content=\"Fodrea Iuliana Reve\" \/>\n<meta name=\"twitter:card\" content=\"summary_large_image\" \/>\n<meta name=\"twitter:label1\" content=\"Scris de\" \/>\n\t<meta name=\"twitter:data1\" content=\"Fodrea Iuliana Reve\" \/>\n\t<meta name=\"twitter:label2\" content=\"Timp estimat pentru citire\" \/>\n\t<meta name=\"twitter:data2\" content=\"1 minut\" \/>\n<script type=\"application\/ld+json\" class=\"yoast-schema-graph\">{\"@context\":\"https:\/\/schema.org\",\"@graph\":[{\"@type\":\"Article\",\"@id\":\"https:\/\/mhf.ro\/mm\/ministerul-educatiei-multumeste-invatamantului-superior-medical-romanesc\/#article\",\"isPartOf\":{\"@id\":\"https:\/\/mhf.ro\/mm\/ministerul-educatiei-multumeste-invatamantului-superior-medical-romanesc\/\"},\"author\":{\"name\":\"Fodrea Iuliana Reve\",\"@id\":\"https:\/\/mhf.ro\/mm\/#\/schema\/person\/17f3fed455503130cb08cdc1421f8001\"},\"headline\":\"Ministerul Educa\u021biei mul\u021bume\u0219te \u00eenv\u0103\u021b\u0103m\u00e2ntului superior medical rom\u00e2nesc\",\"datePublished\":\"2021-01-14T06:50:05+00:00\",\"dateModified\":\"2021-01-14T07:53:22+00:00\",\"mainEntityOfPage\":{\"@id\":\"https:\/\/mhf.ro\/mm\/ministerul-educatiei-multumeste-invatamantului-superior-medical-romanesc\/\"},\"wordCount\":286,\"commentCount\":0,\"publisher\":{\"@id\":\"https:\/\/mhf.ro\/mm\/#\/schema\/person\/a3bebf7bdb4bf12f698aff73c7e46c21\"},\"image\":{\"@id\":\"https:\/\/mhf.ro\/mm\/ministerul-educatiei-multumeste-invatamantului-superior-medical-romanesc\/#primaryimage\"},\"thumbnailUrl\":\"https:\/\/mhf.ro\/mm\/wp-content\/uploads\/2021\/01\/laborator_mic.jpg\",\"articleSection\":[\"Comunicate\",\"Locale\"],\"inLanguage\":\"ro-RO\",\"potentialAction\":[{\"@type\":\"CommentAction\",\"name\":\"Comment\",\"target\":[\"https:\/\/mhf.ro\/mm\/ministerul-educatiei-multumeste-invatamantului-superior-medical-romanesc\/#respond\"]}]},{\"@type\":\"WebPage\",\"@id\":\"https:\/\/mhf.ro\/mm\/ministerul-educatiei-multumeste-invatamantului-superior-medical-romanesc\/\",\"url\":\"https:\/\/mhf.ro\/mm\/ministerul-educatiei-multumeste-invatamantului-superior-medical-romanesc\/\",\"name\":\"Ministerul Educa\u021biei mul\u021bume\u0219te \u00eenv\u0103\u021b\u0103m\u00e2ntului superior medical rom\u00e2nesc - MHF Photography\",\"isPartOf\":{\"@id\":\"https:\/\/mhf.ro\/mm\/#website\"},\"primaryImageOfPage\":{\"@id\":\"https:\/\/mhf.ro\/mm\/ministerul-educatiei-multumeste-invatamantului-superior-medical-romanesc\/#primaryimage\"},\"image\":{\"@id\":\"https:\/\/mhf.ro\/mm\/ministerul-educatiei-multumeste-invatamantului-superior-medical-romanesc\/#primaryimage\"},\"thumbnailUrl\":\"https:\/\/mhf.ro\/mm\/wp-content\/uploads\/2021\/01\/laborator_mic.jpg\",\"datePublished\":\"2021-01-14T06:50:05+00:00\",\"dateModified\":\"2021-01-14T07:53:22+00:00\",\"breadcrumb\":{\"@id\":\"https:\/\/mhf.ro\/mm\/ministerul-educatiei-multumeste-invatamantului-superior-medical-romanesc\/#breadcrumb\"},\"inLanguage\":\"ro-RO\",\"potentialAction\":[{\"@type\":\"ReadAction\",\"target\":[\"https:\/\/mhf.ro\/mm\/ministerul-educatiei-multumeste-invatamantului-superior-medical-romanesc\/\"]}]},{\"@type\":\"ImageObject\",\"inLanguage\":\"ro-RO\",\"@id\":\"https:\/\/mhf.ro\/mm\/ministerul-educatiei-multumeste-invatamantului-superior-medical-romanesc\/#primaryimage\",\"url\":\"https:\/\/mhf.ro\/mm\/wp-content\/uploads\/2021\/01\/laborator_mic.jpg\",\"contentUrl\":\"https:\/\/mhf.ro\/mm\/wp-content\/uploads\/2021\/01\/laborator_mic.jpg\",\"width\":1280,\"height\":822},{\"@type\":\"BreadcrumbList\",\"@id\":\"https:\/\/mhf.ro\/mm\/ministerul-educatiei-multumeste-invatamantului-superior-medical-romanesc\/#breadcrumb\",\"itemListElement\":[{\"@type\":\"ListItem\",\"position\":1,\"name\":\"Prima pagin\u0103\",\"item\":\"https:\/\/mhf.ro\/mm\/\"},{\"@type\":\"ListItem\",\"position\":2,\"name\":\"Ministerul Educa\u021biei mul\u021bume\u0219te \u00eenv\u0103\u021b\u0103m\u00e2ntului superior medical rom\u00e2nesc\"}]},{\"@type\":\"WebSite\",\"@id\":\"https:\/\/mhf.ro\/mm\/#website\",\"url\":\"https:\/\/mhf.ro\/mm\/\",\"name\":\"MHF Photography \u2013 Blog de fotografie, natur\u0103 \u0219i tehnic\u0103 divers\u0103\",\"description\":\"Aventur\u0103 \u00een fiecare cadru.\",\"publisher\":{\"@id\":\"https:\/\/mhf.ro\/mm\/#\/schema\/person\/a3bebf7bdb4bf12f698aff73c7e46c21\"},\"potentialAction\":[{\"@type\":\"SearchAction\",\"target\":{\"@type\":\"EntryPoint\",\"urlTemplate\":\"https:\/\/mhf.ro\/mm\/?s={search_term_string}\"},\"query-input\":{\"@type\":\"PropertyValueSpecification\",\"valueRequired\":true,\"valueName\":\"search_term_string\"}}],\"inLanguage\":\"ro-RO\"},{\"@type\":[\"Person\",\"Organization\"],\"@id\":\"https:\/\/mhf.ro\/mm\/#\/schema\/person\/a3bebf7bdb4bf12f698aff73c7e46c21\",\"name\":\"Marius Marcu\",\"image\":{\"@type\":\"ImageObject\",\"inLanguage\":\"ro-RO\",\"@id\":\"https:\/\/mhf.ro\/mm\/#\/schema\/person\/image\/\",\"url\":\"https:\/\/mhf.ro\/mm\/wp-content\/uploads\/2025\/12\/cropped-logo_mhf_2.png\",\"contentUrl\":\"https:\/\/mhf.ro\/mm\/wp-content\/uploads\/2025\/12\/cropped-logo_mhf_2.png\",\"width\":1096,\"height\":457,\"caption\":\"Marius Marcu\"},\"logo\":{\"@id\":\"https:\/\/mhf.ro\/mm\/#\/schema\/person\/image\/\"},\"sameAs\":[\"https:\/\/mhf.ro\/mm\"]},{\"@type\":\"Person\",\"@id\":\"https:\/\/mhf.ro\/mm\/#\/schema\/person\/17f3fed455503130cb08cdc1421f8001\",\"name\":\"Fodrea Iuliana Reve\",\"image\":{\"@type\":\"ImageObject\",\"inLanguage\":\"ro-RO\",\"@id\":\"https:\/\/mhf.ro\/mm\/#\/schema\/person\/image\/\",\"url\":\"https:\/\/secure.gravatar.com\/avatar\/f6a66b0b93f1a25e8049c1c4e66e60a1a6809ab11ad60f8dcc2eaafeb7ca1580?s=96&d=monsterid&r=g\",\"contentUrl\":\"https:\/\/secure.gravatar.com\/avatar\/f6a66b0b93f1a25e8049c1c4e66e60a1a6809ab11ad60f8dcc2eaafeb7ca1580?s=96&d=monsterid&r=g\",\"caption\":\"Fodrea Iuliana Reve\"},\"sameAs\":[\"https:\/\/mhf.ro\/mm\"],\"url\":\"https:\/\/mhf.ro\/mm\/author\/iuliana\/\"}]}<\/script>\n<!-- \/ Yoast SEO plugin. -->","yoast_head_json":{"title":"Ministerul Educa\u021biei mul\u021bume\u0219te \u00eenv\u0103\u021b\u0103m\u00e2ntului superior medical rom\u00e2nesc - MHF Photography","robots":{"index":"index","follow":"follow","max-snippet":"max-snippet:-1","max-image-preview":"max-image-preview:large","max-video-preview":"max-video-preview:-1"},"canonical":"https:\/\/mhf.ro\/mm\/ministerul-educatiei-multumeste-invatamantului-superior-medical-romanesc\/","og_locale":"ro_RO","og_type":"article","og_title":"Ministerul Educa\u021biei mul\u021bume\u0219te \u00eenv\u0103\u021b\u0103m\u00e2ntului superior medical rom\u00e2nesc - MHF Photography","og_description":"Ministerul Educa\u021biei mul\u021bume\u0219te \u00eenv\u0103\u021b\u0103m\u00e2ntului superior medical rom\u00e2nesc pentru implicarea \u00een promovarea informa\u021biilor corecte \u00een leg\u0103tur\u0103 cu vaccinarea anti-Covid-19, precum \u0219i","og_url":"https:\/\/mhf.ro\/mm\/ministerul-educatiei-multumeste-invatamantului-superior-medical-romanesc\/","og_site_name":"MHF Photography","article_published_time":"2021-01-14T06:50:05+00:00","article_modified_time":"2021-01-14T07:53:22+00:00","og_image":[{"width":1280,"height":822,"url":"https:\/\/mhf.ro\/mm\/wp-content\/uploads\/2021\/01\/laborator_mic.jpg","type":"image\/jpeg"}],"author":"Fodrea Iuliana Reve","twitter_card":"summary_large_image","twitter_misc":{"Scris de":"Fodrea Iuliana Reve","Timp estimat pentru citire":"1 minut"},"schema":{"@context":"https:\/\/schema.org","@graph":[{"@type":"Article","@id":"https:\/\/mhf.ro\/mm\/ministerul-educatiei-multumeste-invatamantului-superior-medical-romanesc\/#article","isPartOf":{"@id":"https:\/\/mhf.ro\/mm\/ministerul-educatiei-multumeste-invatamantului-superior-medical-romanesc\/"},"author":{"name":"Fodrea Iuliana Reve","@id":"https:\/\/mhf.ro\/mm\/#\/schema\/person\/17f3fed455503130cb08cdc1421f8001"},"headline":"Ministerul Educa\u021biei mul\u021bume\u0219te \u00eenv\u0103\u021b\u0103m\u00e2ntului superior medical rom\u00e2nesc","datePublished":"2021-01-14T06:50:05+00:00","dateModified":"2021-01-14T07:53:22+00:00","mainEntityOfPage":{"@id":"https:\/\/mhf.ro\/mm\/ministerul-educatiei-multumeste-invatamantului-superior-medical-romanesc\/"},"wordCount":286,"commentCount":0,"publisher":{"@id":"https:\/\/mhf.ro\/mm\/#\/schema\/person\/a3bebf7bdb4bf12f698aff73c7e46c21"},"image":{"@id":"https:\/\/mhf.ro\/mm\/ministerul-educatiei-multumeste-invatamantului-superior-medical-romanesc\/#primaryimage"},"thumbnailUrl":"https:\/\/mhf.ro\/mm\/wp-content\/uploads\/2021\/01\/laborator_mic.jpg","articleSection":["Comunicate","Locale"],"inLanguage":"ro-RO","potentialAction":[{"@type":"CommentAction","name":"Comment","target":["https:\/\/mhf.ro\/mm\/ministerul-educatiei-multumeste-invatamantului-superior-medical-romanesc\/#respond"]}]},{"@type":"WebPage","@id":"https:\/\/mhf.ro\/mm\/ministerul-educatiei-multumeste-invatamantului-superior-medical-romanesc\/","url":"https:\/\/mhf.ro\/mm\/ministerul-educatiei-multumeste-invatamantului-superior-medical-romanesc\/","name":"Ministerul Educa\u021biei mul\u021bume\u0219te \u00eenv\u0103\u021b\u0103m\u00e2ntului superior medical rom\u00e2nesc - MHF Photography","isPartOf":{"@id":"https:\/\/mhf.ro\/mm\/#website"},"primaryImageOfPage":{"@id":"https:\/\/mhf.ro\/mm\/ministerul-educatiei-multumeste-invatamantului-superior-medical-romanesc\/#primaryimage"},"image":{"@id":"https:\/\/mhf.ro\/mm\/ministerul-educatiei-multumeste-invatamantului-superior-medical-romanesc\/#primaryimage"},"thumbnailUrl":"https:\/\/mhf.ro\/mm\/wp-content\/uploads\/2021\/01\/laborator_mic.jpg","datePublished":"2021-01-14T06:50:05+00:00","dateModified":"2021-01-14T07:53:22+00:00","breadcrumb":{"@id":"https:\/\/mhf.ro\/mm\/ministerul-educatiei-multumeste-invatamantului-superior-medical-romanesc\/#breadcrumb"},"inLanguage":"ro-RO","potentialAction":[{"@type":"ReadAction","target":["https:\/\/mhf.ro\/mm\/ministerul-educatiei-multumeste-invatamantului-superior-medical-romanesc\/"]}]},{"@type":"ImageObject","inLanguage":"ro-RO","@id":"https:\/\/mhf.ro\/mm\/ministerul-educatiei-multumeste-invatamantului-superior-medical-romanesc\/#primaryimage","url":"https:\/\/mhf.ro\/mm\/wp-content\/uploads\/2021\/01\/laborator_mic.jpg","contentUrl":"https:\/\/mhf.ro\/mm\/wp-content\/uploads\/2021\/01\/laborator_mic.jpg","width":1280,"height":822},{"@type":"BreadcrumbList","@id":"https:\/\/mhf.ro\/mm\/ministerul-educatiei-multumeste-invatamantului-superior-medical-romanesc\/#breadcrumb","itemListElement":[{"@type":"ListItem","position":1,"name":"Prima pagin\u0103","item":"https:\/\/mhf.ro\/mm\/"},{"@type":"ListItem","position":2,"name":"Ministerul Educa\u021biei mul\u021bume\u0219te \u00eenv\u0103\u021b\u0103m\u00e2ntului superior medical rom\u00e2nesc"}]},{"@type":"WebSite","@id":"https:\/\/mhf.ro\/mm\/#website","url":"https:\/\/mhf.ro\/mm\/","name":"MHF Photography \u2013 Blog de fotografie, natur\u0103 \u0219i tehnic\u0103 divers\u0103","description":"Aventur\u0103 \u00een fiecare cadru.","publisher":{"@id":"https:\/\/mhf.ro\/mm\/#\/schema\/person\/a3bebf7bdb4bf12f698aff73c7e46c21"},"potentialAction":[{"@type":"SearchAction","target":{"@type":"EntryPoint","urlTemplate":"https:\/\/mhf.ro\/mm\/?s={search_term_string}"},"query-input":{"@type":"PropertyValueSpecification","valueRequired":true,"valueName":"search_term_string"}}],"inLanguage":"ro-RO"},{"@type":["Person","Organization"],"@id":"https:\/\/mhf.ro\/mm\/#\/schema\/person\/a3bebf7bdb4bf12f698aff73c7e46c21","name":"Marius Marcu","image":{"@type":"ImageObject","inLanguage":"ro-RO","@id":"https:\/\/mhf.ro\/mm\/#\/schema\/person\/image\/","url":"https:\/\/mhf.ro\/mm\/wp-content\/uploads\/2025\/12\/cropped-logo_mhf_2.png","contentUrl":"https:\/\/mhf.ro\/mm\/wp-content\/uploads\/2025\/12\/cropped-logo_mhf_2.png","width":1096,"height":457,"caption":"Marius Marcu"},"logo":{"@id":"https:\/\/mhf.ro\/mm\/#\/schema\/person\/image\/"},"sameAs":["https:\/\/mhf.ro\/mm"]},{"@type":"Person","@id":"https:\/\/mhf.ro\/mm\/#\/schema\/person\/17f3fed455503130cb08cdc1421f8001","name":"Fodrea Iuliana Reve","image":{"@type":"ImageObject","inLanguage":"ro-RO","@id":"https:\/\/mhf.ro\/mm\/#\/schema\/person\/image\/","url":"https:\/\/secure.gravatar.com\/avatar\/f6a66b0b93f1a25e8049c1c4e66e60a1a6809ab11ad60f8dcc2eaafeb7ca1580?s=96&d=monsterid&r=g","contentUrl":"https:\/\/secure.gravatar.com\/avatar\/f6a66b0b93f1a25e8049c1c4e66e60a1a6809ab11ad60f8dcc2eaafeb7ca1580?s=96&d=monsterid&r=g","caption":"Fodrea Iuliana Reve"},"sameAs":["https:\/\/mhf.ro\/mm"],"url":"https:\/\/mhf.ro\/mm\/author\/iuliana\/"}]}},"_links":{"self":[{"href":"https:\/\/mhf.ro\/mm\/wp-json\/wp\/v2\/posts\/3630","targetHints":{"allow":["GET"]}}],"collection":[{"href":"https:\/\/mhf.ro\/mm\/wp-json\/wp\/v2\/posts"}],"about":[{"href":"https:\/\/mhf.ro\/mm\/wp-json\/wp\/v2\/types\/post"}],"author":[{"embeddable":true,"href":"https:\/\/mhf.ro\/mm\/wp-json\/wp\/v2\/users\/11"}],"replies":[{"embeddable":true,"href":"https:\/\/mhf.ro\/mm\/wp-json\/wp\/v2\/comments?post=3630"}],"version-history":[{"count":1,"href":"https:\/\/mhf.ro\/mm\/wp-json\/wp\/v2\/posts\/3630\/revisions"}],"predecessor-version":[{"id":3632,"href":"https:\/\/mhf.ro\/mm\/wp-json\/wp\/v2\/posts\/3630\/revisions\/3632"}],"wp:featuredmedia":[{"embeddable":true,"href":"https:\/\/mhf.ro\/mm\/wp-json\/wp\/v2\/media\/3631"}],"wp:attachment":[{"href":"https:\/\/mhf.ro\/mm\/wp-json\/wp\/v2\/media?parent=3630"}],"wp:term":[{"taxonomy":"category","embeddable":true,"href":"https:\/\/mhf.ro\/mm\/wp-json\/wp\/v2\/categories?post=3630"},{"taxonomy":"post_tag","embeddable":true,"href":"https:\/\/mhf.ro\/mm\/wp-json\/wp\/v2\/tags?post=3630"}],"curies":[{"name":"wp","href":"https:\/\/api.w.org\/{rel}","templated":true}]}}