{"id":3633,"date":"2021-01-14T09:27:00","date_gmt":"2021-01-14T07:27:00","guid":{"rendered":"https:\/\/mhf.ro\/mm\/?p=3633"},"modified":"2021-01-14T10:12:43","modified_gmt":"2021-01-14T08:12:43","slug":"camera-reprezentantilor-a-aprobat-punerea-sub-acuzare-a-presedintelui-donald-trump","status":"publish","type":"post","link":"https:\/\/mhf.ro\/mm\/camera-reprezentantilor-a-aprobat-punerea-sub-acuzare-a-presedintelui-donald-trump\/","title":{"rendered":"Camera Reprezentan\u021bilor a aprobat punerea sub acuzare a pre\u0219edintelui Donald Trump"},"content":{"rendered":"<h5>Camera Reprezentan\u021bilor a decis inculparea pre\u0219edintelui Donald Trump \u00een scopul demiterii.<\/h5>\n<p>Pre\u0219edintele Donald Trump este acuzat de instigare la insurec\u021bie, dup\u0103 violen\u021bele de la Capitoliu. Donald Trump este singurul pre\u0219edinte al SUA inculpat de dou\u0103 ori \u00een vederea demiterii.<br \/>\nCamera Reprezentan\u021bilor din SUA a aprobat, miercuri sear\u0103, inculparea pre\u0219edintelui \u00een func\u021bie, Donald Trump, pentru instigare la insurec\u021bie, \u00een cadrul procedurii demiterii, care va continua \u00een Senat.<\/p>\n<p>Rezolu\u021bia pentru inculparea pre\u0219edintelui Donald Trump a fost aprobat\u0103 de Camera Reprezentan\u021bilor cu un raport de voturi de 232 la 197. Cinci membri ai Camerei Reprezentan\u021bilor s-au ab\u021binut de la vot. \u00cen favoarea mo\u021biunii au votat \u0219i zece congresmeni republicani<\/p>\n<h5>Donald Trump este primul pre\u0219edinte din istoria SUA inculpat de dou\u0103 ori \u00een scopul demiterii.<\/h5>\n<p>Potrivit articolului de inculpare, Donald Trump s-a implicat \u00een delicte majore \u0219i minore prin instigarea la acte de violen\u021b\u0103 \u00eempotriva institu\u021biilor de guvernare din Statele Unite. Pre\u0219edintele Donald Trump este acuzat c\u0103 a pretins \u00een mod repetat c\u0103 a c\u00e2\u0219tigat scrutinul preziden\u021bial \u0219i a \u00eencurajat, prin discursul rostit pe 6 ianuarie \u00een fa\u021ba simpatizan\u021bilor aduna\u021bi \u00een zona Eclipse din centrul Washingtonului, ac\u021biunile violente \u00eempotriva Capitoliului, \u00een timp ce Congresul valida victoria lui Joseph Biden \u00een scrutinul preziden\u021bial.<\/p>\n<p>Donald Trump a afirmat c\u0103 declara\u021biile pe care le-a f\u0103cut \u00eenaintea violen\u021belor produse la Capitoliu au fost corecte. Mi-a fost analizat discursul \u0219i fiecare cuv\u00e2nt din fiecare paragraf, fiecare propozi\u021bie \u0219i toat\u0103 lumea crede c\u0103 a fost total adecvat, a declarat Donald Trump. Pre\u0219edintele a p\u0103rut s\u0103 atribuie responsabilitatea pentru violen\u021bele de la Capitoliu politicienilor care au f\u0103cut comentarii \u00een vara anului 2020, \u00een timpul protestelor antirasism. Aceasta este adev\u0103rata problem\u0103, a subliniat Donald Trump.<\/p>\n<p>Pe 6 ianuarie, \u00eenaintea violen\u021belor care au vizat Congresul, Donald Trump a rostit un discurs \u00een fa\u021ba simpatizan\u021bilor, \u00een centrul Washingtonului. Vom merge la Capitoliu \u0219i vom scanda \u00een fa\u021ba bravilor no\u0219tri senatori \u0219i congresmeni, iar spre unii probabil nu vom scanda prea mult. Pentru c\u0103 \u021bara nu poate fi luat\u0103 \u00eenapoi prin ac\u021biuni slabe. Trebuie s\u0103 ar\u0103t\u0103m putere \u0219i s\u0103 fim puternici. Trebuie s\u0103 cerem Congresului s\u0103 fac\u0103 ceea ce trebuie \u0219i s\u0103 numere doar voturile electorilor reprezenta\u021bi legal, a afirmat Donald Trump \u00een discursul din 6 ianuarie. Donald Trump nu a recunoscut victoria lui Joseph Biden \u00een scrutinul preziden\u021bial, denun\u021b\u00e2nd presupuse fraude electorale. Violen\u021bele produse pe 6 ianuarie la Capitoliu s-au soldat cu cinci mor\u021bi \u0219i zeci de r\u0103ni\u021bi.<\/p>\n<p>Procedura demiterii va continua \u00een Senatul SUA.<\/p>\n<p style=\"text-align: right\">(conf. mediafax.ro)<\/p>\n<p style=\"text-align: right\"><a href=\"https:\/\/mhv.ro\/oc\/index.php?route=product\/category&amp;path=20_71\">Ornamente Polistiren extrudat<\/a><\/p>\n","protected":false},"excerpt":{"rendered":"<p>Camera Reprezentan\u021bilor a decis inculparea pre\u0219edintelui Donald Trump \u00een scopul demiterii. Pre\u0219edintele Donald Trump este acuzat de instigare la insurec\u021bie,<\/p>\n","protected":false},"author":11,"featured_media":3634,"comment_status":"open","ping_status":"open","sticky":false,"template":"","format":"standard","meta":{"colormag_page_container_layout":"default_layout","colormag_page_sidebar_layout":"default_layout","footnotes":""},"categories":[32,8],"tags":[],"class_list":["post-3633","post","type-post","status-publish","format-standard","has-post-thumbnail","hentry","category-comunicate","category-div"],"yoast_head":"<!-- This site is optimized with the Yoast SEO plugin v27.0 - https:\/\/yoast.com\/product\/yoast-seo-wordpress\/ -->\n<title>Camera Reprezentan\u021bilor a aprobat punerea sub acuzare a pre\u0219edintelui Donald Trump - MHF Photography<\/title>\n<meta name=\"description\" content=\"Camera Reprezentan\u021bilor a decis inculparea pre\u0219edintelui Donald Trump \u00een scopul demiterii.Pre\u0219edintele Donald Trump este acuzat de instigare\" \/>\n<meta name=\"robots\" content=\"index, follow, max-snippet:-1, max-image-preview:large, max-video-preview:-1\" \/>\n<link rel=\"canonical\" href=\"https:\/\/mhf.ro\/mm\/camera-reprezentantilor-a-aprobat-punerea-sub-acuzare-a-presedintelui-donald-trump\/\" \/>\n<meta property=\"og:locale\" content=\"ro_RO\" \/>\n<meta property=\"og:type\" content=\"article\" \/>\n<meta property=\"og:title\" content=\"Camera Reprezentan\u021bilor a aprobat punerea sub acuzare a pre\u0219edintelui Donald Trump - MHF Photography\" \/>\n<meta property=\"og:description\" content=\"Camera Reprezentan\u021bilor a decis inculparea pre\u0219edintelui Donald Trump \u00een scopul demiterii.Pre\u0219edintele Donald Trump este acuzat de instigare\" \/>\n<meta property=\"og:url\" content=\"https:\/\/mhf.ro\/mm\/camera-reprezentantilor-a-aprobat-punerea-sub-acuzare-a-presedintelui-donald-trump\/\" \/>\n<meta property=\"og:site_name\" content=\"MHF Photography\" \/>\n<meta property=\"article:published_time\" content=\"2021-01-14T07:27:00+00:00\" \/>\n<meta property=\"article:modified_time\" content=\"2021-01-14T08:12:43+00:00\" \/>\n<meta property=\"og:image\" content=\"https:\/\/mhf.ro\/mm\/wp-content\/uploads\/2021\/01\/capitol-395038_1280.jpg\" \/>\n\t<meta property=\"og:image:width\" content=\"1280\" \/>\n\t<meta property=\"og:image:height\" content=\"874\" \/>\n\t<meta property=\"og:image:type\" content=\"image\/jpeg\" \/>\n<meta name=\"author\" content=\"Fodrea Iuliana Reve\" \/>\n<meta name=\"twitter:card\" content=\"summary_large_image\" \/>\n<meta name=\"twitter:label1\" content=\"Scris de\" \/>\n\t<meta name=\"twitter:data1\" content=\"Fodrea Iuliana Reve\" \/>\n\t<meta name=\"twitter:label2\" content=\"Timp estimat pentru citire\" \/>\n\t<meta name=\"twitter:data2\" content=\"2 minute\" \/>\n<script type=\"application\/ld+json\" class=\"yoast-schema-graph\">{\"@context\":\"https:\/\/schema.org\",\"@graph\":[{\"@type\":\"Article\",\"@id\":\"https:\/\/mhf.ro\/mm\/camera-reprezentantilor-a-aprobat-punerea-sub-acuzare-a-presedintelui-donald-trump\/#article\",\"isPartOf\":{\"@id\":\"https:\/\/mhf.ro\/mm\/camera-reprezentantilor-a-aprobat-punerea-sub-acuzare-a-presedintelui-donald-trump\/\"},\"author\":{\"name\":\"Fodrea Iuliana Reve\",\"@id\":\"https:\/\/mhf.ro\/mm\/#\/schema\/person\/17f3fed455503130cb08cdc1421f8001\"},\"headline\":\"Camera Reprezentan\u021bilor a aprobat punerea sub acuzare a pre\u0219edintelui Donald Trump\",\"datePublished\":\"2021-01-14T07:27:00+00:00\",\"dateModified\":\"2021-01-14T08:12:43+00:00\",\"mainEntityOfPage\":{\"@id\":\"https:\/\/mhf.ro\/mm\/camera-reprezentantilor-a-aprobat-punerea-sub-acuzare-a-presedintelui-donald-trump\/\"},\"wordCount\":464,\"commentCount\":0,\"publisher\":{\"@id\":\"https:\/\/mhf.ro\/mm\/#\/schema\/person\/a3bebf7bdb4bf12f698aff73c7e46c21\"},\"image\":{\"@id\":\"https:\/\/mhf.ro\/mm\/camera-reprezentantilor-a-aprobat-punerea-sub-acuzare-a-presedintelui-donald-trump\/#primaryimage\"},\"thumbnailUrl\":\"https:\/\/mhf.ro\/mm\/wp-content\/uploads\/2021\/01\/capitol-395038_1280.jpg\",\"articleSection\":[\"Comunicate\",\"Diverse\"],\"inLanguage\":\"ro-RO\",\"potentialAction\":[{\"@type\":\"CommentAction\",\"name\":\"Comment\",\"target\":[\"https:\/\/mhf.ro\/mm\/camera-reprezentantilor-a-aprobat-punerea-sub-acuzare-a-presedintelui-donald-trump\/#respond\"]}]},{\"@type\":\"WebPage\",\"@id\":\"https:\/\/mhf.ro\/mm\/camera-reprezentantilor-a-aprobat-punerea-sub-acuzare-a-presedintelui-donald-trump\/\",\"url\":\"https:\/\/mhf.ro\/mm\/camera-reprezentantilor-a-aprobat-punerea-sub-acuzare-a-presedintelui-donald-trump\/\",\"name\":\"Camera Reprezentan\u021bilor a aprobat punerea sub acuzare a pre\u0219edintelui Donald Trump - MHF Photography\",\"isPartOf\":{\"@id\":\"https:\/\/mhf.ro\/mm\/#website\"},\"primaryImageOfPage\":{\"@id\":\"https:\/\/mhf.ro\/mm\/camera-reprezentantilor-a-aprobat-punerea-sub-acuzare-a-presedintelui-donald-trump\/#primaryimage\"},\"image\":{\"@id\":\"https:\/\/mhf.ro\/mm\/camera-reprezentantilor-a-aprobat-punerea-sub-acuzare-a-presedintelui-donald-trump\/#primaryimage\"},\"thumbnailUrl\":\"https:\/\/mhf.ro\/mm\/wp-content\/uploads\/2021\/01\/capitol-395038_1280.jpg\",\"datePublished\":\"2021-01-14T07:27:00+00:00\",\"dateModified\":\"2021-01-14T08:12:43+00:00\",\"description\":\"Camera Reprezentan\u021bilor a decis inculparea pre\u0219edintelui Donald Trump \u00een scopul demiterii.Pre\u0219edintele Donald Trump este acuzat de instigare\",\"breadcrumb\":{\"@id\":\"https:\/\/mhf.ro\/mm\/camera-reprezentantilor-a-aprobat-punerea-sub-acuzare-a-presedintelui-donald-trump\/#breadcrumb\"},\"inLanguage\":\"ro-RO\",\"potentialAction\":[{\"@type\":\"ReadAction\",\"target\":[\"https:\/\/mhf.ro\/mm\/camera-reprezentantilor-a-aprobat-punerea-sub-acuzare-a-presedintelui-donald-trump\/\"]}]},{\"@type\":\"ImageObject\",\"inLanguage\":\"ro-RO\",\"@id\":\"https:\/\/mhf.ro\/mm\/camera-reprezentantilor-a-aprobat-punerea-sub-acuzare-a-presedintelui-donald-trump\/#primaryimage\",\"url\":\"https:\/\/mhf.ro\/mm\/wp-content\/uploads\/2021\/01\/capitol-395038_1280.jpg\",\"contentUrl\":\"https:\/\/mhf.ro\/mm\/wp-content\/uploads\/2021\/01\/capitol-395038_1280.jpg\",\"width\":1280,\"height\":874},{\"@type\":\"BreadcrumbList\",\"@id\":\"https:\/\/mhf.ro\/mm\/camera-reprezentantilor-a-aprobat-punerea-sub-acuzare-a-presedintelui-donald-trump\/#breadcrumb\",\"itemListElement\":[{\"@type\":\"ListItem\",\"position\":1,\"name\":\"Prima pagin\u0103\",\"item\":\"https:\/\/mhf.ro\/mm\/\"},{\"@type\":\"ListItem\",\"position\":2,\"name\":\"Camera Reprezentan\u021bilor a aprobat punerea sub acuzare a pre\u0219edintelui Donald Trump\"}]},{\"@type\":\"WebSite\",\"@id\":\"https:\/\/mhf.ro\/mm\/#website\",\"url\":\"https:\/\/mhf.ro\/mm\/\",\"name\":\"MHF Photography \u2013 Blog de fotografie, natur\u0103 \u0219i tehnic\u0103 divers\u0103\",\"description\":\"Aventur\u0103 \u00een fiecare cadru.\",\"publisher\":{\"@id\":\"https:\/\/mhf.ro\/mm\/#\/schema\/person\/a3bebf7bdb4bf12f698aff73c7e46c21\"},\"potentialAction\":[{\"@type\":\"SearchAction\",\"target\":{\"@type\":\"EntryPoint\",\"urlTemplate\":\"https:\/\/mhf.ro\/mm\/?s={search_term_string}\"},\"query-input\":{\"@type\":\"PropertyValueSpecification\",\"valueRequired\":true,\"valueName\":\"search_term_string\"}}],\"inLanguage\":\"ro-RO\"},{\"@type\":[\"Person\",\"Organization\"],\"@id\":\"https:\/\/mhf.ro\/mm\/#\/schema\/person\/a3bebf7bdb4bf12f698aff73c7e46c21\",\"name\":\"Marius Marcu\",\"image\":{\"@type\":\"ImageObject\",\"inLanguage\":\"ro-RO\",\"@id\":\"https:\/\/mhf.ro\/mm\/#\/schema\/person\/image\/\",\"url\":\"https:\/\/mhf.ro\/mm\/wp-content\/uploads\/2025\/12\/cropped-logo_mhf_2.png\",\"contentUrl\":\"https:\/\/mhf.ro\/mm\/wp-content\/uploads\/2025\/12\/cropped-logo_mhf_2.png\",\"width\":1096,\"height\":457,\"caption\":\"Marius Marcu\"},\"logo\":{\"@id\":\"https:\/\/mhf.ro\/mm\/#\/schema\/person\/image\/\"},\"sameAs\":[\"https:\/\/mhf.ro\/mm\"]},{\"@type\":\"Person\",\"@id\":\"https:\/\/mhf.ro\/mm\/#\/schema\/person\/17f3fed455503130cb08cdc1421f8001\",\"name\":\"Fodrea Iuliana Reve\",\"image\":{\"@type\":\"ImageObject\",\"inLanguage\":\"ro-RO\",\"@id\":\"https:\/\/mhf.ro\/mm\/#\/schema\/person\/image\/\",\"url\":\"https:\/\/secure.gravatar.com\/avatar\/f6a66b0b93f1a25e8049c1c4e66e60a1a6809ab11ad60f8dcc2eaafeb7ca1580?s=96&d=monsterid&r=g\",\"contentUrl\":\"https:\/\/secure.gravatar.com\/avatar\/f6a66b0b93f1a25e8049c1c4e66e60a1a6809ab11ad60f8dcc2eaafeb7ca1580?s=96&d=monsterid&r=g\",\"caption\":\"Fodrea Iuliana Reve\"},\"sameAs\":[\"https:\/\/mhf.ro\/mm\"],\"url\":\"https:\/\/mhf.ro\/mm\/author\/iuliana\/\"}]}<\/script>\n<!-- \/ Yoast SEO plugin. -->","yoast_head_json":{"title":"Camera Reprezentan\u021bilor a aprobat punerea sub acuzare a pre\u0219edintelui Donald Trump - MHF Photography","description":"Camera Reprezentan\u021bilor a decis inculparea pre\u0219edintelui Donald Trump \u00een scopul demiterii.Pre\u0219edintele Donald Trump este acuzat de instigare","robots":{"index":"index","follow":"follow","max-snippet":"max-snippet:-1","max-image-preview":"max-image-preview:large","max-video-preview":"max-video-preview:-1"},"canonical":"https:\/\/mhf.ro\/mm\/camera-reprezentantilor-a-aprobat-punerea-sub-acuzare-a-presedintelui-donald-trump\/","og_locale":"ro_RO","og_type":"article","og_title":"Camera Reprezentan\u021bilor a aprobat punerea sub acuzare a pre\u0219edintelui Donald Trump - MHF Photography","og_description":"Camera Reprezentan\u021bilor a decis inculparea pre\u0219edintelui Donald Trump \u00een scopul demiterii.Pre\u0219edintele Donald Trump este acuzat de instigare","og_url":"https:\/\/mhf.ro\/mm\/camera-reprezentantilor-a-aprobat-punerea-sub-acuzare-a-presedintelui-donald-trump\/","og_site_name":"MHF Photography","article_published_time":"2021-01-14T07:27:00+00:00","article_modified_time":"2021-01-14T08:12:43+00:00","og_image":[{"width":1280,"height":874,"url":"https:\/\/mhf.ro\/mm\/wp-content\/uploads\/2021\/01\/capitol-395038_1280.jpg","type":"image\/jpeg"}],"author":"Fodrea Iuliana Reve","twitter_card":"summary_large_image","twitter_misc":{"Scris de":"Fodrea Iuliana Reve","Timp estimat pentru citire":"2 minute"},"schema":{"@context":"https:\/\/schema.org","@graph":[{"@type":"Article","@id":"https:\/\/mhf.ro\/mm\/camera-reprezentantilor-a-aprobat-punerea-sub-acuzare-a-presedintelui-donald-trump\/#article","isPartOf":{"@id":"https:\/\/mhf.ro\/mm\/camera-reprezentantilor-a-aprobat-punerea-sub-acuzare-a-presedintelui-donald-trump\/"},"author":{"name":"Fodrea Iuliana Reve","@id":"https:\/\/mhf.ro\/mm\/#\/schema\/person\/17f3fed455503130cb08cdc1421f8001"},"headline":"Camera Reprezentan\u021bilor a aprobat punerea sub acuzare a pre\u0219edintelui Donald Trump","datePublished":"2021-01-14T07:27:00+00:00","dateModified":"2021-01-14T08:12:43+00:00","mainEntityOfPage":{"@id":"https:\/\/mhf.ro\/mm\/camera-reprezentantilor-a-aprobat-punerea-sub-acuzare-a-presedintelui-donald-trump\/"},"wordCount":464,"commentCount":0,"publisher":{"@id":"https:\/\/mhf.ro\/mm\/#\/schema\/person\/a3bebf7bdb4bf12f698aff73c7e46c21"},"image":{"@id":"https:\/\/mhf.ro\/mm\/camera-reprezentantilor-a-aprobat-punerea-sub-acuzare-a-presedintelui-donald-trump\/#primaryimage"},"thumbnailUrl":"https:\/\/mhf.ro\/mm\/wp-content\/uploads\/2021\/01\/capitol-395038_1280.jpg","articleSection":["Comunicate","Diverse"],"inLanguage":"ro-RO","potentialAction":[{"@type":"CommentAction","name":"Comment","target":["https:\/\/mhf.ro\/mm\/camera-reprezentantilor-a-aprobat-punerea-sub-acuzare-a-presedintelui-donald-trump\/#respond"]}]},{"@type":"WebPage","@id":"https:\/\/mhf.ro\/mm\/camera-reprezentantilor-a-aprobat-punerea-sub-acuzare-a-presedintelui-donald-trump\/","url":"https:\/\/mhf.ro\/mm\/camera-reprezentantilor-a-aprobat-punerea-sub-acuzare-a-presedintelui-donald-trump\/","name":"Camera Reprezentan\u021bilor a aprobat punerea sub acuzare a pre\u0219edintelui Donald Trump - MHF Photography","isPartOf":{"@id":"https:\/\/mhf.ro\/mm\/#website"},"primaryImageOfPage":{"@id":"https:\/\/mhf.ro\/mm\/camera-reprezentantilor-a-aprobat-punerea-sub-acuzare-a-presedintelui-donald-trump\/#primaryimage"},"image":{"@id":"https:\/\/mhf.ro\/mm\/camera-reprezentantilor-a-aprobat-punerea-sub-acuzare-a-presedintelui-donald-trump\/#primaryimage"},"thumbnailUrl":"https:\/\/mhf.ro\/mm\/wp-content\/uploads\/2021\/01\/capitol-395038_1280.jpg","datePublished":"2021-01-14T07:27:00+00:00","dateModified":"2021-01-14T08:12:43+00:00","description":"Camera Reprezentan\u021bilor a decis inculparea pre\u0219edintelui Donald Trump \u00een scopul demiterii.Pre\u0219edintele Donald Trump este acuzat de instigare","breadcrumb":{"@id":"https:\/\/mhf.ro\/mm\/camera-reprezentantilor-a-aprobat-punerea-sub-acuzare-a-presedintelui-donald-trump\/#breadcrumb"},"inLanguage":"ro-RO","potentialAction":[{"@type":"ReadAction","target":["https:\/\/mhf.ro\/mm\/camera-reprezentantilor-a-aprobat-punerea-sub-acuzare-a-presedintelui-donald-trump\/"]}]},{"@type":"ImageObject","inLanguage":"ro-RO","@id":"https:\/\/mhf.ro\/mm\/camera-reprezentantilor-a-aprobat-punerea-sub-acuzare-a-presedintelui-donald-trump\/#primaryimage","url":"https:\/\/mhf.ro\/mm\/wp-content\/uploads\/2021\/01\/capitol-395038_1280.jpg","contentUrl":"https:\/\/mhf.ro\/mm\/wp-content\/uploads\/2021\/01\/capitol-395038_1280.jpg","width":1280,"height":874},{"@type":"BreadcrumbList","@id":"https:\/\/mhf.ro\/mm\/camera-reprezentantilor-a-aprobat-punerea-sub-acuzare-a-presedintelui-donald-trump\/#breadcrumb","itemListElement":[{"@type":"ListItem","position":1,"name":"Prima pagin\u0103","item":"https:\/\/mhf.ro\/mm\/"},{"@type":"ListItem","position":2,"name":"Camera Reprezentan\u021bilor a aprobat punerea sub acuzare a pre\u0219edintelui Donald Trump"}]},{"@type":"WebSite","@id":"https:\/\/mhf.ro\/mm\/#website","url":"https:\/\/mhf.ro\/mm\/","name":"MHF Photography \u2013 Blog de fotografie, natur\u0103 \u0219i tehnic\u0103 divers\u0103","description":"Aventur\u0103 \u00een fiecare cadru.","publisher":{"@id":"https:\/\/mhf.ro\/mm\/#\/schema\/person\/a3bebf7bdb4bf12f698aff73c7e46c21"},"potentialAction":[{"@type":"SearchAction","target":{"@type":"EntryPoint","urlTemplate":"https:\/\/mhf.ro\/mm\/?s={search_term_string}"},"query-input":{"@type":"PropertyValueSpecification","valueRequired":true,"valueName":"search_term_string"}}],"inLanguage":"ro-RO"},{"@type":["Person","Organization"],"@id":"https:\/\/mhf.ro\/mm\/#\/schema\/person\/a3bebf7bdb4bf12f698aff73c7e46c21","name":"Marius Marcu","image":{"@type":"ImageObject","inLanguage":"ro-RO","@id":"https:\/\/mhf.ro\/mm\/#\/schema\/person\/image\/","url":"https:\/\/mhf.ro\/mm\/wp-content\/uploads\/2025\/12\/cropped-logo_mhf_2.png","contentUrl":"https:\/\/mhf.ro\/mm\/wp-content\/uploads\/2025\/12\/cropped-logo_mhf_2.png","width":1096,"height":457,"caption":"Marius Marcu"},"logo":{"@id":"https:\/\/mhf.ro\/mm\/#\/schema\/person\/image\/"},"sameAs":["https:\/\/mhf.ro\/mm"]},{"@type":"Person","@id":"https:\/\/mhf.ro\/mm\/#\/schema\/person\/17f3fed455503130cb08cdc1421f8001","name":"Fodrea Iuliana Reve","image":{"@type":"ImageObject","inLanguage":"ro-RO","@id":"https:\/\/mhf.ro\/mm\/#\/schema\/person\/image\/","url":"https:\/\/secure.gravatar.com\/avatar\/f6a66b0b93f1a25e8049c1c4e66e60a1a6809ab11ad60f8dcc2eaafeb7ca1580?s=96&d=monsterid&r=g","contentUrl":"https:\/\/secure.gravatar.com\/avatar\/f6a66b0b93f1a25e8049c1c4e66e60a1a6809ab11ad60f8dcc2eaafeb7ca1580?s=96&d=monsterid&r=g","caption":"Fodrea Iuliana Reve"},"sameAs":["https:\/\/mhf.ro\/mm"],"url":"https:\/\/mhf.ro\/mm\/author\/iuliana\/"}]}},"_links":{"self":[{"href":"https:\/\/mhf.ro\/mm\/wp-json\/wp\/v2\/posts\/3633","targetHints":{"allow":["GET"]}}],"collection":[{"href":"https:\/\/mhf.ro\/mm\/wp-json\/wp\/v2\/posts"}],"about":[{"href":"https:\/\/mhf.ro\/mm\/wp-json\/wp\/v2\/types\/post"}],"author":[{"embeddable":true,"href":"https:\/\/mhf.ro\/mm\/wp-json\/wp\/v2\/users\/11"}],"replies":[{"embeddable":true,"href":"https:\/\/mhf.ro\/mm\/wp-json\/wp\/v2\/comments?post=3633"}],"version-history":[{"count":3,"href":"https:\/\/mhf.ro\/mm\/wp-json\/wp\/v2\/posts\/3633\/revisions"}],"predecessor-version":[{"id":3637,"href":"https:\/\/mhf.ro\/mm\/wp-json\/wp\/v2\/posts\/3633\/revisions\/3637"}],"wp:featuredmedia":[{"embeddable":true,"href":"https:\/\/mhf.ro\/mm\/wp-json\/wp\/v2\/media\/3634"}],"wp:attachment":[{"href":"https:\/\/mhf.ro\/mm\/wp-json\/wp\/v2\/media?parent=3633"}],"wp:term":[{"taxonomy":"category","embeddable":true,"href":"https:\/\/mhf.ro\/mm\/wp-json\/wp\/v2\/categories?post=3633"},{"taxonomy":"post_tag","embeddable":true,"href":"https:\/\/mhf.ro\/mm\/wp-json\/wp\/v2\/tags?post=3633"}],"curies":[{"name":"wp","href":"https:\/\/api.w.org\/{rel}","templated":true}]}}