{"id":3638,"date":"2021-01-14T10:23:18","date_gmt":"2021-01-14T08:23:18","guid":{"rendered":"https:\/\/mhf.ro\/mm\/?p=3638"},"modified":"2021-01-14T10:23:18","modified_gmt":"2021-01-14T08:23:18","slug":"spor-salarial-la-prefecturi-pentru-lupta-cu-pandemia","status":"publish","type":"post","link":"https:\/\/mhf.ro\/mm\/spor-salarial-la-prefecturi-pentru-lupta-cu-pandemia\/","title":{"rendered":"Spor salarial la Prefecturi, pentru \u2018lupta cu pandemia\u2019"},"content":{"rendered":"<h5>To\u021bi salaria\u021bii Prefecturii Gorj,\u00a0 beneficiaz\u0103 de un spor salarial<\/h5>\n<p>To\u021bi salaria\u021bii Prefecturii Gorj, indiferent de pozi\u021bia pe care o ocup\u0103, beneficiaz\u0103 de un spor salarial de 30 la sut\u0103, pentru c\u0103 \u201elupt\u0103 cu pandemia\u201d de coronavirus.<\/p>\n<p>Acest caz nu ar fi \u00eens\u0103 singular. Cosmin Pistol, prefectul jude\u021bului Gorj, spune c\u0103 sportul este acordat pentru salaria\u021bii tuturor prefecturilor din \u021bar\u0103, \u00een baza unei ordonan\u021be de urgen\u021b\u0103 din luna august 2020.<\/p>\n<p>\u201eSporul acesta se acord\u0103 salaria\u021bilor tuturor prefecturilor. A fost dat\u0103 o ordonan\u021b\u0103 de urgen\u021b\u0103 de minister \u00een luna august. A\u0219a a fost dat\u0103 ordonan\u021ba de urgen\u021b\u0103. (\u2026) Sumele se acord\u0103 prin Ministerul Afacerilor Interne\u201c, spune acesta, potrivit Adevarul.<\/p>\n<p>Sporuri se acord\u0103 \u0219i la Direc\u021bia de S\u0103n\u0103tate Public\u0103 (DSP): directorii primesc un spor de 40% la salariu, iar inspectorii de la inspec\u021bia sanitar\u0103 de 30%.<\/p>\n<p>\u00cen spitale, personalul medical care se ocup\u0103 de \u00eengrijirea bolnavilor confirma\u021bi cu COVID-19 beneficiaz\u0103 de un spor cuprins \u00eentre 75 \u0219i 85%.<\/p>\n<p>\u00cen schimb, peste grani\u021b\u0103, \u00een Anglia, spre exemplu, lupta \u00eempotriva Covid-19 nu este remunerat\u0103 \u00een plus.<\/p>\n<p>\u201eNu prea se fac revendic\u0103ri salariale, de\u0219i era o discu\u021bie s\u0103 ni se majoreze veniturile cu 15%. Nu se pune presiune mare pe guvernan\u021bi \u00een situa\u021bia actual\u0103. Lumea tace, munce\u0219te \u00een continuare \u0219i ne facem treaba, f\u0103r\u0103 s\u0103 ridic\u0103m preten\u021bii materiale\u201c, a spus Roxana Hotoboc, medic rom\u00e2n care lucreaz\u0103 la departamentul de urgen\u021b\u0103 la cel mai mare spital din Londra, potrivit sursei citate.<\/p>\n<p style=\"text-align: right;\">(conf. <a href=\"https:\/\/jurnalist.ro\/spor-salarial-la-prefecturi-pentru-lupta-cu-pandemia\/\">jurnalist.ro<\/a>)<\/p>\n<p style=\"text-align: right;\"><a href=\"https:\/\/riz.ro\/wp\/galerie-amenajari-exterioare\/\">Baghete polistiren extrudat RIZ<\/a><\/p>\n","protected":false},"excerpt":{"rendered":"<p>To\u021bi salaria\u021bii Prefecturii Gorj,\u00a0 beneficiaz\u0103 de un spor salarial To\u021bi salaria\u021bii Prefecturii Gorj, indiferent de pozi\u021bia pe care o ocup\u0103,<\/p>\n","protected":false},"author":1,"featured_media":3639,"comment_status":"open","ping_status":"open","sticky":false,"template":"","format":"standard","meta":{"colormag_page_container_layout":"default_layout","colormag_page_sidebar_layout":"default_layout","footnotes":""},"categories":[32,8],"tags":[],"class_list":["post-3638","post","type-post","status-publish","format-standard","has-post-thumbnail","hentry","category-comunicate","category-div"],"yoast_head":"<!-- This site is optimized with the Yoast SEO plugin v27.0 - https:\/\/yoast.com\/product\/yoast-seo-wordpress\/ -->\n<title>Spor salarial la Prefecturi, pentru \u2018lupta cu pandemia\u2019 - MHF Photography<\/title>\n<meta name=\"description\" content=\"To\u021bi salaria\u021bii Prefecturii Gorj, indiferent de pozi\u021bia pe care o ocup\u0103, beneficiaz\u0103 de un spor salarial de 30 la sut\u0103, pentru c\u0103 ...\" \/>\n<meta name=\"robots\" content=\"index, follow, max-snippet:-1, max-image-preview:large, max-video-preview:-1\" \/>\n<link rel=\"canonical\" href=\"https:\/\/mhf.ro\/mm\/spor-salarial-la-prefecturi-pentru-lupta-cu-pandemia\/\" \/>\n<meta property=\"og:locale\" content=\"ro_RO\" \/>\n<meta property=\"og:type\" content=\"article\" \/>\n<meta property=\"og:title\" content=\"Spor salarial la Prefecturi, pentru \u2018lupta cu pandemia\u2019 - MHF Photography\" \/>\n<meta property=\"og:description\" content=\"To\u021bi salaria\u021bii Prefecturii Gorj, indiferent de pozi\u021bia pe care o ocup\u0103, beneficiaz\u0103 de un spor salarial de 30 la sut\u0103, pentru c\u0103 ...\" \/>\n<meta property=\"og:url\" content=\"https:\/\/mhf.ro\/mm\/spor-salarial-la-prefecturi-pentru-lupta-cu-pandemia\/\" \/>\n<meta property=\"og:site_name\" content=\"MHF Photography\" \/>\n<meta property=\"article:published_time\" content=\"2021-01-14T08:23:18+00:00\" \/>\n<meta property=\"og:image\" content=\"https:\/\/mhf.ro\/mm\/wp-content\/uploads\/2021\/01\/sibiu_33_R.jpg\" \/>\n\t<meta property=\"og:image:width\" content=\"1280\" \/>\n\t<meta property=\"og:image:height\" content=\"853\" \/>\n\t<meta property=\"og:image:type\" content=\"image\/jpeg\" \/>\n<meta name=\"author\" content=\"Marius Marcu\" \/>\n<meta name=\"twitter:card\" content=\"summary_large_image\" \/>\n<meta name=\"twitter:label1\" content=\"Scris de\" \/>\n\t<meta name=\"twitter:data1\" content=\"Marius Marcu\" \/>\n\t<meta name=\"twitter:label2\" content=\"Timp estimat pentru citire\" \/>\n\t<meta name=\"twitter:data2\" content=\"2 minute\" \/>\n<script type=\"application\/ld+json\" class=\"yoast-schema-graph\">{\"@context\":\"https:\/\/schema.org\",\"@graph\":[{\"@type\":\"Article\",\"@id\":\"https:\/\/mhf.ro\/mm\/spor-salarial-la-prefecturi-pentru-lupta-cu-pandemia\/#article\",\"isPartOf\":{\"@id\":\"https:\/\/mhf.ro\/mm\/spor-salarial-la-prefecturi-pentru-lupta-cu-pandemia\/\"},\"author\":{\"name\":\"Marius Marcu\",\"@id\":\"https:\/\/mhf.ro\/mm\/#\/schema\/person\/a3bebf7bdb4bf12f698aff73c7e46c21\"},\"headline\":\"Spor salarial la Prefecturi, pentru \u2018lupta cu pandemia\u2019\",\"datePublished\":\"2021-01-14T08:23:18+00:00\",\"mainEntityOfPage\":{\"@id\":\"https:\/\/mhf.ro\/mm\/spor-salarial-la-prefecturi-pentru-lupta-cu-pandemia\/\"},\"wordCount\":267,\"commentCount\":0,\"publisher\":{\"@id\":\"https:\/\/mhf.ro\/mm\/#\/schema\/person\/a3bebf7bdb4bf12f698aff73c7e46c21\"},\"image\":{\"@id\":\"https:\/\/mhf.ro\/mm\/spor-salarial-la-prefecturi-pentru-lupta-cu-pandemia\/#primaryimage\"},\"thumbnailUrl\":\"https:\/\/mhf.ro\/mm\/wp-content\/uploads\/2021\/01\/sibiu_33_R.jpg\",\"articleSection\":[\"Comunicate\",\"Diverse\"],\"inLanguage\":\"ro-RO\",\"potentialAction\":[{\"@type\":\"CommentAction\",\"name\":\"Comment\",\"target\":[\"https:\/\/mhf.ro\/mm\/spor-salarial-la-prefecturi-pentru-lupta-cu-pandemia\/#respond\"]}]},{\"@type\":\"WebPage\",\"@id\":\"https:\/\/mhf.ro\/mm\/spor-salarial-la-prefecturi-pentru-lupta-cu-pandemia\/\",\"url\":\"https:\/\/mhf.ro\/mm\/spor-salarial-la-prefecturi-pentru-lupta-cu-pandemia\/\",\"name\":\"Spor salarial la Prefecturi, pentru \u2018lupta cu pandemia\u2019 - MHF Photography\",\"isPartOf\":{\"@id\":\"https:\/\/mhf.ro\/mm\/#website\"},\"primaryImageOfPage\":{\"@id\":\"https:\/\/mhf.ro\/mm\/spor-salarial-la-prefecturi-pentru-lupta-cu-pandemia\/#primaryimage\"},\"image\":{\"@id\":\"https:\/\/mhf.ro\/mm\/spor-salarial-la-prefecturi-pentru-lupta-cu-pandemia\/#primaryimage\"},\"thumbnailUrl\":\"https:\/\/mhf.ro\/mm\/wp-content\/uploads\/2021\/01\/sibiu_33_R.jpg\",\"datePublished\":\"2021-01-14T08:23:18+00:00\",\"description\":\"To\u021bi salaria\u021bii Prefecturii Gorj, indiferent de pozi\u021bia pe care o ocup\u0103, beneficiaz\u0103 de un spor salarial de 30 la sut\u0103, pentru c\u0103 ...\",\"breadcrumb\":{\"@id\":\"https:\/\/mhf.ro\/mm\/spor-salarial-la-prefecturi-pentru-lupta-cu-pandemia\/#breadcrumb\"},\"inLanguage\":\"ro-RO\",\"potentialAction\":[{\"@type\":\"ReadAction\",\"target\":[\"https:\/\/mhf.ro\/mm\/spor-salarial-la-prefecturi-pentru-lupta-cu-pandemia\/\"]}]},{\"@type\":\"ImageObject\",\"inLanguage\":\"ro-RO\",\"@id\":\"https:\/\/mhf.ro\/mm\/spor-salarial-la-prefecturi-pentru-lupta-cu-pandemia\/#primaryimage\",\"url\":\"https:\/\/mhf.ro\/mm\/wp-content\/uploads\/2021\/01\/sibiu_33_R.jpg\",\"contentUrl\":\"https:\/\/mhf.ro\/mm\/wp-content\/uploads\/2021\/01\/sibiu_33_R.jpg\",\"width\":1280,\"height\":853},{\"@type\":\"BreadcrumbList\",\"@id\":\"https:\/\/mhf.ro\/mm\/spor-salarial-la-prefecturi-pentru-lupta-cu-pandemia\/#breadcrumb\",\"itemListElement\":[{\"@type\":\"ListItem\",\"position\":1,\"name\":\"Prima pagin\u0103\",\"item\":\"https:\/\/mhf.ro\/mm\/\"},{\"@type\":\"ListItem\",\"position\":2,\"name\":\"Spor salarial la Prefecturi, pentru \u2018lupta cu pandemia\u2019\"}]},{\"@type\":\"WebSite\",\"@id\":\"https:\/\/mhf.ro\/mm\/#website\",\"url\":\"https:\/\/mhf.ro\/mm\/\",\"name\":\"MHF Photography \u2013 Blog de fotografie, natur\u0103 \u0219i tehnic\u0103 divers\u0103\",\"description\":\"Aventur\u0103 \u00een fiecare cadru.\",\"publisher\":{\"@id\":\"https:\/\/mhf.ro\/mm\/#\/schema\/person\/a3bebf7bdb4bf12f698aff73c7e46c21\"},\"potentialAction\":[{\"@type\":\"SearchAction\",\"target\":{\"@type\":\"EntryPoint\",\"urlTemplate\":\"https:\/\/mhf.ro\/mm\/?s={search_term_string}\"},\"query-input\":{\"@type\":\"PropertyValueSpecification\",\"valueRequired\":true,\"valueName\":\"search_term_string\"}}],\"inLanguage\":\"ro-RO\"},{\"@type\":[\"Person\",\"Organization\"],\"@id\":\"https:\/\/mhf.ro\/mm\/#\/schema\/person\/a3bebf7bdb4bf12f698aff73c7e46c21\",\"name\":\"Marius Marcu\",\"image\":{\"@type\":\"ImageObject\",\"inLanguage\":\"ro-RO\",\"@id\":\"https:\/\/mhf.ro\/mm\/#\/schema\/person\/image\/\",\"url\":\"https:\/\/mhf.ro\/mm\/wp-content\/uploads\/2025\/12\/cropped-logo_mhf_2.png\",\"contentUrl\":\"https:\/\/mhf.ro\/mm\/wp-content\/uploads\/2025\/12\/cropped-logo_mhf_2.png\",\"width\":1096,\"height\":457,\"caption\":\"Marius Marcu\"},\"logo\":{\"@id\":\"https:\/\/mhf.ro\/mm\/#\/schema\/person\/image\/\"},\"sameAs\":[\"https:\/\/mhf.ro\/mm\"],\"url\":\"https:\/\/mhf.ro\/mm\/author\/mihai\/\"}]}<\/script>\n<!-- \/ Yoast SEO plugin. -->","yoast_head_json":{"title":"Spor salarial la Prefecturi, pentru \u2018lupta cu pandemia\u2019 - MHF Photography","description":"To\u021bi salaria\u021bii Prefecturii Gorj, indiferent de pozi\u021bia pe care o ocup\u0103, beneficiaz\u0103 de un spor salarial de 30 la sut\u0103, pentru c\u0103 ...","robots":{"index":"index","follow":"follow","max-snippet":"max-snippet:-1","max-image-preview":"max-image-preview:large","max-video-preview":"max-video-preview:-1"},"canonical":"https:\/\/mhf.ro\/mm\/spor-salarial-la-prefecturi-pentru-lupta-cu-pandemia\/","og_locale":"ro_RO","og_type":"article","og_title":"Spor salarial la Prefecturi, pentru \u2018lupta cu pandemia\u2019 - MHF Photography","og_description":"To\u021bi salaria\u021bii Prefecturii Gorj, indiferent de pozi\u021bia pe care o ocup\u0103, beneficiaz\u0103 de un spor salarial de 30 la sut\u0103, pentru c\u0103 ...","og_url":"https:\/\/mhf.ro\/mm\/spor-salarial-la-prefecturi-pentru-lupta-cu-pandemia\/","og_site_name":"MHF Photography","article_published_time":"2021-01-14T08:23:18+00:00","og_image":[{"width":1280,"height":853,"url":"https:\/\/mhf.ro\/mm\/wp-content\/uploads\/2021\/01\/sibiu_33_R.jpg","type":"image\/jpeg"}],"author":"Marius Marcu","twitter_card":"summary_large_image","twitter_misc":{"Scris de":"Marius Marcu","Timp estimat pentru citire":"2 minute"},"schema":{"@context":"https:\/\/schema.org","@graph":[{"@type":"Article","@id":"https:\/\/mhf.ro\/mm\/spor-salarial-la-prefecturi-pentru-lupta-cu-pandemia\/#article","isPartOf":{"@id":"https:\/\/mhf.ro\/mm\/spor-salarial-la-prefecturi-pentru-lupta-cu-pandemia\/"},"author":{"name":"Marius Marcu","@id":"https:\/\/mhf.ro\/mm\/#\/schema\/person\/a3bebf7bdb4bf12f698aff73c7e46c21"},"headline":"Spor salarial la Prefecturi, pentru \u2018lupta cu pandemia\u2019","datePublished":"2021-01-14T08:23:18+00:00","mainEntityOfPage":{"@id":"https:\/\/mhf.ro\/mm\/spor-salarial-la-prefecturi-pentru-lupta-cu-pandemia\/"},"wordCount":267,"commentCount":0,"publisher":{"@id":"https:\/\/mhf.ro\/mm\/#\/schema\/person\/a3bebf7bdb4bf12f698aff73c7e46c21"},"image":{"@id":"https:\/\/mhf.ro\/mm\/spor-salarial-la-prefecturi-pentru-lupta-cu-pandemia\/#primaryimage"},"thumbnailUrl":"https:\/\/mhf.ro\/mm\/wp-content\/uploads\/2021\/01\/sibiu_33_R.jpg","articleSection":["Comunicate","Diverse"],"inLanguage":"ro-RO","potentialAction":[{"@type":"CommentAction","name":"Comment","target":["https:\/\/mhf.ro\/mm\/spor-salarial-la-prefecturi-pentru-lupta-cu-pandemia\/#respond"]}]},{"@type":"WebPage","@id":"https:\/\/mhf.ro\/mm\/spor-salarial-la-prefecturi-pentru-lupta-cu-pandemia\/","url":"https:\/\/mhf.ro\/mm\/spor-salarial-la-prefecturi-pentru-lupta-cu-pandemia\/","name":"Spor salarial la Prefecturi, pentru \u2018lupta cu pandemia\u2019 - MHF Photography","isPartOf":{"@id":"https:\/\/mhf.ro\/mm\/#website"},"primaryImageOfPage":{"@id":"https:\/\/mhf.ro\/mm\/spor-salarial-la-prefecturi-pentru-lupta-cu-pandemia\/#primaryimage"},"image":{"@id":"https:\/\/mhf.ro\/mm\/spor-salarial-la-prefecturi-pentru-lupta-cu-pandemia\/#primaryimage"},"thumbnailUrl":"https:\/\/mhf.ro\/mm\/wp-content\/uploads\/2021\/01\/sibiu_33_R.jpg","datePublished":"2021-01-14T08:23:18+00:00","description":"To\u021bi salaria\u021bii Prefecturii Gorj, indiferent de pozi\u021bia pe care o ocup\u0103, beneficiaz\u0103 de un spor salarial de 30 la sut\u0103, pentru c\u0103 ...","breadcrumb":{"@id":"https:\/\/mhf.ro\/mm\/spor-salarial-la-prefecturi-pentru-lupta-cu-pandemia\/#breadcrumb"},"inLanguage":"ro-RO","potentialAction":[{"@type":"ReadAction","target":["https:\/\/mhf.ro\/mm\/spor-salarial-la-prefecturi-pentru-lupta-cu-pandemia\/"]}]},{"@type":"ImageObject","inLanguage":"ro-RO","@id":"https:\/\/mhf.ro\/mm\/spor-salarial-la-prefecturi-pentru-lupta-cu-pandemia\/#primaryimage","url":"https:\/\/mhf.ro\/mm\/wp-content\/uploads\/2021\/01\/sibiu_33_R.jpg","contentUrl":"https:\/\/mhf.ro\/mm\/wp-content\/uploads\/2021\/01\/sibiu_33_R.jpg","width":1280,"height":853},{"@type":"BreadcrumbList","@id":"https:\/\/mhf.ro\/mm\/spor-salarial-la-prefecturi-pentru-lupta-cu-pandemia\/#breadcrumb","itemListElement":[{"@type":"ListItem","position":1,"name":"Prima pagin\u0103","item":"https:\/\/mhf.ro\/mm\/"},{"@type":"ListItem","position":2,"name":"Spor salarial la Prefecturi, pentru \u2018lupta cu pandemia\u2019"}]},{"@type":"WebSite","@id":"https:\/\/mhf.ro\/mm\/#website","url":"https:\/\/mhf.ro\/mm\/","name":"MHF Photography \u2013 Blog de fotografie, natur\u0103 \u0219i tehnic\u0103 divers\u0103","description":"Aventur\u0103 \u00een fiecare cadru.","publisher":{"@id":"https:\/\/mhf.ro\/mm\/#\/schema\/person\/a3bebf7bdb4bf12f698aff73c7e46c21"},"potentialAction":[{"@type":"SearchAction","target":{"@type":"EntryPoint","urlTemplate":"https:\/\/mhf.ro\/mm\/?s={search_term_string}"},"query-input":{"@type":"PropertyValueSpecification","valueRequired":true,"valueName":"search_term_string"}}],"inLanguage":"ro-RO"},{"@type":["Person","Organization"],"@id":"https:\/\/mhf.ro\/mm\/#\/schema\/person\/a3bebf7bdb4bf12f698aff73c7e46c21","name":"Marius Marcu","image":{"@type":"ImageObject","inLanguage":"ro-RO","@id":"https:\/\/mhf.ro\/mm\/#\/schema\/person\/image\/","url":"https:\/\/mhf.ro\/mm\/wp-content\/uploads\/2025\/12\/cropped-logo_mhf_2.png","contentUrl":"https:\/\/mhf.ro\/mm\/wp-content\/uploads\/2025\/12\/cropped-logo_mhf_2.png","width":1096,"height":457,"caption":"Marius Marcu"},"logo":{"@id":"https:\/\/mhf.ro\/mm\/#\/schema\/person\/image\/"},"sameAs":["https:\/\/mhf.ro\/mm"],"url":"https:\/\/mhf.ro\/mm\/author\/mihai\/"}]}},"_links":{"self":[{"href":"https:\/\/mhf.ro\/mm\/wp-json\/wp\/v2\/posts\/3638","targetHints":{"allow":["GET"]}}],"collection":[{"href":"https:\/\/mhf.ro\/mm\/wp-json\/wp\/v2\/posts"}],"about":[{"href":"https:\/\/mhf.ro\/mm\/wp-json\/wp\/v2\/types\/post"}],"author":[{"embeddable":true,"href":"https:\/\/mhf.ro\/mm\/wp-json\/wp\/v2\/users\/1"}],"replies":[{"embeddable":true,"href":"https:\/\/mhf.ro\/mm\/wp-json\/wp\/v2\/comments?post=3638"}],"version-history":[{"count":1,"href":"https:\/\/mhf.ro\/mm\/wp-json\/wp\/v2\/posts\/3638\/revisions"}],"predecessor-version":[{"id":3640,"href":"https:\/\/mhf.ro\/mm\/wp-json\/wp\/v2\/posts\/3638\/revisions\/3640"}],"wp:featuredmedia":[{"embeddable":true,"href":"https:\/\/mhf.ro\/mm\/wp-json\/wp\/v2\/media\/3639"}],"wp:attachment":[{"href":"https:\/\/mhf.ro\/mm\/wp-json\/wp\/v2\/media?parent=3638"}],"wp:term":[{"taxonomy":"category","embeddable":true,"href":"https:\/\/mhf.ro\/mm\/wp-json\/wp\/v2\/categories?post=3638"},{"taxonomy":"post_tag","embeddable":true,"href":"https:\/\/mhf.ro\/mm\/wp-json\/wp\/v2\/tags?post=3638"}],"curies":[{"name":"wp","href":"https:\/\/api.w.org\/{rel}","templated":true}]}}