{"id":3676,"date":"2021-01-14T21:30:50","date_gmt":"2021-01-14T19:30:50","guid":{"rendered":"https:\/\/mhf.ro\/mm\/?p=3676"},"modified":"2021-01-14T21:30:50","modified_gmt":"2021-01-14T19:30:50","slug":"iohannis-anunta-redeschiderea-scolilor-din-8-februarie","status":"publish","type":"post","link":"https:\/\/mhf.ro\/mm\/iohannis-anunta-redeschiderea-scolilor-din-8-februarie\/","title":{"rendered":"Iohannis anun\u021b\u0103 redeschiderea \u0219colilor din 8 februarie"},"content":{"rendered":"<p>Majoritatea \u0219colilor vor fi redeschise din 8 februarie, odat\u0103 cu \u00eenceperea semestrului al doilea, a anun\u021ba, joi, pre\u0219edintele Klaus Iohannis. Potrivit \u0219efului statului m\u0103sura va fi luat\u0103 \u00een func\u021bie de scenariul \u00een care se afl\u0103 fiecare localitate.<\/p>\n<p>\u00cen ceea ce prive\u0219te redeschiderea universit\u0103\u021bilor, decizia va fi luat\u0103 de fiecare universitate.<\/p>\n<p>\u201eTema discu\u021biei a constat \u00een deschidem sau nu deschidem \u0219colile pentru \u00eenv\u0103\u021b\u0103m\u00e2ntul fa\u021b\u0103 \u00een fa\u021b\u0103 \u0219i pot s\u0103 v\u0103 comunic c\u0103 am ajuns \u00een unanimitate, cei care au participat la discu\u021bie, la o concluzie extrem de important\u0103. \u00cencep\u00e2nd din semestrul II, adic\u0103 dup\u0103 vacan\u021ba de o s\u0103pt\u0103m\u00e2n\u0103 care urmeaz\u0103 la \u00eenceputul lui februarie, din 8 februarie, c\u00e2nd \u00eencepe semestrul II, majoritatea \u0219colilor se vor redeschide, asta, evident, \u00een condi\u021biile \u00een care pandemia evolueaz\u0103 aproximativ la fel cum am avut evolu\u021biile \u00een ultimele s\u0103pt\u0103m\u00e2ni. Asta \u00eensemn\u00e2nd majoritatea \u0219colilor se redeschid, elevii revin la \u0219coal\u0103. Se revine practic la sistemul descentralizat care \u021bine cont de evolu\u021bia pandemiei din fiecare localitate\u201d, a spus \u0219eful statului la Palatul Cotroceni.<\/p>\n<p>O decizie final\u0103 va fi luat\u0103 \u00een 2 februarie, c\u00e2nd la Palatul Cotroceni este programat\u0103 o nou\u0103 \u0219edin\u021b\u0103 a pre\u0219edintelui cu premierul Florin C\u00ee\u021bu, ministrul S\u0103n\u0103t\u0103\u021bii, Vlad Voiculescu, ministrul Educa\u021biei, Sorin C\u00eempeanu, \u0219i \u0219eful Departamentului pentru Situa\u021bii de Urgen\u021b\u0103, secretar de stat \u00een Ministerul Afacerilor Interne, Raed Arafat.<\/p>\n<p style=\"text-align: right;\">(conf. Jurnalist.ro)<\/p>\n","protected":false},"excerpt":{"rendered":"<p>Majoritatea \u0219colilor vor fi redeschise din 8 februarie, odat\u0103 cu \u00eenceperea semestrului al doilea, a anun\u021ba, joi, pre\u0219edintele Klaus Iohannis.<\/p>\n","protected":false},"author":1,"featured_media":3677,"comment_status":"open","ping_status":"open","sticky":false,"template":"","format":"standard","meta":{"colormag_page_container_layout":"default_layout","colormag_page_sidebar_layout":"default_layout","footnotes":""},"categories":[32,5],"tags":[],"class_list":["post-3676","post","type-post","status-publish","format-standard","has-post-thumbnail","hentry","category-comunicate","category-locale"],"yoast_head":"<!-- This site is optimized with the Yoast SEO plugin v27.0 - https:\/\/yoast.com\/product\/yoast-seo-wordpress\/ -->\n<title>Iohannis anun\u021b\u0103 redeschiderea \u0219colilor din 8 februarie - MHF Photography<\/title>\n<meta name=\"description\" content=\"Majoritatea \u0219colilor vor fi redeschise din 8 februarie, odat\u0103 cu \u00eenceperea semestrului al doilea, a anun\u021ba, joi, pre\u0219edintele Klaus Iohannis\" \/>\n<meta name=\"robots\" content=\"index, follow, max-snippet:-1, max-image-preview:large, max-video-preview:-1\" \/>\n<link rel=\"canonical\" href=\"https:\/\/mhf.ro\/mm\/iohannis-anunta-redeschiderea-scolilor-din-8-februarie\/\" \/>\n<meta property=\"og:locale\" content=\"ro_RO\" \/>\n<meta property=\"og:type\" content=\"article\" \/>\n<meta property=\"og:title\" content=\"Iohannis anun\u021b\u0103 redeschiderea \u0219colilor din 8 februarie - MHF Photography\" \/>\n<meta property=\"og:description\" content=\"Majoritatea \u0219colilor vor fi redeschise din 8 februarie, odat\u0103 cu \u00eenceperea semestrului al doilea, a anun\u021ba, joi, pre\u0219edintele Klaus Iohannis\" \/>\n<meta property=\"og:url\" content=\"https:\/\/mhf.ro\/mm\/iohannis-anunta-redeschiderea-scolilor-din-8-februarie\/\" \/>\n<meta property=\"og:site_name\" content=\"MHF Photography\" \/>\n<meta property=\"article:published_time\" content=\"2021-01-14T19:30:50+00:00\" \/>\n<meta property=\"og:image\" content=\"https:\/\/mhf.ro\/mm\/wp-content\/uploads\/2021\/01\/klaus-iohannis-1.jpg\" \/>\n\t<meta property=\"og:image:width\" content=\"789\" \/>\n\t<meta property=\"og:image:height\" content=\"445\" \/>\n\t<meta property=\"og:image:type\" content=\"image\/jpeg\" \/>\n<meta name=\"author\" content=\"Marius Marcu\" \/>\n<meta name=\"twitter:card\" content=\"summary_large_image\" \/>\n<meta name=\"twitter:label1\" content=\"Scris de\" \/>\n\t<meta name=\"twitter:data1\" content=\"Marius Marcu\" \/>\n\t<meta name=\"twitter:label2\" content=\"Timp estimat pentru citire\" \/>\n\t<meta name=\"twitter:data2\" content=\"1 minut\" \/>\n<script type=\"application\/ld+json\" class=\"yoast-schema-graph\">{\"@context\":\"https:\/\/schema.org\",\"@graph\":[{\"@type\":\"Article\",\"@id\":\"https:\/\/mhf.ro\/mm\/iohannis-anunta-redeschiderea-scolilor-din-8-februarie\/#article\",\"isPartOf\":{\"@id\":\"https:\/\/mhf.ro\/mm\/iohannis-anunta-redeschiderea-scolilor-din-8-februarie\/\"},\"author\":{\"name\":\"Marius Marcu\",\"@id\":\"https:\/\/mhf.ro\/mm\/#\/schema\/person\/a3bebf7bdb4bf12f698aff73c7e46c21\"},\"headline\":\"Iohannis anun\u021b\u0103 redeschiderea \u0219colilor din 8 februarie\",\"datePublished\":\"2021-01-14T19:30:50+00:00\",\"mainEntityOfPage\":{\"@id\":\"https:\/\/mhf.ro\/mm\/iohannis-anunta-redeschiderea-scolilor-din-8-februarie\/\"},\"wordCount\":251,\"commentCount\":0,\"publisher\":{\"@id\":\"https:\/\/mhf.ro\/mm\/#\/schema\/person\/a3bebf7bdb4bf12f698aff73c7e46c21\"},\"image\":{\"@id\":\"https:\/\/mhf.ro\/mm\/iohannis-anunta-redeschiderea-scolilor-din-8-februarie\/#primaryimage\"},\"thumbnailUrl\":\"https:\/\/mhf.ro\/mm\/wp-content\/uploads\/2021\/01\/klaus-iohannis-1.jpg\",\"articleSection\":[\"Comunicate\",\"Locale\"],\"inLanguage\":\"ro-RO\",\"potentialAction\":[{\"@type\":\"CommentAction\",\"name\":\"Comment\",\"target\":[\"https:\/\/mhf.ro\/mm\/iohannis-anunta-redeschiderea-scolilor-din-8-februarie\/#respond\"]}]},{\"@type\":\"WebPage\",\"@id\":\"https:\/\/mhf.ro\/mm\/iohannis-anunta-redeschiderea-scolilor-din-8-februarie\/\",\"url\":\"https:\/\/mhf.ro\/mm\/iohannis-anunta-redeschiderea-scolilor-din-8-februarie\/\",\"name\":\"Iohannis anun\u021b\u0103 redeschiderea \u0219colilor din 8 februarie - MHF Photography\",\"isPartOf\":{\"@id\":\"https:\/\/mhf.ro\/mm\/#website\"},\"primaryImageOfPage\":{\"@id\":\"https:\/\/mhf.ro\/mm\/iohannis-anunta-redeschiderea-scolilor-din-8-februarie\/#primaryimage\"},\"image\":{\"@id\":\"https:\/\/mhf.ro\/mm\/iohannis-anunta-redeschiderea-scolilor-din-8-februarie\/#primaryimage\"},\"thumbnailUrl\":\"https:\/\/mhf.ro\/mm\/wp-content\/uploads\/2021\/01\/klaus-iohannis-1.jpg\",\"datePublished\":\"2021-01-14T19:30:50+00:00\",\"description\":\"Majoritatea \u0219colilor vor fi redeschise din 8 februarie, odat\u0103 cu \u00eenceperea semestrului al doilea, a anun\u021ba, joi, pre\u0219edintele Klaus Iohannis\",\"breadcrumb\":{\"@id\":\"https:\/\/mhf.ro\/mm\/iohannis-anunta-redeschiderea-scolilor-din-8-februarie\/#breadcrumb\"},\"inLanguage\":\"ro-RO\",\"potentialAction\":[{\"@type\":\"ReadAction\",\"target\":[\"https:\/\/mhf.ro\/mm\/iohannis-anunta-redeschiderea-scolilor-din-8-februarie\/\"]}]},{\"@type\":\"ImageObject\",\"inLanguage\":\"ro-RO\",\"@id\":\"https:\/\/mhf.ro\/mm\/iohannis-anunta-redeschiderea-scolilor-din-8-februarie\/#primaryimage\",\"url\":\"https:\/\/mhf.ro\/mm\/wp-content\/uploads\/2021\/01\/klaus-iohannis-1.jpg\",\"contentUrl\":\"https:\/\/mhf.ro\/mm\/wp-content\/uploads\/2021\/01\/klaus-iohannis-1.jpg\",\"width\":789,\"height\":445},{\"@type\":\"BreadcrumbList\",\"@id\":\"https:\/\/mhf.ro\/mm\/iohannis-anunta-redeschiderea-scolilor-din-8-februarie\/#breadcrumb\",\"itemListElement\":[{\"@type\":\"ListItem\",\"position\":1,\"name\":\"Prima pagin\u0103\",\"item\":\"https:\/\/mhf.ro\/mm\/\"},{\"@type\":\"ListItem\",\"position\":2,\"name\":\"Iohannis anun\u021b\u0103 redeschiderea \u0219colilor din 8 februarie\"}]},{\"@type\":\"WebSite\",\"@id\":\"https:\/\/mhf.ro\/mm\/#website\",\"url\":\"https:\/\/mhf.ro\/mm\/\",\"name\":\"MHF Photography \u2013 Blog de fotografie, natur\u0103 \u0219i tehnic\u0103 divers\u0103\",\"description\":\"Aventur\u0103 \u00een fiecare cadru.\",\"publisher\":{\"@id\":\"https:\/\/mhf.ro\/mm\/#\/schema\/person\/a3bebf7bdb4bf12f698aff73c7e46c21\"},\"potentialAction\":[{\"@type\":\"SearchAction\",\"target\":{\"@type\":\"EntryPoint\",\"urlTemplate\":\"https:\/\/mhf.ro\/mm\/?s={search_term_string}\"},\"query-input\":{\"@type\":\"PropertyValueSpecification\",\"valueRequired\":true,\"valueName\":\"search_term_string\"}}],\"inLanguage\":\"ro-RO\"},{\"@type\":[\"Person\",\"Organization\"],\"@id\":\"https:\/\/mhf.ro\/mm\/#\/schema\/person\/a3bebf7bdb4bf12f698aff73c7e46c21\",\"name\":\"Marius Marcu\",\"image\":{\"@type\":\"ImageObject\",\"inLanguage\":\"ro-RO\",\"@id\":\"https:\/\/mhf.ro\/mm\/#\/schema\/person\/image\/\",\"url\":\"https:\/\/mhf.ro\/mm\/wp-content\/uploads\/2025\/12\/cropped-logo_mhf_2.png\",\"contentUrl\":\"https:\/\/mhf.ro\/mm\/wp-content\/uploads\/2025\/12\/cropped-logo_mhf_2.png\",\"width\":1096,\"height\":457,\"caption\":\"Marius Marcu\"},\"logo\":{\"@id\":\"https:\/\/mhf.ro\/mm\/#\/schema\/person\/image\/\"},\"sameAs\":[\"https:\/\/mhf.ro\/mm\"],\"url\":\"https:\/\/mhf.ro\/mm\/author\/mihai\/\"}]}<\/script>\n<!-- \/ Yoast SEO plugin. -->","yoast_head_json":{"title":"Iohannis anun\u021b\u0103 redeschiderea \u0219colilor din 8 februarie - MHF Photography","description":"Majoritatea \u0219colilor vor fi redeschise din 8 februarie, odat\u0103 cu \u00eenceperea semestrului al doilea, a anun\u021ba, joi, pre\u0219edintele Klaus Iohannis","robots":{"index":"index","follow":"follow","max-snippet":"max-snippet:-1","max-image-preview":"max-image-preview:large","max-video-preview":"max-video-preview:-1"},"canonical":"https:\/\/mhf.ro\/mm\/iohannis-anunta-redeschiderea-scolilor-din-8-februarie\/","og_locale":"ro_RO","og_type":"article","og_title":"Iohannis anun\u021b\u0103 redeschiderea \u0219colilor din 8 februarie - MHF Photography","og_description":"Majoritatea \u0219colilor vor fi redeschise din 8 februarie, odat\u0103 cu \u00eenceperea semestrului al doilea, a anun\u021ba, joi, pre\u0219edintele Klaus Iohannis","og_url":"https:\/\/mhf.ro\/mm\/iohannis-anunta-redeschiderea-scolilor-din-8-februarie\/","og_site_name":"MHF Photography","article_published_time":"2021-01-14T19:30:50+00:00","og_image":[{"width":789,"height":445,"url":"https:\/\/mhf.ro\/mm\/wp-content\/uploads\/2021\/01\/klaus-iohannis-1.jpg","type":"image\/jpeg"}],"author":"Marius Marcu","twitter_card":"summary_large_image","twitter_misc":{"Scris de":"Marius Marcu","Timp estimat pentru citire":"1 minut"},"schema":{"@context":"https:\/\/schema.org","@graph":[{"@type":"Article","@id":"https:\/\/mhf.ro\/mm\/iohannis-anunta-redeschiderea-scolilor-din-8-februarie\/#article","isPartOf":{"@id":"https:\/\/mhf.ro\/mm\/iohannis-anunta-redeschiderea-scolilor-din-8-februarie\/"},"author":{"name":"Marius Marcu","@id":"https:\/\/mhf.ro\/mm\/#\/schema\/person\/a3bebf7bdb4bf12f698aff73c7e46c21"},"headline":"Iohannis anun\u021b\u0103 redeschiderea \u0219colilor din 8 februarie","datePublished":"2021-01-14T19:30:50+00:00","mainEntityOfPage":{"@id":"https:\/\/mhf.ro\/mm\/iohannis-anunta-redeschiderea-scolilor-din-8-februarie\/"},"wordCount":251,"commentCount":0,"publisher":{"@id":"https:\/\/mhf.ro\/mm\/#\/schema\/person\/a3bebf7bdb4bf12f698aff73c7e46c21"},"image":{"@id":"https:\/\/mhf.ro\/mm\/iohannis-anunta-redeschiderea-scolilor-din-8-februarie\/#primaryimage"},"thumbnailUrl":"https:\/\/mhf.ro\/mm\/wp-content\/uploads\/2021\/01\/klaus-iohannis-1.jpg","articleSection":["Comunicate","Locale"],"inLanguage":"ro-RO","potentialAction":[{"@type":"CommentAction","name":"Comment","target":["https:\/\/mhf.ro\/mm\/iohannis-anunta-redeschiderea-scolilor-din-8-februarie\/#respond"]}]},{"@type":"WebPage","@id":"https:\/\/mhf.ro\/mm\/iohannis-anunta-redeschiderea-scolilor-din-8-februarie\/","url":"https:\/\/mhf.ro\/mm\/iohannis-anunta-redeschiderea-scolilor-din-8-februarie\/","name":"Iohannis anun\u021b\u0103 redeschiderea \u0219colilor din 8 februarie - MHF Photography","isPartOf":{"@id":"https:\/\/mhf.ro\/mm\/#website"},"primaryImageOfPage":{"@id":"https:\/\/mhf.ro\/mm\/iohannis-anunta-redeschiderea-scolilor-din-8-februarie\/#primaryimage"},"image":{"@id":"https:\/\/mhf.ro\/mm\/iohannis-anunta-redeschiderea-scolilor-din-8-februarie\/#primaryimage"},"thumbnailUrl":"https:\/\/mhf.ro\/mm\/wp-content\/uploads\/2021\/01\/klaus-iohannis-1.jpg","datePublished":"2021-01-14T19:30:50+00:00","description":"Majoritatea \u0219colilor vor fi redeschise din 8 februarie, odat\u0103 cu \u00eenceperea semestrului al doilea, a anun\u021ba, joi, pre\u0219edintele Klaus Iohannis","breadcrumb":{"@id":"https:\/\/mhf.ro\/mm\/iohannis-anunta-redeschiderea-scolilor-din-8-februarie\/#breadcrumb"},"inLanguage":"ro-RO","potentialAction":[{"@type":"ReadAction","target":["https:\/\/mhf.ro\/mm\/iohannis-anunta-redeschiderea-scolilor-din-8-februarie\/"]}]},{"@type":"ImageObject","inLanguage":"ro-RO","@id":"https:\/\/mhf.ro\/mm\/iohannis-anunta-redeschiderea-scolilor-din-8-februarie\/#primaryimage","url":"https:\/\/mhf.ro\/mm\/wp-content\/uploads\/2021\/01\/klaus-iohannis-1.jpg","contentUrl":"https:\/\/mhf.ro\/mm\/wp-content\/uploads\/2021\/01\/klaus-iohannis-1.jpg","width":789,"height":445},{"@type":"BreadcrumbList","@id":"https:\/\/mhf.ro\/mm\/iohannis-anunta-redeschiderea-scolilor-din-8-februarie\/#breadcrumb","itemListElement":[{"@type":"ListItem","position":1,"name":"Prima pagin\u0103","item":"https:\/\/mhf.ro\/mm\/"},{"@type":"ListItem","position":2,"name":"Iohannis anun\u021b\u0103 redeschiderea \u0219colilor din 8 februarie"}]},{"@type":"WebSite","@id":"https:\/\/mhf.ro\/mm\/#website","url":"https:\/\/mhf.ro\/mm\/","name":"MHF Photography \u2013 Blog de fotografie, natur\u0103 \u0219i tehnic\u0103 divers\u0103","description":"Aventur\u0103 \u00een fiecare cadru.","publisher":{"@id":"https:\/\/mhf.ro\/mm\/#\/schema\/person\/a3bebf7bdb4bf12f698aff73c7e46c21"},"potentialAction":[{"@type":"SearchAction","target":{"@type":"EntryPoint","urlTemplate":"https:\/\/mhf.ro\/mm\/?s={search_term_string}"},"query-input":{"@type":"PropertyValueSpecification","valueRequired":true,"valueName":"search_term_string"}}],"inLanguage":"ro-RO"},{"@type":["Person","Organization"],"@id":"https:\/\/mhf.ro\/mm\/#\/schema\/person\/a3bebf7bdb4bf12f698aff73c7e46c21","name":"Marius Marcu","image":{"@type":"ImageObject","inLanguage":"ro-RO","@id":"https:\/\/mhf.ro\/mm\/#\/schema\/person\/image\/","url":"https:\/\/mhf.ro\/mm\/wp-content\/uploads\/2025\/12\/cropped-logo_mhf_2.png","contentUrl":"https:\/\/mhf.ro\/mm\/wp-content\/uploads\/2025\/12\/cropped-logo_mhf_2.png","width":1096,"height":457,"caption":"Marius Marcu"},"logo":{"@id":"https:\/\/mhf.ro\/mm\/#\/schema\/person\/image\/"},"sameAs":["https:\/\/mhf.ro\/mm"],"url":"https:\/\/mhf.ro\/mm\/author\/mihai\/"}]}},"_links":{"self":[{"href":"https:\/\/mhf.ro\/mm\/wp-json\/wp\/v2\/posts\/3676","targetHints":{"allow":["GET"]}}],"collection":[{"href":"https:\/\/mhf.ro\/mm\/wp-json\/wp\/v2\/posts"}],"about":[{"href":"https:\/\/mhf.ro\/mm\/wp-json\/wp\/v2\/types\/post"}],"author":[{"embeddable":true,"href":"https:\/\/mhf.ro\/mm\/wp-json\/wp\/v2\/users\/1"}],"replies":[{"embeddable":true,"href":"https:\/\/mhf.ro\/mm\/wp-json\/wp\/v2\/comments?post=3676"}],"version-history":[{"count":1,"href":"https:\/\/mhf.ro\/mm\/wp-json\/wp\/v2\/posts\/3676\/revisions"}],"predecessor-version":[{"id":3678,"href":"https:\/\/mhf.ro\/mm\/wp-json\/wp\/v2\/posts\/3676\/revisions\/3678"}],"wp:featuredmedia":[{"embeddable":true,"href":"https:\/\/mhf.ro\/mm\/wp-json\/wp\/v2\/media\/3677"}],"wp:attachment":[{"href":"https:\/\/mhf.ro\/mm\/wp-json\/wp\/v2\/media?parent=3676"}],"wp:term":[{"taxonomy":"category","embeddable":true,"href":"https:\/\/mhf.ro\/mm\/wp-json\/wp\/v2\/categories?post=3676"},{"taxonomy":"post_tag","embeddable":true,"href":"https:\/\/mhf.ro\/mm\/wp-json\/wp\/v2\/tags?post=3676"}],"curies":[{"name":"wp","href":"https:\/\/api.w.org\/{rel}","templated":true}]}}