{"id":3684,"date":"2021-01-15T10:19:28","date_gmt":"2021-01-15T08:19:28","guid":{"rendered":"https:\/\/mhf.ro\/mm\/?p=3684"},"modified":"2021-01-15T10:19:28","modified_gmt":"2021-01-15T08:19:28","slug":"ministrul-energiei-ajuta-romanii-fara-contracte-noi","status":"publish","type":"post","link":"https:\/\/mhf.ro\/mm\/ministrul-energiei-ajuta-romanii-fara-contracte-noi\/","title":{"rendered":"Ministrul Energiei ajut\u0103 rom\u00e2nii f\u0103r\u0103 contracte noi"},"content":{"rendered":"<p>Virgil Popescu este primul ministru din actualul cabinet care ia o m\u0103sur\u0103 pentru oamenii de r\u00e2nd \u0219i nu una \u00een favoarea marilor companii. Este vorba de eliminarea haosului de pe pia\u021ba energiei: consumatorii vor putea primi reduceri de pre\u021b de la furnizorii de ultim\u0103 instan\u021b\u0103 (Enel, Cez, Electrica, E. ON). Prin modificarea legislativ\u0103 de care vorbim, cei enumera\u021bi vor acorda o reducere comercial\u0103 p\u00e2n\u0103 pe 30 iunie clien\u021bilor casnici care s-au trezit \u00een situa\u021bia de a fi factura\u021bi la preturi mult mai mari.<\/p>\n<p>Aproape 6 milioane de oameni din cei 8,7 milioane de consumatori casnici de energie au fost trecu\u021bi automat din regim reglementat \u00een serviciul universal, care, a\u0219a cum am spus \u00een mai multe r\u00e2nduri, este pl\u0103tit cu pre\u021b mult mai mare dec\u00e2t cel de pe pia\u021ba liber\u0103. P\u00e2n\u0103 la interven\u021bia ministrului, nicio autoritate nu s-a preocupat de situa\u021bia acestor oameni. Ne referim \u00een special la Autoritatea Na\u021bional\u0103 de Reglementare \u00een domeniul energiei (ANRE). Cei de acolo sunt pl\u0103ti\u021bi din banii colecta\u021bi de la firmele furnizoare de energie, adic\u0103 exact de c\u0103tre cei ce f\u0103ceau acele profituri uria\u0219e pe spatele oamenilor. Iar salariile celor de la ANRE sunt cele care au scandalizat Rom\u00e2nia \u00een ultimii ani..<\/p>\n<h5>\u00cen ce constau modific\u0103rile<\/h5>\n<p>Prin demersul ministrului Virgil Popescu se modific\u0103 Legea energiei 123\/2012, astfel \u00eenc\u00e2t s\u0103 oblige furnizorii de ultim\u0103 instan\u021b\u0103 s\u0103 factureze consumul de energie realizat \u00een perioada 1 ianuarie- 30 iunie 2021 de c\u0103tre clien\u021bii casnici din portofoliu la un pre\u021b egal cu minimul dintre pre\u021bul din oferta de serviciu universal \u0219i pre\u021bul din oferta concuren\u021bial\u0103, cu valoarea cea mai mic\u0103 a respectivului furnizor, valabile la 1 ianuarie 2021.<\/p>\n<p>Furnizorii de ultim\u0103 instan\u021b\u0103 vor avea obliga\u021bia de a comunica clien\u021bilor casnici din portofoliu, \u00een perioada 1 februarie-30 iunie 2021, oferta de serviciu universal, precum \u0219i ofertele concuren\u021biale cele mai adecvate profilului de consum al clientului, care vor con\u021bine valorile tuturor elementelor ce intr\u0103 \u00een calculul valorii facturii.<\/p>\n<p>Furnizorii de ultim\u0103 instan\u021b\u0103 au obliga\u021bia de a informa lunar, cu bun\u0103 credin\u021b\u0103, \u00een perioada cuprins\u0103 \u00eentre 1 ianuarie \u0219i 30 iunie 2021, clien\u021bii casnici \u0219i beneficiarii de serviciu universal din portofoliul propriu, cu privire la ofertele concuren\u021biale proprii aplicabile \u0219i la dreptul de a \u00eencheia un contract pe pia\u021ba concuren\u021bial\u0103 cu orice furnizor licen\u021biat.<\/p>\n<p>\u00cencep\u00e2nd cu data de 1 iulie 2021, \u00een cazul clien\u021bilor casnici care nu au \u00eencheiat cu un furnizor un contract concuren\u021bial cu intrare \u00een vigoare p\u00e2n\u0103 la data de 1 iulie 2021, consumul de energie realizat de la respectiva dat\u0103 se factureaz\u0103 de c\u0103tre furnizorii de ultim\u0103 instan\u021b\u0103 cu un pre\u021b egal cu pre\u021bul din oferta de serviciu universal \u00een vigoare, sub condi\u021bia \u00eendeplinirii obliga\u021biei de a continua s\u0103-\u0219i informeze lunar, p\u00e2n\u0103 la sf\u00e2r\u0219itul anului 2021, clien\u021bii casnici beneficiar de serviciu universal cu privire la ofertele concuren\u021biale proprii aplicabile \u0219i la dreptul de a \u00eencheia un contract pe pia\u021ba concuren\u021bial\u0103 cu orice furnizor licen\u021biat.<\/p>\n<p>Autoritatea Na\u021bional\u0103 de Reglementare \u00een Domeniul Energiei (ANRE) are obliga\u021bia de a derula, pe parcursul \u00eentregului an 2021, campanii de informare care s\u0103 vizeze informarea consumatorilor cu privire la exercitarea dreptului de a-\u0219i alege furnizorul de energie \u0219i la avantajele furniz\u0103rii energiei \u00een regim concuren\u021bial, cu sublinierea dreptului oric\u0103rui consumator casnic de a \u00eencheia contract cu orice furnizor licen\u021biat, f\u0103r\u0103 niciun impediment din partea actualului furnizor.<br \/>\nLegat de activitatea ministrului Popescu, mai trebuie amintit c\u0103 acesta a fost primul care a avut curajul s\u0103 denun\u021be public managementul defectuos al fostului primar general, Gabriela Firea. Acesta a declan\u0219at scandalul Radet-Elcen, prilej cu care am putut vedea to\u021bi adev\u0103ratele probleme ale \u00eenc\u0103lzirii Capitalei.<\/p>\n<p style=\"text-align: right;\">(conf. <a href=\"https:\/\/jurnalist.ro\/ministrul-energiei-ajuta-romanii-fara-contracte-noi\/\">Jurnalist.ro<\/a><a href=\"https:\/\/riz.ro\/wp\/\">)<\/a><\/p>\n<p style=\"text-align: right;\"><a href=\"https:\/\/riz.ro\/wp\/\">Coloane din polistiren<\/a><\/p>\n","protected":false},"excerpt":{"rendered":"<p>Virgil Popescu este primul ministru din actualul cabinet care ia o m\u0103sur\u0103 pentru oamenii de r\u00e2nd \u0219i nu una \u00een<\/p>\n","protected":false},"author":1,"featured_media":3685,"comment_status":"open","ping_status":"open","sticky":false,"template":"","format":"standard","meta":{"colormag_page_container_layout":"default_layout","colormag_page_sidebar_layout":"default_layout","footnotes":""},"categories":[32,5],"tags":[],"class_list":["post-3684","post","type-post","status-publish","format-standard","has-post-thumbnail","hentry","category-comunicate","category-locale"],"yoast_head":"<!-- This site is optimized with the Yoast SEO plugin v27.0 - https:\/\/yoast.com\/product\/yoast-seo-wordpress\/ -->\n<title>Ministrul Energiei ajut\u0103 rom\u00e2nii f\u0103r\u0103 contracte noi - MHF Photography<\/title>\n<meta name=\"description\" content=\"Aproape 6 milioane de oameni din cei 8,7 milioane de consumatori casnici de energie au fost trecu\u021bi automat \u00een serviciul universal\" \/>\n<meta name=\"robots\" content=\"index, follow, max-snippet:-1, max-image-preview:large, max-video-preview:-1\" \/>\n<link rel=\"canonical\" href=\"https:\/\/mhf.ro\/mm\/ministrul-energiei-ajuta-romanii-fara-contracte-noi\/\" \/>\n<meta property=\"og:locale\" content=\"ro_RO\" \/>\n<meta property=\"og:type\" content=\"article\" \/>\n<meta property=\"og:title\" content=\"Ministrul Energiei ajut\u0103 rom\u00e2nii f\u0103r\u0103 contracte noi - MHF Photography\" \/>\n<meta property=\"og:description\" content=\"Aproape 6 milioane de oameni din cei 8,7 milioane de consumatori casnici de energie au fost trecu\u021bi automat \u00een serviciul universal\" \/>\n<meta property=\"og:url\" content=\"https:\/\/mhf.ro\/mm\/ministrul-energiei-ajuta-romanii-fara-contracte-noi\/\" \/>\n<meta property=\"og:site_name\" content=\"MHF Photography\" \/>\n<meta property=\"article:published_time\" content=\"2021-01-15T08:19:28+00:00\" \/>\n<meta property=\"og:image\" content=\"https:\/\/mhf.ro\/mm\/wp-content\/uploads\/2021\/01\/retea_electrica.jpg\" \/>\n\t<meta property=\"og:image:width\" content=\"1280\" \/>\n\t<meta property=\"og:image:height\" content=\"850\" \/>\n\t<meta property=\"og:image:type\" content=\"image\/jpeg\" \/>\n<meta name=\"author\" content=\"Marius Marcu\" \/>\n<meta name=\"twitter:card\" content=\"summary_large_image\" \/>\n<meta name=\"twitter:label1\" content=\"Scris de\" \/>\n\t<meta name=\"twitter:data1\" content=\"Marius Marcu\" \/>\n\t<meta name=\"twitter:label2\" content=\"Timp estimat pentru citire\" \/>\n\t<meta name=\"twitter:data2\" content=\"3 minute\" \/>\n<script type=\"application\/ld+json\" class=\"yoast-schema-graph\">{\"@context\":\"https:\/\/schema.org\",\"@graph\":[{\"@type\":\"Article\",\"@id\":\"https:\/\/mhf.ro\/mm\/ministrul-energiei-ajuta-romanii-fara-contracte-noi\/#article\",\"isPartOf\":{\"@id\":\"https:\/\/mhf.ro\/mm\/ministrul-energiei-ajuta-romanii-fara-contracte-noi\/\"},\"author\":{\"name\":\"Marius Marcu\",\"@id\":\"https:\/\/mhf.ro\/mm\/#\/schema\/person\/a3bebf7bdb4bf12f698aff73c7e46c21\"},\"headline\":\"Ministrul Energiei ajut\u0103 rom\u00e2nii f\u0103r\u0103 contracte noi\",\"datePublished\":\"2021-01-15T08:19:28+00:00\",\"mainEntityOfPage\":{\"@id\":\"https:\/\/mhf.ro\/mm\/ministrul-energiei-ajuta-romanii-fara-contracte-noi\/\"},\"wordCount\":655,\"commentCount\":0,\"publisher\":{\"@id\":\"https:\/\/mhf.ro\/mm\/#\/schema\/person\/a3bebf7bdb4bf12f698aff73c7e46c21\"},\"image\":{\"@id\":\"https:\/\/mhf.ro\/mm\/ministrul-energiei-ajuta-romanii-fara-contracte-noi\/#primaryimage\"},\"thumbnailUrl\":\"https:\/\/mhf.ro\/mm\/wp-content\/uploads\/2021\/01\/retea_electrica.jpg\",\"articleSection\":[\"Comunicate\",\"Locale\"],\"inLanguage\":\"ro-RO\",\"potentialAction\":[{\"@type\":\"CommentAction\",\"name\":\"Comment\",\"target\":[\"https:\/\/mhf.ro\/mm\/ministrul-energiei-ajuta-romanii-fara-contracte-noi\/#respond\"]}]},{\"@type\":\"WebPage\",\"@id\":\"https:\/\/mhf.ro\/mm\/ministrul-energiei-ajuta-romanii-fara-contracte-noi\/\",\"url\":\"https:\/\/mhf.ro\/mm\/ministrul-energiei-ajuta-romanii-fara-contracte-noi\/\",\"name\":\"Ministrul Energiei ajut\u0103 rom\u00e2nii f\u0103r\u0103 contracte noi - MHF Photography\",\"isPartOf\":{\"@id\":\"https:\/\/mhf.ro\/mm\/#website\"},\"primaryImageOfPage\":{\"@id\":\"https:\/\/mhf.ro\/mm\/ministrul-energiei-ajuta-romanii-fara-contracte-noi\/#primaryimage\"},\"image\":{\"@id\":\"https:\/\/mhf.ro\/mm\/ministrul-energiei-ajuta-romanii-fara-contracte-noi\/#primaryimage\"},\"thumbnailUrl\":\"https:\/\/mhf.ro\/mm\/wp-content\/uploads\/2021\/01\/retea_electrica.jpg\",\"datePublished\":\"2021-01-15T08:19:28+00:00\",\"description\":\"Aproape 6 milioane de oameni din cei 8,7 milioane de consumatori casnici de energie au fost trecu\u021bi automat \u00een serviciul universal\",\"breadcrumb\":{\"@id\":\"https:\/\/mhf.ro\/mm\/ministrul-energiei-ajuta-romanii-fara-contracte-noi\/#breadcrumb\"},\"inLanguage\":\"ro-RO\",\"potentialAction\":[{\"@type\":\"ReadAction\",\"target\":[\"https:\/\/mhf.ro\/mm\/ministrul-energiei-ajuta-romanii-fara-contracte-noi\/\"]}]},{\"@type\":\"ImageObject\",\"inLanguage\":\"ro-RO\",\"@id\":\"https:\/\/mhf.ro\/mm\/ministrul-energiei-ajuta-romanii-fara-contracte-noi\/#primaryimage\",\"url\":\"https:\/\/mhf.ro\/mm\/wp-content\/uploads\/2021\/01\/retea_electrica.jpg\",\"contentUrl\":\"https:\/\/mhf.ro\/mm\/wp-content\/uploads\/2021\/01\/retea_electrica.jpg\",\"width\":1280,\"height\":850},{\"@type\":\"BreadcrumbList\",\"@id\":\"https:\/\/mhf.ro\/mm\/ministrul-energiei-ajuta-romanii-fara-contracte-noi\/#breadcrumb\",\"itemListElement\":[{\"@type\":\"ListItem\",\"position\":1,\"name\":\"Prima pagin\u0103\",\"item\":\"https:\/\/mhf.ro\/mm\/\"},{\"@type\":\"ListItem\",\"position\":2,\"name\":\"Ministrul Energiei ajut\u0103 rom\u00e2nii f\u0103r\u0103 contracte noi\"}]},{\"@type\":\"WebSite\",\"@id\":\"https:\/\/mhf.ro\/mm\/#website\",\"url\":\"https:\/\/mhf.ro\/mm\/\",\"name\":\"MHF Photography \u2013 Blog de fotografie, natur\u0103 \u0219i tehnic\u0103 divers\u0103\",\"description\":\"Aventur\u0103 \u00een fiecare cadru.\",\"publisher\":{\"@id\":\"https:\/\/mhf.ro\/mm\/#\/schema\/person\/a3bebf7bdb4bf12f698aff73c7e46c21\"},\"potentialAction\":[{\"@type\":\"SearchAction\",\"target\":{\"@type\":\"EntryPoint\",\"urlTemplate\":\"https:\/\/mhf.ro\/mm\/?s={search_term_string}\"},\"query-input\":{\"@type\":\"PropertyValueSpecification\",\"valueRequired\":true,\"valueName\":\"search_term_string\"}}],\"inLanguage\":\"ro-RO\"},{\"@type\":[\"Person\",\"Organization\"],\"@id\":\"https:\/\/mhf.ro\/mm\/#\/schema\/person\/a3bebf7bdb4bf12f698aff73c7e46c21\",\"name\":\"Marius Marcu\",\"image\":{\"@type\":\"ImageObject\",\"inLanguage\":\"ro-RO\",\"@id\":\"https:\/\/mhf.ro\/mm\/#\/schema\/person\/image\/\",\"url\":\"https:\/\/mhf.ro\/mm\/wp-content\/uploads\/2025\/12\/cropped-logo_mhf_2.png\",\"contentUrl\":\"https:\/\/mhf.ro\/mm\/wp-content\/uploads\/2025\/12\/cropped-logo_mhf_2.png\",\"width\":1096,\"height\":457,\"caption\":\"Marius Marcu\"},\"logo\":{\"@id\":\"https:\/\/mhf.ro\/mm\/#\/schema\/person\/image\/\"},\"sameAs\":[\"https:\/\/mhf.ro\/mm\"],\"url\":\"https:\/\/mhf.ro\/mm\/author\/mihai\/\"}]}<\/script>\n<!-- \/ Yoast SEO plugin. -->","yoast_head_json":{"title":"Ministrul Energiei ajut\u0103 rom\u00e2nii f\u0103r\u0103 contracte noi - MHF Photography","description":"Aproape 6 milioane de oameni din cei 8,7 milioane de consumatori casnici de energie au fost trecu\u021bi automat \u00een serviciul universal","robots":{"index":"index","follow":"follow","max-snippet":"max-snippet:-1","max-image-preview":"max-image-preview:large","max-video-preview":"max-video-preview:-1"},"canonical":"https:\/\/mhf.ro\/mm\/ministrul-energiei-ajuta-romanii-fara-contracte-noi\/","og_locale":"ro_RO","og_type":"article","og_title":"Ministrul Energiei ajut\u0103 rom\u00e2nii f\u0103r\u0103 contracte noi - MHF Photography","og_description":"Aproape 6 milioane de oameni din cei 8,7 milioane de consumatori casnici de energie au fost trecu\u021bi automat \u00een serviciul universal","og_url":"https:\/\/mhf.ro\/mm\/ministrul-energiei-ajuta-romanii-fara-contracte-noi\/","og_site_name":"MHF Photography","article_published_time":"2021-01-15T08:19:28+00:00","og_image":[{"width":1280,"height":850,"url":"https:\/\/mhf.ro\/mm\/wp-content\/uploads\/2021\/01\/retea_electrica.jpg","type":"image\/jpeg"}],"author":"Marius Marcu","twitter_card":"summary_large_image","twitter_misc":{"Scris de":"Marius Marcu","Timp estimat pentru citire":"3 minute"},"schema":{"@context":"https:\/\/schema.org","@graph":[{"@type":"Article","@id":"https:\/\/mhf.ro\/mm\/ministrul-energiei-ajuta-romanii-fara-contracte-noi\/#article","isPartOf":{"@id":"https:\/\/mhf.ro\/mm\/ministrul-energiei-ajuta-romanii-fara-contracte-noi\/"},"author":{"name":"Marius Marcu","@id":"https:\/\/mhf.ro\/mm\/#\/schema\/person\/a3bebf7bdb4bf12f698aff73c7e46c21"},"headline":"Ministrul Energiei ajut\u0103 rom\u00e2nii f\u0103r\u0103 contracte noi","datePublished":"2021-01-15T08:19:28+00:00","mainEntityOfPage":{"@id":"https:\/\/mhf.ro\/mm\/ministrul-energiei-ajuta-romanii-fara-contracte-noi\/"},"wordCount":655,"commentCount":0,"publisher":{"@id":"https:\/\/mhf.ro\/mm\/#\/schema\/person\/a3bebf7bdb4bf12f698aff73c7e46c21"},"image":{"@id":"https:\/\/mhf.ro\/mm\/ministrul-energiei-ajuta-romanii-fara-contracte-noi\/#primaryimage"},"thumbnailUrl":"https:\/\/mhf.ro\/mm\/wp-content\/uploads\/2021\/01\/retea_electrica.jpg","articleSection":["Comunicate","Locale"],"inLanguage":"ro-RO","potentialAction":[{"@type":"CommentAction","name":"Comment","target":["https:\/\/mhf.ro\/mm\/ministrul-energiei-ajuta-romanii-fara-contracte-noi\/#respond"]}]},{"@type":"WebPage","@id":"https:\/\/mhf.ro\/mm\/ministrul-energiei-ajuta-romanii-fara-contracte-noi\/","url":"https:\/\/mhf.ro\/mm\/ministrul-energiei-ajuta-romanii-fara-contracte-noi\/","name":"Ministrul Energiei ajut\u0103 rom\u00e2nii f\u0103r\u0103 contracte noi - MHF Photography","isPartOf":{"@id":"https:\/\/mhf.ro\/mm\/#website"},"primaryImageOfPage":{"@id":"https:\/\/mhf.ro\/mm\/ministrul-energiei-ajuta-romanii-fara-contracte-noi\/#primaryimage"},"image":{"@id":"https:\/\/mhf.ro\/mm\/ministrul-energiei-ajuta-romanii-fara-contracte-noi\/#primaryimage"},"thumbnailUrl":"https:\/\/mhf.ro\/mm\/wp-content\/uploads\/2021\/01\/retea_electrica.jpg","datePublished":"2021-01-15T08:19:28+00:00","description":"Aproape 6 milioane de oameni din cei 8,7 milioane de consumatori casnici de energie au fost trecu\u021bi automat \u00een serviciul universal","breadcrumb":{"@id":"https:\/\/mhf.ro\/mm\/ministrul-energiei-ajuta-romanii-fara-contracte-noi\/#breadcrumb"},"inLanguage":"ro-RO","potentialAction":[{"@type":"ReadAction","target":["https:\/\/mhf.ro\/mm\/ministrul-energiei-ajuta-romanii-fara-contracte-noi\/"]}]},{"@type":"ImageObject","inLanguage":"ro-RO","@id":"https:\/\/mhf.ro\/mm\/ministrul-energiei-ajuta-romanii-fara-contracte-noi\/#primaryimage","url":"https:\/\/mhf.ro\/mm\/wp-content\/uploads\/2021\/01\/retea_electrica.jpg","contentUrl":"https:\/\/mhf.ro\/mm\/wp-content\/uploads\/2021\/01\/retea_electrica.jpg","width":1280,"height":850},{"@type":"BreadcrumbList","@id":"https:\/\/mhf.ro\/mm\/ministrul-energiei-ajuta-romanii-fara-contracte-noi\/#breadcrumb","itemListElement":[{"@type":"ListItem","position":1,"name":"Prima pagin\u0103","item":"https:\/\/mhf.ro\/mm\/"},{"@type":"ListItem","position":2,"name":"Ministrul Energiei ajut\u0103 rom\u00e2nii f\u0103r\u0103 contracte noi"}]},{"@type":"WebSite","@id":"https:\/\/mhf.ro\/mm\/#website","url":"https:\/\/mhf.ro\/mm\/","name":"MHF Photography \u2013 Blog de fotografie, natur\u0103 \u0219i tehnic\u0103 divers\u0103","description":"Aventur\u0103 \u00een fiecare cadru.","publisher":{"@id":"https:\/\/mhf.ro\/mm\/#\/schema\/person\/a3bebf7bdb4bf12f698aff73c7e46c21"},"potentialAction":[{"@type":"SearchAction","target":{"@type":"EntryPoint","urlTemplate":"https:\/\/mhf.ro\/mm\/?s={search_term_string}"},"query-input":{"@type":"PropertyValueSpecification","valueRequired":true,"valueName":"search_term_string"}}],"inLanguage":"ro-RO"},{"@type":["Person","Organization"],"@id":"https:\/\/mhf.ro\/mm\/#\/schema\/person\/a3bebf7bdb4bf12f698aff73c7e46c21","name":"Marius Marcu","image":{"@type":"ImageObject","inLanguage":"ro-RO","@id":"https:\/\/mhf.ro\/mm\/#\/schema\/person\/image\/","url":"https:\/\/mhf.ro\/mm\/wp-content\/uploads\/2025\/12\/cropped-logo_mhf_2.png","contentUrl":"https:\/\/mhf.ro\/mm\/wp-content\/uploads\/2025\/12\/cropped-logo_mhf_2.png","width":1096,"height":457,"caption":"Marius Marcu"},"logo":{"@id":"https:\/\/mhf.ro\/mm\/#\/schema\/person\/image\/"},"sameAs":["https:\/\/mhf.ro\/mm"],"url":"https:\/\/mhf.ro\/mm\/author\/mihai\/"}]}},"_links":{"self":[{"href":"https:\/\/mhf.ro\/mm\/wp-json\/wp\/v2\/posts\/3684","targetHints":{"allow":["GET"]}}],"collection":[{"href":"https:\/\/mhf.ro\/mm\/wp-json\/wp\/v2\/posts"}],"about":[{"href":"https:\/\/mhf.ro\/mm\/wp-json\/wp\/v2\/types\/post"}],"author":[{"embeddable":true,"href":"https:\/\/mhf.ro\/mm\/wp-json\/wp\/v2\/users\/1"}],"replies":[{"embeddable":true,"href":"https:\/\/mhf.ro\/mm\/wp-json\/wp\/v2\/comments?post=3684"}],"version-history":[{"count":1,"href":"https:\/\/mhf.ro\/mm\/wp-json\/wp\/v2\/posts\/3684\/revisions"}],"predecessor-version":[{"id":3686,"href":"https:\/\/mhf.ro\/mm\/wp-json\/wp\/v2\/posts\/3684\/revisions\/3686"}],"wp:featuredmedia":[{"embeddable":true,"href":"https:\/\/mhf.ro\/mm\/wp-json\/wp\/v2\/media\/3685"}],"wp:attachment":[{"href":"https:\/\/mhf.ro\/mm\/wp-json\/wp\/v2\/media?parent=3684"}],"wp:term":[{"taxonomy":"category","embeddable":true,"href":"https:\/\/mhf.ro\/mm\/wp-json\/wp\/v2\/categories?post=3684"},{"taxonomy":"post_tag","embeddable":true,"href":"https:\/\/mhf.ro\/mm\/wp-json\/wp\/v2\/tags?post=3684"}],"curies":[{"name":"wp","href":"https:\/\/api.w.org\/{rel}","templated":true}]}}