{"id":3687,"date":"2021-01-15T16:50:41","date_gmt":"2021-01-15T14:50:41","guid":{"rendered":"https:\/\/mhf.ro\/mm\/?p=3687"},"modified":"2021-01-15T16:50:41","modified_gmt":"2021-01-15T14:50:41","slug":"tariceanu-pus-sub-acuzare-mita-800-000-de-euro","status":"publish","type":"post","link":"https:\/\/mhf.ro\/mm\/tariceanu-pus-sub-acuzare-mita-800-000-de-euro\/","title":{"rendered":"T\u0103riceanu, pus sub acuzare: mit\u0103 800.000 de euro"},"content":{"rendered":"<p>C\u0103lin Popescu-T\u0103riceanu a fost pus oficial sub acuzare, vineri, de procurorii Direc\u021biei Na\u021bionale Anticorup\u021bie, pentru c\u0103 ar fi luat mit\u0103 800.000 de euro. Totodat\u0103, procurorii au dispus sechestru asigurator pe bunuri imobile apar\u021bin\u00e2ndu-i lui T\u0103riceanu, \u00een valoare de 3.204.640 lei.<\/p>\n<p>Potrivit procurorilor anticorup\u021bie, \u00een perioada 2007-2008, c\u00e2nd \u00eenc\u0103 era prim-ministru, ar fi primit foloase materiale \u00een valoare de 800.000 de dolari, const\u00e2nd \u00een plata unor servicii de consultan\u021b\u0103, de la reprezentan\u021bii unei companii austriece, \u0219i \u0219i-ar fi exercitat atribu\u021biile astfel \u00eenc\u00e2t s\u0103 fie adoptate o serie de hot\u0103r\u00e2ri de guvern \u00een favoarea companiei respective.<\/p>\n<p>\u201dM-am prezentat ast\u0103zi, mi s-a adus la cuno\u0219tin\u021b\u0103 calitatea de suspect pentru obtinerea unor foloase, indirect, de mit\u0103. Tot acest dosar pleac\u0103 de la premise false, eronate \u0219i aberante \u2013 c\u0103 \u00een perioada \u00een care am condus Guvernul s-au emis HG pentru a favoriza anumite companii. Premierul nu d\u0103 a\u0219a din pixul lui HG (\u2026) Totul e pe o baz\u0103 fals\u0103, am cerut timp suplimentar pentru studierea dosarului \u0219i voi urma procedurile stabilite \u00een cadrul procesului\u201d, a declarat T\u0103riceanu la ie\u0219irea din sediul DNA.<\/p>\n<p>Klaus Iohannis a \u00eencuviin\u021bat cererea de urm\u0103rire penal\u0103 a lui C\u0103lin Popescu T\u0103riceanu. \u0219eful statului a trimis, miercuri, ministrului Justi\u021biei cererea de urm\u0103rire penal\u0103 a lui \u0219efului ALDE \u0219i a informat Parchetul de pe l\u00e2ng\u0103 \u00cenalta Curte de Casa\u021bie \u0219i Justi\u021bie cu privire la formularea acestei cereri, a transmis, miercuri, Administra\u021bia Preziden\u021bial\u0103.<\/p>\n<p style=\"text-align: right;\">(conf jurnalist.ro)<\/p>\n","protected":false},"excerpt":{"rendered":"<p>C\u0103lin Popescu-T\u0103riceanu a fost pus oficial sub acuzare, vineri, de procurorii Direc\u021biei Na\u021bionale Anticorup\u021bie, pentru c\u0103 ar fi luat mit\u0103<\/p>\n","protected":false},"author":1,"featured_media":3688,"comment_status":"open","ping_status":"open","sticky":false,"template":"","format":"standard","meta":{"colormag_page_container_layout":"default_layout","colormag_page_sidebar_layout":"default_layout","footnotes":""},"categories":[32,8],"tags":[],"class_list":["post-3687","post","type-post","status-publish","format-standard","has-post-thumbnail","hentry","category-comunicate","category-div"],"yoast_head":"<!-- This site is optimized with the Yoast SEO plugin v27.0 - https:\/\/yoast.com\/product\/yoast-seo-wordpress\/ -->\n<title>T\u0103riceanu, pus sub acuzare: mit\u0103 800.000 de euro - MHF Photography<\/title>\n<meta name=\"robots\" content=\"index, follow, max-snippet:-1, max-image-preview:large, max-video-preview:-1\" \/>\n<link rel=\"canonical\" href=\"https:\/\/mhf.ro\/mm\/tariceanu-pus-sub-acuzare-mita-800-000-de-euro\/\" \/>\n<meta property=\"og:locale\" content=\"ro_RO\" \/>\n<meta property=\"og:type\" content=\"article\" \/>\n<meta property=\"og:title\" content=\"T\u0103riceanu, pus sub acuzare: mit\u0103 800.000 de euro - MHF Photography\" \/>\n<meta property=\"og:description\" content=\"C\u0103lin Popescu-T\u0103riceanu a fost pus oficial sub acuzare, vineri, de procurorii Direc\u021biei Na\u021bionale Anticorup\u021bie, pentru c\u0103 ar fi luat mit\u0103\" \/>\n<meta property=\"og:url\" content=\"https:\/\/mhf.ro\/mm\/tariceanu-pus-sub-acuzare-mita-800-000-de-euro\/\" \/>\n<meta property=\"og:site_name\" content=\"MHF Photography\" \/>\n<meta property=\"article:published_time\" content=\"2021-01-15T14:50:41+00:00\" \/>\n<meta property=\"og:image\" content=\"https:\/\/mhf.ro\/mm\/wp-content\/uploads\/2021\/01\/tariceanu-80.jpg\" \/>\n\t<meta property=\"og:image:width\" content=\"801\" \/>\n\t<meta property=\"og:image:height\" content=\"445\" \/>\n\t<meta property=\"og:image:type\" content=\"image\/jpeg\" \/>\n<meta name=\"author\" content=\"Marius Marcu\" \/>\n<meta name=\"twitter:card\" content=\"summary_large_image\" \/>\n<meta name=\"twitter:label1\" content=\"Scris de\" \/>\n\t<meta name=\"twitter:data1\" content=\"Marius Marcu\" \/>\n\t<meta name=\"twitter:label2\" content=\"Timp estimat pentru citire\" \/>\n\t<meta name=\"twitter:data2\" content=\"2 minute\" \/>\n<script type=\"application\/ld+json\" class=\"yoast-schema-graph\">{\"@context\":\"https:\/\/schema.org\",\"@graph\":[{\"@type\":\"Article\",\"@id\":\"https:\/\/mhf.ro\/mm\/tariceanu-pus-sub-acuzare-mita-800-000-de-euro\/#article\",\"isPartOf\":{\"@id\":\"https:\/\/mhf.ro\/mm\/tariceanu-pus-sub-acuzare-mita-800-000-de-euro\/\"},\"author\":{\"name\":\"Marius Marcu\",\"@id\":\"https:\/\/mhf.ro\/mm\/#\/schema\/person\/a3bebf7bdb4bf12f698aff73c7e46c21\"},\"headline\":\"T\u0103riceanu, pus sub acuzare: mit\u0103 800.000 de euro\",\"datePublished\":\"2021-01-15T14:50:41+00:00\",\"mainEntityOfPage\":{\"@id\":\"https:\/\/mhf.ro\/mm\/tariceanu-pus-sub-acuzare-mita-800-000-de-euro\/\"},\"wordCount\":268,\"commentCount\":0,\"publisher\":{\"@id\":\"https:\/\/mhf.ro\/mm\/#\/schema\/person\/a3bebf7bdb4bf12f698aff73c7e46c21\"},\"image\":{\"@id\":\"https:\/\/mhf.ro\/mm\/tariceanu-pus-sub-acuzare-mita-800-000-de-euro\/#primaryimage\"},\"thumbnailUrl\":\"https:\/\/mhf.ro\/mm\/wp-content\/uploads\/2021\/01\/tariceanu-80.jpg\",\"articleSection\":[\"Comunicate\",\"Diverse\"],\"inLanguage\":\"ro-RO\",\"potentialAction\":[{\"@type\":\"CommentAction\",\"name\":\"Comment\",\"target\":[\"https:\/\/mhf.ro\/mm\/tariceanu-pus-sub-acuzare-mita-800-000-de-euro\/#respond\"]}]},{\"@type\":\"WebPage\",\"@id\":\"https:\/\/mhf.ro\/mm\/tariceanu-pus-sub-acuzare-mita-800-000-de-euro\/\",\"url\":\"https:\/\/mhf.ro\/mm\/tariceanu-pus-sub-acuzare-mita-800-000-de-euro\/\",\"name\":\"T\u0103riceanu, pus sub acuzare: mit\u0103 800.000 de euro - MHF Photography\",\"isPartOf\":{\"@id\":\"https:\/\/mhf.ro\/mm\/#website\"},\"primaryImageOfPage\":{\"@id\":\"https:\/\/mhf.ro\/mm\/tariceanu-pus-sub-acuzare-mita-800-000-de-euro\/#primaryimage\"},\"image\":{\"@id\":\"https:\/\/mhf.ro\/mm\/tariceanu-pus-sub-acuzare-mita-800-000-de-euro\/#primaryimage\"},\"thumbnailUrl\":\"https:\/\/mhf.ro\/mm\/wp-content\/uploads\/2021\/01\/tariceanu-80.jpg\",\"datePublished\":\"2021-01-15T14:50:41+00:00\",\"breadcrumb\":{\"@id\":\"https:\/\/mhf.ro\/mm\/tariceanu-pus-sub-acuzare-mita-800-000-de-euro\/#breadcrumb\"},\"inLanguage\":\"ro-RO\",\"potentialAction\":[{\"@type\":\"ReadAction\",\"target\":[\"https:\/\/mhf.ro\/mm\/tariceanu-pus-sub-acuzare-mita-800-000-de-euro\/\"]}]},{\"@type\":\"ImageObject\",\"inLanguage\":\"ro-RO\",\"@id\":\"https:\/\/mhf.ro\/mm\/tariceanu-pus-sub-acuzare-mita-800-000-de-euro\/#primaryimage\",\"url\":\"https:\/\/mhf.ro\/mm\/wp-content\/uploads\/2021\/01\/tariceanu-80.jpg\",\"contentUrl\":\"https:\/\/mhf.ro\/mm\/wp-content\/uploads\/2021\/01\/tariceanu-80.jpg\",\"width\":801,\"height\":445},{\"@type\":\"BreadcrumbList\",\"@id\":\"https:\/\/mhf.ro\/mm\/tariceanu-pus-sub-acuzare-mita-800-000-de-euro\/#breadcrumb\",\"itemListElement\":[{\"@type\":\"ListItem\",\"position\":1,\"name\":\"Prima pagin\u0103\",\"item\":\"https:\/\/mhf.ro\/mm\/\"},{\"@type\":\"ListItem\",\"position\":2,\"name\":\"T\u0103riceanu, pus sub acuzare: mit\u0103 800.000 de euro\"}]},{\"@type\":\"WebSite\",\"@id\":\"https:\/\/mhf.ro\/mm\/#website\",\"url\":\"https:\/\/mhf.ro\/mm\/\",\"name\":\"MHF Photography \u2013 Blog de fotografie, natur\u0103 \u0219i tehnic\u0103 divers\u0103\",\"description\":\"Aventur\u0103 \u00een fiecare cadru.\",\"publisher\":{\"@id\":\"https:\/\/mhf.ro\/mm\/#\/schema\/person\/a3bebf7bdb4bf12f698aff73c7e46c21\"},\"potentialAction\":[{\"@type\":\"SearchAction\",\"target\":{\"@type\":\"EntryPoint\",\"urlTemplate\":\"https:\/\/mhf.ro\/mm\/?s={search_term_string}\"},\"query-input\":{\"@type\":\"PropertyValueSpecification\",\"valueRequired\":true,\"valueName\":\"search_term_string\"}}],\"inLanguage\":\"ro-RO\"},{\"@type\":[\"Person\",\"Organization\"],\"@id\":\"https:\/\/mhf.ro\/mm\/#\/schema\/person\/a3bebf7bdb4bf12f698aff73c7e46c21\",\"name\":\"Marius Marcu\",\"image\":{\"@type\":\"ImageObject\",\"inLanguage\":\"ro-RO\",\"@id\":\"https:\/\/mhf.ro\/mm\/#\/schema\/person\/image\/\",\"url\":\"https:\/\/mhf.ro\/mm\/wp-content\/uploads\/2025\/12\/cropped-logo_mhf_2.png\",\"contentUrl\":\"https:\/\/mhf.ro\/mm\/wp-content\/uploads\/2025\/12\/cropped-logo_mhf_2.png\",\"width\":1096,\"height\":457,\"caption\":\"Marius Marcu\"},\"logo\":{\"@id\":\"https:\/\/mhf.ro\/mm\/#\/schema\/person\/image\/\"},\"sameAs\":[\"https:\/\/mhf.ro\/mm\"],\"url\":\"https:\/\/mhf.ro\/mm\/author\/mihai\/\"}]}<\/script>\n<!-- \/ Yoast SEO plugin. -->","yoast_head_json":{"title":"T\u0103riceanu, pus sub acuzare: mit\u0103 800.000 de euro - MHF Photography","robots":{"index":"index","follow":"follow","max-snippet":"max-snippet:-1","max-image-preview":"max-image-preview:large","max-video-preview":"max-video-preview:-1"},"canonical":"https:\/\/mhf.ro\/mm\/tariceanu-pus-sub-acuzare-mita-800-000-de-euro\/","og_locale":"ro_RO","og_type":"article","og_title":"T\u0103riceanu, pus sub acuzare: mit\u0103 800.000 de euro - MHF Photography","og_description":"C\u0103lin Popescu-T\u0103riceanu a fost pus oficial sub acuzare, vineri, de procurorii Direc\u021biei Na\u021bionale Anticorup\u021bie, pentru c\u0103 ar fi luat mit\u0103","og_url":"https:\/\/mhf.ro\/mm\/tariceanu-pus-sub-acuzare-mita-800-000-de-euro\/","og_site_name":"MHF Photography","article_published_time":"2021-01-15T14:50:41+00:00","og_image":[{"width":801,"height":445,"url":"https:\/\/mhf.ro\/mm\/wp-content\/uploads\/2021\/01\/tariceanu-80.jpg","type":"image\/jpeg"}],"author":"Marius Marcu","twitter_card":"summary_large_image","twitter_misc":{"Scris de":"Marius Marcu","Timp estimat pentru citire":"2 minute"},"schema":{"@context":"https:\/\/schema.org","@graph":[{"@type":"Article","@id":"https:\/\/mhf.ro\/mm\/tariceanu-pus-sub-acuzare-mita-800-000-de-euro\/#article","isPartOf":{"@id":"https:\/\/mhf.ro\/mm\/tariceanu-pus-sub-acuzare-mita-800-000-de-euro\/"},"author":{"name":"Marius Marcu","@id":"https:\/\/mhf.ro\/mm\/#\/schema\/person\/a3bebf7bdb4bf12f698aff73c7e46c21"},"headline":"T\u0103riceanu, pus sub acuzare: mit\u0103 800.000 de euro","datePublished":"2021-01-15T14:50:41+00:00","mainEntityOfPage":{"@id":"https:\/\/mhf.ro\/mm\/tariceanu-pus-sub-acuzare-mita-800-000-de-euro\/"},"wordCount":268,"commentCount":0,"publisher":{"@id":"https:\/\/mhf.ro\/mm\/#\/schema\/person\/a3bebf7bdb4bf12f698aff73c7e46c21"},"image":{"@id":"https:\/\/mhf.ro\/mm\/tariceanu-pus-sub-acuzare-mita-800-000-de-euro\/#primaryimage"},"thumbnailUrl":"https:\/\/mhf.ro\/mm\/wp-content\/uploads\/2021\/01\/tariceanu-80.jpg","articleSection":["Comunicate","Diverse"],"inLanguage":"ro-RO","potentialAction":[{"@type":"CommentAction","name":"Comment","target":["https:\/\/mhf.ro\/mm\/tariceanu-pus-sub-acuzare-mita-800-000-de-euro\/#respond"]}]},{"@type":"WebPage","@id":"https:\/\/mhf.ro\/mm\/tariceanu-pus-sub-acuzare-mita-800-000-de-euro\/","url":"https:\/\/mhf.ro\/mm\/tariceanu-pus-sub-acuzare-mita-800-000-de-euro\/","name":"T\u0103riceanu, pus sub acuzare: mit\u0103 800.000 de euro - MHF Photography","isPartOf":{"@id":"https:\/\/mhf.ro\/mm\/#website"},"primaryImageOfPage":{"@id":"https:\/\/mhf.ro\/mm\/tariceanu-pus-sub-acuzare-mita-800-000-de-euro\/#primaryimage"},"image":{"@id":"https:\/\/mhf.ro\/mm\/tariceanu-pus-sub-acuzare-mita-800-000-de-euro\/#primaryimage"},"thumbnailUrl":"https:\/\/mhf.ro\/mm\/wp-content\/uploads\/2021\/01\/tariceanu-80.jpg","datePublished":"2021-01-15T14:50:41+00:00","breadcrumb":{"@id":"https:\/\/mhf.ro\/mm\/tariceanu-pus-sub-acuzare-mita-800-000-de-euro\/#breadcrumb"},"inLanguage":"ro-RO","potentialAction":[{"@type":"ReadAction","target":["https:\/\/mhf.ro\/mm\/tariceanu-pus-sub-acuzare-mita-800-000-de-euro\/"]}]},{"@type":"ImageObject","inLanguage":"ro-RO","@id":"https:\/\/mhf.ro\/mm\/tariceanu-pus-sub-acuzare-mita-800-000-de-euro\/#primaryimage","url":"https:\/\/mhf.ro\/mm\/wp-content\/uploads\/2021\/01\/tariceanu-80.jpg","contentUrl":"https:\/\/mhf.ro\/mm\/wp-content\/uploads\/2021\/01\/tariceanu-80.jpg","width":801,"height":445},{"@type":"BreadcrumbList","@id":"https:\/\/mhf.ro\/mm\/tariceanu-pus-sub-acuzare-mita-800-000-de-euro\/#breadcrumb","itemListElement":[{"@type":"ListItem","position":1,"name":"Prima pagin\u0103","item":"https:\/\/mhf.ro\/mm\/"},{"@type":"ListItem","position":2,"name":"T\u0103riceanu, pus sub acuzare: mit\u0103 800.000 de euro"}]},{"@type":"WebSite","@id":"https:\/\/mhf.ro\/mm\/#website","url":"https:\/\/mhf.ro\/mm\/","name":"MHF Photography \u2013 Blog de fotografie, natur\u0103 \u0219i tehnic\u0103 divers\u0103","description":"Aventur\u0103 \u00een fiecare cadru.","publisher":{"@id":"https:\/\/mhf.ro\/mm\/#\/schema\/person\/a3bebf7bdb4bf12f698aff73c7e46c21"},"potentialAction":[{"@type":"SearchAction","target":{"@type":"EntryPoint","urlTemplate":"https:\/\/mhf.ro\/mm\/?s={search_term_string}"},"query-input":{"@type":"PropertyValueSpecification","valueRequired":true,"valueName":"search_term_string"}}],"inLanguage":"ro-RO"},{"@type":["Person","Organization"],"@id":"https:\/\/mhf.ro\/mm\/#\/schema\/person\/a3bebf7bdb4bf12f698aff73c7e46c21","name":"Marius Marcu","image":{"@type":"ImageObject","inLanguage":"ro-RO","@id":"https:\/\/mhf.ro\/mm\/#\/schema\/person\/image\/","url":"https:\/\/mhf.ro\/mm\/wp-content\/uploads\/2025\/12\/cropped-logo_mhf_2.png","contentUrl":"https:\/\/mhf.ro\/mm\/wp-content\/uploads\/2025\/12\/cropped-logo_mhf_2.png","width":1096,"height":457,"caption":"Marius Marcu"},"logo":{"@id":"https:\/\/mhf.ro\/mm\/#\/schema\/person\/image\/"},"sameAs":["https:\/\/mhf.ro\/mm"],"url":"https:\/\/mhf.ro\/mm\/author\/mihai\/"}]}},"_links":{"self":[{"href":"https:\/\/mhf.ro\/mm\/wp-json\/wp\/v2\/posts\/3687","targetHints":{"allow":["GET"]}}],"collection":[{"href":"https:\/\/mhf.ro\/mm\/wp-json\/wp\/v2\/posts"}],"about":[{"href":"https:\/\/mhf.ro\/mm\/wp-json\/wp\/v2\/types\/post"}],"author":[{"embeddable":true,"href":"https:\/\/mhf.ro\/mm\/wp-json\/wp\/v2\/users\/1"}],"replies":[{"embeddable":true,"href":"https:\/\/mhf.ro\/mm\/wp-json\/wp\/v2\/comments?post=3687"}],"version-history":[{"count":1,"href":"https:\/\/mhf.ro\/mm\/wp-json\/wp\/v2\/posts\/3687\/revisions"}],"predecessor-version":[{"id":3689,"href":"https:\/\/mhf.ro\/mm\/wp-json\/wp\/v2\/posts\/3687\/revisions\/3689"}],"wp:featuredmedia":[{"embeddable":true,"href":"https:\/\/mhf.ro\/mm\/wp-json\/wp\/v2\/media\/3688"}],"wp:attachment":[{"href":"https:\/\/mhf.ro\/mm\/wp-json\/wp\/v2\/media?parent=3687"}],"wp:term":[{"taxonomy":"category","embeddable":true,"href":"https:\/\/mhf.ro\/mm\/wp-json\/wp\/v2\/categories?post=3687"},{"taxonomy":"post_tag","embeddable":true,"href":"https:\/\/mhf.ro\/mm\/wp-json\/wp\/v2\/tags?post=3687"}],"curies":[{"name":"wp","href":"https:\/\/api.w.org\/{rel}","templated":true}]}}