{"id":3690,"date":"2021-01-15T22:20:53","date_gmt":"2021-01-15T20:20:53","guid":{"rendered":"https:\/\/mhf.ro\/mm\/?p=3690"},"modified":"2021-01-15T22:20:53","modified_gmt":"2021-01-15T20:20:53","slug":"guvernul-olandei-a-demisionat-in-urma-scandalului-alocatiilor","status":"publish","type":"post","link":"https:\/\/mhf.ro\/mm\/guvernul-olandei-a-demisionat-in-urma-scandalului-alocatiilor\/","title":{"rendered":"Guvernul Olandei a demisionat \u00een urma scandalului aloca\u0163iilor"},"content":{"rendered":"<p>Prim-ministrul Olandei, Mark Rutte, a convocat o \u0219edin\u021b\u0103 a cabinetului la Haga, unde mini\u0219trii au trebuit s\u0103 decid\u0103 dac\u0103 sunt de acord s\u0103 renun\u021be la func\u021bii, cu doar dou\u0103 luni \u00eenainte de alegerile deja planificate, conform DW . \u00cen urma \u00eent\u00e2lnirii, Rutte l-a informat pe regele Willem-Alexander c\u0103 guvernul demisioneaz\u0103.<br \/>\nFiscul olandez a acuzat mii de familii c\u0103 au solicitat \u00een mod fraudulos plata aloca\u021biilor copiilor, \u00een perioada 2013-2019. Din aceast\u0103 cauz\u0103, fiscul le-a cerut ramburs\u0103ri de zeci de mii de euro \u0219i multe familii au ajuns \u00een faliment sau au divor\u021bat.<br \/>\nUn raport al parlamentarilor a numit \u00eentreaga ac\u021biune \u201dnedreptate f\u0103r\u0103 precedent\u201d, pentru c\u0103 acuza\u021bii nu au avut ocazia s\u0103-\u0219i exprime nevinov\u0103\u021bia.<br \/>\nMark Rutte, care ocup\u0103 func\u021bia de prim-ministru din 2010, a descris episodul ca fiind \u201dru\u0219inos\u201d.<br \/>\nP\u00e2n\u0103 acum, 10.000 dintre familiile acuzate pe nedrept au primit compensa\u021bii \u00een valoare total\u0103 de aproximativ 30.000 euro. Ministrul Finan\u021belor, Wopke Hoekstra, \u0219i Ministrul Economiei, Eric Wiebes, au fost deja da\u021bi \u00een judecat\u0103, al\u0103turi de al\u021bi trei politicieni.<br \/>\nRoger Derikx, \u00een v\u00e2rst\u0103 de 46 de ani, este din Hoofddrop \u0219i are doi copii. Guvernul i-a cerut s\u0103 achite 60.000 de euro, dup\u0103 ce a fost acuzat pe nedrept. \u201dSuma imens\u0103 pe care trebuia s\u0103 o \u00eenapoiem statului este unul din motivele pentru care am divor\u021bat de so\u021bia mea. Fiscul are o putere foarte mare \u00een Olanda \u0219i f\u0103r\u0103 un judec\u0103tor, pot s\u0103 te duc\u0103 \u00een faliment\u201d, a declarat pentru DW. \u201dA fost o perioad\u0103 groaznic\u0103, au venit la mine acas\u0103, mi-au luat frigiderul, ma\u0219ina \u0219i 40% din salariu\u201d.<br \/>\nPrim-ministrul Rutte a spus c\u0103 guvernul va continua s\u0103 se ocupe de \u00eentreaga criz\u0103 COVID-19, dar \u00een calitate de guvern interimar.<br \/>\nPe 17 martie, olandezii vor vota cine ocup\u0103 cele 150 de locuri din Camera Reprezentan\u021bilor.<\/p>\n<p style=\"text-align: right;\">(conf. mediafax.ro)<\/p>\n","protected":false},"excerpt":{"rendered":"<p>Prim-ministrul Olandei, Mark Rutte, a convocat o \u0219edin\u021b\u0103 a cabinetului la Haga, unde mini\u0219trii au trebuit s\u0103 decid\u0103 dac\u0103 sunt<\/p>\n","protected":false},"author":1,"featured_media":3691,"comment_status":"open","ping_status":"open","sticky":false,"template":"","format":"standard","meta":{"colormag_page_container_layout":"default_layout","colormag_page_sidebar_layout":"default_layout","footnotes":""},"categories":[32,5],"tags":[],"class_list":["post-3690","post","type-post","status-publish","format-standard","has-post-thumbnail","hentry","category-comunicate","category-locale"],"yoast_head":"<!-- This site is optimized with the Yoast SEO plugin v27.0 - https:\/\/yoast.com\/product\/yoast-seo-wordpress\/ -->\n<title>Guvernul Olandei a demisionat \u00een urma scandalului aloca\u0163iilor - MHF Photography<\/title>\n<meta name=\"robots\" content=\"index, follow, max-snippet:-1, max-image-preview:large, max-video-preview:-1\" \/>\n<link rel=\"canonical\" href=\"https:\/\/mhf.ro\/mm\/guvernul-olandei-a-demisionat-in-urma-scandalului-alocatiilor\/\" \/>\n<meta property=\"og:locale\" content=\"ro_RO\" \/>\n<meta property=\"og:type\" content=\"article\" \/>\n<meta property=\"og:title\" content=\"Guvernul Olandei a demisionat \u00een urma scandalului aloca\u0163iilor - MHF Photography\" \/>\n<meta property=\"og:description\" content=\"Prim-ministrul Olandei, Mark Rutte, a convocat o \u0219edin\u021b\u0103 a cabinetului la Haga, unde mini\u0219trii au trebuit s\u0103 decid\u0103 dac\u0103 sunt\" \/>\n<meta property=\"og:url\" content=\"https:\/\/mhf.ro\/mm\/guvernul-olandei-a-demisionat-in-urma-scandalului-alocatiilor\/\" \/>\n<meta property=\"og:site_name\" content=\"MHF Photography\" \/>\n<meta property=\"article:published_time\" content=\"2021-01-15T20:20:53+00:00\" \/>\n<meta property=\"og:image\" content=\"https:\/\/mhf.ro\/mm\/wp-content\/uploads\/2021\/01\/olanda_barca.jpg\" \/>\n\t<meta property=\"og:image:width\" content=\"1280\" \/>\n\t<meta property=\"og:image:height\" content=\"876\" \/>\n\t<meta property=\"og:image:type\" content=\"image\/jpeg\" \/>\n<meta name=\"author\" content=\"Marius Marcu\" \/>\n<meta name=\"twitter:card\" content=\"summary_large_image\" \/>\n<meta name=\"twitter:label1\" content=\"Scris de\" \/>\n\t<meta name=\"twitter:data1\" content=\"Marius Marcu\" \/>\n\t<meta name=\"twitter:label2\" content=\"Timp estimat pentru citire\" \/>\n\t<meta name=\"twitter:data2\" content=\"2 minute\" \/>\n<script type=\"application\/ld+json\" class=\"yoast-schema-graph\">{\"@context\":\"https:\/\/schema.org\",\"@graph\":[{\"@type\":\"Article\",\"@id\":\"https:\/\/mhf.ro\/mm\/guvernul-olandei-a-demisionat-in-urma-scandalului-alocatiilor\/#article\",\"isPartOf\":{\"@id\":\"https:\/\/mhf.ro\/mm\/guvernul-olandei-a-demisionat-in-urma-scandalului-alocatiilor\/\"},\"author\":{\"name\":\"Marius Marcu\",\"@id\":\"https:\/\/mhf.ro\/mm\/#\/schema\/person\/a3bebf7bdb4bf12f698aff73c7e46c21\"},\"headline\":\"Guvernul Olandei a demisionat \u00een urma scandalului aloca\u0163iilor\",\"datePublished\":\"2021-01-15T20:20:53+00:00\",\"mainEntityOfPage\":{\"@id\":\"https:\/\/mhf.ro\/mm\/guvernul-olandei-a-demisionat-in-urma-scandalului-alocatiilor\/\"},\"wordCount\":323,\"commentCount\":0,\"publisher\":{\"@id\":\"https:\/\/mhf.ro\/mm\/#\/schema\/person\/a3bebf7bdb4bf12f698aff73c7e46c21\"},\"image\":{\"@id\":\"https:\/\/mhf.ro\/mm\/guvernul-olandei-a-demisionat-in-urma-scandalului-alocatiilor\/#primaryimage\"},\"thumbnailUrl\":\"https:\/\/mhf.ro\/mm\/wp-content\/uploads\/2021\/01\/olanda_barca.jpg\",\"articleSection\":[\"Comunicate\",\"Locale\"],\"inLanguage\":\"ro-RO\",\"potentialAction\":[{\"@type\":\"CommentAction\",\"name\":\"Comment\",\"target\":[\"https:\/\/mhf.ro\/mm\/guvernul-olandei-a-demisionat-in-urma-scandalului-alocatiilor\/#respond\"]}]},{\"@type\":\"WebPage\",\"@id\":\"https:\/\/mhf.ro\/mm\/guvernul-olandei-a-demisionat-in-urma-scandalului-alocatiilor\/\",\"url\":\"https:\/\/mhf.ro\/mm\/guvernul-olandei-a-demisionat-in-urma-scandalului-alocatiilor\/\",\"name\":\"Guvernul Olandei a demisionat \u00een urma scandalului aloca\u0163iilor - MHF Photography\",\"isPartOf\":{\"@id\":\"https:\/\/mhf.ro\/mm\/#website\"},\"primaryImageOfPage\":{\"@id\":\"https:\/\/mhf.ro\/mm\/guvernul-olandei-a-demisionat-in-urma-scandalului-alocatiilor\/#primaryimage\"},\"image\":{\"@id\":\"https:\/\/mhf.ro\/mm\/guvernul-olandei-a-demisionat-in-urma-scandalului-alocatiilor\/#primaryimage\"},\"thumbnailUrl\":\"https:\/\/mhf.ro\/mm\/wp-content\/uploads\/2021\/01\/olanda_barca.jpg\",\"datePublished\":\"2021-01-15T20:20:53+00:00\",\"breadcrumb\":{\"@id\":\"https:\/\/mhf.ro\/mm\/guvernul-olandei-a-demisionat-in-urma-scandalului-alocatiilor\/#breadcrumb\"},\"inLanguage\":\"ro-RO\",\"potentialAction\":[{\"@type\":\"ReadAction\",\"target\":[\"https:\/\/mhf.ro\/mm\/guvernul-olandei-a-demisionat-in-urma-scandalului-alocatiilor\/\"]}]},{\"@type\":\"ImageObject\",\"inLanguage\":\"ro-RO\",\"@id\":\"https:\/\/mhf.ro\/mm\/guvernul-olandei-a-demisionat-in-urma-scandalului-alocatiilor\/#primaryimage\",\"url\":\"https:\/\/mhf.ro\/mm\/wp-content\/uploads\/2021\/01\/olanda_barca.jpg\",\"contentUrl\":\"https:\/\/mhf.ro\/mm\/wp-content\/uploads\/2021\/01\/olanda_barca.jpg\",\"width\":1280,\"height\":876},{\"@type\":\"BreadcrumbList\",\"@id\":\"https:\/\/mhf.ro\/mm\/guvernul-olandei-a-demisionat-in-urma-scandalului-alocatiilor\/#breadcrumb\",\"itemListElement\":[{\"@type\":\"ListItem\",\"position\":1,\"name\":\"Prima pagin\u0103\",\"item\":\"https:\/\/mhf.ro\/mm\/\"},{\"@type\":\"ListItem\",\"position\":2,\"name\":\"Guvernul Olandei a demisionat \u00een urma scandalului aloca\u0163iilor\"}]},{\"@type\":\"WebSite\",\"@id\":\"https:\/\/mhf.ro\/mm\/#website\",\"url\":\"https:\/\/mhf.ro\/mm\/\",\"name\":\"MHF Photography \u2013 Blog de fotografie, natur\u0103 \u0219i tehnic\u0103 divers\u0103\",\"description\":\"Aventur\u0103 \u00een fiecare cadru.\",\"publisher\":{\"@id\":\"https:\/\/mhf.ro\/mm\/#\/schema\/person\/a3bebf7bdb4bf12f698aff73c7e46c21\"},\"potentialAction\":[{\"@type\":\"SearchAction\",\"target\":{\"@type\":\"EntryPoint\",\"urlTemplate\":\"https:\/\/mhf.ro\/mm\/?s={search_term_string}\"},\"query-input\":{\"@type\":\"PropertyValueSpecification\",\"valueRequired\":true,\"valueName\":\"search_term_string\"}}],\"inLanguage\":\"ro-RO\"},{\"@type\":[\"Person\",\"Organization\"],\"@id\":\"https:\/\/mhf.ro\/mm\/#\/schema\/person\/a3bebf7bdb4bf12f698aff73c7e46c21\",\"name\":\"Marius Marcu\",\"image\":{\"@type\":\"ImageObject\",\"inLanguage\":\"ro-RO\",\"@id\":\"https:\/\/mhf.ro\/mm\/#\/schema\/person\/image\/\",\"url\":\"https:\/\/mhf.ro\/mm\/wp-content\/uploads\/2025\/12\/cropped-logo_mhf_2.png\",\"contentUrl\":\"https:\/\/mhf.ro\/mm\/wp-content\/uploads\/2025\/12\/cropped-logo_mhf_2.png\",\"width\":1096,\"height\":457,\"caption\":\"Marius Marcu\"},\"logo\":{\"@id\":\"https:\/\/mhf.ro\/mm\/#\/schema\/person\/image\/\"},\"sameAs\":[\"https:\/\/mhf.ro\/mm\"],\"url\":\"https:\/\/mhf.ro\/mm\/author\/mihai\/\"}]}<\/script>\n<!-- \/ Yoast SEO plugin. -->","yoast_head_json":{"title":"Guvernul Olandei a demisionat \u00een urma scandalului aloca\u0163iilor - MHF Photography","robots":{"index":"index","follow":"follow","max-snippet":"max-snippet:-1","max-image-preview":"max-image-preview:large","max-video-preview":"max-video-preview:-1"},"canonical":"https:\/\/mhf.ro\/mm\/guvernul-olandei-a-demisionat-in-urma-scandalului-alocatiilor\/","og_locale":"ro_RO","og_type":"article","og_title":"Guvernul Olandei a demisionat \u00een urma scandalului aloca\u0163iilor - MHF Photography","og_description":"Prim-ministrul Olandei, Mark Rutte, a convocat o \u0219edin\u021b\u0103 a cabinetului la Haga, unde mini\u0219trii au trebuit s\u0103 decid\u0103 dac\u0103 sunt","og_url":"https:\/\/mhf.ro\/mm\/guvernul-olandei-a-demisionat-in-urma-scandalului-alocatiilor\/","og_site_name":"MHF Photography","article_published_time":"2021-01-15T20:20:53+00:00","og_image":[{"width":1280,"height":876,"url":"https:\/\/mhf.ro\/mm\/wp-content\/uploads\/2021\/01\/olanda_barca.jpg","type":"image\/jpeg"}],"author":"Marius Marcu","twitter_card":"summary_large_image","twitter_misc":{"Scris de":"Marius Marcu","Timp estimat pentru citire":"2 minute"},"schema":{"@context":"https:\/\/schema.org","@graph":[{"@type":"Article","@id":"https:\/\/mhf.ro\/mm\/guvernul-olandei-a-demisionat-in-urma-scandalului-alocatiilor\/#article","isPartOf":{"@id":"https:\/\/mhf.ro\/mm\/guvernul-olandei-a-demisionat-in-urma-scandalului-alocatiilor\/"},"author":{"name":"Marius Marcu","@id":"https:\/\/mhf.ro\/mm\/#\/schema\/person\/a3bebf7bdb4bf12f698aff73c7e46c21"},"headline":"Guvernul Olandei a demisionat \u00een urma scandalului aloca\u0163iilor","datePublished":"2021-01-15T20:20:53+00:00","mainEntityOfPage":{"@id":"https:\/\/mhf.ro\/mm\/guvernul-olandei-a-demisionat-in-urma-scandalului-alocatiilor\/"},"wordCount":323,"commentCount":0,"publisher":{"@id":"https:\/\/mhf.ro\/mm\/#\/schema\/person\/a3bebf7bdb4bf12f698aff73c7e46c21"},"image":{"@id":"https:\/\/mhf.ro\/mm\/guvernul-olandei-a-demisionat-in-urma-scandalului-alocatiilor\/#primaryimage"},"thumbnailUrl":"https:\/\/mhf.ro\/mm\/wp-content\/uploads\/2021\/01\/olanda_barca.jpg","articleSection":["Comunicate","Locale"],"inLanguage":"ro-RO","potentialAction":[{"@type":"CommentAction","name":"Comment","target":["https:\/\/mhf.ro\/mm\/guvernul-olandei-a-demisionat-in-urma-scandalului-alocatiilor\/#respond"]}]},{"@type":"WebPage","@id":"https:\/\/mhf.ro\/mm\/guvernul-olandei-a-demisionat-in-urma-scandalului-alocatiilor\/","url":"https:\/\/mhf.ro\/mm\/guvernul-olandei-a-demisionat-in-urma-scandalului-alocatiilor\/","name":"Guvernul Olandei a demisionat \u00een urma scandalului aloca\u0163iilor - MHF Photography","isPartOf":{"@id":"https:\/\/mhf.ro\/mm\/#website"},"primaryImageOfPage":{"@id":"https:\/\/mhf.ro\/mm\/guvernul-olandei-a-demisionat-in-urma-scandalului-alocatiilor\/#primaryimage"},"image":{"@id":"https:\/\/mhf.ro\/mm\/guvernul-olandei-a-demisionat-in-urma-scandalului-alocatiilor\/#primaryimage"},"thumbnailUrl":"https:\/\/mhf.ro\/mm\/wp-content\/uploads\/2021\/01\/olanda_barca.jpg","datePublished":"2021-01-15T20:20:53+00:00","breadcrumb":{"@id":"https:\/\/mhf.ro\/mm\/guvernul-olandei-a-demisionat-in-urma-scandalului-alocatiilor\/#breadcrumb"},"inLanguage":"ro-RO","potentialAction":[{"@type":"ReadAction","target":["https:\/\/mhf.ro\/mm\/guvernul-olandei-a-demisionat-in-urma-scandalului-alocatiilor\/"]}]},{"@type":"ImageObject","inLanguage":"ro-RO","@id":"https:\/\/mhf.ro\/mm\/guvernul-olandei-a-demisionat-in-urma-scandalului-alocatiilor\/#primaryimage","url":"https:\/\/mhf.ro\/mm\/wp-content\/uploads\/2021\/01\/olanda_barca.jpg","contentUrl":"https:\/\/mhf.ro\/mm\/wp-content\/uploads\/2021\/01\/olanda_barca.jpg","width":1280,"height":876},{"@type":"BreadcrumbList","@id":"https:\/\/mhf.ro\/mm\/guvernul-olandei-a-demisionat-in-urma-scandalului-alocatiilor\/#breadcrumb","itemListElement":[{"@type":"ListItem","position":1,"name":"Prima pagin\u0103","item":"https:\/\/mhf.ro\/mm\/"},{"@type":"ListItem","position":2,"name":"Guvernul Olandei a demisionat \u00een urma scandalului aloca\u0163iilor"}]},{"@type":"WebSite","@id":"https:\/\/mhf.ro\/mm\/#website","url":"https:\/\/mhf.ro\/mm\/","name":"MHF Photography \u2013 Blog de fotografie, natur\u0103 \u0219i tehnic\u0103 divers\u0103","description":"Aventur\u0103 \u00een fiecare cadru.","publisher":{"@id":"https:\/\/mhf.ro\/mm\/#\/schema\/person\/a3bebf7bdb4bf12f698aff73c7e46c21"},"potentialAction":[{"@type":"SearchAction","target":{"@type":"EntryPoint","urlTemplate":"https:\/\/mhf.ro\/mm\/?s={search_term_string}"},"query-input":{"@type":"PropertyValueSpecification","valueRequired":true,"valueName":"search_term_string"}}],"inLanguage":"ro-RO"},{"@type":["Person","Organization"],"@id":"https:\/\/mhf.ro\/mm\/#\/schema\/person\/a3bebf7bdb4bf12f698aff73c7e46c21","name":"Marius Marcu","image":{"@type":"ImageObject","inLanguage":"ro-RO","@id":"https:\/\/mhf.ro\/mm\/#\/schema\/person\/image\/","url":"https:\/\/mhf.ro\/mm\/wp-content\/uploads\/2025\/12\/cropped-logo_mhf_2.png","contentUrl":"https:\/\/mhf.ro\/mm\/wp-content\/uploads\/2025\/12\/cropped-logo_mhf_2.png","width":1096,"height":457,"caption":"Marius Marcu"},"logo":{"@id":"https:\/\/mhf.ro\/mm\/#\/schema\/person\/image\/"},"sameAs":["https:\/\/mhf.ro\/mm"],"url":"https:\/\/mhf.ro\/mm\/author\/mihai\/"}]}},"_links":{"self":[{"href":"https:\/\/mhf.ro\/mm\/wp-json\/wp\/v2\/posts\/3690","targetHints":{"allow":["GET"]}}],"collection":[{"href":"https:\/\/mhf.ro\/mm\/wp-json\/wp\/v2\/posts"}],"about":[{"href":"https:\/\/mhf.ro\/mm\/wp-json\/wp\/v2\/types\/post"}],"author":[{"embeddable":true,"href":"https:\/\/mhf.ro\/mm\/wp-json\/wp\/v2\/users\/1"}],"replies":[{"embeddable":true,"href":"https:\/\/mhf.ro\/mm\/wp-json\/wp\/v2\/comments?post=3690"}],"version-history":[{"count":1,"href":"https:\/\/mhf.ro\/mm\/wp-json\/wp\/v2\/posts\/3690\/revisions"}],"predecessor-version":[{"id":3692,"href":"https:\/\/mhf.ro\/mm\/wp-json\/wp\/v2\/posts\/3690\/revisions\/3692"}],"wp:featuredmedia":[{"embeddable":true,"href":"https:\/\/mhf.ro\/mm\/wp-json\/wp\/v2\/media\/3691"}],"wp:attachment":[{"href":"https:\/\/mhf.ro\/mm\/wp-json\/wp\/v2\/media?parent=3690"}],"wp:term":[{"taxonomy":"category","embeddable":true,"href":"https:\/\/mhf.ro\/mm\/wp-json\/wp\/v2\/categories?post=3690"},{"taxonomy":"post_tag","embeddable":true,"href":"https:\/\/mhf.ro\/mm\/wp-json\/wp\/v2\/tags?post=3690"}],"curies":[{"name":"wp","href":"https:\/\/api.w.org\/{rel}","templated":true}]}}